{"id":4050,"date":"2021-11-10T12:10:57","date_gmt":"2021-11-10T12:10:57","guid":{"rendered":"https:\/\/www.ascef.com\/?p=4050"},"modified":"2021-11-12T10:25:03","modified_gmt":"2021-11-12T10:25:03","slug":"los-especialistas-creen-que-es-necesario-defender-el-regimen-fiscal-de-la-empresa-familiar-para-ayudar-a-su-supervivencia","status":"publish","type":"post","link":"https:\/\/www.ascef.com\/es\/los-especialistas-creen-que-es-necesario-defender-el-regimen-fiscal-de-la-empresa-familiar-para-ayudar-a-su-supervivencia\/","title":{"rendered":"Los especialistas creen que es necesario defender el r\u00e9gimen fiscal de la empresa familiar para ayudar a su supervivencia"},"content":{"rendered":"<p>El pasado 3 de noviembre, en una jornada organizada por la ASCEF en colaboraci\u00f3n de <strong>Andbank<\/strong> y <strong>Cuatrecasas<\/strong>, los especialistas financieros y tributarios coincidieron en se\u00f1alar la importancia de defender el r\u00e9gimen fiscal de la empresa familiar, ya que \u00e9ste contribuye a su supervivencia. Seg\u00fan las ultimas estad\u00edsticas, en Espa\u00f1a hay cerca de 1.100.000 \u00a0empresas familiares, que forman el 89% del tejido empresarial\u00a0 y que representan el 57% del PIB, dando empleo a m\u00e1s de 7 millones de trabajadores.<\/p>\n<p>&nbsp;<\/p>\n<p>Los expertos en el \u00e1rea financiera y tributaria de Cuatrecasas coincidieron en se\u00f1alar la importancia de la ley que contiene el r\u00e9gimen fiscal de la empresa familiar, pero alertaron sobre la aplicaci\u00f3n err\u00e1tica de la doctrina de tributos. <em>\u201cLo que un empresario requiere es un entorno estable sin la amenaza de que \u00a0cambie\u00a0el criterio constantemente. Hay que prever estos conflictos interpretativos de los impuestos y evitar sorpresas\u201d<\/em>, se\u00f1alaron.<\/p>\n<p>En la jornada tambi\u00e9n se abordaron aspectos esenciales del r\u00e9gimen de la empresa familiar asociados a la retribuci\u00f3n, desde la retribuci\u00f3n del administrador y su pertenencia al grupo de parentesco a las funciones de direcci\u00f3n y su remuneraci\u00f3n como fuente principal de ingresos.<\/p>\n<p>En cuanto a las inversiones, Andbank &#8211; empresa familiar en tercera generaci\u00f3n y octava firma en el ranking espa\u00f1ol en banca privada- \u00a0explic\u00f3 que el 2021 estaba siendo un a\u00f1o desigual \u00ab<em>en el que la renta variable desarrollada lo ha hecho muy bien, la emergente no lo ha hecho bien y la renta fija solo ha ganado si se ha asumido mucho riesgo\u00bb<\/em>. Por ello, la recomendaci\u00f3n de Anbank es extremar la precauci\u00f3n con los riesgos en un escenario cambiante.<\/p>\n<p>&nbsp;<\/p>\n<p>Los expertos participantes en la jornada fueron <strong>Xavier Xivill\u00e9<\/strong>, <strong>Javier Ragu\u00e9<\/strong> y <strong>Carlos Ram\u00edrez<\/strong>, del \u00e1rea financiera y tributaria de Cuatrecasas y <strong>Marian Fern\u00e1ndez<\/strong>, responsable de estrategia macro de Andbank.<\/p>\n","protected":false},"excerpt":{"rendered":"<p>El pasado 3 de noviembre, en una jornada organizada por la ASCEF en colaboraci\u00f3n de Andbank y Cuatrecasas, los especialistas financieros y tributarios coincidieron en se\u00f1alar la importancia de defender el r\u00e9gimen fiscal de la empresa familiar, ya que \u00e9ste contribuye a su supervivencia. Seg\u00fan las ultimas estad\u00edsticas, en Espa\u00f1a hay cerca de 1.100.000 \u00a0empresas [&hellip;]<\/p>\n","protected":false},"author":3,"featured_media":4055,"comment_status":"open","ping_status":"open","sticky":false,"template":"","format":"standard","meta":{"_acf_changed":false,"footnotes":""},"categories":[185],"tags":[],"class_list":["post-4050","post","type-post","status-publish","format-standard","has-post-thumbnail","hentry","category-general"],"acf":[],"yoast_head":"<!-- This site is optimized with the Yoast SEO plugin v27.5 - https:\/\/yoast.com\/product\/yoast-seo-wordpress\/ -->\n<title>Los especialistas creen que es necesario defender el r\u00e9gimen fiscal de la empresa familiar para ayudar a su supervivencia - ASCEF<\/title>\n<meta name=\"robots\" content=\"index, follow, max-snippet:-1, max-image-preview:large, max-video-preview:-1\" \/>\n<link rel=\"canonical\" href=\"https:\/\/www.ascef.com\/es\/los-especialistas-creen-que-es-necesario-defender-el-regimen-fiscal-de-la-empresa-familiar-para-ayudar-a-su-supervivencia\/\" \/>\n<meta property=\"og:locale\" content=\"es_ES\" \/>\n<meta property=\"og:type\" content=\"article\" \/>\n<meta property=\"og:title\" content=\"Los especialistas creen que es necesario defender el r\u00e9gimen fiscal de la empresa familiar para ayudar a su supervivencia - ASCEF\" \/>\n<meta property=\"og:description\" content=\"El pasado 3 de noviembre, en una jornada organizada por la ASCEF en colaboraci\u00f3n de Andbank y Cuatrecasas, los especialistas financieros y tributarios coincidieron en se\u00f1alar la importancia de defender el r\u00e9gimen fiscal de la empresa familiar, ya que \u00e9ste contribuye a su supervivencia. Seg\u00fan las ultimas estad\u00edsticas, en Espa\u00f1a hay cerca de 1.100.000 \u00a0empresas [&hellip;]\" \/>\n<meta property=\"og:url\" content=\"https:\/\/www.ascef.com\/es\/los-especialistas-creen-que-es-necesario-defender-el-regimen-fiscal-de-la-empresa-familiar-para-ayudar-a-su-supervivencia\/\" \/>\n<meta property=\"og:site_name\" content=\"ASCEF\" \/>\n<meta property=\"article:published_time\" content=\"2021-11-10T12:10:57+00:00\" \/>\n<meta property=\"article:modified_time\" content=\"2021-11-12T10:25:03+00:00\" \/>\n<meta property=\"og:image\" content=\"https:\/\/www.ascef.com\/wp-content\/uploads\/2021\/11\/foto_hoy-1.jpg\" \/>\n\t<meta property=\"og:image:width\" content=\"1567\" \/>\n\t<meta property=\"og:image:height\" content=\"921\" \/>\n\t<meta property=\"og:image:type\" content=\"image\/jpeg\" \/>\n<meta name=\"author\" content=\"Alicia Farin\u00f3s\" \/>\n<meta name=\"twitter:card\" content=\"summary_large_image\" \/>\n<meta name=\"twitter:label1\" content=\"Escrito por\" \/>\n\t<meta name=\"twitter:data1\" content=\"Alicia Farin\u00f3s\" \/>\n\t<meta name=\"twitter:label2\" content=\"Tiempo de lectura\" \/>\n\t<meta name=\"twitter:data2\" content=\"2 minutos\" \/>\n<script type=\"application\/ld+json\" class=\"yoast-schema-graph\">{\"@context\":\"https:\\\/\\\/schema.org\",\"@graph\":[{\"@type\":\"Article\",\"@id\":\"https:\\\/\\\/www.ascef.com\\\/es\\\/los-especialistas-creen-que-es-necesario-defender-el-regimen-fiscal-de-la-empresa-familiar-para-ayudar-a-su-supervivencia\\\/#article\",\"isPartOf\":{\"@id\":\"https:\\\/\\\/www.ascef.com\\\/es\\\/los-especialistas-creen-que-es-necesario-defender-el-regimen-fiscal-de-la-empresa-familiar-para-ayudar-a-su-supervivencia\\\/\"},\"author\":{\"name\":\"Alicia Farin\u00f3s\",\"@id\":\"https:\\\/\\\/www.ascef.com\\\/es\\\/#\\\/schema\\\/person\\\/4b014c032ff354e425d6bca2bed0da77\"},\"headline\":\"Los especialistas creen que es necesario defender el r\u00e9gimen fiscal de la empresa familiar para ayudar a su supervivencia\",\"datePublished\":\"2021-11-10T12:10:57+00:00\",\"dateModified\":\"2021-11-12T10:25:03+00:00\",\"mainEntityOfPage\":{\"@id\":\"https:\\\/\\\/www.ascef.com\\\/es\\\/los-especialistas-creen-que-es-necesario-defender-el-regimen-fiscal-de-la-empresa-familiar-para-ayudar-a-su-supervivencia\\\/\"},\"wordCount\":342,\"commentCount\":0,\"image\":{\"@id\":\"https:\\\/\\\/www.ascef.com\\\/es\\\/los-especialistas-creen-que-es-necesario-defender-el-regimen-fiscal-de-la-empresa-familiar-para-ayudar-a-su-supervivencia\\\/#primaryimage\"},\"thumbnailUrl\":\"https:\\\/\\\/www.ascef.com\\\/wp-content\\\/uploads\\\/2021\\\/11\\\/foto_hoy-1.jpg\",\"articleSection\":[\"general\"],\"inLanguage\":\"es\"},{\"@type\":\"WebPage\",\"@id\":\"https:\\\/\\\/www.ascef.com\\\/es\\\/los-especialistas-creen-que-es-necesario-defender-el-regimen-fiscal-de-la-empresa-familiar-para-ayudar-a-su-supervivencia\\\/\",\"url\":\"https:\\\/\\\/www.ascef.com\\\/es\\\/los-especialistas-creen-que-es-necesario-defender-el-regimen-fiscal-de-la-empresa-familiar-para-ayudar-a-su-supervivencia\\\/\",\"name\":\"Los especialistas creen que es necesario defender el r\u00e9gimen fiscal de la empresa familiar para ayudar a su supervivencia - ASCEF\",\"isPartOf\":{\"@id\":\"https:\\\/\\\/www.ascef.com\\\/es\\\/#website\"},\"primaryImageOfPage\":{\"@id\":\"https:\\\/\\\/www.ascef.com\\\/es\\\/los-especialistas-creen-que-es-necesario-defender-el-regimen-fiscal-de-la-empresa-familiar-para-ayudar-a-su-supervivencia\\\/#primaryimage\"},\"image\":{\"@id\":\"https:\\\/\\\/www.ascef.com\\\/es\\\/los-especialistas-creen-que-es-necesario-defender-el-regimen-fiscal-de-la-empresa-familiar-para-ayudar-a-su-supervivencia\\\/#primaryimage\"},\"thumbnailUrl\":\"https:\\\/\\\/www.ascef.com\\\/wp-content\\\/uploads\\\/2021\\\/11\\\/foto_hoy-1.jpg\",\"datePublished\":\"2021-11-10T12:10:57+00:00\",\"dateModified\":\"2021-11-12T10:25:03+00:00\",\"author\":{\"@id\":\"https:\\\/\\\/www.ascef.com\\\/es\\\/#\\\/schema\\\/person\\\/4b014c032ff354e425d6bca2bed0da77\"},\"breadcrumb\":{\"@id\":\"https:\\\/\\\/www.ascef.com\\\/es\\\/los-especialistas-creen-que-es-necesario-defender-el-regimen-fiscal-de-la-empresa-familiar-para-ayudar-a-su-supervivencia\\\/#breadcrumb\"},\"inLanguage\":\"es\",\"potentialAction\":[{\"@type\":\"ReadAction\",\"target\":[\"https:\\\/\\\/www.ascef.com\\\/es\\\/los-especialistas-creen-que-es-necesario-defender-el-regimen-fiscal-de-la-empresa-familiar-para-ayudar-a-su-supervivencia\\\/\"]}]},{\"@type\":\"ImageObject\",\"inLanguage\":\"es\",\"@id\":\"https:\\\/\\\/www.ascef.com\\\/es\\\/los-especialistas-creen-que-es-necesario-defender-el-regimen-fiscal-de-la-empresa-familiar-para-ayudar-a-su-supervivencia\\\/#primaryimage\",\"url\":\"https:\\\/\\\/www.ascef.com\\\/wp-content\\\/uploads\\\/2021\\\/11\\\/foto_hoy-1.jpg\",\"contentUrl\":\"https:\\\/\\\/www.ascef.com\\\/wp-content\\\/uploads\\\/2021\\\/11\\\/foto_hoy-1.jpg\",\"width\":1567,\"height\":921},{\"@type\":\"BreadcrumbList\",\"@id\":\"https:\\\/\\\/www.ascef.com\\\/es\\\/los-especialistas-creen-que-es-necesario-defender-el-regimen-fiscal-de-la-empresa-familiar-para-ayudar-a-su-supervivencia\\\/#breadcrumb\",\"itemListElement\":[{\"@type\":\"ListItem\",\"position\":1,\"name\":\"Portada\",\"item\":\"https:\\\/\\\/www.ascef.com\\\/es\\\/\"},{\"@type\":\"ListItem\",\"position\":2,\"name\":\"Los especialistas creen que es necesario defender el r\u00e9gimen fiscal de la empresa familiar para ayudar a su supervivencia\"}]},{\"@type\":\"WebSite\",\"@id\":\"https:\\\/\\\/www.ascef.com\\\/es\\\/#website\",\"url\":\"https:\\\/\\\/www.ascef.com\\\/es\\\/\",\"name\":\"ASCEF\",\"description\":\"Associaci\u00f3 Catalana de l\u2019Empresa Familiar\",\"potentialAction\":[{\"@type\":\"SearchAction\",\"target\":{\"@type\":\"EntryPoint\",\"urlTemplate\":\"https:\\\/\\\/www.ascef.com\\\/es\\\/?s={search_term_string}\"},\"query-input\":{\"@type\":\"PropertyValueSpecification\",\"valueRequired\":true,\"valueName\":\"search_term_string\"}}],\"inLanguage\":\"es\"},{\"@type\":\"Person\",\"@id\":\"https:\\\/\\\/www.ascef.com\\\/es\\\/#\\\/schema\\\/person\\\/4b014c032ff354e425d6bca2bed0da77\",\"name\":\"Alicia Farin\u00f3s\",\"url\":\"https:\\\/\\\/www.ascef.com\\\/es\\\/author\\\/alicia\\\/\"}]}<\/script>\n<!-- \/ Yoast SEO plugin. -->","yoast_head_json":{"title":"Los especialistas creen que es necesario defender el r\u00e9gimen fiscal de la empresa familiar para ayudar a su supervivencia - ASCEF","robots":{"index":"index","follow":"follow","max-snippet":"max-snippet:-1","max-image-preview":"max-image-preview:large","max-video-preview":"max-video-preview:-1"},"canonical":"https:\/\/www.ascef.com\/es\/los-especialistas-creen-que-es-necesario-defender-el-regimen-fiscal-de-la-empresa-familiar-para-ayudar-a-su-supervivencia\/","og_locale":"es_ES","og_type":"article","og_title":"Los especialistas creen que es necesario defender el r\u00e9gimen fiscal de la empresa familiar para ayudar a su supervivencia - ASCEF","og_description":"El pasado 3 de noviembre, en una jornada organizada por la ASCEF en colaboraci\u00f3n de Andbank y Cuatrecasas, los especialistas financieros y tributarios coincidieron en se\u00f1alar la importancia de defender el r\u00e9gimen fiscal de la empresa familiar, ya que \u00e9ste contribuye a su supervivencia. Seg\u00fan las ultimas estad\u00edsticas, en Espa\u00f1a hay cerca de 1.100.000 \u00a0empresas [&hellip;]","og_url":"https:\/\/www.ascef.com\/es\/los-especialistas-creen-que-es-necesario-defender-el-regimen-fiscal-de-la-empresa-familiar-para-ayudar-a-su-supervivencia\/","og_site_name":"ASCEF","article_published_time":"2021-11-10T12:10:57+00:00","article_modified_time":"2021-11-12T10:25:03+00:00","og_image":[{"width":1567,"height":921,"url":"https:\/\/www.ascef.com\/wp-content\/uploads\/2021\/11\/foto_hoy-1.jpg","type":"image\/jpeg"}],"author":"Alicia Farin\u00f3s","twitter_card":"summary_large_image","twitter_misc":{"Escrito por":"Alicia Farin\u00f3s","Tiempo de lectura":"2 minutos"},"schema":{"@context":"https:\/\/schema.org","@graph":[{"@type":"Article","@id":"https:\/\/www.ascef.com\/es\/los-especialistas-creen-que-es-necesario-defender-el-regimen-fiscal-de-la-empresa-familiar-para-ayudar-a-su-supervivencia\/#article","isPartOf":{"@id":"https:\/\/www.ascef.com\/es\/los-especialistas-creen-que-es-necesario-defender-el-regimen-fiscal-de-la-empresa-familiar-para-ayudar-a-su-supervivencia\/"},"author":{"name":"Alicia Farin\u00f3s","@id":"https:\/\/www.ascef.com\/es\/#\/schema\/person\/4b014c032ff354e425d6bca2bed0da77"},"headline":"Los especialistas creen que es necesario defender el r\u00e9gimen fiscal de la empresa familiar para ayudar a su supervivencia","datePublished":"2021-11-10T12:10:57+00:00","dateModified":"2021-11-12T10:25:03+00:00","mainEntityOfPage":{"@id":"https:\/\/www.ascef.com\/es\/los-especialistas-creen-que-es-necesario-defender-el-regimen-fiscal-de-la-empresa-familiar-para-ayudar-a-su-supervivencia\/"},"wordCount":342,"commentCount":0,"image":{"@id":"https:\/\/www.ascef.com\/es\/los-especialistas-creen-que-es-necesario-defender-el-regimen-fiscal-de-la-empresa-familiar-para-ayudar-a-su-supervivencia\/#primaryimage"},"thumbnailUrl":"https:\/\/www.ascef.com\/wp-content\/uploads\/2021\/11\/foto_hoy-1.jpg","articleSection":["general"],"inLanguage":"es"},{"@type":"WebPage","@id":"https:\/\/www.ascef.com\/es\/los-especialistas-creen-que-es-necesario-defender-el-regimen-fiscal-de-la-empresa-familiar-para-ayudar-a-su-supervivencia\/","url":"https:\/\/www.ascef.com\/es\/los-especialistas-creen-que-es-necesario-defender-el-regimen-fiscal-de-la-empresa-familiar-para-ayudar-a-su-supervivencia\/","name":"Los especialistas creen que es necesario defender el r\u00e9gimen fiscal de la empresa familiar para ayudar a su supervivencia - ASCEF","isPartOf":{"@id":"https:\/\/www.ascef.com\/es\/#website"},"primaryImageOfPage":{"@id":"https:\/\/www.ascef.com\/es\/los-especialistas-creen-que-es-necesario-defender-el-regimen-fiscal-de-la-empresa-familiar-para-ayudar-a-su-supervivencia\/#primaryimage"},"image":{"@id":"https:\/\/www.ascef.com\/es\/los-especialistas-creen-que-es-necesario-defender-el-regimen-fiscal-de-la-empresa-familiar-para-ayudar-a-su-supervivencia\/#primaryimage"},"thumbnailUrl":"https:\/\/www.ascef.com\/wp-content\/uploads\/2021\/11\/foto_hoy-1.jpg","datePublished":"2021-11-10T12:10:57+00:00","dateModified":"2021-11-12T10:25:03+00:00","author":{"@id":"https:\/\/www.ascef.com\/es\/#\/schema\/person\/4b014c032ff354e425d6bca2bed0da77"},"breadcrumb":{"@id":"https:\/\/www.ascef.com\/es\/los-especialistas-creen-que-es-necesario-defender-el-regimen-fiscal-de-la-empresa-familiar-para-ayudar-a-su-supervivencia\/#breadcrumb"},"inLanguage":"es","potentialAction":[{"@type":"ReadAction","target":["https:\/\/www.ascef.com\/es\/los-especialistas-creen-que-es-necesario-defender-el-regimen-fiscal-de-la-empresa-familiar-para-ayudar-a-su-supervivencia\/"]}]},{"@type":"ImageObject","inLanguage":"es","@id":"https:\/\/www.ascef.com\/es\/los-especialistas-creen-que-es-necesario-defender-el-regimen-fiscal-de-la-empresa-familiar-para-ayudar-a-su-supervivencia\/#primaryimage","url":"https:\/\/www.ascef.com\/wp-content\/uploads\/2021\/11\/foto_hoy-1.jpg","contentUrl":"https:\/\/www.ascef.com\/wp-content\/uploads\/2021\/11\/foto_hoy-1.jpg","width":1567,"height":921},{"@type":"BreadcrumbList","@id":"https:\/\/www.ascef.com\/es\/los-especialistas-creen-que-es-necesario-defender-el-regimen-fiscal-de-la-empresa-familiar-para-ayudar-a-su-supervivencia\/#breadcrumb","itemListElement":[{"@type":"ListItem","position":1,"name":"Portada","item":"https:\/\/www.ascef.com\/es\/"},{"@type":"ListItem","position":2,"name":"Los especialistas creen que es necesario defender el r\u00e9gimen fiscal de la empresa familiar para ayudar a su supervivencia"}]},{"@type":"WebSite","@id":"https:\/\/www.ascef.com\/es\/#website","url":"https:\/\/www.ascef.com\/es\/","name":"ASCEF","description":"Associaci\u00f3 Catalana de l\u2019Empresa Familiar","potentialAction":[{"@type":"SearchAction","target":{"@type":"EntryPoint","urlTemplate":"https:\/\/www.ascef.com\/es\/?s={search_term_string}"},"query-input":{"@type":"PropertyValueSpecification","valueRequired":true,"valueName":"search_term_string"}}],"inLanguage":"es"},{"@type":"Person","@id":"https:\/\/www.ascef.com\/es\/#\/schema\/person\/4b014c032ff354e425d6bca2bed0da77","name":"Alicia Farin\u00f3s","url":"https:\/\/www.ascef.com\/es\/author\/alicia\/"}]}},"_links":{"self":[{"href":"https:\/\/www.ascef.com\/es\/wp-json\/wp\/v2\/posts\/4050","targetHints":{"allow":["GET"]}}],"collection":[{"href":"https:\/\/www.ascef.com\/es\/wp-json\/wp\/v2\/posts"}],"about":[{"href":"https:\/\/www.ascef.com\/es\/wp-json\/wp\/v2\/types\/post"}],"author":[{"embeddable":true,"href":"https:\/\/www.ascef.com\/es\/wp-json\/wp\/v2\/users\/3"}],"replies":[{"embeddable":true,"href":"https:\/\/www.ascef.com\/es\/wp-json\/wp\/v2\/comments?post=4050"}],"version-history":[{"count":3,"href":"https:\/\/www.ascef.com\/es\/wp-json\/wp\/v2\/posts\/4050\/revisions"}],"predecessor-version":[{"id":4066,"href":"https:\/\/www.ascef.com\/es\/wp-json\/wp\/v2\/posts\/4050\/revisions\/4066"}],"wp:featuredmedia":[{"embeddable":true,"href":"https:\/\/www.ascef.com\/es\/wp-json\/wp\/v2\/media\/4055"}],"wp:attachment":[{"href":"https:\/\/www.ascef.com\/es\/wp-json\/wp\/v2\/media?parent=4050"}],"wp:term":[{"taxonomy":"category","embeddable":true,"href":"https:\/\/www.ascef.com\/es\/wp-json\/wp\/v2\/categories?post=4050"},{"taxonomy":"post_tag","embeddable":true,"href":"https:\/\/www.ascef.com\/es\/wp-json\/wp\/v2\/tags?post=4050"}],"curies":[{"name":"wp","href":"https:\/\/api.w.org\/{rel}","templated":true}]}}