{"id":4006,"date":"2021-10-26T08:00:47","date_gmt":"2021-10-26T08:00:47","guid":{"rendered":"https:\/\/www.ascef.com\/?p=4006"},"modified":"2021-10-26T11:25:05","modified_gmt":"2021-10-26T11:25:05","slug":"el-empresarios-familiares-valoran-con-un-495-la-situacion-economica-actual","status":"publish","type":"post","link":"https:\/\/www.ascef.com\/es\/el-empresarios-familiares-valoran-con-un-495-la-situacion-economica-actual\/","title":{"rendered":"Los empresarios familiares valoran con un 4,95 la situaci\u00f3n econ\u00f3mica actual"},"content":{"rendered":"<p>Los empresarios familiares valoran con un 4,95 la situaci\u00f3n econ\u00f3mica actual en la encuesta realizada durante el <strong>XXIV Congreso Nacional de la Empresa Familiar<\/strong>, que re\u00fane a m\u00e1s de 500 empresas familiares en Pamplona. Esta valoraci\u00f3n es casi un punto superior al 4,1 con que se valor\u00f3 el pasado 2020. Un 53% de los encuestados considera tambi\u00e9n que se ha producido un aumento moderado de la actividad con una limitada creaci\u00f3n neta de puestos de trabajo y cree que en el 2022 se registrar\u00e1 un aumento en las cifras de ventas.<\/p>\n<p>Fieles a los valores de la empresa familiar, el 74% de los encuestados opinan que, de cumplirse las previsiones de crecimiento, reinvertir\u00eda la mayor parte de los beneficios, una actitud que se ha mantenido en los \u00faltimos tres a\u00f1os.<\/p>\n<p>Para el 58% de los empresarios, el principal riesgo de la econom\u00eda actualmente es la falta de suministros y la inflaci\u00f3n, seguido de un 20% que considera que es la falta de reformas.<\/p>\n<p>En cuanto a los fondos europeos de Next Generation, el 59% de los empresarios familiares afirman no haber participado y en referencia a su rol durante la pandemia, el 87% lo califica de relevante.<\/p>\n<p>Los empresarios familiares tambi\u00e9n han opinado sobre una posible modificaci\u00f3n al alza en el marco fiscal de la sucesi\u00f3n. Para el 64% este incremento descapitalizar\u00eda la empresa, el que incidir\u00eda en su capacidad de crecimiento y de generar puestos de trabajo.<\/p>\n","protected":false},"excerpt":{"rendered":"<p>Los empresarios familiares valoran con un 4,95 la situaci\u00f3n econ\u00f3mica actual en la encuesta realizada durante el XXIV Congreso Nacional de la Empresa Familiar, que re\u00fane a m\u00e1s de 500 empresas familiares en Pamplona. Esta valoraci\u00f3n es casi un punto superior al 4,1 con que se valor\u00f3 el pasado 2020. Un 53% de los encuestados [&hellip;]<\/p>\n","protected":false},"author":3,"featured_media":4004,"comment_status":"open","ping_status":"open","sticky":false,"template":"","format":"standard","meta":{"_acf_changed":false,"footnotes":""},"categories":[185],"tags":[],"class_list":["post-4006","post","type-post","status-publish","format-standard","has-post-thumbnail","hentry","category-general"],"acf":[],"yoast_head":"<!-- This site is optimized with the Yoast SEO plugin v27.5 - https:\/\/yoast.com\/product\/yoast-seo-wordpress\/ -->\n<title>Los empresarios familiares valoran con un 4,95 la situaci\u00f3n econ\u00f3mica actual - ASCEF<\/title>\n<meta name=\"robots\" content=\"index, follow, max-snippet:-1, max-image-preview:large, max-video-preview:-1\" \/>\n<link rel=\"canonical\" href=\"https:\/\/www.ascef.com\/es\/el-empresarios-familiares-valoran-con-un-495-la-situacion-economica-actual\/\" \/>\n<meta property=\"og:locale\" content=\"es_ES\" \/>\n<meta property=\"og:type\" content=\"article\" \/>\n<meta property=\"og:title\" content=\"Los empresarios familiares valoran con un 4,95 la situaci\u00f3n econ\u00f3mica actual - ASCEF\" \/>\n<meta property=\"og:description\" content=\"Los empresarios familiares valoran con un 4,95 la situaci\u00f3n econ\u00f3mica actual en la encuesta realizada durante el XXIV Congreso Nacional de la Empresa Familiar, que re\u00fane a m\u00e1s de 500 empresas familiares en Pamplona. Esta valoraci\u00f3n es casi un punto superior al 4,1 con que se valor\u00f3 el pasado 2020. Un 53% de los encuestados [&hellip;]\" \/>\n<meta property=\"og:url\" content=\"https:\/\/www.ascef.com\/es\/el-empresarios-familiares-valoran-con-un-495-la-situacion-economica-actual\/\" \/>\n<meta property=\"og:site_name\" content=\"ASCEF\" \/>\n<meta property=\"article:published_time\" content=\"2021-10-26T08:00:47+00:00\" \/>\n<meta property=\"article:modified_time\" content=\"2021-10-26T11:25:05+00:00\" \/>\n<meta property=\"og:image\" content=\"https:\/\/www.ascef.com\/wp-content\/uploads\/2021\/10\/imagen_encuesta-e1635235238432.png\" \/>\n\t<meta property=\"og:image:width\" content=\"567\" \/>\n\t<meta property=\"og:image:height\" content=\"280\" \/>\n\t<meta property=\"og:image:type\" content=\"image\/png\" \/>\n<meta name=\"author\" content=\"Alicia Farin\u00f3s\" \/>\n<meta name=\"twitter:card\" content=\"summary_large_image\" \/>\n<meta name=\"twitter:label1\" content=\"Escrito por\" \/>\n\t<meta name=\"twitter:data1\" content=\"Alicia Farin\u00f3s\" \/>\n\t<meta name=\"twitter:label2\" content=\"Tiempo de lectura\" \/>\n\t<meta name=\"twitter:data2\" content=\"1 minuto\" \/>\n<script type=\"application\/ld+json\" class=\"yoast-schema-graph\">{\"@context\":\"https:\\\/\\\/schema.org\",\"@graph\":[{\"@type\":\"Article\",\"@id\":\"https:\\\/\\\/www.ascef.com\\\/es\\\/el-empresarios-familiares-valoran-con-un-495-la-situacion-economica-actual\\\/#article\",\"isPartOf\":{\"@id\":\"https:\\\/\\\/www.ascef.com\\\/es\\\/el-empresarios-familiares-valoran-con-un-495-la-situacion-economica-actual\\\/\"},\"author\":{\"name\":\"Alicia Farin\u00f3s\",\"@id\":\"https:\\\/\\\/www.ascef.com\\\/es\\\/#\\\/schema\\\/person\\\/4b014c032ff354e425d6bca2bed0da77\"},\"headline\":\"Los empresarios familiares valoran con un 4,95 la situaci\u00f3n econ\u00f3mica actual\",\"datePublished\":\"2021-10-26T08:00:47+00:00\",\"dateModified\":\"2021-10-26T11:25:05+00:00\",\"mainEntityOfPage\":{\"@id\":\"https:\\\/\\\/www.ascef.com\\\/es\\\/el-empresarios-familiares-valoran-con-un-495-la-situacion-economica-actual\\\/\"},\"wordCount\":254,\"commentCount\":0,\"image\":{\"@id\":\"https:\\\/\\\/www.ascef.com\\\/es\\\/el-empresarios-familiares-valoran-con-un-495-la-situacion-economica-actual\\\/#primaryimage\"},\"thumbnailUrl\":\"https:\\\/\\\/www.ascef.com\\\/wp-content\\\/uploads\\\/2021\\\/10\\\/imagen_encuesta-e1635235238432.png\",\"articleSection\":[\"general\"],\"inLanguage\":\"es\"},{\"@type\":\"WebPage\",\"@id\":\"https:\\\/\\\/www.ascef.com\\\/es\\\/el-empresarios-familiares-valoran-con-un-495-la-situacion-economica-actual\\\/\",\"url\":\"https:\\\/\\\/www.ascef.com\\\/es\\\/el-empresarios-familiares-valoran-con-un-495-la-situacion-economica-actual\\\/\",\"name\":\"Los empresarios familiares valoran con un 4,95 la situaci\u00f3n econ\u00f3mica actual - ASCEF\",\"isPartOf\":{\"@id\":\"https:\\\/\\\/www.ascef.com\\\/es\\\/#website\"},\"primaryImageOfPage\":{\"@id\":\"https:\\\/\\\/www.ascef.com\\\/es\\\/el-empresarios-familiares-valoran-con-un-495-la-situacion-economica-actual\\\/#primaryimage\"},\"image\":{\"@id\":\"https:\\\/\\\/www.ascef.com\\\/es\\\/el-empresarios-familiares-valoran-con-un-495-la-situacion-economica-actual\\\/#primaryimage\"},\"thumbnailUrl\":\"https:\\\/\\\/www.ascef.com\\\/wp-content\\\/uploads\\\/2021\\\/10\\\/imagen_encuesta-e1635235238432.png\",\"datePublished\":\"2021-10-26T08:00:47+00:00\",\"dateModified\":\"2021-10-26T11:25:05+00:00\",\"author\":{\"@id\":\"https:\\\/\\\/www.ascef.com\\\/es\\\/#\\\/schema\\\/person\\\/4b014c032ff354e425d6bca2bed0da77\"},\"breadcrumb\":{\"@id\":\"https:\\\/\\\/www.ascef.com\\\/es\\\/el-empresarios-familiares-valoran-con-un-495-la-situacion-economica-actual\\\/#breadcrumb\"},\"inLanguage\":\"es\",\"potentialAction\":[{\"@type\":\"ReadAction\",\"target\":[\"https:\\\/\\\/www.ascef.com\\\/es\\\/el-empresarios-familiares-valoran-con-un-495-la-situacion-economica-actual\\\/\"]}]},{\"@type\":\"ImageObject\",\"inLanguage\":\"es\",\"@id\":\"https:\\\/\\\/www.ascef.com\\\/es\\\/el-empresarios-familiares-valoran-con-un-495-la-situacion-economica-actual\\\/#primaryimage\",\"url\":\"https:\\\/\\\/www.ascef.com\\\/wp-content\\\/uploads\\\/2021\\\/10\\\/imagen_encuesta-e1635235238432.png\",\"contentUrl\":\"https:\\\/\\\/www.ascef.com\\\/wp-content\\\/uploads\\\/2021\\\/10\\\/imagen_encuesta-e1635235238432.png\",\"width\":567,\"height\":280},{\"@type\":\"BreadcrumbList\",\"@id\":\"https:\\\/\\\/www.ascef.com\\\/es\\\/el-empresarios-familiares-valoran-con-un-495-la-situacion-economica-actual\\\/#breadcrumb\",\"itemListElement\":[{\"@type\":\"ListItem\",\"position\":1,\"name\":\"Portada\",\"item\":\"https:\\\/\\\/www.ascef.com\\\/es\\\/\"},{\"@type\":\"ListItem\",\"position\":2,\"name\":\"Los empresarios familiares valoran con un 4,95 la situaci\u00f3n econ\u00f3mica actual\"}]},{\"@type\":\"WebSite\",\"@id\":\"https:\\\/\\\/www.ascef.com\\\/es\\\/#website\",\"url\":\"https:\\\/\\\/www.ascef.com\\\/es\\\/\",\"name\":\"ASCEF\",\"description\":\"Associaci\u00f3 Catalana de l\u2019Empresa Familiar\",\"potentialAction\":[{\"@type\":\"SearchAction\",\"target\":{\"@type\":\"EntryPoint\",\"urlTemplate\":\"https:\\\/\\\/www.ascef.com\\\/es\\\/?s={search_term_string}\"},\"query-input\":{\"@type\":\"PropertyValueSpecification\",\"valueRequired\":true,\"valueName\":\"search_term_string\"}}],\"inLanguage\":\"es\"},{\"@type\":\"Person\",\"@id\":\"https:\\\/\\\/www.ascef.com\\\/es\\\/#\\\/schema\\\/person\\\/4b014c032ff354e425d6bca2bed0da77\",\"name\":\"Alicia Farin\u00f3s\",\"url\":\"https:\\\/\\\/www.ascef.com\\\/es\\\/author\\\/alicia\\\/\"}]}<\/script>\n<!-- \/ Yoast SEO plugin. -->","yoast_head_json":{"title":"Los empresarios familiares valoran con un 4,95 la situaci\u00f3n econ\u00f3mica actual - ASCEF","robots":{"index":"index","follow":"follow","max-snippet":"max-snippet:-1","max-image-preview":"max-image-preview:large","max-video-preview":"max-video-preview:-1"},"canonical":"https:\/\/www.ascef.com\/es\/el-empresarios-familiares-valoran-con-un-495-la-situacion-economica-actual\/","og_locale":"es_ES","og_type":"article","og_title":"Los empresarios familiares valoran con un 4,95 la situaci\u00f3n econ\u00f3mica actual - ASCEF","og_description":"Los empresarios familiares valoran con un 4,95 la situaci\u00f3n econ\u00f3mica actual en la encuesta realizada durante el XXIV Congreso Nacional de la Empresa Familiar, que re\u00fane a m\u00e1s de 500 empresas familiares en Pamplona. Esta valoraci\u00f3n es casi un punto superior al 4,1 con que se valor\u00f3 el pasado 2020. Un 53% de los encuestados [&hellip;]","og_url":"https:\/\/www.ascef.com\/es\/el-empresarios-familiares-valoran-con-un-495-la-situacion-economica-actual\/","og_site_name":"ASCEF","article_published_time":"2021-10-26T08:00:47+00:00","article_modified_time":"2021-10-26T11:25:05+00:00","og_image":[{"width":567,"height":280,"url":"https:\/\/www.ascef.com\/wp-content\/uploads\/2021\/10\/imagen_encuesta-e1635235238432.png","type":"image\/png"}],"author":"Alicia Farin\u00f3s","twitter_card":"summary_large_image","twitter_misc":{"Escrito por":"Alicia Farin\u00f3s","Tiempo de lectura":"1 minuto"},"schema":{"@context":"https:\/\/schema.org","@graph":[{"@type":"Article","@id":"https:\/\/www.ascef.com\/es\/el-empresarios-familiares-valoran-con-un-495-la-situacion-economica-actual\/#article","isPartOf":{"@id":"https:\/\/www.ascef.com\/es\/el-empresarios-familiares-valoran-con-un-495-la-situacion-economica-actual\/"},"author":{"name":"Alicia Farin\u00f3s","@id":"https:\/\/www.ascef.com\/es\/#\/schema\/person\/4b014c032ff354e425d6bca2bed0da77"},"headline":"Los empresarios familiares valoran con un 4,95 la situaci\u00f3n econ\u00f3mica actual","datePublished":"2021-10-26T08:00:47+00:00","dateModified":"2021-10-26T11:25:05+00:00","mainEntityOfPage":{"@id":"https:\/\/www.ascef.com\/es\/el-empresarios-familiares-valoran-con-un-495-la-situacion-economica-actual\/"},"wordCount":254,"commentCount":0,"image":{"@id":"https:\/\/www.ascef.com\/es\/el-empresarios-familiares-valoran-con-un-495-la-situacion-economica-actual\/#primaryimage"},"thumbnailUrl":"https:\/\/www.ascef.com\/wp-content\/uploads\/2021\/10\/imagen_encuesta-e1635235238432.png","articleSection":["general"],"inLanguage":"es"},{"@type":"WebPage","@id":"https:\/\/www.ascef.com\/es\/el-empresarios-familiares-valoran-con-un-495-la-situacion-economica-actual\/","url":"https:\/\/www.ascef.com\/es\/el-empresarios-familiares-valoran-con-un-495-la-situacion-economica-actual\/","name":"Los empresarios familiares valoran con un 4,95 la situaci\u00f3n econ\u00f3mica actual - ASCEF","isPartOf":{"@id":"https:\/\/www.ascef.com\/es\/#website"},"primaryImageOfPage":{"@id":"https:\/\/www.ascef.com\/es\/el-empresarios-familiares-valoran-con-un-495-la-situacion-economica-actual\/#primaryimage"},"image":{"@id":"https:\/\/www.ascef.com\/es\/el-empresarios-familiares-valoran-con-un-495-la-situacion-economica-actual\/#primaryimage"},"thumbnailUrl":"https:\/\/www.ascef.com\/wp-content\/uploads\/2021\/10\/imagen_encuesta-e1635235238432.png","datePublished":"2021-10-26T08:00:47+00:00","dateModified":"2021-10-26T11:25:05+00:00","author":{"@id":"https:\/\/www.ascef.com\/es\/#\/schema\/person\/4b014c032ff354e425d6bca2bed0da77"},"breadcrumb":{"@id":"https:\/\/www.ascef.com\/es\/el-empresarios-familiares-valoran-con-un-495-la-situacion-economica-actual\/#breadcrumb"},"inLanguage":"es","potentialAction":[{"@type":"ReadAction","target":["https:\/\/www.ascef.com\/es\/el-empresarios-familiares-valoran-con-un-495-la-situacion-economica-actual\/"]}]},{"@type":"ImageObject","inLanguage":"es","@id":"https:\/\/www.ascef.com\/es\/el-empresarios-familiares-valoran-con-un-495-la-situacion-economica-actual\/#primaryimage","url":"https:\/\/www.ascef.com\/wp-content\/uploads\/2021\/10\/imagen_encuesta-e1635235238432.png","contentUrl":"https:\/\/www.ascef.com\/wp-content\/uploads\/2021\/10\/imagen_encuesta-e1635235238432.png","width":567,"height":280},{"@type":"BreadcrumbList","@id":"https:\/\/www.ascef.com\/es\/el-empresarios-familiares-valoran-con-un-495-la-situacion-economica-actual\/#breadcrumb","itemListElement":[{"@type":"ListItem","position":1,"name":"Portada","item":"https:\/\/www.ascef.com\/es\/"},{"@type":"ListItem","position":2,"name":"Los empresarios familiares valoran con un 4,95 la situaci\u00f3n econ\u00f3mica actual"}]},{"@type":"WebSite","@id":"https:\/\/www.ascef.com\/es\/#website","url":"https:\/\/www.ascef.com\/es\/","name":"ASCEF","description":"Associaci\u00f3 Catalana de l\u2019Empresa Familiar","potentialAction":[{"@type":"SearchAction","target":{"@type":"EntryPoint","urlTemplate":"https:\/\/www.ascef.com\/es\/?s={search_term_string}"},"query-input":{"@type":"PropertyValueSpecification","valueRequired":true,"valueName":"search_term_string"}}],"inLanguage":"es"},{"@type":"Person","@id":"https:\/\/www.ascef.com\/es\/#\/schema\/person\/4b014c032ff354e425d6bca2bed0da77","name":"Alicia Farin\u00f3s","url":"https:\/\/www.ascef.com\/es\/author\/alicia\/"}]}},"_links":{"self":[{"href":"https:\/\/www.ascef.com\/es\/wp-json\/wp\/v2\/posts\/4006","targetHints":{"allow":["GET"]}}],"collection":[{"href":"https:\/\/www.ascef.com\/es\/wp-json\/wp\/v2\/posts"}],"about":[{"href":"https:\/\/www.ascef.com\/es\/wp-json\/wp\/v2\/types\/post"}],"author":[{"embeddable":true,"href":"https:\/\/www.ascef.com\/es\/wp-json\/wp\/v2\/users\/3"}],"replies":[{"embeddable":true,"href":"https:\/\/www.ascef.com\/es\/wp-json\/wp\/v2\/comments?post=4006"}],"version-history":[{"count":6,"href":"https:\/\/www.ascef.com\/es\/wp-json\/wp\/v2\/posts\/4006\/revisions"}],"predecessor-version":[{"id":4014,"href":"https:\/\/www.ascef.com\/es\/wp-json\/wp\/v2\/posts\/4006\/revisions\/4014"}],"wp:featuredmedia":[{"embeddable":true,"href":"https:\/\/www.ascef.com\/es\/wp-json\/wp\/v2\/media\/4004"}],"wp:attachment":[{"href":"https:\/\/www.ascef.com\/es\/wp-json\/wp\/v2\/media?parent=4006"}],"wp:term":[{"taxonomy":"category","embeddable":true,"href":"https:\/\/www.ascef.com\/es\/wp-json\/wp\/v2\/categories?post=4006"},{"taxonomy":"post_tag","embeddable":true,"href":"https:\/\/www.ascef.com\/es\/wp-json\/wp\/v2\/tags?post=4006"}],"curies":[{"name":"wp","href":"https:\/\/api.w.org\/{rel}","templated":true}]}}