{"id":3670,"date":"2021-06-25T10:30:25","date_gmt":"2021-06-25T10:30:25","guid":{"rendered":"https:\/\/www.ascef.com\/?p=3670"},"modified":"2021-06-28T12:05:15","modified_gmt":"2021-06-28T12:05:15","slug":"foncillas-ascef-asamblea-transformacion","status":"publish","type":"post","link":"https:\/\/www.ascef.com\/es\/foncillas-ascef-asamblea-transformacion\/","title":{"rendered":"\u00abSobre la transformaci\u00f3n digital nos obsesionamos con la palabra &#8216;digital&#8217;, pero el futuro est\u00e1 en la transformaci\u00f3n\u00bb"},"content":{"rendered":"<p>El <u><a href=\"https:\/\/pablofoncillas.com\/\" target=\"_blank\" rel=\"noopener noreferrer\"><strong>Profesor Pablo Foncillas<\/strong><\/a><\/u>, docente, consejero independiente e investigador en innovaci\u00f3n empresarial, fue el invitado a participar en la <u><a href=\"https:\/\/www.ascef.com\/es\/ascef-asamblea-general-2021\/\" target=\"_blank\" rel=\"noopener noreferrer\"><strong>XXIII\u00aa Asamblea General de socios de la Asociaci\u00f3n Catalana de la Empresa Familiar (ASCEF)<\/strong><\/a><\/u>, celebrada el pasado martes 22 de junio en formato virtual. El Profesor particip\u00f3 ofreciendo una ponencia titulada <em>Tendencias de consumo: 66 d\u00edas para reinicializar el mundo<\/em>, alrededor de la transformaci\u00f3n digital.<\/p>\n<p>En relaci\u00f3n con el t\u00edtulo y al n\u00famero de 66 d\u00edas, Foncillas explic\u00f3 que este es el n\u00famero total de d\u00edas \u00ab<em>que tardamos en adaptarnos a un nuevo h\u00e1bito<\/em>\u00ab, seg\u00fan estudios que ampliaban las primeras investigaciones, de los a\u00f1os sesenta, que afirmaban que se necesitaba 21 d\u00edas para acostumbrarse \u00ab<em>ya que estos estudios no dicen que era a partir de 21 d\u00edas<\/em>\u00ab.<\/p>\n<p>\u00ab<em>Sobre el concepto de transformaci\u00f3n digital, construido con dos conceptos, los propietarios de las compa\u00f1\u00edas, los directivos, los mandos intermedios y los trabajadores nos obsesionamos con la palabra digital, cuando <strong>el futuro de nuestros negocios est\u00e1 en la palabra transformaci\u00f3n<\/strong><\/em>\u00ab, asegur\u00f3.<\/p>\n<p>El Profesor Foncillas subray\u00f3 la importancia \u00ab<em>de unir el mundo online y offline, un camino que enriquece la vida de los profesionales<\/em>\u00ab. En este sentido, el ponente remarc\u00f3 que el \u00faltimo a\u00f1o ha sido un acelerador de esta transformaci\u00f3n digital; y como muestra indic\u00f3 que \u00ab<em>el e-commerce ha crecido tanto en las primeras ocho semanas de confinamiento como en los diez a\u00f1os anteriores<\/em>\u00ab.<\/p>\n<p>A lo largo de su conferencia, Pablo Foncillas trat\u00f3 diversos temas relacionados con la transformaci\u00f3n digital, como por ejemplo el fin de la propiedad tal y como la conocemos, como esta transformaci\u00f3n afecta al retail, o los criterios ESG (que corresponde a las siglas en ingl\u00e9s de medioambiental, social y gobernanza &#8211;<em>environmental, social, governance<\/em>).<\/p>\n","protected":false},"excerpt":{"rendered":"<p>El Profesor Pablo Foncillas, docente, consejero independiente e investigador en innovaci\u00f3n empresarial, fue el invitado a participar en la XXIII\u00aa Asamblea General de socios de la Asociaci\u00f3n Catalana de la Empresa Familiar (ASCEF), celebrada el pasado martes 22 de junio en formato virtual. El Profesor particip\u00f3 ofreciendo una ponencia titulada Tendencias de consumo: 66 d\u00edas [&hellip;]<\/p>\n","protected":false},"author":292,"featured_media":3699,"comment_status":"open","ping_status":"open","sticky":false,"template":"","format":"standard","meta":{"_acf_changed":false,"footnotes":""},"categories":[185],"tags":[],"class_list":["post-3670","post","type-post","status-publish","format-standard","has-post-thumbnail","hentry","category-general"],"acf":[],"yoast_head":"<!-- This site is optimized with the Yoast SEO plugin v27.5 - https:\/\/yoast.com\/product\/yoast-seo-wordpress\/ -->\n<title>&quot;Sobre la transformaci\u00f3n digital nos obsesionamos con la palabra &#039;digital&#039;, pero el futuro est\u00e1 en la transformaci\u00f3n&quot; - ASCEF<\/title>\n<meta name=\"description\" content=\"El Professor Pablo Foncillas particip\u00f3 en la Asamblea General de la ASCEF y ofreci\u00f3 una conferencia donde habl\u00f3 de la transformaci\u00f3n digital.\" \/>\n<meta name=\"robots\" content=\"index, follow, max-snippet:-1, max-image-preview:large, max-video-preview:-1\" \/>\n<link rel=\"canonical\" href=\"https:\/\/www.ascef.com\/es\/foncillas-ascef-asamblea-transformacion\/\" \/>\n<meta property=\"og:locale\" content=\"es_ES\" \/>\n<meta property=\"og:type\" content=\"article\" \/>\n<meta property=\"og:title\" content=\"&quot;Sobre la transformaci\u00f3n digital nos obsesionamos con la palabra &#039;digital&#039;, pero el futuro est\u00e1 en la transformaci\u00f3n&quot; - ASCEF\" \/>\n<meta property=\"og:description\" content=\"El Professor Pablo Foncillas particip\u00f3 en la Asamblea General de la ASCEF y ofreci\u00f3 una conferencia donde habl\u00f3 de la transformaci\u00f3n digital.\" \/>\n<meta property=\"og:url\" content=\"https:\/\/www.ascef.com\/es\/foncillas-ascef-asamblea-transformacion\/\" \/>\n<meta property=\"og:site_name\" content=\"ASCEF\" \/>\n<meta property=\"article:published_time\" content=\"2021-06-25T10:30:25+00:00\" \/>\n<meta property=\"article:modified_time\" content=\"2021-06-28T12:05:15+00:00\" \/>\n<meta property=\"og:image\" content=\"https:\/\/www.ascef.com\/wp-content\/uploads\/2021\/06\/foncillas_Web-1024x671.jpg\" \/>\n\t<meta property=\"og:image:width\" content=\"1024\" \/>\n\t<meta property=\"og:image:height\" content=\"671\" \/>\n\t<meta property=\"og:image:type\" content=\"image\/jpeg\" \/>\n<meta name=\"author\" content=\"Borja Igual\" \/>\n<meta name=\"twitter:card\" content=\"summary_large_image\" \/>\n<meta name=\"twitter:label1\" content=\"Escrito por\" \/>\n\t<meta name=\"twitter:data1\" content=\"Borja Igual\" \/>\n\t<meta name=\"twitter:label2\" content=\"Tiempo de lectura\" \/>\n\t<meta name=\"twitter:data2\" content=\"2 minutos\" \/>\n<script type=\"application\/ld+json\" class=\"yoast-schema-graph\">{\"@context\":\"https:\\\/\\\/schema.org\",\"@graph\":[{\"@type\":\"Article\",\"@id\":\"https:\\\/\\\/www.ascef.com\\\/es\\\/foncillas-ascef-asamblea-transformacion\\\/#article\",\"isPartOf\":{\"@id\":\"https:\\\/\\\/www.ascef.com\\\/es\\\/foncillas-ascef-asamblea-transformacion\\\/\"},\"author\":{\"name\":\"Borja Igual\",\"@id\":\"https:\\\/\\\/www.ascef.com\\\/es\\\/#\\\/schema\\\/person\\\/e0bdccd3e1665871f0e79e3a50ad6b02\"},\"headline\":\"\u00abSobre la transformaci\u00f3n digital nos obsesionamos con la palabra &#8216;digital&#8217;, pero el futuro est\u00e1 en la transformaci\u00f3n\u00bb\",\"datePublished\":\"2021-06-25T10:30:25+00:00\",\"dateModified\":\"2021-06-28T12:05:15+00:00\",\"mainEntityOfPage\":{\"@id\":\"https:\\\/\\\/www.ascef.com\\\/es\\\/foncillas-ascef-asamblea-transformacion\\\/\"},\"wordCount\":322,\"commentCount\":0,\"image\":{\"@id\":\"https:\\\/\\\/www.ascef.com\\\/es\\\/foncillas-ascef-asamblea-transformacion\\\/#primaryimage\"},\"thumbnailUrl\":\"https:\\\/\\\/www.ascef.com\\\/wp-content\\\/uploads\\\/2021\\\/06\\\/foncillas_Web.jpg\",\"articleSection\":[\"general\"],\"inLanguage\":\"es\"},{\"@type\":\"WebPage\",\"@id\":\"https:\\\/\\\/www.ascef.com\\\/es\\\/foncillas-ascef-asamblea-transformacion\\\/\",\"url\":\"https:\\\/\\\/www.ascef.com\\\/es\\\/foncillas-ascef-asamblea-transformacion\\\/\",\"name\":\"\\\"Sobre la transformaci\u00f3n digital nos obsesionamos con la palabra 'digital', pero el futuro est\u00e1 en la transformaci\u00f3n\\\" - ASCEF\",\"isPartOf\":{\"@id\":\"https:\\\/\\\/www.ascef.com\\\/es\\\/#website\"},\"primaryImageOfPage\":{\"@id\":\"https:\\\/\\\/www.ascef.com\\\/es\\\/foncillas-ascef-asamblea-transformacion\\\/#primaryimage\"},\"image\":{\"@id\":\"https:\\\/\\\/www.ascef.com\\\/es\\\/foncillas-ascef-asamblea-transformacion\\\/#primaryimage\"},\"thumbnailUrl\":\"https:\\\/\\\/www.ascef.com\\\/wp-content\\\/uploads\\\/2021\\\/06\\\/foncillas_Web.jpg\",\"datePublished\":\"2021-06-25T10:30:25+00:00\",\"dateModified\":\"2021-06-28T12:05:15+00:00\",\"author\":{\"@id\":\"https:\\\/\\\/www.ascef.com\\\/es\\\/#\\\/schema\\\/person\\\/e0bdccd3e1665871f0e79e3a50ad6b02\"},\"description\":\"El Professor Pablo Foncillas particip\u00f3 en la Asamblea General de la ASCEF y ofreci\u00f3 una conferencia donde habl\u00f3 de la transformaci\u00f3n digital.\",\"breadcrumb\":{\"@id\":\"https:\\\/\\\/www.ascef.com\\\/es\\\/foncillas-ascef-asamblea-transformacion\\\/#breadcrumb\"},\"inLanguage\":\"es\",\"potentialAction\":[{\"@type\":\"ReadAction\",\"target\":[\"https:\\\/\\\/www.ascef.com\\\/es\\\/foncillas-ascef-asamblea-transformacion\\\/\"]}]},{\"@type\":\"ImageObject\",\"inLanguage\":\"es\",\"@id\":\"https:\\\/\\\/www.ascef.com\\\/es\\\/foncillas-ascef-asamblea-transformacion\\\/#primaryimage\",\"url\":\"https:\\\/\\\/www.ascef.com\\\/wp-content\\\/uploads\\\/2021\\\/06\\\/foncillas_Web.jpg\",\"contentUrl\":\"https:\\\/\\\/www.ascef.com\\\/wp-content\\\/uploads\\\/2021\\\/06\\\/foncillas_Web.jpg\",\"width\":2100,\"height\":1376,\"caption\":\"(a)Joan Masats\"},{\"@type\":\"BreadcrumbList\",\"@id\":\"https:\\\/\\\/www.ascef.com\\\/es\\\/foncillas-ascef-asamblea-transformacion\\\/#breadcrumb\",\"itemListElement\":[{\"@type\":\"ListItem\",\"position\":1,\"name\":\"Portada\",\"item\":\"https:\\\/\\\/www.ascef.com\\\/es\\\/\"},{\"@type\":\"ListItem\",\"position\":2,\"name\":\"\u00abSobre la transformaci\u00f3n digital nos obsesionamos con la palabra &#8216;digital&#8217;, pero el futuro est\u00e1 en la transformaci\u00f3n\u00bb\"}]},{\"@type\":\"WebSite\",\"@id\":\"https:\\\/\\\/www.ascef.com\\\/es\\\/#website\",\"url\":\"https:\\\/\\\/www.ascef.com\\\/es\\\/\",\"name\":\"ASCEF\",\"description\":\"Associaci\u00f3 Catalana de l\u2019Empresa Familiar\",\"potentialAction\":[{\"@type\":\"SearchAction\",\"target\":{\"@type\":\"EntryPoint\",\"urlTemplate\":\"https:\\\/\\\/www.ascef.com\\\/es\\\/?s={search_term_string}\"},\"query-input\":{\"@type\":\"PropertyValueSpecification\",\"valueRequired\":true,\"valueName\":\"search_term_string\"}}],\"inLanguage\":\"es\"},{\"@type\":\"Person\",\"@id\":\"https:\\\/\\\/www.ascef.com\\\/es\\\/#\\\/schema\\\/person\\\/e0bdccd3e1665871f0e79e3a50ad6b02\",\"name\":\"Borja Igual\",\"url\":\"https:\\\/\\\/www.ascef.com\\\/es\\\/author\\\/bigual1990mcs-com\\\/\"}]}<\/script>\n<!-- \/ Yoast SEO plugin. -->","yoast_head_json":{"title":"\"Sobre la transformaci\u00f3n digital nos obsesionamos con la palabra 'digital', pero el futuro est\u00e1 en la transformaci\u00f3n\" - ASCEF","description":"El Professor Pablo Foncillas particip\u00f3 en la Asamblea General de la ASCEF y ofreci\u00f3 una conferencia donde habl\u00f3 de la transformaci\u00f3n digital.","robots":{"index":"index","follow":"follow","max-snippet":"max-snippet:-1","max-image-preview":"max-image-preview:large","max-video-preview":"max-video-preview:-1"},"canonical":"https:\/\/www.ascef.com\/es\/foncillas-ascef-asamblea-transformacion\/","og_locale":"es_ES","og_type":"article","og_title":"\"Sobre la transformaci\u00f3n digital nos obsesionamos con la palabra 'digital', pero el futuro est\u00e1 en la transformaci\u00f3n\" - ASCEF","og_description":"El Professor Pablo Foncillas particip\u00f3 en la Asamblea General de la ASCEF y ofreci\u00f3 una conferencia donde habl\u00f3 de la transformaci\u00f3n digital.","og_url":"https:\/\/www.ascef.com\/es\/foncillas-ascef-asamblea-transformacion\/","og_site_name":"ASCEF","article_published_time":"2021-06-25T10:30:25+00:00","article_modified_time":"2021-06-28T12:05:15+00:00","og_image":[{"width":1024,"height":671,"url":"https:\/\/www.ascef.com\/wp-content\/uploads\/2021\/06\/foncillas_Web-1024x671.jpg","type":"image\/jpeg"}],"author":"Borja Igual","twitter_card":"summary_large_image","twitter_misc":{"Escrito por":"Borja Igual","Tiempo de lectura":"2 minutos"},"schema":{"@context":"https:\/\/schema.org","@graph":[{"@type":"Article","@id":"https:\/\/www.ascef.com\/es\/foncillas-ascef-asamblea-transformacion\/#article","isPartOf":{"@id":"https:\/\/www.ascef.com\/es\/foncillas-ascef-asamblea-transformacion\/"},"author":{"name":"Borja Igual","@id":"https:\/\/www.ascef.com\/es\/#\/schema\/person\/e0bdccd3e1665871f0e79e3a50ad6b02"},"headline":"\u00abSobre la transformaci\u00f3n digital nos obsesionamos con la palabra &#8216;digital&#8217;, pero el futuro est\u00e1 en la transformaci\u00f3n\u00bb","datePublished":"2021-06-25T10:30:25+00:00","dateModified":"2021-06-28T12:05:15+00:00","mainEntityOfPage":{"@id":"https:\/\/www.ascef.com\/es\/foncillas-ascef-asamblea-transformacion\/"},"wordCount":322,"commentCount":0,"image":{"@id":"https:\/\/www.ascef.com\/es\/foncillas-ascef-asamblea-transformacion\/#primaryimage"},"thumbnailUrl":"https:\/\/www.ascef.com\/wp-content\/uploads\/2021\/06\/foncillas_Web.jpg","articleSection":["general"],"inLanguage":"es"},{"@type":"WebPage","@id":"https:\/\/www.ascef.com\/es\/foncillas-ascef-asamblea-transformacion\/","url":"https:\/\/www.ascef.com\/es\/foncillas-ascef-asamblea-transformacion\/","name":"\"Sobre la transformaci\u00f3n digital nos obsesionamos con la palabra 'digital', pero el futuro est\u00e1 en la transformaci\u00f3n\" - ASCEF","isPartOf":{"@id":"https:\/\/www.ascef.com\/es\/#website"},"primaryImageOfPage":{"@id":"https:\/\/www.ascef.com\/es\/foncillas-ascef-asamblea-transformacion\/#primaryimage"},"image":{"@id":"https:\/\/www.ascef.com\/es\/foncillas-ascef-asamblea-transformacion\/#primaryimage"},"thumbnailUrl":"https:\/\/www.ascef.com\/wp-content\/uploads\/2021\/06\/foncillas_Web.jpg","datePublished":"2021-06-25T10:30:25+00:00","dateModified":"2021-06-28T12:05:15+00:00","author":{"@id":"https:\/\/www.ascef.com\/es\/#\/schema\/person\/e0bdccd3e1665871f0e79e3a50ad6b02"},"description":"El Professor Pablo Foncillas particip\u00f3 en la Asamblea General de la ASCEF y ofreci\u00f3 una conferencia donde habl\u00f3 de la transformaci\u00f3n digital.","breadcrumb":{"@id":"https:\/\/www.ascef.com\/es\/foncillas-ascef-asamblea-transformacion\/#breadcrumb"},"inLanguage":"es","potentialAction":[{"@type":"ReadAction","target":["https:\/\/www.ascef.com\/es\/foncillas-ascef-asamblea-transformacion\/"]}]},{"@type":"ImageObject","inLanguage":"es","@id":"https:\/\/www.ascef.com\/es\/foncillas-ascef-asamblea-transformacion\/#primaryimage","url":"https:\/\/www.ascef.com\/wp-content\/uploads\/2021\/06\/foncillas_Web.jpg","contentUrl":"https:\/\/www.ascef.com\/wp-content\/uploads\/2021\/06\/foncillas_Web.jpg","width":2100,"height":1376,"caption":"(a)Joan Masats"},{"@type":"BreadcrumbList","@id":"https:\/\/www.ascef.com\/es\/foncillas-ascef-asamblea-transformacion\/#breadcrumb","itemListElement":[{"@type":"ListItem","position":1,"name":"Portada","item":"https:\/\/www.ascef.com\/es\/"},{"@type":"ListItem","position":2,"name":"\u00abSobre la transformaci\u00f3n digital nos obsesionamos con la palabra &#8216;digital&#8217;, pero el futuro est\u00e1 en la transformaci\u00f3n\u00bb"}]},{"@type":"WebSite","@id":"https:\/\/www.ascef.com\/es\/#website","url":"https:\/\/www.ascef.com\/es\/","name":"ASCEF","description":"Associaci\u00f3 Catalana de l\u2019Empresa Familiar","potentialAction":[{"@type":"SearchAction","target":{"@type":"EntryPoint","urlTemplate":"https:\/\/www.ascef.com\/es\/?s={search_term_string}"},"query-input":{"@type":"PropertyValueSpecification","valueRequired":true,"valueName":"search_term_string"}}],"inLanguage":"es"},{"@type":"Person","@id":"https:\/\/www.ascef.com\/es\/#\/schema\/person\/e0bdccd3e1665871f0e79e3a50ad6b02","name":"Borja Igual","url":"https:\/\/www.ascef.com\/es\/author\/bigual1990mcs-com\/"}]}},"_links":{"self":[{"href":"https:\/\/www.ascef.com\/es\/wp-json\/wp\/v2\/posts\/3670","targetHints":{"allow":["GET"]}}],"collection":[{"href":"https:\/\/www.ascef.com\/es\/wp-json\/wp\/v2\/posts"}],"about":[{"href":"https:\/\/www.ascef.com\/es\/wp-json\/wp\/v2\/types\/post"}],"author":[{"embeddable":true,"href":"https:\/\/www.ascef.com\/es\/wp-json\/wp\/v2\/users\/292"}],"replies":[{"embeddable":true,"href":"https:\/\/www.ascef.com\/es\/wp-json\/wp\/v2\/comments?post=3670"}],"version-history":[{"count":3,"href":"https:\/\/www.ascef.com\/es\/wp-json\/wp\/v2\/posts\/3670\/revisions"}],"predecessor-version":[{"id":3679,"href":"https:\/\/www.ascef.com\/es\/wp-json\/wp\/v2\/posts\/3670\/revisions\/3679"}],"wp:featuredmedia":[{"embeddable":true,"href":"https:\/\/www.ascef.com\/es\/wp-json\/wp\/v2\/media\/3699"}],"wp:attachment":[{"href":"https:\/\/www.ascef.com\/es\/wp-json\/wp\/v2\/media?parent=3670"}],"wp:term":[{"taxonomy":"category","embeddable":true,"href":"https:\/\/www.ascef.com\/es\/wp-json\/wp\/v2\/categories?post=3670"},{"taxonomy":"post_tag","embeddable":true,"href":"https:\/\/www.ascef.com\/es\/wp-json\/wp\/v2\/tags?post=3670"}],"curies":[{"name":"wp","href":"https:\/\/api.w.org\/{rel}","templated":true}]}}