{"id":3635,"date":"2021-06-21T10:00:28","date_gmt":"2021-06-21T10:00:28","guid":{"rendered":"https:\/\/www.ascef.com\/?p=3635"},"modified":"2021-06-29T14:31:31","modified_gmt":"2021-06-29T14:31:31","slug":"ascef-desarrollo-sostenible","status":"publish","type":"post","link":"https:\/\/www.ascef.com\/es\/ascef-desarrollo-sostenible\/","title":{"rendered":"La ASCEF, comprometida con el desarrollo sostenible"},"content":{"rendered":"<p>Dado que quedan menos de diez a\u00f1os para alcanzar los <strong>Objetivos de Desarrollo Sostenible (ODS)<\/strong> previstos en la <strong>Agenda 2030<\/strong> de <u><strong><a href=\"https:\/\/www.un.org\/es\/\" target=\"_blank\" rel=\"noopener noreferrer\">Naciones Unida<\/a>s<\/strong><\/u>, esta organizaci\u00f3n hace un llamamiento para que todos los sectores de la sociedad se movilicen\u00a0para poner fin a la pobreza, proteger el planeta y mejorar las vidas y las perspectivas de las personas en todo el mundo.<\/p>\n<p>La <u><a href=\"https:\/\/www.ascef.com\/es\/\" target=\"_blank\" rel=\"noopener noreferrer\"><strong>ASCEF<\/strong><\/a><\/u> es una entidad comprometida con las pol\u00edticas de desarrollo sostenible entendido como la forma de satisfacer las necesidades del presente sin comprometer la capacidad de las futuras generaciones. Por ello, impulsa diversos actos formativos e informativos para sensibilizar a todos sus asociados ya que para lograrlo <strong>es fundamental armonizar tres elementos b\u00e1sicos: el crecimiento econ\u00f3mico, la inclusi\u00f3n social y la protecci\u00f3n del medio ambiente<\/strong>. En este sentido, la asociaci\u00f3n se ha incorporado a la <u><a href=\"https:\/\/www.foment.com\/es\/agenda-2030\/\" target=\"_blank\" rel=\"noopener noreferrer\"><strong>comisi\u00f3n Agenda 2030 de Foment del Treball<\/strong><\/a><\/u> que tiene como objetivo impulsar este programa mundial de actuaci\u00f3n.<\/p>\n<p>A nivel formativo, durante este trimestre, los socios de <strong>ASCEF<\/strong> han participado en <u><a href=\"https:\/\/www.ascef.com\/es\/ciclo-empresa-familiar-comparte\/\" target=\"_blank\" rel=\"noopener noreferrer\"><strong>un encuentro sobre transformaci\u00f3n y sostenibilidad<\/strong><\/a><\/u> dentro del Ciclo \u00abLa Empresa Familiar Comparte\u00bb, organizado por las <u><a href=\"https:\/\/www.iefamiliar.com\/asociaciones-territoriales\/\" target=\"_blank\" rel=\"noopener noreferrer\"><strong>Asociaciones Territoriales de la Empresa Familiar<\/strong><\/a><\/u> y en <u><a href=\"https:\/\/www.ascef.com\/es\/webinar-ods-sostenibilidad\/\" target=\"_blank\" rel=\"noopener noreferrer\"><strong>una sesi\u00f3n con la especialista en RSC Silvia Urarte<\/strong><\/a><\/u>, para hablar de c\u00f3mo vincular estos ODS a la actividad de las empresas<\/p>\n","protected":false},"excerpt":{"rendered":"<p>Dado que quedan menos de diez a\u00f1os para alcanzar los Objetivos de Desarrollo Sostenible (ODS) previstos en la Agenda 2030 de Naciones Unidas, esta organizaci\u00f3n hace un llamamiento para que todos los sectores de la sociedad se movilicen\u00a0para poner fin a la pobreza, proteger el planeta y mejorar las vidas y las perspectivas de las [&hellip;]<\/p>\n","protected":false},"author":292,"featured_media":3702,"comment_status":"open","ping_status":"open","sticky":false,"template":"","format":"standard","meta":{"_acf_changed":false,"footnotes":""},"categories":[185],"tags":[],"class_list":["post-3635","post","type-post","status-publish","format-standard","has-post-thumbnail","hentry","category-general"],"acf":[],"yoast_head":"<!-- This site is optimized with the Yoast SEO plugin v27.5 - https:\/\/yoast.com\/product\/yoast-seo-wordpress\/ -->\n<title>La ASCEF, comprometida con el desarrollo sostenible - ASCEF<\/title>\n<meta name=\"description\" content=\"La ASCEF es una entidad comprometida con las pol\u00edticas de desarrollo sostenible entendido como la forma de satisfacer las necesidades del presente sin comprometer la capacidad de las futuras generaciones\" \/>\n<meta name=\"robots\" content=\"index, follow, max-snippet:-1, max-image-preview:large, max-video-preview:-1\" \/>\n<link rel=\"canonical\" href=\"https:\/\/www.ascef.com\/es\/ascef-desarrollo-sostenible\/\" \/>\n<meta property=\"og:locale\" content=\"es_ES\" \/>\n<meta property=\"og:type\" content=\"article\" \/>\n<meta property=\"og:title\" content=\"La ASCEF, comprometida con el desarrollo sostenible - ASCEF\" \/>\n<meta property=\"og:description\" content=\"La ASCEF es una entidad comprometida con las pol\u00edticas de desarrollo sostenible entendido como la forma de satisfacer las necesidades del presente sin comprometer la capacidad de las futuras generaciones\" \/>\n<meta property=\"og:url\" content=\"https:\/\/www.ascef.com\/es\/ascef-desarrollo-sostenible\/\" \/>\n<meta property=\"og:site_name\" content=\"ASCEF\" \/>\n<meta property=\"article:published_time\" content=\"2021-06-21T10:00:28+00:00\" \/>\n<meta property=\"article:modified_time\" content=\"2021-06-29T14:31:31+00:00\" \/>\n<meta property=\"og:image\" content=\"https:\/\/www.ascef.com\/wp-content\/uploads\/2021\/06\/05.-ods_sostenibilidad-1.jpg\" \/>\n\t<meta property=\"og:image:width\" content=\"917\" \/>\n\t<meta property=\"og:image:height\" content=\"601\" \/>\n\t<meta property=\"og:image:type\" content=\"image\/jpeg\" \/>\n<meta name=\"author\" content=\"Borja Igual\" \/>\n<meta name=\"twitter:card\" content=\"summary_large_image\" \/>\n<meta name=\"twitter:label1\" content=\"Escrito por\" \/>\n\t<meta name=\"twitter:data1\" content=\"Borja Igual\" \/>\n\t<meta name=\"twitter:label2\" content=\"Tiempo de lectura\" \/>\n\t<meta name=\"twitter:data2\" content=\"1 minuto\" \/>\n<script type=\"application\/ld+json\" class=\"yoast-schema-graph\">{\"@context\":\"https:\\\/\\\/schema.org\",\"@graph\":[{\"@type\":\"Article\",\"@id\":\"https:\\\/\\\/www.ascef.com\\\/es\\\/ascef-desarrollo-sostenible\\\/#article\",\"isPartOf\":{\"@id\":\"https:\\\/\\\/www.ascef.com\\\/es\\\/ascef-desarrollo-sostenible\\\/\"},\"author\":{\"name\":\"Borja Igual\",\"@id\":\"https:\\\/\\\/www.ascef.com\\\/es\\\/#\\\/schema\\\/person\\\/e0bdccd3e1665871f0e79e3a50ad6b02\"},\"headline\":\"La ASCEF, comprometida con el desarrollo sostenible\",\"datePublished\":\"2021-06-21T10:00:28+00:00\",\"dateModified\":\"2021-06-29T14:31:31+00:00\",\"mainEntityOfPage\":{\"@id\":\"https:\\\/\\\/www.ascef.com\\\/es\\\/ascef-desarrollo-sostenible\\\/\"},\"wordCount\":231,\"commentCount\":0,\"image\":{\"@id\":\"https:\\\/\\\/www.ascef.com\\\/es\\\/ascef-desarrollo-sostenible\\\/#primaryimage\"},\"thumbnailUrl\":\"https:\\\/\\\/www.ascef.com\\\/wp-content\\\/uploads\\\/2021\\\/06\\\/05.-ods_sostenibilidad-1.jpg\",\"articleSection\":[\"general\"],\"inLanguage\":\"es\"},{\"@type\":\"WebPage\",\"@id\":\"https:\\\/\\\/www.ascef.com\\\/es\\\/ascef-desarrollo-sostenible\\\/\",\"url\":\"https:\\\/\\\/www.ascef.com\\\/es\\\/ascef-desarrollo-sostenible\\\/\",\"name\":\"La ASCEF, comprometida con el desarrollo sostenible - ASCEF\",\"isPartOf\":{\"@id\":\"https:\\\/\\\/www.ascef.com\\\/es\\\/#website\"},\"primaryImageOfPage\":{\"@id\":\"https:\\\/\\\/www.ascef.com\\\/es\\\/ascef-desarrollo-sostenible\\\/#primaryimage\"},\"image\":{\"@id\":\"https:\\\/\\\/www.ascef.com\\\/es\\\/ascef-desarrollo-sostenible\\\/#primaryimage\"},\"thumbnailUrl\":\"https:\\\/\\\/www.ascef.com\\\/wp-content\\\/uploads\\\/2021\\\/06\\\/05.-ods_sostenibilidad-1.jpg\",\"datePublished\":\"2021-06-21T10:00:28+00:00\",\"dateModified\":\"2021-06-29T14:31:31+00:00\",\"author\":{\"@id\":\"https:\\\/\\\/www.ascef.com\\\/es\\\/#\\\/schema\\\/person\\\/e0bdccd3e1665871f0e79e3a50ad6b02\"},\"description\":\"La ASCEF es una entidad comprometida con las pol\u00edticas de desarrollo sostenible entendido como la forma de satisfacer las necesidades del presente sin comprometer la capacidad de las futuras generaciones\",\"breadcrumb\":{\"@id\":\"https:\\\/\\\/www.ascef.com\\\/es\\\/ascef-desarrollo-sostenible\\\/#breadcrumb\"},\"inLanguage\":\"es\",\"potentialAction\":[{\"@type\":\"ReadAction\",\"target\":[\"https:\\\/\\\/www.ascef.com\\\/es\\\/ascef-desarrollo-sostenible\\\/\"]}]},{\"@type\":\"ImageObject\",\"inLanguage\":\"es\",\"@id\":\"https:\\\/\\\/www.ascef.com\\\/es\\\/ascef-desarrollo-sostenible\\\/#primaryimage\",\"url\":\"https:\\\/\\\/www.ascef.com\\\/wp-content\\\/uploads\\\/2021\\\/06\\\/05.-ods_sostenibilidad-1.jpg\",\"contentUrl\":\"https:\\\/\\\/www.ascef.com\\\/wp-content\\\/uploads\\\/2021\\\/06\\\/05.-ods_sostenibilidad-1.jpg\",\"width\":917,\"height\":601,\"caption\":\"Created with GIMP\"},{\"@type\":\"BreadcrumbList\",\"@id\":\"https:\\\/\\\/www.ascef.com\\\/es\\\/ascef-desarrollo-sostenible\\\/#breadcrumb\",\"itemListElement\":[{\"@type\":\"ListItem\",\"position\":1,\"name\":\"Portada\",\"item\":\"https:\\\/\\\/www.ascef.com\\\/es\\\/\"},{\"@type\":\"ListItem\",\"position\":2,\"name\":\"La ASCEF, comprometida con el desarrollo sostenible\"}]},{\"@type\":\"WebSite\",\"@id\":\"https:\\\/\\\/www.ascef.com\\\/es\\\/#website\",\"url\":\"https:\\\/\\\/www.ascef.com\\\/es\\\/\",\"name\":\"ASCEF\",\"description\":\"Associaci\u00f3 Catalana de l\u2019Empresa Familiar\",\"potentialAction\":[{\"@type\":\"SearchAction\",\"target\":{\"@type\":\"EntryPoint\",\"urlTemplate\":\"https:\\\/\\\/www.ascef.com\\\/es\\\/?s={search_term_string}\"},\"query-input\":{\"@type\":\"PropertyValueSpecification\",\"valueRequired\":true,\"valueName\":\"search_term_string\"}}],\"inLanguage\":\"es\"},{\"@type\":\"Person\",\"@id\":\"https:\\\/\\\/www.ascef.com\\\/es\\\/#\\\/schema\\\/person\\\/e0bdccd3e1665871f0e79e3a50ad6b02\",\"name\":\"Borja Igual\",\"url\":\"https:\\\/\\\/www.ascef.com\\\/es\\\/author\\\/bigual1990mcs-com\\\/\"}]}<\/script>\n<!-- \/ Yoast SEO plugin. -->","yoast_head_json":{"title":"La ASCEF, comprometida con el desarrollo sostenible - ASCEF","description":"La ASCEF es una entidad comprometida con las pol\u00edticas de desarrollo sostenible entendido como la forma de satisfacer las necesidades del presente sin comprometer la capacidad de las futuras generaciones","robots":{"index":"index","follow":"follow","max-snippet":"max-snippet:-1","max-image-preview":"max-image-preview:large","max-video-preview":"max-video-preview:-1"},"canonical":"https:\/\/www.ascef.com\/es\/ascef-desarrollo-sostenible\/","og_locale":"es_ES","og_type":"article","og_title":"La ASCEF, comprometida con el desarrollo sostenible - ASCEF","og_description":"La ASCEF es una entidad comprometida con las pol\u00edticas de desarrollo sostenible entendido como la forma de satisfacer las necesidades del presente sin comprometer la capacidad de las futuras generaciones","og_url":"https:\/\/www.ascef.com\/es\/ascef-desarrollo-sostenible\/","og_site_name":"ASCEF","article_published_time":"2021-06-21T10:00:28+00:00","article_modified_time":"2021-06-29T14:31:31+00:00","og_image":[{"width":917,"height":601,"url":"https:\/\/www.ascef.com\/wp-content\/uploads\/2021\/06\/05.-ods_sostenibilidad-1.jpg","type":"image\/jpeg"}],"author":"Borja Igual","twitter_card":"summary_large_image","twitter_misc":{"Escrito por":"Borja Igual","Tiempo de lectura":"1 minuto"},"schema":{"@context":"https:\/\/schema.org","@graph":[{"@type":"Article","@id":"https:\/\/www.ascef.com\/es\/ascef-desarrollo-sostenible\/#article","isPartOf":{"@id":"https:\/\/www.ascef.com\/es\/ascef-desarrollo-sostenible\/"},"author":{"name":"Borja Igual","@id":"https:\/\/www.ascef.com\/es\/#\/schema\/person\/e0bdccd3e1665871f0e79e3a50ad6b02"},"headline":"La ASCEF, comprometida con el desarrollo sostenible","datePublished":"2021-06-21T10:00:28+00:00","dateModified":"2021-06-29T14:31:31+00:00","mainEntityOfPage":{"@id":"https:\/\/www.ascef.com\/es\/ascef-desarrollo-sostenible\/"},"wordCount":231,"commentCount":0,"image":{"@id":"https:\/\/www.ascef.com\/es\/ascef-desarrollo-sostenible\/#primaryimage"},"thumbnailUrl":"https:\/\/www.ascef.com\/wp-content\/uploads\/2021\/06\/05.-ods_sostenibilidad-1.jpg","articleSection":["general"],"inLanguage":"es"},{"@type":"WebPage","@id":"https:\/\/www.ascef.com\/es\/ascef-desarrollo-sostenible\/","url":"https:\/\/www.ascef.com\/es\/ascef-desarrollo-sostenible\/","name":"La ASCEF, comprometida con el desarrollo sostenible - ASCEF","isPartOf":{"@id":"https:\/\/www.ascef.com\/es\/#website"},"primaryImageOfPage":{"@id":"https:\/\/www.ascef.com\/es\/ascef-desarrollo-sostenible\/#primaryimage"},"image":{"@id":"https:\/\/www.ascef.com\/es\/ascef-desarrollo-sostenible\/#primaryimage"},"thumbnailUrl":"https:\/\/www.ascef.com\/wp-content\/uploads\/2021\/06\/05.-ods_sostenibilidad-1.jpg","datePublished":"2021-06-21T10:00:28+00:00","dateModified":"2021-06-29T14:31:31+00:00","author":{"@id":"https:\/\/www.ascef.com\/es\/#\/schema\/person\/e0bdccd3e1665871f0e79e3a50ad6b02"},"description":"La ASCEF es una entidad comprometida con las pol\u00edticas de desarrollo sostenible entendido como la forma de satisfacer las necesidades del presente sin comprometer la capacidad de las futuras generaciones","breadcrumb":{"@id":"https:\/\/www.ascef.com\/es\/ascef-desarrollo-sostenible\/#breadcrumb"},"inLanguage":"es","potentialAction":[{"@type":"ReadAction","target":["https:\/\/www.ascef.com\/es\/ascef-desarrollo-sostenible\/"]}]},{"@type":"ImageObject","inLanguage":"es","@id":"https:\/\/www.ascef.com\/es\/ascef-desarrollo-sostenible\/#primaryimage","url":"https:\/\/www.ascef.com\/wp-content\/uploads\/2021\/06\/05.-ods_sostenibilidad-1.jpg","contentUrl":"https:\/\/www.ascef.com\/wp-content\/uploads\/2021\/06\/05.-ods_sostenibilidad-1.jpg","width":917,"height":601,"caption":"Created with GIMP"},{"@type":"BreadcrumbList","@id":"https:\/\/www.ascef.com\/es\/ascef-desarrollo-sostenible\/#breadcrumb","itemListElement":[{"@type":"ListItem","position":1,"name":"Portada","item":"https:\/\/www.ascef.com\/es\/"},{"@type":"ListItem","position":2,"name":"La ASCEF, comprometida con el desarrollo sostenible"}]},{"@type":"WebSite","@id":"https:\/\/www.ascef.com\/es\/#website","url":"https:\/\/www.ascef.com\/es\/","name":"ASCEF","description":"Associaci\u00f3 Catalana de l\u2019Empresa Familiar","potentialAction":[{"@type":"SearchAction","target":{"@type":"EntryPoint","urlTemplate":"https:\/\/www.ascef.com\/es\/?s={search_term_string}"},"query-input":{"@type":"PropertyValueSpecification","valueRequired":true,"valueName":"search_term_string"}}],"inLanguage":"es"},{"@type":"Person","@id":"https:\/\/www.ascef.com\/es\/#\/schema\/person\/e0bdccd3e1665871f0e79e3a50ad6b02","name":"Borja Igual","url":"https:\/\/www.ascef.com\/es\/author\/bigual1990mcs-com\/"}]}},"_links":{"self":[{"href":"https:\/\/www.ascef.com\/es\/wp-json\/wp\/v2\/posts\/3635","targetHints":{"allow":["GET"]}}],"collection":[{"href":"https:\/\/www.ascef.com\/es\/wp-json\/wp\/v2\/posts"}],"about":[{"href":"https:\/\/www.ascef.com\/es\/wp-json\/wp\/v2\/types\/post"}],"author":[{"embeddable":true,"href":"https:\/\/www.ascef.com\/es\/wp-json\/wp\/v2\/users\/292"}],"replies":[{"embeddable":true,"href":"https:\/\/www.ascef.com\/es\/wp-json\/wp\/v2\/comments?post=3635"}],"version-history":[{"count":3,"href":"https:\/\/www.ascef.com\/es\/wp-json\/wp\/v2\/posts\/3635\/revisions"}],"predecessor-version":[{"id":3693,"href":"https:\/\/www.ascef.com\/es\/wp-json\/wp\/v2\/posts\/3635\/revisions\/3693"}],"wp:featuredmedia":[{"embeddable":true,"href":"https:\/\/www.ascef.com\/es\/wp-json\/wp\/v2\/media\/3702"}],"wp:attachment":[{"href":"https:\/\/www.ascef.com\/es\/wp-json\/wp\/v2\/media?parent=3635"}],"wp:term":[{"taxonomy":"category","embeddable":true,"href":"https:\/\/www.ascef.com\/es\/wp-json\/wp\/v2\/categories?post=3635"},{"taxonomy":"post_tag","embeddable":true,"href":"https:\/\/www.ascef.com\/es\/wp-json\/wp\/v2\/tags?post=3635"}],"curies":[{"name":"wp","href":"https:\/\/api.w.org\/{rel}","templated":true}]}}