{"id":3629,"date":"2021-06-25T11:00:53","date_gmt":"2021-06-25T11:00:53","guid":{"rendered":"https:\/\/www.ascef.com\/?p=3629"},"modified":"2021-06-28T11:48:51","modified_gmt":"2021-06-28T11:48:51","slug":"ascef-asamblea-general-2021","status":"publish","type":"post","link":"https:\/\/www.ascef.com\/es\/ascef-asamblea-general-2021\/","title":{"rendered":"ASCEF celebra su Asamblea General"},"content":{"rendered":"<p>Este pasado martes 22 de junio, la <a href=\"https:\/\/www.ascef.com\/es\/\" target=\"_blank\" rel=\"noopener noreferrer\"><u><strong>Asociaci\u00f3n Catalana de la Empresa Familiar (ASCEF)<\/strong><\/u><\/a> ha celebrado su <strong>Asamblea General<\/strong> en el que han participado, de forma virtual, una amplia representaci\u00f3n de sus socios. En este acto, se aprobaron las cuentas del a\u00f1o 2020 y el presupuesto del 2021 y se present\u00f3 la memoria de las actividades realizadas.<\/p>\n<p>El Presidente de la <strong>ASCEF<\/strong>, <strong>Amadeu Jori<\/strong>, se dirigi\u00f3 a los miembros de la organizaci\u00f3n para hacer referencia a la pandemia \u00ab<em>que provoc\u00f3 una profunda, repentina e imprevista crisis sanitaria, econ\u00f3mica y social que afect\u00f3, con mayor o menor intensidad, a todos<\/em>\u00ab. Para Jori, <strong>muchas empresas han sido ejemplo de capacidad de renovar, innovar y trasformar para ser m\u00e1s competitivos<\/strong>, una caracter\u00edstica que define a la empresa familiar. Ante la crisis econ\u00f3mica, el Presidente de la <strong>ASCEF<\/strong> destac\u00f3 la importancia de la colaboraci\u00f3n p\u00fablico-privada y de la necesidad de hacer llegar estos mensajes a las administraciones p\u00fablicas.<\/p>\n<p>La Asamblea finaliz\u00f3 con <u><a href=\"https:\/\/www.ascef.com\/es\/foncillas-ascef-asamblea-transformacion\/\" target=\"_blank\" rel=\"noopener noreferrer\"><strong>una conferencia de Pablo Foncillas<\/strong><\/a><\/u>, docente e investigador en innovaci\u00f3n empresarial, que habl\u00f3 de tendencias de consumo y transformaci\u00f3n digital.<\/p>\n","protected":false},"excerpt":{"rendered":"<p>Este pasado martes 22 de junio, la Asociaci\u00f3n Catalana de la Empresa Familiar (ASCEF) ha celebrado su Asamblea General en el que han participado, de forma virtual, una amplia representaci\u00f3n de sus socios. En este acto, se aprobaron las cuentas del a\u00f1o 2020 y el presupuesto del 2021 y se present\u00f3 la memoria de las [&hellip;]<\/p>\n","protected":false},"author":292,"featured_media":3696,"comment_status":"open","ping_status":"open","sticky":false,"template":"","format":"standard","meta":{"_acf_changed":false,"footnotes":""},"categories":[185],"tags":[],"class_list":["post-3629","post","type-post","status-publish","format-standard","has-post-thumbnail","hentry","category-general"],"acf":[],"yoast_head":"<!-- This site is optimized with the Yoast SEO plugin v27.5 - https:\/\/yoast.com\/product\/yoast-seo-wordpress\/ -->\n<title>ASCEF celebra su Asamblea General - ASCEF<\/title>\n<meta name=\"description\" content=\"El martes 22 de junio, la ASCEF ha celebrado su Asamblea General en el que han participado, de forma virtual, una amplia representaci\u00f3n de sus socios\" \/>\n<meta name=\"robots\" content=\"index, follow, max-snippet:-1, max-image-preview:large, max-video-preview:-1\" \/>\n<link rel=\"canonical\" href=\"https:\/\/www.ascef.com\/es\/ascef-asamblea-general-2021\/\" \/>\n<meta property=\"og:locale\" content=\"es_ES\" \/>\n<meta property=\"og:type\" content=\"article\" \/>\n<meta property=\"og:title\" content=\"ASCEF celebra su Asamblea General - ASCEF\" \/>\n<meta property=\"og:description\" content=\"El martes 22 de junio, la ASCEF ha celebrado su Asamblea General en el que han participado, de forma virtual, una amplia representaci\u00f3n de sus socios\" \/>\n<meta property=\"og:url\" content=\"https:\/\/www.ascef.com\/es\/ascef-asamblea-general-2021\/\" \/>\n<meta property=\"og:site_name\" content=\"ASCEF\" \/>\n<meta property=\"article:published_time\" content=\"2021-06-25T11:00:53+00:00\" \/>\n<meta property=\"article:modified_time\" content=\"2021-06-28T11:48:51+00:00\" \/>\n<meta property=\"og:image\" content=\"https:\/\/www.ascef.com\/wp-content\/uploads\/2021\/06\/assemblea_web.jpg\" \/>\n\t<meta property=\"og:image:width\" content=\"1600\" \/>\n\t<meta property=\"og:image:height\" content=\"1048\" \/>\n\t<meta property=\"og:image:type\" content=\"image\/jpeg\" \/>\n<meta name=\"author\" content=\"Borja Igual\" \/>\n<meta name=\"twitter:card\" content=\"summary_large_image\" \/>\n<meta name=\"twitter:label1\" content=\"Escrito por\" \/>\n\t<meta name=\"twitter:data1\" content=\"Borja Igual\" \/>\n\t<meta name=\"twitter:label2\" content=\"Tiempo de lectura\" \/>\n\t<meta name=\"twitter:data2\" content=\"1 minuto\" \/>\n<script type=\"application\/ld+json\" class=\"yoast-schema-graph\">{\"@context\":\"https:\\\/\\\/schema.org\",\"@graph\":[{\"@type\":\"Article\",\"@id\":\"https:\\\/\\\/www.ascef.com\\\/es\\\/ascef-asamblea-general-2021\\\/#article\",\"isPartOf\":{\"@id\":\"https:\\\/\\\/www.ascef.com\\\/es\\\/ascef-asamblea-general-2021\\\/\"},\"author\":{\"name\":\"Borja Igual\",\"@id\":\"https:\\\/\\\/www.ascef.com\\\/es\\\/#\\\/schema\\\/person\\\/e0bdccd3e1665871f0e79e3a50ad6b02\"},\"headline\":\"ASCEF celebra su Asamblea General\",\"datePublished\":\"2021-06-25T11:00:53+00:00\",\"dateModified\":\"2021-06-28T11:48:51+00:00\",\"mainEntityOfPage\":{\"@id\":\"https:\\\/\\\/www.ascef.com\\\/es\\\/ascef-asamblea-general-2021\\\/\"},\"wordCount\":193,\"commentCount\":0,\"image\":{\"@id\":\"https:\\\/\\\/www.ascef.com\\\/es\\\/ascef-asamblea-general-2021\\\/#primaryimage\"},\"thumbnailUrl\":\"https:\\\/\\\/www.ascef.com\\\/wp-content\\\/uploads\\\/2021\\\/06\\\/assemblea_web.jpg\",\"articleSection\":[\"general\"],\"inLanguage\":\"es\"},{\"@type\":\"WebPage\",\"@id\":\"https:\\\/\\\/www.ascef.com\\\/es\\\/ascef-asamblea-general-2021\\\/\",\"url\":\"https:\\\/\\\/www.ascef.com\\\/es\\\/ascef-asamblea-general-2021\\\/\",\"name\":\"ASCEF celebra su Asamblea General - ASCEF\",\"isPartOf\":{\"@id\":\"https:\\\/\\\/www.ascef.com\\\/es\\\/#website\"},\"primaryImageOfPage\":{\"@id\":\"https:\\\/\\\/www.ascef.com\\\/es\\\/ascef-asamblea-general-2021\\\/#primaryimage\"},\"image\":{\"@id\":\"https:\\\/\\\/www.ascef.com\\\/es\\\/ascef-asamblea-general-2021\\\/#primaryimage\"},\"thumbnailUrl\":\"https:\\\/\\\/www.ascef.com\\\/wp-content\\\/uploads\\\/2021\\\/06\\\/assemblea_web.jpg\",\"datePublished\":\"2021-06-25T11:00:53+00:00\",\"dateModified\":\"2021-06-28T11:48:51+00:00\",\"author\":{\"@id\":\"https:\\\/\\\/www.ascef.com\\\/es\\\/#\\\/schema\\\/person\\\/e0bdccd3e1665871f0e79e3a50ad6b02\"},\"description\":\"El martes 22 de junio, la ASCEF ha celebrado su Asamblea General en el que han participado, de forma virtual, una amplia representaci\u00f3n de sus socios\",\"breadcrumb\":{\"@id\":\"https:\\\/\\\/www.ascef.com\\\/es\\\/ascef-asamblea-general-2021\\\/#breadcrumb\"},\"inLanguage\":\"es\",\"potentialAction\":[{\"@type\":\"ReadAction\",\"target\":[\"https:\\\/\\\/www.ascef.com\\\/es\\\/ascef-asamblea-general-2021\\\/\"]}]},{\"@type\":\"ImageObject\",\"inLanguage\":\"es\",\"@id\":\"https:\\\/\\\/www.ascef.com\\\/es\\\/ascef-asamblea-general-2021\\\/#primaryimage\",\"url\":\"https:\\\/\\\/www.ascef.com\\\/wp-content\\\/uploads\\\/2021\\\/06\\\/assemblea_web.jpg\",\"contentUrl\":\"https:\\\/\\\/www.ascef.com\\\/wp-content\\\/uploads\\\/2021\\\/06\\\/assemblea_web.jpg\",\"width\":1600,\"height\":1048},{\"@type\":\"BreadcrumbList\",\"@id\":\"https:\\\/\\\/www.ascef.com\\\/es\\\/ascef-asamblea-general-2021\\\/#breadcrumb\",\"itemListElement\":[{\"@type\":\"ListItem\",\"position\":1,\"name\":\"Portada\",\"item\":\"https:\\\/\\\/www.ascef.com\\\/es\\\/\"},{\"@type\":\"ListItem\",\"position\":2,\"name\":\"ASCEF celebra su Asamblea General\"}]},{\"@type\":\"WebSite\",\"@id\":\"https:\\\/\\\/www.ascef.com\\\/es\\\/#website\",\"url\":\"https:\\\/\\\/www.ascef.com\\\/es\\\/\",\"name\":\"ASCEF\",\"description\":\"Associaci\u00f3 Catalana de l\u2019Empresa Familiar\",\"potentialAction\":[{\"@type\":\"SearchAction\",\"target\":{\"@type\":\"EntryPoint\",\"urlTemplate\":\"https:\\\/\\\/www.ascef.com\\\/es\\\/?s={search_term_string}\"},\"query-input\":{\"@type\":\"PropertyValueSpecification\",\"valueRequired\":true,\"valueName\":\"search_term_string\"}}],\"inLanguage\":\"es\"},{\"@type\":\"Person\",\"@id\":\"https:\\\/\\\/www.ascef.com\\\/es\\\/#\\\/schema\\\/person\\\/e0bdccd3e1665871f0e79e3a50ad6b02\",\"name\":\"Borja Igual\",\"url\":\"https:\\\/\\\/www.ascef.com\\\/es\\\/author\\\/bigual1990mcs-com\\\/\"}]}<\/script>\n<!-- \/ Yoast SEO plugin. -->","yoast_head_json":{"title":"ASCEF celebra su Asamblea General - ASCEF","description":"El martes 22 de junio, la ASCEF ha celebrado su Asamblea General en el que han participado, de forma virtual, una amplia representaci\u00f3n de sus socios","robots":{"index":"index","follow":"follow","max-snippet":"max-snippet:-1","max-image-preview":"max-image-preview:large","max-video-preview":"max-video-preview:-1"},"canonical":"https:\/\/www.ascef.com\/es\/ascef-asamblea-general-2021\/","og_locale":"es_ES","og_type":"article","og_title":"ASCEF celebra su Asamblea General - ASCEF","og_description":"El martes 22 de junio, la ASCEF ha celebrado su Asamblea General en el que han participado, de forma virtual, una amplia representaci\u00f3n de sus socios","og_url":"https:\/\/www.ascef.com\/es\/ascef-asamblea-general-2021\/","og_site_name":"ASCEF","article_published_time":"2021-06-25T11:00:53+00:00","article_modified_time":"2021-06-28T11:48:51+00:00","og_image":[{"width":1600,"height":1048,"url":"https:\/\/www.ascef.com\/wp-content\/uploads\/2021\/06\/assemblea_web.jpg","type":"image\/jpeg"}],"author":"Borja Igual","twitter_card":"summary_large_image","twitter_misc":{"Escrito por":"Borja Igual","Tiempo de lectura":"1 minuto"},"schema":{"@context":"https:\/\/schema.org","@graph":[{"@type":"Article","@id":"https:\/\/www.ascef.com\/es\/ascef-asamblea-general-2021\/#article","isPartOf":{"@id":"https:\/\/www.ascef.com\/es\/ascef-asamblea-general-2021\/"},"author":{"name":"Borja Igual","@id":"https:\/\/www.ascef.com\/es\/#\/schema\/person\/e0bdccd3e1665871f0e79e3a50ad6b02"},"headline":"ASCEF celebra su Asamblea General","datePublished":"2021-06-25T11:00:53+00:00","dateModified":"2021-06-28T11:48:51+00:00","mainEntityOfPage":{"@id":"https:\/\/www.ascef.com\/es\/ascef-asamblea-general-2021\/"},"wordCount":193,"commentCount":0,"image":{"@id":"https:\/\/www.ascef.com\/es\/ascef-asamblea-general-2021\/#primaryimage"},"thumbnailUrl":"https:\/\/www.ascef.com\/wp-content\/uploads\/2021\/06\/assemblea_web.jpg","articleSection":["general"],"inLanguage":"es"},{"@type":"WebPage","@id":"https:\/\/www.ascef.com\/es\/ascef-asamblea-general-2021\/","url":"https:\/\/www.ascef.com\/es\/ascef-asamblea-general-2021\/","name":"ASCEF celebra su Asamblea General - ASCEF","isPartOf":{"@id":"https:\/\/www.ascef.com\/es\/#website"},"primaryImageOfPage":{"@id":"https:\/\/www.ascef.com\/es\/ascef-asamblea-general-2021\/#primaryimage"},"image":{"@id":"https:\/\/www.ascef.com\/es\/ascef-asamblea-general-2021\/#primaryimage"},"thumbnailUrl":"https:\/\/www.ascef.com\/wp-content\/uploads\/2021\/06\/assemblea_web.jpg","datePublished":"2021-06-25T11:00:53+00:00","dateModified":"2021-06-28T11:48:51+00:00","author":{"@id":"https:\/\/www.ascef.com\/es\/#\/schema\/person\/e0bdccd3e1665871f0e79e3a50ad6b02"},"description":"El martes 22 de junio, la ASCEF ha celebrado su Asamblea General en el que han participado, de forma virtual, una amplia representaci\u00f3n de sus socios","breadcrumb":{"@id":"https:\/\/www.ascef.com\/es\/ascef-asamblea-general-2021\/#breadcrumb"},"inLanguage":"es","potentialAction":[{"@type":"ReadAction","target":["https:\/\/www.ascef.com\/es\/ascef-asamblea-general-2021\/"]}]},{"@type":"ImageObject","inLanguage":"es","@id":"https:\/\/www.ascef.com\/es\/ascef-asamblea-general-2021\/#primaryimage","url":"https:\/\/www.ascef.com\/wp-content\/uploads\/2021\/06\/assemblea_web.jpg","contentUrl":"https:\/\/www.ascef.com\/wp-content\/uploads\/2021\/06\/assemblea_web.jpg","width":1600,"height":1048},{"@type":"BreadcrumbList","@id":"https:\/\/www.ascef.com\/es\/ascef-asamblea-general-2021\/#breadcrumb","itemListElement":[{"@type":"ListItem","position":1,"name":"Portada","item":"https:\/\/www.ascef.com\/es\/"},{"@type":"ListItem","position":2,"name":"ASCEF celebra su Asamblea General"}]},{"@type":"WebSite","@id":"https:\/\/www.ascef.com\/es\/#website","url":"https:\/\/www.ascef.com\/es\/","name":"ASCEF","description":"Associaci\u00f3 Catalana de l\u2019Empresa Familiar","potentialAction":[{"@type":"SearchAction","target":{"@type":"EntryPoint","urlTemplate":"https:\/\/www.ascef.com\/es\/?s={search_term_string}"},"query-input":{"@type":"PropertyValueSpecification","valueRequired":true,"valueName":"search_term_string"}}],"inLanguage":"es"},{"@type":"Person","@id":"https:\/\/www.ascef.com\/es\/#\/schema\/person\/e0bdccd3e1665871f0e79e3a50ad6b02","name":"Borja Igual","url":"https:\/\/www.ascef.com\/es\/author\/bigual1990mcs-com\/"}]}},"_links":{"self":[{"href":"https:\/\/www.ascef.com\/es\/wp-json\/wp\/v2\/posts\/3629","targetHints":{"allow":["GET"]}}],"collection":[{"href":"https:\/\/www.ascef.com\/es\/wp-json\/wp\/v2\/posts"}],"about":[{"href":"https:\/\/www.ascef.com\/es\/wp-json\/wp\/v2\/types\/post"}],"author":[{"embeddable":true,"href":"https:\/\/www.ascef.com\/es\/wp-json\/wp\/v2\/users\/292"}],"replies":[{"embeddable":true,"href":"https:\/\/www.ascef.com\/es\/wp-json\/wp\/v2\/comments?post=3629"}],"version-history":[{"count":3,"href":"https:\/\/www.ascef.com\/es\/wp-json\/wp\/v2\/posts\/3629\/revisions"}],"predecessor-version":[{"id":3674,"href":"https:\/\/www.ascef.com\/es\/wp-json\/wp\/v2\/posts\/3629\/revisions\/3674"}],"wp:featuredmedia":[{"embeddable":true,"href":"https:\/\/www.ascef.com\/es\/wp-json\/wp\/v2\/media\/3696"}],"wp:attachment":[{"href":"https:\/\/www.ascef.com\/es\/wp-json\/wp\/v2\/media?parent=3629"}],"wp:term":[{"taxonomy":"category","embeddable":true,"href":"https:\/\/www.ascef.com\/es\/wp-json\/wp\/v2\/categories?post=3629"},{"taxonomy":"post_tag","embeddable":true,"href":"https:\/\/www.ascef.com\/es\/wp-json\/wp\/v2\/tags?post=3629"}],"curies":[{"name":"wp","href":"https:\/\/api.w.org\/{rel}","templated":true}]}}