{"id":3599,"date":"2021-06-18T07:00:30","date_gmt":"2021-06-18T07:00:30","guid":{"rendered":"https:\/\/www.ascef.com\/?p=3599"},"modified":"2021-06-17T11:48:32","modified_gmt":"2021-06-17T11:48:32","slug":"ciclo-empresa-familiar-comparte-oftalmologico","status":"publish","type":"post","link":"https:\/\/www.ascef.com\/es\/ciclo-empresa-familiar-comparte-oftalmologico\/","title":{"rendered":"Fern\u00e1ndez-Vega: \u00abNuestros valores son la raz\u00f3n de ser de nuestra instituci\u00f3n y lo que nos ha llevado hasta aqu\u00ed exitosamente durante 135 a\u00f1os\u00bb"},"content":{"rendered":"<ul>\n<li>\u00abAfianzamos nuestros valores con protocolos para garantizar el \u00e9xito en la sucesi\u00f3n y la continuidad de la empresa\u00bb<\/li>\n<li>\u00a0El Instituto Oftalmol\u00f3gico Fern\u00e1ndez-Vega participa en la segunda sesi\u00f3n del programa \u00abLa Empresa Familiar Comparte\u00bb<\/li>\n<\/ul>\n<p>El Ciclo \u00ab<em><strong>La Empresa Familiar Comparte<\/strong><\/em>\u00ab, organizado por las <u><a href=\"https:\/\/www.iefamiliar.com\/asociaciones-territoriales\/\" target=\"_blank\" rel=\"noopener noreferrer\"><strong>Asociaciones Territoriales de la Empresa Familiar<\/strong><\/a><\/u>\u00a0entre las cuales se encuentra la <u><a href=\"https:\/\/www.ascef.com\/es\/\"><strong>Asociaci\u00f3n Catalana de la Empresa Familiar (ASCEF)<\/strong><\/a><\/u>, ha celebrado una nueva sesi\u00f3n online en la que han participado los prestigiosos oftalm\u00f3logos de la familia Fern\u00e1ndez-Vega el Profesor Luis Fern\u00e1ndez-Vega Sanz y su hijo, el Doctor Luis Fern\u00e1ndez-Vega Cueto-Felgueroso, en un webinar que ha contado con la moderaci\u00f3n de la periodista Ana Samboal.<\/p>\n<p>El programa \u00abLa Empresa Familiar Comparte\u00bb tiene como principal objetivo el de compartir experiencias y conocer las tendencias de gesti\u00f3n en la empresa familiar de la mano de empresarios familiares l\u00edderes a nivel nacional e internacional, como es el caso del <u><a href=\"https:\/\/fernandez-vega.com\/\" target=\"_blank\" rel=\"noopener noreferrer\"><strong>Instituto Oftalmol\u00f3gico Fern\u00e1ndez-Vega<\/strong><\/a><\/u>, protagonista de esta segunda jornada.\u00a0Tras una trayectoria de 135 a\u00f1os recogidos en cinco generaciones de especialistas, la familia Fern\u00e1ndez-Vega contin\u00faa su legado transmitiendo CICACOA de generaci\u00f3n en generaci\u00f3n: ciencia, cari\u00f1o, comprensi\u00f3n y \u00e1nimo.<\/p>\n<p><strong>La empresa como necesidad<\/strong><br \/>\nSer empresario no entraba en los planes de los Fern\u00e1ndez-Vega pero la alta demanda de pacientes les oblig\u00f3 a crecer e ir aumentando el volumen de trabajadores y poco a poco se fueron profesionalizando. Como se\u00f1ala Luis Fern\u00e1ndez-Vega Cueto-Felgueroso, \u00ab<em>la vocaci\u00f3n m\u00e9dica prima siempre. Eso lo tenemos claro. Pero s\u00ed que es verdad que desde casa ve\u00edamos que ten\u00edamos que estar preparados para lo que se nos ven\u00eda, hab\u00eda una labor empresarial detr\u00e1s<\/em>\u00ab. Desde sus or\u00edgenes en 1886 cuentan con una clara apuesta por la formaci\u00f3n internacional, algo que enriquece a la propia empresa por los conocimientos adicionales que aporta.<\/p>\n<p>Reconocido recientemente en MRS, el ranking de reputaci\u00f3n sanitaria m\u00e1s importante d Espa\u00f1a, como el mejor centro privado de oftalmolog\u00eda del pa\u00eds, aseguran desde el Instituto Oftalmol\u00f3lgico Fern\u00e1ndez-Vega que es raro el mes que no se acerca alg\u00fan grupo con alguna oferta tentadora que no han llegado a estudiar porque hay algo m\u00e1s valioso para esta familia: \u00ab<em><strong>tenemos nuestros valores y eso es muy dif\u00edcil de cuantificar<\/strong>. Pertenecer a otro grupo podr\u00eda hacer que perdi\u00e9ramos identidad, la raz\u00f3n de ser de nuestra instituci\u00f3n. Lo que nos ha llevado hasta aqu\u00ed<\/em>\u00ab.<\/p>\n<p><strong>Protocolos de sucesi\u00f3n<\/strong><br \/>\nLos protocolos son parte fundamental del funcionamiento del negocio familiar ya que determinan tanto la incorporaci\u00f3n de nuevos miembros a la empresa, como la formaci\u00f3n accionarial o el plan de sucesiones. \u00ab<em><strong>No se puede ser accionista si no se trabaja en la empresa, pero tiene adem\u00e1s que cumplir unos requisitos<\/strong>. As\u00ed que hoy tenemos tres accionistas, aunque hay m\u00e1s familiares en la empresa, y eso nos ayuda a tomar decisiones<\/em>\u00ab, asegura el Profesor Luis Fern\u00e1ndez-Vega.<\/p>\n<p>Adem\u00e1s, cuentan con un protocolo familiar que dice c\u00f3mo se tiene que formar un oftalm\u00f3logo de la familia que se quiere incorporar al negocio, cu\u00e1ntos a\u00f1os debe trabajar fuera o c\u00f3mo se profesionaliza la gesti\u00f3n. La edad para abandonar la cirug\u00eda se ha fijado en 75 a\u00f1os: como se\u00f1ala Luis padre, \u00ab<em>uno tiene que marcharse de los sitios entre aplausos, no entre silbidos. <strong>No puedes negar la realidad y hay que saber en qu\u00e9 momento te tienes que marchar y, cuando las condiciones no sean las \u00f3ptimas, no puedes ser una r\u00e9mora para la organizaci\u00f3n<\/strong><\/em>\u00ab.<\/p>\n<p><strong>La Empresa Familiar Comparte<\/strong><br \/>\nEn el programa \u00ab<em>La Empresa Familiar Comparte<\/em>\u00bb participa toda la red de Asociaciones Territoriales de Empresa Familiar en Espa\u00f1a, colaborando entre todos y aportando valor a las m\u00e1s de 1200 familias empresarias asociadas, y est\u00e1 patrocinado por <u><a href=\"https:\/\/www.credit-suisse.com\/es\/es.html\" target=\"_blank\" rel=\"noopener noreferrer\"><strong>Credit Suisse<\/strong><\/a><\/u>, entidad <u><strong><a href=\"https:\/\/www.ascef.com\/es\/empresa-familiar-credit-suisse\/\" target=\"_blank\" rel=\"noopener noreferrer\">comprometida con la realidad y las necesidades de las empresas familiares<\/a><\/strong><\/u>.<\/p>\n<p><strong><em>Asociaciones Territoriales de la Empresa Familiar <\/em><\/strong>son una red de Asociaciones sin \u00e1nimo de lucro que nacen para apoyar y defender a las empresas familiares de Espa\u00f1a, para contribuir a su impulso y fortalecimiento.\u00a0Entre sus principales objetivos destaca el ser referente institucional, empresarial y social de la realidad de la Empresa Familiar en cada una de las Comunidades Aut\u00f3nomas.\u00a0Est\u00e1n vinculadas al <u><a href=\"https:\/\/www.iefamiliar.com\/\" target=\"_blank\" rel=\"noopener noreferrer\"><strong>Instituto de la Empresa Familiar (IEF)<\/strong><\/a><\/u>, al <u><a href=\"https:\/\/www.fbn-i.org\/\" target=\"_blank\" rel=\"noopener noreferrer\"><strong>Family Business Network (FBN)<\/strong><\/a><\/u> y al <u><a href=\"https:\/\/www.europeanfamilybusinesses.eu\/\" target=\"_blank\" rel=\"noopener noreferrer\"><strong>European Family Business (EFB)<\/strong><\/a><\/u>.<\/p>\n<p>Engloban a m\u00e1s de 1.100 empresas familiares asociadas de todas las ramas de la actividad productiva que comparten los valores de la Empresa Familiar: estabilidad y constancia (visi\u00f3n a largo plazo), compromiso (con las nuevas generaciones, con el empleo, con la sostenibilidad), cultura emprendedora y cultura del esfuerzo.<\/p>\n","protected":false},"excerpt":{"rendered":"<p>\u00abAfianzamos nuestros valores con protocolos para garantizar el \u00e9xito en la sucesi\u00f3n y la continuidad de la empresa\u00bb \u00a0El Instituto Oftalmol\u00f3gico Fern\u00e1ndez-Vega participa en la segunda sesi\u00f3n del programa \u00abLa Empresa Familiar Comparte\u00bb El Ciclo \u00abLa Empresa Familiar Comparte\u00ab, organizado por las Asociaciones Territoriales de la Empresa Familiar\u00a0entre las cuales se encuentra la Asociaci\u00f3n Catalana [&hellip;]<\/p>\n","protected":false},"author":292,"featured_media":3611,"comment_status":"open","ping_status":"open","sticky":false,"template":"","format":"standard","meta":{"_acf_changed":false,"footnotes":""},"categories":[185],"tags":[],"class_list":["post-3599","post","type-post","status-publish","format-standard","has-post-thumbnail","hentry","category-general"],"acf":[],"yoast_head":"<!-- This site is optimized with the Yoast SEO plugin v27.5 - https:\/\/yoast.com\/product\/yoast-seo-wordpress\/ -->\n<title>Fern\u00e1ndez-Vega: &quot;Nuestros valores son la raz\u00f3n de ser de nuestra instituci\u00f3n y lo que nos ha llevado hasta aqu\u00ed exitosamente durante 135 a\u00f1os&quot; - ASCEF<\/title>\n<meta name=\"description\" content=\"El Instituto Oftalmol\u00f3gico Fern\u00e1ndez-Vega protagoniz\u00f3 el Ciclo &quot;La Empresa Familiar Comparte&quot;, organizado por las Asociaciones Territoriales de la Empresa Familiar\" \/>\n<meta name=\"robots\" content=\"index, follow, max-snippet:-1, max-image-preview:large, max-video-preview:-1\" \/>\n<link rel=\"canonical\" href=\"https:\/\/www.ascef.com\/es\/ciclo-empresa-familiar-comparte-oftalmologico\/\" \/>\n<meta property=\"og:locale\" content=\"es_ES\" \/>\n<meta property=\"og:type\" content=\"article\" \/>\n<meta property=\"og:title\" content=\"Fern\u00e1ndez-Vega: &quot;Nuestros valores son la raz\u00f3n de ser de nuestra instituci\u00f3n y lo que nos ha llevado hasta aqu\u00ed exitosamente durante 135 a\u00f1os&quot; - ASCEF\" \/>\n<meta property=\"og:description\" content=\"El Instituto Oftalmol\u00f3gico Fern\u00e1ndez-Vega protagoniz\u00f3 el Ciclo &quot;La Empresa Familiar Comparte&quot;, organizado por las Asociaciones Territoriales de la Empresa Familiar\" \/>\n<meta property=\"og:url\" content=\"https:\/\/www.ascef.com\/es\/ciclo-empresa-familiar-comparte-oftalmologico\/\" \/>\n<meta property=\"og:site_name\" content=\"ASCEF\" \/>\n<meta property=\"article:published_time\" content=\"2021-06-18T07:00:30+00:00\" \/>\n<meta property=\"og:image\" content=\"https:\/\/www.ascef.com\/wp-content\/uploads\/2021\/06\/PHOTO-2021-06-14_web.jpg\" \/>\n\t<meta property=\"og:image:width\" content=\"1085\" \/>\n\t<meta property=\"og:image:height\" content=\"711\" \/>\n\t<meta property=\"og:image:type\" content=\"image\/jpeg\" \/>\n<meta name=\"author\" content=\"Borja Igual\" \/>\n<meta name=\"twitter:card\" content=\"summary_large_image\" \/>\n<meta name=\"twitter:label1\" content=\"Escrito por\" \/>\n\t<meta name=\"twitter:data1\" content=\"Borja Igual\" \/>\n\t<meta name=\"twitter:label2\" content=\"Tiempo de lectura\" \/>\n\t<meta name=\"twitter:data2\" content=\"4 minutos\" \/>\n<script type=\"application\/ld+json\" class=\"yoast-schema-graph\">{\"@context\":\"https:\\\/\\\/schema.org\",\"@graph\":[{\"@type\":\"Article\",\"@id\":\"https:\\\/\\\/www.ascef.com\\\/es\\\/ciclo-empresa-familiar-comparte-oftalmologico\\\/#article\",\"isPartOf\":{\"@id\":\"https:\\\/\\\/www.ascef.com\\\/es\\\/ciclo-empresa-familiar-comparte-oftalmologico\\\/\"},\"author\":{\"name\":\"Borja Igual\",\"@id\":\"https:\\\/\\\/www.ascef.com\\\/es\\\/#\\\/schema\\\/person\\\/e0bdccd3e1665871f0e79e3a50ad6b02\"},\"headline\":\"Fern\u00e1ndez-Vega: \u00abNuestros valores son la raz\u00f3n de ser de nuestra instituci\u00f3n y lo que nos ha llevado hasta aqu\u00ed exitosamente durante 135 a\u00f1os\u00bb\",\"datePublished\":\"2021-06-18T07:00:30+00:00\",\"mainEntityOfPage\":{\"@id\":\"https:\\\/\\\/www.ascef.com\\\/es\\\/ciclo-empresa-familiar-comparte-oftalmologico\\\/\"},\"wordCount\":828,\"commentCount\":0,\"image\":{\"@id\":\"https:\\\/\\\/www.ascef.com\\\/es\\\/ciclo-empresa-familiar-comparte-oftalmologico\\\/#primaryimage\"},\"thumbnailUrl\":\"https:\\\/\\\/www.ascef.com\\\/wp-content\\\/uploads\\\/2021\\\/06\\\/PHOTO-2021-06-14_web.jpg\",\"articleSection\":[\"general\"],\"inLanguage\":\"es\"},{\"@type\":\"WebPage\",\"@id\":\"https:\\\/\\\/www.ascef.com\\\/es\\\/ciclo-empresa-familiar-comparte-oftalmologico\\\/\",\"url\":\"https:\\\/\\\/www.ascef.com\\\/es\\\/ciclo-empresa-familiar-comparte-oftalmologico\\\/\",\"name\":\"Fern\u00e1ndez-Vega: \\\"Nuestros valores son la raz\u00f3n de ser de nuestra instituci\u00f3n y lo que nos ha llevado hasta aqu\u00ed exitosamente durante 135 a\u00f1os\\\" - ASCEF\",\"isPartOf\":{\"@id\":\"https:\\\/\\\/www.ascef.com\\\/es\\\/#website\"},\"primaryImageOfPage\":{\"@id\":\"https:\\\/\\\/www.ascef.com\\\/es\\\/ciclo-empresa-familiar-comparte-oftalmologico\\\/#primaryimage\"},\"image\":{\"@id\":\"https:\\\/\\\/www.ascef.com\\\/es\\\/ciclo-empresa-familiar-comparte-oftalmologico\\\/#primaryimage\"},\"thumbnailUrl\":\"https:\\\/\\\/www.ascef.com\\\/wp-content\\\/uploads\\\/2021\\\/06\\\/PHOTO-2021-06-14_web.jpg\",\"datePublished\":\"2021-06-18T07:00:30+00:00\",\"author\":{\"@id\":\"https:\\\/\\\/www.ascef.com\\\/es\\\/#\\\/schema\\\/person\\\/e0bdccd3e1665871f0e79e3a50ad6b02\"},\"description\":\"El Instituto Oftalmol\u00f3gico Fern\u00e1ndez-Vega protagoniz\u00f3 el Ciclo \\\"La Empresa Familiar Comparte\\\", organizado por las Asociaciones Territoriales de la Empresa Familiar\",\"breadcrumb\":{\"@id\":\"https:\\\/\\\/www.ascef.com\\\/es\\\/ciclo-empresa-familiar-comparte-oftalmologico\\\/#breadcrumb\"},\"inLanguage\":\"es\",\"potentialAction\":[{\"@type\":\"ReadAction\",\"target\":[\"https:\\\/\\\/www.ascef.com\\\/es\\\/ciclo-empresa-familiar-comparte-oftalmologico\\\/\"]}]},{\"@type\":\"ImageObject\",\"inLanguage\":\"es\",\"@id\":\"https:\\\/\\\/www.ascef.com\\\/es\\\/ciclo-empresa-familiar-comparte-oftalmologico\\\/#primaryimage\",\"url\":\"https:\\\/\\\/www.ascef.com\\\/wp-content\\\/uploads\\\/2021\\\/06\\\/PHOTO-2021-06-14_web.jpg\",\"contentUrl\":\"https:\\\/\\\/www.ascef.com\\\/wp-content\\\/uploads\\\/2021\\\/06\\\/PHOTO-2021-06-14_web.jpg\",\"width\":1085,\"height\":711},{\"@type\":\"BreadcrumbList\",\"@id\":\"https:\\\/\\\/www.ascef.com\\\/es\\\/ciclo-empresa-familiar-comparte-oftalmologico\\\/#breadcrumb\",\"itemListElement\":[{\"@type\":\"ListItem\",\"position\":1,\"name\":\"Portada\",\"item\":\"https:\\\/\\\/www.ascef.com\\\/es\\\/\"},{\"@type\":\"ListItem\",\"position\":2,\"name\":\"Fern\u00e1ndez-Vega: \u00abNuestros valores son la raz\u00f3n de ser de nuestra instituci\u00f3n y lo que nos ha llevado hasta aqu\u00ed exitosamente durante 135 a\u00f1os\u00bb\"}]},{\"@type\":\"WebSite\",\"@id\":\"https:\\\/\\\/www.ascef.com\\\/es\\\/#website\",\"url\":\"https:\\\/\\\/www.ascef.com\\\/es\\\/\",\"name\":\"ASCEF\",\"description\":\"Associaci\u00f3 Catalana de l\u2019Empresa Familiar\",\"potentialAction\":[{\"@type\":\"SearchAction\",\"target\":{\"@type\":\"EntryPoint\",\"urlTemplate\":\"https:\\\/\\\/www.ascef.com\\\/es\\\/?s={search_term_string}\"},\"query-input\":{\"@type\":\"PropertyValueSpecification\",\"valueRequired\":true,\"valueName\":\"search_term_string\"}}],\"inLanguage\":\"es\"},{\"@type\":\"Person\",\"@id\":\"https:\\\/\\\/www.ascef.com\\\/es\\\/#\\\/schema\\\/person\\\/e0bdccd3e1665871f0e79e3a50ad6b02\",\"name\":\"Borja Igual\",\"url\":\"https:\\\/\\\/www.ascef.com\\\/es\\\/author\\\/bigual1990mcs-com\\\/\"}]}<\/script>\n<!-- \/ Yoast SEO plugin. -->","yoast_head_json":{"title":"Fern\u00e1ndez-Vega: \"Nuestros valores son la raz\u00f3n de ser de nuestra instituci\u00f3n y lo que nos ha llevado hasta aqu\u00ed exitosamente durante 135 a\u00f1os\" - ASCEF","description":"El Instituto Oftalmol\u00f3gico Fern\u00e1ndez-Vega protagoniz\u00f3 el Ciclo \"La Empresa Familiar Comparte\", organizado por las Asociaciones Territoriales de la Empresa Familiar","robots":{"index":"index","follow":"follow","max-snippet":"max-snippet:-1","max-image-preview":"max-image-preview:large","max-video-preview":"max-video-preview:-1"},"canonical":"https:\/\/www.ascef.com\/es\/ciclo-empresa-familiar-comparte-oftalmologico\/","og_locale":"es_ES","og_type":"article","og_title":"Fern\u00e1ndez-Vega: \"Nuestros valores son la raz\u00f3n de ser de nuestra instituci\u00f3n y lo que nos ha llevado hasta aqu\u00ed exitosamente durante 135 a\u00f1os\" - ASCEF","og_description":"El Instituto Oftalmol\u00f3gico Fern\u00e1ndez-Vega protagoniz\u00f3 el Ciclo \"La Empresa Familiar Comparte\", organizado por las Asociaciones Territoriales de la Empresa Familiar","og_url":"https:\/\/www.ascef.com\/es\/ciclo-empresa-familiar-comparte-oftalmologico\/","og_site_name":"ASCEF","article_published_time":"2021-06-18T07:00:30+00:00","og_image":[{"width":1085,"height":711,"url":"https:\/\/www.ascef.com\/wp-content\/uploads\/2021\/06\/PHOTO-2021-06-14_web.jpg","type":"image\/jpeg"}],"author":"Borja Igual","twitter_card":"summary_large_image","twitter_misc":{"Escrito por":"Borja Igual","Tiempo de lectura":"4 minutos"},"schema":{"@context":"https:\/\/schema.org","@graph":[{"@type":"Article","@id":"https:\/\/www.ascef.com\/es\/ciclo-empresa-familiar-comparte-oftalmologico\/#article","isPartOf":{"@id":"https:\/\/www.ascef.com\/es\/ciclo-empresa-familiar-comparte-oftalmologico\/"},"author":{"name":"Borja Igual","@id":"https:\/\/www.ascef.com\/es\/#\/schema\/person\/e0bdccd3e1665871f0e79e3a50ad6b02"},"headline":"Fern\u00e1ndez-Vega: \u00abNuestros valores son la raz\u00f3n de ser de nuestra instituci\u00f3n y lo que nos ha llevado hasta aqu\u00ed exitosamente durante 135 a\u00f1os\u00bb","datePublished":"2021-06-18T07:00:30+00:00","mainEntityOfPage":{"@id":"https:\/\/www.ascef.com\/es\/ciclo-empresa-familiar-comparte-oftalmologico\/"},"wordCount":828,"commentCount":0,"image":{"@id":"https:\/\/www.ascef.com\/es\/ciclo-empresa-familiar-comparte-oftalmologico\/#primaryimage"},"thumbnailUrl":"https:\/\/www.ascef.com\/wp-content\/uploads\/2021\/06\/PHOTO-2021-06-14_web.jpg","articleSection":["general"],"inLanguage":"es"},{"@type":"WebPage","@id":"https:\/\/www.ascef.com\/es\/ciclo-empresa-familiar-comparte-oftalmologico\/","url":"https:\/\/www.ascef.com\/es\/ciclo-empresa-familiar-comparte-oftalmologico\/","name":"Fern\u00e1ndez-Vega: \"Nuestros valores son la raz\u00f3n de ser de nuestra instituci\u00f3n y lo que nos ha llevado hasta aqu\u00ed exitosamente durante 135 a\u00f1os\" - ASCEF","isPartOf":{"@id":"https:\/\/www.ascef.com\/es\/#website"},"primaryImageOfPage":{"@id":"https:\/\/www.ascef.com\/es\/ciclo-empresa-familiar-comparte-oftalmologico\/#primaryimage"},"image":{"@id":"https:\/\/www.ascef.com\/es\/ciclo-empresa-familiar-comparte-oftalmologico\/#primaryimage"},"thumbnailUrl":"https:\/\/www.ascef.com\/wp-content\/uploads\/2021\/06\/PHOTO-2021-06-14_web.jpg","datePublished":"2021-06-18T07:00:30+00:00","author":{"@id":"https:\/\/www.ascef.com\/es\/#\/schema\/person\/e0bdccd3e1665871f0e79e3a50ad6b02"},"description":"El Instituto Oftalmol\u00f3gico Fern\u00e1ndez-Vega protagoniz\u00f3 el Ciclo \"La Empresa Familiar Comparte\", organizado por las Asociaciones Territoriales de la Empresa Familiar","breadcrumb":{"@id":"https:\/\/www.ascef.com\/es\/ciclo-empresa-familiar-comparte-oftalmologico\/#breadcrumb"},"inLanguage":"es","potentialAction":[{"@type":"ReadAction","target":["https:\/\/www.ascef.com\/es\/ciclo-empresa-familiar-comparte-oftalmologico\/"]}]},{"@type":"ImageObject","inLanguage":"es","@id":"https:\/\/www.ascef.com\/es\/ciclo-empresa-familiar-comparte-oftalmologico\/#primaryimage","url":"https:\/\/www.ascef.com\/wp-content\/uploads\/2021\/06\/PHOTO-2021-06-14_web.jpg","contentUrl":"https:\/\/www.ascef.com\/wp-content\/uploads\/2021\/06\/PHOTO-2021-06-14_web.jpg","width":1085,"height":711},{"@type":"BreadcrumbList","@id":"https:\/\/www.ascef.com\/es\/ciclo-empresa-familiar-comparte-oftalmologico\/#breadcrumb","itemListElement":[{"@type":"ListItem","position":1,"name":"Portada","item":"https:\/\/www.ascef.com\/es\/"},{"@type":"ListItem","position":2,"name":"Fern\u00e1ndez-Vega: \u00abNuestros valores son la raz\u00f3n de ser de nuestra instituci\u00f3n y lo que nos ha llevado hasta aqu\u00ed exitosamente durante 135 a\u00f1os\u00bb"}]},{"@type":"WebSite","@id":"https:\/\/www.ascef.com\/es\/#website","url":"https:\/\/www.ascef.com\/es\/","name":"ASCEF","description":"Associaci\u00f3 Catalana de l\u2019Empresa Familiar","potentialAction":[{"@type":"SearchAction","target":{"@type":"EntryPoint","urlTemplate":"https:\/\/www.ascef.com\/es\/?s={search_term_string}"},"query-input":{"@type":"PropertyValueSpecification","valueRequired":true,"valueName":"search_term_string"}}],"inLanguage":"es"},{"@type":"Person","@id":"https:\/\/www.ascef.com\/es\/#\/schema\/person\/e0bdccd3e1665871f0e79e3a50ad6b02","name":"Borja Igual","url":"https:\/\/www.ascef.com\/es\/author\/bigual1990mcs-com\/"}]}},"_links":{"self":[{"href":"https:\/\/www.ascef.com\/es\/wp-json\/wp\/v2\/posts\/3599","targetHints":{"allow":["GET"]}}],"collection":[{"href":"https:\/\/www.ascef.com\/es\/wp-json\/wp\/v2\/posts"}],"about":[{"href":"https:\/\/www.ascef.com\/es\/wp-json\/wp\/v2\/types\/post"}],"author":[{"embeddable":true,"href":"https:\/\/www.ascef.com\/es\/wp-json\/wp\/v2\/users\/292"}],"replies":[{"embeddable":true,"href":"https:\/\/www.ascef.com\/es\/wp-json\/wp\/v2\/comments?post=3599"}],"version-history":[{"count":6,"href":"https:\/\/www.ascef.com\/es\/wp-json\/wp\/v2\/posts\/3599\/revisions"}],"predecessor-version":[{"id":3616,"href":"https:\/\/www.ascef.com\/es\/wp-json\/wp\/v2\/posts\/3599\/revisions\/3616"}],"wp:featuredmedia":[{"embeddable":true,"href":"https:\/\/www.ascef.com\/es\/wp-json\/wp\/v2\/media\/3611"}],"wp:attachment":[{"href":"https:\/\/www.ascef.com\/es\/wp-json\/wp\/v2\/media?parent=3599"}],"wp:term":[{"taxonomy":"category","embeddable":true,"href":"https:\/\/www.ascef.com\/es\/wp-json\/wp\/v2\/categories?post=3599"},{"taxonomy":"post_tag","embeddable":true,"href":"https:\/\/www.ascef.com\/es\/wp-json\/wp\/v2\/tags?post=3599"}],"curies":[{"name":"wp","href":"https:\/\/api.w.org\/{rel}","templated":true}]}}