{"id":3575,"date":"2021-06-10T15:23:58","date_gmt":"2021-06-10T15:23:58","guid":{"rendered":"https:\/\/www.ascef.com\/?p=3575"},"modified":"2021-06-10T15:23:58","modified_gmt":"2021-06-10T15:23:58","slug":"ascef-kpmg-resiliencia-sesion","status":"publish","type":"post","link":"https:\/\/www.ascef.com\/es\/ascef-kpmg-resiliencia-sesion\/","title":{"rendered":"\u00abLa empresa familiar ha demostrado el instinto profundamente resiliente y resistente que tiene en su ADN\u00bb"},"content":{"rendered":"<p>La <u><a href=\"https:\/\/www.ascef.com\/es\/\" target=\"_blank\" rel=\"noopener noreferrer\"><strong>Asociaci\u00f3n Catalana de la Empresa Familiar (ASCEF)<\/strong><\/a><\/u> organiz\u00f3 una sesi\u00f3n, en colaboraci\u00f3n con <u><a href=\"https:\/\/home.kpmg\/es\/es\/home.html\" target=\"_blank\" rel=\"noopener noreferrer\"><strong>KPMG<\/strong><\/a><\/u>, bajo el t\u00edtulo \u00ab<em>Gesti\u00f3n de la resiliencia en la Empresa Familiar<\/em>\u00ab, para tratar sobre esta caracter\u00edstica de la empresa familiar en el momento de afrontar no solo las pandemias globales sino todos los riesgos.<\/p>\n<p>En su parlamento de bienvenida, el presidente de <strong>ASCEF Amadeu Jori<\/strong> destac\u00f3 que todas las empresas actuaron \u00ab<em>r\u00e1pidamente para protegerse ante la gran y repentina ca\u00edda de la actividad causada por la pandemia<\/em>\u00ab. \u00ab<em>La empresa familiar, con la toma de decisiones \u00e1giles, <strong>demostr\u00f3 su instinto profundamente resiliente y resistente<\/strong>, que tienen incrustado en su ADN fruto de su compromiso con el sostenimiento del esp\u00edritu emprendedor a trav\u00e9s de las diferentes generaciones<\/em>\u00ab, se\u00f1al\u00f3 Jori.<\/p>\n<p>Por su parte, Manel Blanco, Socio responsable de Empresa Familiar de KPMG en Catalu\u00f1a, a\u00f1adi\u00f3 que \u00ab<em>las empresas familiares demostraron tambi\u00e9n <strong>una gran capacidad de adaptaci\u00f3n<\/strong> ante la crisis que hemos vivido<\/em>\u00ab.<\/p>\n<p>Maria Jes\u00fas Rico, Socia de Gobierno, Riesgo y Cumplimiento de KPMG, profundiz\u00f3 sobre la resiliencia de la empresa familiar y los elementos claves para gestionarla, antes, durante y despu\u00e9s de la sucesi\u00f3n del evento cr\u00edtico. \u00ab<strong><em>Afrontar la incertidumbre exige respuestas inmediatas y replantear estrategias y riesgos a medio y largo plazo<\/em><\/strong>\u00ab, explic\u00f3 Rico, quien subray\u00f3 que \u00ab<em>la gesti\u00f3n de los riesgos emergentes con impacto en la continuidad del negocio sigue siendo una asignatura pendiente<\/em>\u00ab.<\/p>\n<p>En este sentido, para preparase ante un eventual evento cr\u00edtico, Rico considera que es importante comenzar por analizar nuestro negocio, trabajando en un mapa de riesgos que se complete con un mapa de impactos, y as\u00ed trabajar en planos de contingencia para situaciones con poca probabilidad pero que ocasionar\u00edan un gran impacto, como es el caso de la pandemia. Este an\u00e1lisis, junto con el plan de trabajo y su monitorizaci\u00f3n se debe tener preparado para cuando llegue el evento imprevisto: \u00ab<em>esto permitir\u00e1 poder tomar las decisiones de manera m\u00e1s r\u00e1pida, con una mirada puesta en el futuro<\/em>\u00ab, indic\u00f3 M\u00aa Jes\u00fas Rico.<\/p>\n<p>Adicionalmente, en la parte final de la sesi\u00f3n, se cont\u00f3 con la presencia de <strong>Jordi Barri<\/strong>, CEO de <u><a href=\"http:\/\/teresacarles.com\/index.php?l=es\" target=\"_blank\" rel=\"noopener noreferrer\"><strong>Teresa Carles Healthy Foods<\/strong><\/a><\/u>, quien comparti\u00f3 su experiencia y cu\u00e1l fue su estrategia de resiliencia para hacer frente a la incertidumbre que ha provocado la crisis sanitaria en el sector de la restauraci\u00f3n. Por \u00faltimo, la directora de la <u><a href=\"https:\/\/www.udg.edu\/es\/catedres\/Cambra-de-lEmpresa-Familiar\" target=\"_blank\" rel=\"noopener noreferrer\"><strong>C\u00e1tedra C\u00e1mara de la Empresa Familiar de la Universitat de Girona<\/strong><\/a><\/u>, <strong>Pilar Marqu\u00e8s<\/strong>, particip\u00f3 para plantear diversas preguntas con el fin de profundizar en el caso de la compa\u00f1\u00eda.<\/p>\n","protected":false},"excerpt":{"rendered":"<p>La Asociaci\u00f3n Catalana de la Empresa Familiar (ASCEF) organiz\u00f3 una sesi\u00f3n, en colaboraci\u00f3n con KPMG, bajo el t\u00edtulo \u00abGesti\u00f3n de la resiliencia en la Empresa Familiar\u00ab, para tratar sobre esta caracter\u00edstica de la empresa familiar en el momento de afrontar no solo las pandemias globales sino todos los riesgos. En su parlamento de bienvenida, el [&hellip;]<\/p>\n","protected":false},"author":292,"featured_media":3571,"comment_status":"open","ping_status":"open","sticky":false,"template":"","format":"standard","meta":{"_acf_changed":false,"footnotes":""},"categories":[185],"tags":[],"class_list":["post-3575","post","type-post","status-publish","format-standard","has-post-thumbnail","hentry","category-general"],"acf":[],"yoast_head":"<!-- This site is optimized with the Yoast SEO plugin v27.5 - https:\/\/yoast.com\/product\/yoast-seo-wordpress\/ -->\n<title>&quot;La resiliencia es parte del instinto que la empresa familiar tiene en el ADN&quot; - ASCEF<\/title>\n<meta name=\"description\" content=\"La ASCEF organiz\u00f3 la sesi\u00f3n \u201cGesti\u00f3n de la resiliencia en la Empresa Familiar\u201d para tratar sobre esta caracter\u00edstica de la empresa familiar.\" \/>\n<meta name=\"robots\" content=\"index, follow, max-snippet:-1, max-image-preview:large, max-video-preview:-1\" \/>\n<link rel=\"canonical\" href=\"https:\/\/www.ascef.com\/es\/ascef-kpmg-resiliencia-sesion\/\" \/>\n<meta property=\"og:locale\" content=\"es_ES\" \/>\n<meta property=\"og:type\" content=\"article\" \/>\n<meta property=\"og:title\" content=\"&quot;La resiliencia es parte del instinto que la empresa familiar tiene en el ADN&quot; - ASCEF\" \/>\n<meta property=\"og:description\" content=\"La ASCEF organiz\u00f3 la sesi\u00f3n \u201cGesti\u00f3n de la resiliencia en la Empresa Familiar\u201d para tratar sobre esta caracter\u00edstica de la empresa familiar.\" \/>\n<meta property=\"og:url\" content=\"https:\/\/www.ascef.com\/es\/ascef-kpmg-resiliencia-sesion\/\" \/>\n<meta property=\"og:site_name\" content=\"ASCEF\" \/>\n<meta property=\"article:published_time\" content=\"2021-06-10T15:23:58+00:00\" \/>\n<meta property=\"og:image\" content=\"https:\/\/www.ascef.com\/wp-content\/uploads\/2021\/06\/01_foto_grup_web.jpg\" \/>\n\t<meta property=\"og:image:width\" content=\"1706\" \/>\n\t<meta property=\"og:image:height\" content=\"1118\" \/>\n\t<meta property=\"og:image:type\" content=\"image\/jpeg\" \/>\n<meta name=\"author\" content=\"Borja Igual\" \/>\n<meta name=\"twitter:card\" content=\"summary_large_image\" \/>\n<meta name=\"twitter:label1\" content=\"Escrito por\" \/>\n\t<meta name=\"twitter:data1\" content=\"Borja Igual\" \/>\n\t<meta name=\"twitter:label2\" content=\"Tiempo de lectura\" \/>\n\t<meta name=\"twitter:data2\" content=\"2 minutos\" \/>\n<script type=\"application\/ld+json\" class=\"yoast-schema-graph\">{\"@context\":\"https:\\\/\\\/schema.org\",\"@graph\":[{\"@type\":\"Article\",\"@id\":\"https:\\\/\\\/www.ascef.com\\\/es\\\/ascef-kpmg-resiliencia-sesion\\\/#article\",\"isPartOf\":{\"@id\":\"https:\\\/\\\/www.ascef.com\\\/es\\\/ascef-kpmg-resiliencia-sesion\\\/\"},\"author\":{\"name\":\"Borja Igual\",\"@id\":\"https:\\\/\\\/www.ascef.com\\\/es\\\/#\\\/schema\\\/person\\\/e0bdccd3e1665871f0e79e3a50ad6b02\"},\"headline\":\"\u00abLa empresa familiar ha demostrado el instinto profundamente resiliente y resistente que tiene en su ADN\u00bb\",\"datePublished\":\"2021-06-10T15:23:58+00:00\",\"mainEntityOfPage\":{\"@id\":\"https:\\\/\\\/www.ascef.com\\\/es\\\/ascef-kpmg-resiliencia-sesion\\\/\"},\"wordCount\":465,\"commentCount\":0,\"image\":{\"@id\":\"https:\\\/\\\/www.ascef.com\\\/es\\\/ascef-kpmg-resiliencia-sesion\\\/#primaryimage\"},\"thumbnailUrl\":\"https:\\\/\\\/www.ascef.com\\\/wp-content\\\/uploads\\\/2021\\\/06\\\/01_foto_grup_web.jpg\",\"articleSection\":[\"general\"],\"inLanguage\":\"es\"},{\"@type\":\"WebPage\",\"@id\":\"https:\\\/\\\/www.ascef.com\\\/es\\\/ascef-kpmg-resiliencia-sesion\\\/\",\"url\":\"https:\\\/\\\/www.ascef.com\\\/es\\\/ascef-kpmg-resiliencia-sesion\\\/\",\"name\":\"\\\"La resiliencia es parte del instinto que la empresa familiar tiene en el ADN\\\" - ASCEF\",\"isPartOf\":{\"@id\":\"https:\\\/\\\/www.ascef.com\\\/es\\\/#website\"},\"primaryImageOfPage\":{\"@id\":\"https:\\\/\\\/www.ascef.com\\\/es\\\/ascef-kpmg-resiliencia-sesion\\\/#primaryimage\"},\"image\":{\"@id\":\"https:\\\/\\\/www.ascef.com\\\/es\\\/ascef-kpmg-resiliencia-sesion\\\/#primaryimage\"},\"thumbnailUrl\":\"https:\\\/\\\/www.ascef.com\\\/wp-content\\\/uploads\\\/2021\\\/06\\\/01_foto_grup_web.jpg\",\"datePublished\":\"2021-06-10T15:23:58+00:00\",\"author\":{\"@id\":\"https:\\\/\\\/www.ascef.com\\\/es\\\/#\\\/schema\\\/person\\\/e0bdccd3e1665871f0e79e3a50ad6b02\"},\"description\":\"La ASCEF organiz\u00f3 la sesi\u00f3n \u201cGesti\u00f3n de la resiliencia en la Empresa Familiar\u201d para tratar sobre esta caracter\u00edstica de la empresa familiar.\",\"breadcrumb\":{\"@id\":\"https:\\\/\\\/www.ascef.com\\\/es\\\/ascef-kpmg-resiliencia-sesion\\\/#breadcrumb\"},\"inLanguage\":\"es\",\"potentialAction\":[{\"@type\":\"ReadAction\",\"target\":[\"https:\\\/\\\/www.ascef.com\\\/es\\\/ascef-kpmg-resiliencia-sesion\\\/\"]}]},{\"@type\":\"ImageObject\",\"inLanguage\":\"es\",\"@id\":\"https:\\\/\\\/www.ascef.com\\\/es\\\/ascef-kpmg-resiliencia-sesion\\\/#primaryimage\",\"url\":\"https:\\\/\\\/www.ascef.com\\\/wp-content\\\/uploads\\\/2021\\\/06\\\/01_foto_grup_web.jpg\",\"contentUrl\":\"https:\\\/\\\/www.ascef.com\\\/wp-content\\\/uploads\\\/2021\\\/06\\\/01_foto_grup_web.jpg\",\"width\":1706,\"height\":1118,\"caption\":\"Sessi\u00f3 resili\u00e8ncia Empresa Familiar\"},{\"@type\":\"BreadcrumbList\",\"@id\":\"https:\\\/\\\/www.ascef.com\\\/es\\\/ascef-kpmg-resiliencia-sesion\\\/#breadcrumb\",\"itemListElement\":[{\"@type\":\"ListItem\",\"position\":1,\"name\":\"Portada\",\"item\":\"https:\\\/\\\/www.ascef.com\\\/es\\\/\"},{\"@type\":\"ListItem\",\"position\":2,\"name\":\"\u00abLa empresa familiar ha demostrado el instinto profundamente resiliente y resistente que tiene en su ADN\u00bb\"}]},{\"@type\":\"WebSite\",\"@id\":\"https:\\\/\\\/www.ascef.com\\\/es\\\/#website\",\"url\":\"https:\\\/\\\/www.ascef.com\\\/es\\\/\",\"name\":\"ASCEF\",\"description\":\"Associaci\u00f3 Catalana de l\u2019Empresa Familiar\",\"potentialAction\":[{\"@type\":\"SearchAction\",\"target\":{\"@type\":\"EntryPoint\",\"urlTemplate\":\"https:\\\/\\\/www.ascef.com\\\/es\\\/?s={search_term_string}\"},\"query-input\":{\"@type\":\"PropertyValueSpecification\",\"valueRequired\":true,\"valueName\":\"search_term_string\"}}],\"inLanguage\":\"es\"},{\"@type\":\"Person\",\"@id\":\"https:\\\/\\\/www.ascef.com\\\/es\\\/#\\\/schema\\\/person\\\/e0bdccd3e1665871f0e79e3a50ad6b02\",\"name\":\"Borja Igual\",\"url\":\"https:\\\/\\\/www.ascef.com\\\/es\\\/author\\\/bigual1990mcs-com\\\/\"}]}<\/script>\n<!-- \/ Yoast SEO plugin. -->","yoast_head_json":{"title":"\"La resiliencia es parte del instinto que la empresa familiar tiene en el ADN\" - ASCEF","description":"La ASCEF organiz\u00f3 la sesi\u00f3n \u201cGesti\u00f3n de la resiliencia en la Empresa Familiar\u201d para tratar sobre esta caracter\u00edstica de la empresa familiar.","robots":{"index":"index","follow":"follow","max-snippet":"max-snippet:-1","max-image-preview":"max-image-preview:large","max-video-preview":"max-video-preview:-1"},"canonical":"https:\/\/www.ascef.com\/es\/ascef-kpmg-resiliencia-sesion\/","og_locale":"es_ES","og_type":"article","og_title":"\"La resiliencia es parte del instinto que la empresa familiar tiene en el ADN\" - ASCEF","og_description":"La ASCEF organiz\u00f3 la sesi\u00f3n \u201cGesti\u00f3n de la resiliencia en la Empresa Familiar\u201d para tratar sobre esta caracter\u00edstica de la empresa familiar.","og_url":"https:\/\/www.ascef.com\/es\/ascef-kpmg-resiliencia-sesion\/","og_site_name":"ASCEF","article_published_time":"2021-06-10T15:23:58+00:00","og_image":[{"width":1706,"height":1118,"url":"https:\/\/www.ascef.com\/wp-content\/uploads\/2021\/06\/01_foto_grup_web.jpg","type":"image\/jpeg"}],"author":"Borja Igual","twitter_card":"summary_large_image","twitter_misc":{"Escrito por":"Borja Igual","Tiempo de lectura":"2 minutos"},"schema":{"@context":"https:\/\/schema.org","@graph":[{"@type":"Article","@id":"https:\/\/www.ascef.com\/es\/ascef-kpmg-resiliencia-sesion\/#article","isPartOf":{"@id":"https:\/\/www.ascef.com\/es\/ascef-kpmg-resiliencia-sesion\/"},"author":{"name":"Borja Igual","@id":"https:\/\/www.ascef.com\/es\/#\/schema\/person\/e0bdccd3e1665871f0e79e3a50ad6b02"},"headline":"\u00abLa empresa familiar ha demostrado el instinto profundamente resiliente y resistente que tiene en su ADN\u00bb","datePublished":"2021-06-10T15:23:58+00:00","mainEntityOfPage":{"@id":"https:\/\/www.ascef.com\/es\/ascef-kpmg-resiliencia-sesion\/"},"wordCount":465,"commentCount":0,"image":{"@id":"https:\/\/www.ascef.com\/es\/ascef-kpmg-resiliencia-sesion\/#primaryimage"},"thumbnailUrl":"https:\/\/www.ascef.com\/wp-content\/uploads\/2021\/06\/01_foto_grup_web.jpg","articleSection":["general"],"inLanguage":"es"},{"@type":"WebPage","@id":"https:\/\/www.ascef.com\/es\/ascef-kpmg-resiliencia-sesion\/","url":"https:\/\/www.ascef.com\/es\/ascef-kpmg-resiliencia-sesion\/","name":"\"La resiliencia es parte del instinto que la empresa familiar tiene en el ADN\" - ASCEF","isPartOf":{"@id":"https:\/\/www.ascef.com\/es\/#website"},"primaryImageOfPage":{"@id":"https:\/\/www.ascef.com\/es\/ascef-kpmg-resiliencia-sesion\/#primaryimage"},"image":{"@id":"https:\/\/www.ascef.com\/es\/ascef-kpmg-resiliencia-sesion\/#primaryimage"},"thumbnailUrl":"https:\/\/www.ascef.com\/wp-content\/uploads\/2021\/06\/01_foto_grup_web.jpg","datePublished":"2021-06-10T15:23:58+00:00","author":{"@id":"https:\/\/www.ascef.com\/es\/#\/schema\/person\/e0bdccd3e1665871f0e79e3a50ad6b02"},"description":"La ASCEF organiz\u00f3 la sesi\u00f3n \u201cGesti\u00f3n de la resiliencia en la Empresa Familiar\u201d para tratar sobre esta caracter\u00edstica de la empresa familiar.","breadcrumb":{"@id":"https:\/\/www.ascef.com\/es\/ascef-kpmg-resiliencia-sesion\/#breadcrumb"},"inLanguage":"es","potentialAction":[{"@type":"ReadAction","target":["https:\/\/www.ascef.com\/es\/ascef-kpmg-resiliencia-sesion\/"]}]},{"@type":"ImageObject","inLanguage":"es","@id":"https:\/\/www.ascef.com\/es\/ascef-kpmg-resiliencia-sesion\/#primaryimage","url":"https:\/\/www.ascef.com\/wp-content\/uploads\/2021\/06\/01_foto_grup_web.jpg","contentUrl":"https:\/\/www.ascef.com\/wp-content\/uploads\/2021\/06\/01_foto_grup_web.jpg","width":1706,"height":1118,"caption":"Sessi\u00f3 resili\u00e8ncia Empresa Familiar"},{"@type":"BreadcrumbList","@id":"https:\/\/www.ascef.com\/es\/ascef-kpmg-resiliencia-sesion\/#breadcrumb","itemListElement":[{"@type":"ListItem","position":1,"name":"Portada","item":"https:\/\/www.ascef.com\/es\/"},{"@type":"ListItem","position":2,"name":"\u00abLa empresa familiar ha demostrado el instinto profundamente resiliente y resistente que tiene en su ADN\u00bb"}]},{"@type":"WebSite","@id":"https:\/\/www.ascef.com\/es\/#website","url":"https:\/\/www.ascef.com\/es\/","name":"ASCEF","description":"Associaci\u00f3 Catalana de l\u2019Empresa Familiar","potentialAction":[{"@type":"SearchAction","target":{"@type":"EntryPoint","urlTemplate":"https:\/\/www.ascef.com\/es\/?s={search_term_string}"},"query-input":{"@type":"PropertyValueSpecification","valueRequired":true,"valueName":"search_term_string"}}],"inLanguage":"es"},{"@type":"Person","@id":"https:\/\/www.ascef.com\/es\/#\/schema\/person\/e0bdccd3e1665871f0e79e3a50ad6b02","name":"Borja Igual","url":"https:\/\/www.ascef.com\/es\/author\/bigual1990mcs-com\/"}]}},"_links":{"self":[{"href":"https:\/\/www.ascef.com\/es\/wp-json\/wp\/v2\/posts\/3575","targetHints":{"allow":["GET"]}}],"collection":[{"href":"https:\/\/www.ascef.com\/es\/wp-json\/wp\/v2\/posts"}],"about":[{"href":"https:\/\/www.ascef.com\/es\/wp-json\/wp\/v2\/types\/post"}],"author":[{"embeddable":true,"href":"https:\/\/www.ascef.com\/es\/wp-json\/wp\/v2\/users\/292"}],"replies":[{"embeddable":true,"href":"https:\/\/www.ascef.com\/es\/wp-json\/wp\/v2\/comments?post=3575"}],"version-history":[{"count":2,"href":"https:\/\/www.ascef.com\/es\/wp-json\/wp\/v2\/posts\/3575\/revisions"}],"predecessor-version":[{"id":3579,"href":"https:\/\/www.ascef.com\/es\/wp-json\/wp\/v2\/posts\/3575\/revisions\/3579"}],"wp:featuredmedia":[{"embeddable":true,"href":"https:\/\/www.ascef.com\/es\/wp-json\/wp\/v2\/media\/3571"}],"wp:attachment":[{"href":"https:\/\/www.ascef.com\/es\/wp-json\/wp\/v2\/media?parent=3575"}],"wp:term":[{"taxonomy":"category","embeddable":true,"href":"https:\/\/www.ascef.com\/es\/wp-json\/wp\/v2\/categories?post=3575"},{"taxonomy":"post_tag","embeddable":true,"href":"https:\/\/www.ascef.com\/es\/wp-json\/wp\/v2\/tags?post=3575"}],"curies":[{"name":"wp","href":"https:\/\/api.w.org\/{rel}","templated":true}]}}