{"id":3468,"date":"2021-06-02T11:00:33","date_gmt":"2021-06-02T11:00:33","guid":{"rendered":"https:\/\/www.ascef.com\/?p=3468"},"modified":"2021-06-02T11:26:56","modified_gmt":"2021-06-02T11:26:56","slug":"ascef-manifiesto-ampliacion-aeropuerto","status":"publish","type":"post","link":"https:\/\/www.ascef.com\/es\/ascef-manifiesto-ampliacion-aeropuerto\/","title":{"rendered":"La ASCEF se adhiere al manifiesto en defensa de la ampliaci\u00f3n del Aeropuerto Josep Tarradellas Barcelona \u2013 El Prat"},"content":{"rendered":"<p>La <u><a href=\"https:\/\/www.ascef.com\/es\/\" target=\"_blank\" rel=\"noopener noreferrer\"><strong>Asociaci\u00f3n Catalana de la Empresa Familiar (ASCEF)<\/strong><\/a><\/u> se ha adherido al manifiesto en defensa de la ampliaci\u00f3n del <u><a href=\"https:\/\/www.aena.es\/es\/josep-tarradellas-barcelona-el-prat.html\" target=\"_blank\" rel=\"noopener noreferrer\"><strong>Aeropuerto Josep Tarradellas Barcelona \u2013 El Prat<\/strong><\/a><\/u>, junto con m\u00e1s de 200 entidades representativas del mundo econ\u00f3mico y del tejido productivo de la ciudad de Barcelona y del conjunto de Catalu\u00f1a.<\/p>\n<p>Bajo el clamor \u00ab<strong><em>S\u00ed al acuerdo de ampliaci\u00f3n del aeropuerto<\/em><\/strong>\u00bb se reclama un gran pacto institucional entre las administraciones p\u00fablicas (<u><a href=\"https:\/\/www.aena.es\/es\/pasajeros\/pasajeros.html#\" target=\"_blank\" rel=\"noopener noreferrer\"><strong>Aena<\/strong><\/a><\/u>, <u><a href=\"https:\/\/web.gencat.cat\/es\/inici\/index.html\" target=\"_blank\" rel=\"noopener noreferrer\"><strong>Generalitat de Catalunya<\/strong><\/a><\/u>, el <u><a href=\"https:\/\/www.amb.cat\/es\/web\/guest\" target=\"_blank\" rel=\"noopener noreferrer\"><strong>\u00c1rea Metropolitana de Barcelona<\/strong><\/a><\/u> y los ayuntamientos de <u><a href=\"https:\/\/www.barcelona.cat\/es\/\" target=\"_blank\" rel=\"noopener noreferrer\"><strong>Barcelona<\/strong><\/a><\/u> y del conjunto del Baix Llobregat) con la complicidad de las autoridades de la <u><a href=\"https:\/\/europa.eu\/european-union\/index_es\" target=\"_blank\" rel=\"noopener noreferrer\"><strong>Uni\u00f3n Europea<\/strong><\/a><\/u> para aprobar la ampliaci\u00f3n del aeropuerto de Barcelona.<\/p>\n<p>La ampliaci\u00f3n prevista consiste de una nueva terminal sat\u00e9lite y la ampliaci\u00f3n de 500 metros de una de las pistas paralelas, con una inversi\u00f3n estimada de 1.700 millones de euros; que <strong>generar\u00eda 83.000 empleos directos y un total de 350.000 ocupaciones nuevas adem\u00e1s de estimular el crecimiento del PIB catal\u00e1n en m\u00e1s de dos puntos, de 6,8% al 8,9%<\/strong>.<\/p>\n<p>Esta ampliaci\u00f3n permitir\u00e1 no solo convertirse en un destino de turismo sostenible, sino dinamizar la actividad econ\u00f3mica generando empleo, atracci\u00f3n y retenci\u00f3n de talento e inversi\u00f3n internacional.<\/p>\n<p>El mi\u00e9rcoles 2 de junio se ha realizado la lectura del manifiesto en un acto unitario en <u><a href=\"https:\/\/www.esade.edu\/es\" target=\"_blank\" rel=\"noopener noreferrer\"><strong>ESADE<\/strong><\/a><\/u>, al cual acudi\u00f3 el presidente de <strong>ASCEF<\/strong>, <strong>Amadeu Jori<\/strong>, en representaci\u00f3n de la asociaci\u00f3n. Entre las entidades de Catalunya que firman el manifiesto se encuentran <u><a href=\"https:\/\/www.foment.com\/es\/\" target=\"_blank\" rel=\"noopener noreferrer\"><strong>Foment del Treball<\/strong><\/a><\/u>, <u><a href=\"https:\/\/www.pimec.org\/es\" target=\"_blank\" rel=\"noopener noreferrer\"><strong>PIMEC<\/strong><\/a><\/u>, <u><a href=\"https:\/\/www.cambrabcn.org\/es\/inicio\" target=\"_blank\" rel=\"noopener noreferrer\"><strong>Cambra de Comer\u00e7 de Barcelona<\/strong><\/a><\/u>, <u><a href=\"https:\/\/cercledeconomia.com\/es\/\" target=\"_blank\" rel=\"noopener noreferrer\"><strong>Cercle d&#8217;Economia<\/strong><\/a><\/u>, <u><a href=\"http:\/\/www.circuloecuestre.es\/\/\" target=\"_blank\" rel=\"noopener noreferrer\"><strong>C\u00edrculo Ecuestre<\/strong><\/a><\/u>, <u><a href=\"https:\/\/barcelonatechcity.com\/\" target=\"_blank\" rel=\"noopener noreferrer\"><strong>Barcelona Tech City<\/strong><\/a><\/u>, <strong>ESADE<\/strong>, <u><a href=\"https:\/\/www.racc.es\/?_ga=2.215405079.181495732.1622547796-1886236751.1622547796\" target=\"_blank\" rel=\"noopener noreferrer\"><strong>RACC<\/strong><\/a><\/u> y <u><a href=\"https:\/\/www.ufec.cat\/ca\/inici.html\" target=\"_blank\" rel=\"noopener noreferrer\"><strong>UFEC<\/strong><\/a><\/u>.<\/p>\n<p>El manifiesto est\u00e1 disponible <u><a href=\"https:\/\/www.ascef.com\/es\/informes\/\" target=\"_blank\" rel=\"noopener noreferrer\"><strong>en el siguiente enlace en el web de ASCEF<\/strong><\/a><\/u>.<\/p>\n","protected":false},"excerpt":{"rendered":"<p>La Asociaci\u00f3n Catalana de la Empresa Familiar (ASCEF) se ha adherido al manifiesto en defensa de la ampliaci\u00f3n del Aeropuerto Josep Tarradellas Barcelona \u2013 El Prat, junto con m\u00e1s de 200 entidades representativas del mundo econ\u00f3mico y del tejido productivo de la ciudad de Barcelona y del conjunto de Catalu\u00f1a. Bajo el clamor \u00abS\u00ed al [&hellip;]<\/p>\n","protected":false},"author":292,"featured_media":3473,"comment_status":"open","ping_status":"open","sticky":false,"template":"","format":"standard","meta":{"_acf_changed":false,"footnotes":""},"categories":[185],"tags":[],"class_list":["post-3468","post","type-post","status-publish","format-standard","has-post-thumbnail","hentry","category-general"],"acf":[],"yoast_head":"<!-- This site is optimized with the Yoast SEO plugin v27.5 - https:\/\/yoast.com\/product\/yoast-seo-wordpress\/ -->\n<title>Aeropuerto de Barcelona: La ASCEF se adhiere al manifiesto en defensa de su ampliaci\u00f3n - ASCEF<\/title>\n<meta name=\"description\" content=\"La ASCEF se ha adherido al manifiesto en defensa de la ampliaci\u00f3n del Aeropuerto de Barcelona - El Prat, junto con m\u00e1s de 200 entidades representativas del mundo econ\u00f3mico y del tejido productivo\" \/>\n<meta name=\"robots\" content=\"index, follow, max-snippet:-1, max-image-preview:large, max-video-preview:-1\" \/>\n<link rel=\"canonical\" href=\"https:\/\/www.ascef.com\/es\/ascef-manifiesto-ampliacion-aeropuerto\/\" \/>\n<meta property=\"og:locale\" content=\"es_ES\" \/>\n<meta property=\"og:type\" content=\"article\" \/>\n<meta property=\"og:title\" content=\"Aeropuerto de Barcelona: La ASCEF se adhiere al manifiesto en defensa de su ampliaci\u00f3n - ASCEF\" \/>\n<meta property=\"og:description\" content=\"La ASCEF se ha adherido al manifiesto en defensa de la ampliaci\u00f3n del Aeropuerto de Barcelona - El Prat, junto con m\u00e1s de 200 entidades representativas del mundo econ\u00f3mico y del tejido productivo\" \/>\n<meta property=\"og:url\" content=\"https:\/\/www.ascef.com\/es\/ascef-manifiesto-ampliacion-aeropuerto\/\" \/>\n<meta property=\"og:site_name\" content=\"ASCEF\" \/>\n<meta property=\"article:published_time\" content=\"2021-06-02T11:00:33+00:00\" \/>\n<meta property=\"article:modified_time\" content=\"2021-06-02T11:26:56+00:00\" \/>\n<meta property=\"og:image\" content=\"https:\/\/www.ascef.com\/wp-content\/uploads\/2021\/06\/acte_aeroport_web-1024x671.jpg\" \/>\n\t<meta property=\"og:image:width\" content=\"1024\" \/>\n\t<meta property=\"og:image:height\" content=\"671\" \/>\n\t<meta property=\"og:image:type\" content=\"image\/jpeg\" \/>\n<meta name=\"author\" content=\"Borja Igual\" \/>\n<meta name=\"twitter:card\" content=\"summary_large_image\" \/>\n<meta name=\"twitter:label1\" content=\"Escrito por\" \/>\n\t<meta name=\"twitter:data1\" content=\"Borja Igual\" \/>\n\t<meta name=\"twitter:label2\" content=\"Tiempo de lectura\" \/>\n\t<meta name=\"twitter:data2\" content=\"1 minuto\" \/>\n<script type=\"application\/ld+json\" class=\"yoast-schema-graph\">{\"@context\":\"https:\\\/\\\/schema.org\",\"@graph\":[{\"@type\":\"Article\",\"@id\":\"https:\\\/\\\/www.ascef.com\\\/es\\\/ascef-manifiesto-ampliacion-aeropuerto\\\/#article\",\"isPartOf\":{\"@id\":\"https:\\\/\\\/www.ascef.com\\\/es\\\/ascef-manifiesto-ampliacion-aeropuerto\\\/\"},\"author\":{\"name\":\"Borja Igual\",\"@id\":\"https:\\\/\\\/www.ascef.com\\\/es\\\/#\\\/schema\\\/person\\\/e0bdccd3e1665871f0e79e3a50ad6b02\"},\"headline\":\"La ASCEF se adhiere al manifiesto en defensa de la ampliaci\u00f3n del Aeropuerto Josep Tarradellas Barcelona \u2013 El Prat\",\"datePublished\":\"2021-06-02T11:00:33+00:00\",\"dateModified\":\"2021-06-02T11:26:56+00:00\",\"mainEntityOfPage\":{\"@id\":\"https:\\\/\\\/www.ascef.com\\\/es\\\/ascef-manifiesto-ampliacion-aeropuerto\\\/\"},\"wordCount\":306,\"commentCount\":0,\"image\":{\"@id\":\"https:\\\/\\\/www.ascef.com\\\/es\\\/ascef-manifiesto-ampliacion-aeropuerto\\\/#primaryimage\"},\"thumbnailUrl\":\"https:\\\/\\\/www.ascef.com\\\/wp-content\\\/uploads\\\/2021\\\/06\\\/acte_aeroport_web.jpg\",\"articleSection\":[\"general\"],\"inLanguage\":\"es\"},{\"@type\":\"WebPage\",\"@id\":\"https:\\\/\\\/www.ascef.com\\\/es\\\/ascef-manifiesto-ampliacion-aeropuerto\\\/\",\"url\":\"https:\\\/\\\/www.ascef.com\\\/es\\\/ascef-manifiesto-ampliacion-aeropuerto\\\/\",\"name\":\"Aeropuerto de Barcelona: La ASCEF se adhiere al manifiesto en defensa de su ampliaci\u00f3n - ASCEF\",\"isPartOf\":{\"@id\":\"https:\\\/\\\/www.ascef.com\\\/es\\\/#website\"},\"primaryImageOfPage\":{\"@id\":\"https:\\\/\\\/www.ascef.com\\\/es\\\/ascef-manifiesto-ampliacion-aeropuerto\\\/#primaryimage\"},\"image\":{\"@id\":\"https:\\\/\\\/www.ascef.com\\\/es\\\/ascef-manifiesto-ampliacion-aeropuerto\\\/#primaryimage\"},\"thumbnailUrl\":\"https:\\\/\\\/www.ascef.com\\\/wp-content\\\/uploads\\\/2021\\\/06\\\/acte_aeroport_web.jpg\",\"datePublished\":\"2021-06-02T11:00:33+00:00\",\"dateModified\":\"2021-06-02T11:26:56+00:00\",\"author\":{\"@id\":\"https:\\\/\\\/www.ascef.com\\\/es\\\/#\\\/schema\\\/person\\\/e0bdccd3e1665871f0e79e3a50ad6b02\"},\"description\":\"La ASCEF se ha adherido al manifiesto en defensa de la ampliaci\u00f3n del Aeropuerto de Barcelona - El Prat, junto con m\u00e1s de 200 entidades representativas del mundo econ\u00f3mico y del tejido productivo\",\"breadcrumb\":{\"@id\":\"https:\\\/\\\/www.ascef.com\\\/es\\\/ascef-manifiesto-ampliacion-aeropuerto\\\/#breadcrumb\"},\"inLanguage\":\"es\",\"potentialAction\":[{\"@type\":\"ReadAction\",\"target\":[\"https:\\\/\\\/www.ascef.com\\\/es\\\/ascef-manifiesto-ampliacion-aeropuerto\\\/\"]}]},{\"@type\":\"ImageObject\",\"inLanguage\":\"es\",\"@id\":\"https:\\\/\\\/www.ascef.com\\\/es\\\/ascef-manifiesto-ampliacion-aeropuerto\\\/#primaryimage\",\"url\":\"https:\\\/\\\/www.ascef.com\\\/wp-content\\\/uploads\\\/2021\\\/06\\\/acte_aeroport_web.jpg\",\"contentUrl\":\"https:\\\/\\\/www.ascef.com\\\/wp-content\\\/uploads\\\/2021\\\/06\\\/acte_aeroport_web.jpg\",\"width\":2560,\"height\":1678},{\"@type\":\"BreadcrumbList\",\"@id\":\"https:\\\/\\\/www.ascef.com\\\/es\\\/ascef-manifiesto-ampliacion-aeropuerto\\\/#breadcrumb\",\"itemListElement\":[{\"@type\":\"ListItem\",\"position\":1,\"name\":\"Portada\",\"item\":\"https:\\\/\\\/www.ascef.com\\\/es\\\/\"},{\"@type\":\"ListItem\",\"position\":2,\"name\":\"La ASCEF se adhiere al manifiesto en defensa de la ampliaci\u00f3n del Aeropuerto Josep Tarradellas Barcelona \u2013 El Prat\"}]},{\"@type\":\"WebSite\",\"@id\":\"https:\\\/\\\/www.ascef.com\\\/es\\\/#website\",\"url\":\"https:\\\/\\\/www.ascef.com\\\/es\\\/\",\"name\":\"ASCEF\",\"description\":\"Associaci\u00f3 Catalana de l\u2019Empresa Familiar\",\"potentialAction\":[{\"@type\":\"SearchAction\",\"target\":{\"@type\":\"EntryPoint\",\"urlTemplate\":\"https:\\\/\\\/www.ascef.com\\\/es\\\/?s={search_term_string}\"},\"query-input\":{\"@type\":\"PropertyValueSpecification\",\"valueRequired\":true,\"valueName\":\"search_term_string\"}}],\"inLanguage\":\"es\"},{\"@type\":\"Person\",\"@id\":\"https:\\\/\\\/www.ascef.com\\\/es\\\/#\\\/schema\\\/person\\\/e0bdccd3e1665871f0e79e3a50ad6b02\",\"name\":\"Borja Igual\",\"url\":\"https:\\\/\\\/www.ascef.com\\\/es\\\/author\\\/bigual1990mcs-com\\\/\"}]}<\/script>\n<!-- \/ Yoast SEO plugin. -->","yoast_head_json":{"title":"Aeropuerto de Barcelona: La ASCEF se adhiere al manifiesto en defensa de su ampliaci\u00f3n - ASCEF","description":"La ASCEF se ha adherido al manifiesto en defensa de la ampliaci\u00f3n del Aeropuerto de Barcelona - El Prat, junto con m\u00e1s de 200 entidades representativas del mundo econ\u00f3mico y del tejido productivo","robots":{"index":"index","follow":"follow","max-snippet":"max-snippet:-1","max-image-preview":"max-image-preview:large","max-video-preview":"max-video-preview:-1"},"canonical":"https:\/\/www.ascef.com\/es\/ascef-manifiesto-ampliacion-aeropuerto\/","og_locale":"es_ES","og_type":"article","og_title":"Aeropuerto de Barcelona: La ASCEF se adhiere al manifiesto en defensa de su ampliaci\u00f3n - ASCEF","og_description":"La ASCEF se ha adherido al manifiesto en defensa de la ampliaci\u00f3n del Aeropuerto de Barcelona - El Prat, junto con m\u00e1s de 200 entidades representativas del mundo econ\u00f3mico y del tejido productivo","og_url":"https:\/\/www.ascef.com\/es\/ascef-manifiesto-ampliacion-aeropuerto\/","og_site_name":"ASCEF","article_published_time":"2021-06-02T11:00:33+00:00","article_modified_time":"2021-06-02T11:26:56+00:00","og_image":[{"width":1024,"height":671,"url":"https:\/\/www.ascef.com\/wp-content\/uploads\/2021\/06\/acte_aeroport_web-1024x671.jpg","type":"image\/jpeg"}],"author":"Borja Igual","twitter_card":"summary_large_image","twitter_misc":{"Escrito por":"Borja Igual","Tiempo de lectura":"1 minuto"},"schema":{"@context":"https:\/\/schema.org","@graph":[{"@type":"Article","@id":"https:\/\/www.ascef.com\/es\/ascef-manifiesto-ampliacion-aeropuerto\/#article","isPartOf":{"@id":"https:\/\/www.ascef.com\/es\/ascef-manifiesto-ampliacion-aeropuerto\/"},"author":{"name":"Borja Igual","@id":"https:\/\/www.ascef.com\/es\/#\/schema\/person\/e0bdccd3e1665871f0e79e3a50ad6b02"},"headline":"La ASCEF se adhiere al manifiesto en defensa de la ampliaci\u00f3n del Aeropuerto Josep Tarradellas Barcelona \u2013 El Prat","datePublished":"2021-06-02T11:00:33+00:00","dateModified":"2021-06-02T11:26:56+00:00","mainEntityOfPage":{"@id":"https:\/\/www.ascef.com\/es\/ascef-manifiesto-ampliacion-aeropuerto\/"},"wordCount":306,"commentCount":0,"image":{"@id":"https:\/\/www.ascef.com\/es\/ascef-manifiesto-ampliacion-aeropuerto\/#primaryimage"},"thumbnailUrl":"https:\/\/www.ascef.com\/wp-content\/uploads\/2021\/06\/acte_aeroport_web.jpg","articleSection":["general"],"inLanguage":"es"},{"@type":"WebPage","@id":"https:\/\/www.ascef.com\/es\/ascef-manifiesto-ampliacion-aeropuerto\/","url":"https:\/\/www.ascef.com\/es\/ascef-manifiesto-ampliacion-aeropuerto\/","name":"Aeropuerto de Barcelona: La ASCEF se adhiere al manifiesto en defensa de su ampliaci\u00f3n - ASCEF","isPartOf":{"@id":"https:\/\/www.ascef.com\/es\/#website"},"primaryImageOfPage":{"@id":"https:\/\/www.ascef.com\/es\/ascef-manifiesto-ampliacion-aeropuerto\/#primaryimage"},"image":{"@id":"https:\/\/www.ascef.com\/es\/ascef-manifiesto-ampliacion-aeropuerto\/#primaryimage"},"thumbnailUrl":"https:\/\/www.ascef.com\/wp-content\/uploads\/2021\/06\/acte_aeroport_web.jpg","datePublished":"2021-06-02T11:00:33+00:00","dateModified":"2021-06-02T11:26:56+00:00","author":{"@id":"https:\/\/www.ascef.com\/es\/#\/schema\/person\/e0bdccd3e1665871f0e79e3a50ad6b02"},"description":"La ASCEF se ha adherido al manifiesto en defensa de la ampliaci\u00f3n del Aeropuerto de Barcelona - El Prat, junto con m\u00e1s de 200 entidades representativas del mundo econ\u00f3mico y del tejido productivo","breadcrumb":{"@id":"https:\/\/www.ascef.com\/es\/ascef-manifiesto-ampliacion-aeropuerto\/#breadcrumb"},"inLanguage":"es","potentialAction":[{"@type":"ReadAction","target":["https:\/\/www.ascef.com\/es\/ascef-manifiesto-ampliacion-aeropuerto\/"]}]},{"@type":"ImageObject","inLanguage":"es","@id":"https:\/\/www.ascef.com\/es\/ascef-manifiesto-ampliacion-aeropuerto\/#primaryimage","url":"https:\/\/www.ascef.com\/wp-content\/uploads\/2021\/06\/acte_aeroport_web.jpg","contentUrl":"https:\/\/www.ascef.com\/wp-content\/uploads\/2021\/06\/acte_aeroport_web.jpg","width":2560,"height":1678},{"@type":"BreadcrumbList","@id":"https:\/\/www.ascef.com\/es\/ascef-manifiesto-ampliacion-aeropuerto\/#breadcrumb","itemListElement":[{"@type":"ListItem","position":1,"name":"Portada","item":"https:\/\/www.ascef.com\/es\/"},{"@type":"ListItem","position":2,"name":"La ASCEF se adhiere al manifiesto en defensa de la ampliaci\u00f3n del Aeropuerto Josep Tarradellas Barcelona \u2013 El Prat"}]},{"@type":"WebSite","@id":"https:\/\/www.ascef.com\/es\/#website","url":"https:\/\/www.ascef.com\/es\/","name":"ASCEF","description":"Associaci\u00f3 Catalana de l\u2019Empresa Familiar","potentialAction":[{"@type":"SearchAction","target":{"@type":"EntryPoint","urlTemplate":"https:\/\/www.ascef.com\/es\/?s={search_term_string}"},"query-input":{"@type":"PropertyValueSpecification","valueRequired":true,"valueName":"search_term_string"}}],"inLanguage":"es"},{"@type":"Person","@id":"https:\/\/www.ascef.com\/es\/#\/schema\/person\/e0bdccd3e1665871f0e79e3a50ad6b02","name":"Borja Igual","url":"https:\/\/www.ascef.com\/es\/author\/bigual1990mcs-com\/"}]}},"_links":{"self":[{"href":"https:\/\/www.ascef.com\/es\/wp-json\/wp\/v2\/posts\/3468","targetHints":{"allow":["GET"]}}],"collection":[{"href":"https:\/\/www.ascef.com\/es\/wp-json\/wp\/v2\/posts"}],"about":[{"href":"https:\/\/www.ascef.com\/es\/wp-json\/wp\/v2\/types\/post"}],"author":[{"embeddable":true,"href":"https:\/\/www.ascef.com\/es\/wp-json\/wp\/v2\/users\/292"}],"replies":[{"embeddable":true,"href":"https:\/\/www.ascef.com\/es\/wp-json\/wp\/v2\/comments?post=3468"}],"version-history":[{"count":1,"href":"https:\/\/www.ascef.com\/es\/wp-json\/wp\/v2\/posts\/3468\/revisions"}],"predecessor-version":[{"id":3469,"href":"https:\/\/www.ascef.com\/es\/wp-json\/wp\/v2\/posts\/3468\/revisions\/3469"}],"wp:featuredmedia":[{"embeddable":true,"href":"https:\/\/www.ascef.com\/es\/wp-json\/wp\/v2\/media\/3473"}],"wp:attachment":[{"href":"https:\/\/www.ascef.com\/es\/wp-json\/wp\/v2\/media?parent=3468"}],"wp:term":[{"taxonomy":"category","embeddable":true,"href":"https:\/\/www.ascef.com\/es\/wp-json\/wp\/v2\/categories?post=3468"},{"taxonomy":"post_tag","embeddable":true,"href":"https:\/\/www.ascef.com\/es\/wp-json\/wp\/v2\/tags?post=3468"}],"curies":[{"name":"wp","href":"https:\/\/api.w.org\/{rel}","templated":true}]}}