{"id":3460,"date":"2021-05-31T11:33:59","date_gmt":"2021-05-31T11:33:59","guid":{"rendered":"https:\/\/www.ascef.com\/?p=3460"},"modified":"2021-05-31T11:33:59","modified_gmt":"2021-05-31T11:33:59","slug":"empresa-familiar-credit-suisse","status":"publish","type":"post","link":"https:\/\/www.ascef.com\/es\/empresa-familiar-credit-suisse\/","title":{"rendered":"Las Asociaciones Territoriales de la Empresa Familiar firman un acuerdo con Credit Suisse para impulsar un nuevo ciclo de \u00abLa Empresa Familiar Comparte\u00bb"},"content":{"rendered":"<ul>\n<li>La entidad financiera patrocinar\u00e1 una nueva edici\u00f3n de esta iniciativa que re\u00fane a empresas familiares de toda Espa\u00f1a para poner en com\u00fan sus experiencias y estrategias<\/li>\n<\/ul>\n<p>La red de <u><a href=\"https:\/\/www.iefamiliar.com\/asociaciones-territoriales\/\" target=\"_blank\" rel=\"noopener noreferrer\"><strong>Asociaciones Territoriales de la Empresa Familiar<\/strong><\/a><\/u>, de la que forman parte 18 organizaciones entre ellas la <u><a href=\"https:\/\/www.ascef.com\/es\/\" target=\"_blank\" rel=\"noopener noreferrer\"><strong>Asociaci\u00f3n Catalana de la Empresa Familiar (ASCEF)<\/strong><\/a><\/u>, ha firmado un acuerdo con <u><a href=\"https:\/\/www.credit-suisse.com\/es\/es.html\" target=\"_blank\" rel=\"noopener noreferrer\"><strong>Credit Suisse<\/strong><\/a><\/u> por el que esta entidad financiera se compromete a patrocinar la organizaci\u00f3n de un nuevo ciclo de jornadas bajo el t\u00edtulo \u00ab<em>La Empresa Familiar Comparte<\/em>\u00ab.<\/p>\n<p>De esta manera, se prolongar\u00e1 durante 2021 una iniciativa que naci\u00f3 hace un a\u00f1o, nada m\u00e1s decretarse la pandemia por Covid-19, y que ha permitido a empresarios familiares de toda Espa\u00f1a y pertenecientes a los m\u00e1s diversos sectores de la econom\u00eda poner en com\u00fan sus experiencias y estrategias para encarar la situaci\u00f3n sobrevenida.<\/p>\n<p>La nueva edici\u00f3n de \u00ab<em>La Empresa Familiar Comparte<\/em>\u00bb comprende cuatro sesiones que ser\u00e1n celebradas de manera online entre los meses de mayo y noviembre de este a\u00f1o.<\/p>\n<p>Las asociaciones vinculadas a este proyecto cubren la totalidad de las comunidades aut\u00f3nomas espa\u00f1olas, y engloban a 1.200 empresas de todos los sectores de actividad, representando un 10% del PIB nacional.<\/p>\n<p>Su misi\u00f3n consiste en defender a las empresas familiares espa\u00f1olas como el motor de la econom\u00eda productiva y la generaci\u00f3n de empleo en la regi\u00f3n, fomentar la cultura empresarial y promover la continuidad de este tipo de empresas.<\/p>\n<p>La firma del acuerdo ha tenido lugar hoy de manera online entre Matilde de la Pe\u00f1a El\u00edas y D. Rafael de Villar \u00c1lvarez, en calidad de apoderados de <strong>Credit Suisse<\/strong>, y David Gonz\u00e1lez Pescador, director de la <u><a href=\"https:\/\/www.acefam.org\/\" target=\"_blank\" rel=\"noopener noreferrer\"><strong>Asociaci\u00f3n C\u00e1ntabra de la Empresa Familiar (ACEFAM)<\/strong><\/a><\/u> y representante de la <strong>Red de Asociaciones de la Empresa Familiar<\/strong> para este ciclo.<\/p>\n","protected":false},"excerpt":{"rendered":"<p>La entidad financiera patrocinar\u00e1 una nueva edici\u00f3n de esta iniciativa que re\u00fane a empresas familiares de toda Espa\u00f1a para poner en com\u00fan sus experiencias y estrategias La red de Asociaciones Territoriales de la Empresa Familiar, de la que forman parte 18 organizaciones entre ellas la Asociaci\u00f3n Catalana de la Empresa Familiar (ASCEF), ha firmado un [&hellip;]<\/p>\n","protected":false},"author":292,"featured_media":3459,"comment_status":"open","ping_status":"open","sticky":false,"template":"","format":"standard","meta":{"_acf_changed":false,"footnotes":""},"categories":[185],"tags":[],"class_list":["post-3460","post","type-post","status-publish","format-standard","has-post-thumbnail","hentry","category-general"],"acf":[],"yoast_head":"<!-- This site is optimized with the Yoast SEO plugin v27.5 - https:\/\/yoast.com\/product\/yoast-seo-wordpress\/ -->\n<title>Las Asociaciones Territoriales de la Empresa Familiar firman un acuerdo con Credit Suisse para impulsar un nuevo ciclo de &quot;La Empresa Familiar Comparte&quot; - ASCEF<\/title>\n<meta name=\"description\" content=\"La red de Asociaciones Territoriales de la Empresa Familiar, de la que forma parte ASCEF, ha firmado un acuerdo con Credit Suisse por el que \u00e9sta patrocinar\u00e1 el nuevo ciclo de jornadas bajo el t\u00edtulo &quot;La Empresa Familiar Comparte&quot;.\" \/>\n<meta name=\"robots\" content=\"index, follow, max-snippet:-1, max-image-preview:large, max-video-preview:-1\" \/>\n<link rel=\"canonical\" href=\"https:\/\/www.ascef.com\/es\/empresa-familiar-credit-suisse\/\" \/>\n<meta property=\"og:locale\" content=\"es_ES\" \/>\n<meta property=\"og:type\" content=\"article\" \/>\n<meta property=\"og:title\" content=\"Las Asociaciones Territoriales de la Empresa Familiar firman un acuerdo con Credit Suisse para impulsar un nuevo ciclo de &quot;La Empresa Familiar Comparte&quot; - ASCEF\" \/>\n<meta property=\"og:description\" content=\"La red de Asociaciones Territoriales de la Empresa Familiar, de la que forma parte ASCEF, ha firmado un acuerdo con Credit Suisse por el que \u00e9sta patrocinar\u00e1 el nuevo ciclo de jornadas bajo el t\u00edtulo &quot;La Empresa Familiar Comparte&quot;.\" \/>\n<meta property=\"og:url\" content=\"https:\/\/www.ascef.com\/es\/empresa-familiar-credit-suisse\/\" \/>\n<meta property=\"og:site_name\" content=\"ASCEF\" \/>\n<meta property=\"article:published_time\" content=\"2021-05-31T11:33:59+00:00\" \/>\n<meta property=\"og:image\" content=\"https:\/\/www.ascef.com\/wp-content\/uploads\/2021\/05\/IMAGEN-GENERAL-CICLO-NPweb.jpg\" \/>\n\t<meta property=\"og:image:width\" content=\"2501\" \/>\n\t<meta property=\"og:image:height\" content=\"1639\" \/>\n\t<meta property=\"og:image:type\" content=\"image\/jpeg\" \/>\n<meta name=\"author\" content=\"Borja Igual\" \/>\n<meta name=\"twitter:card\" content=\"summary_large_image\" \/>\n<meta name=\"twitter:label1\" content=\"Escrito por\" \/>\n\t<meta name=\"twitter:data1\" content=\"Borja Igual\" \/>\n\t<meta name=\"twitter:label2\" content=\"Tiempo de lectura\" \/>\n\t<meta name=\"twitter:data2\" content=\"2 minutos\" \/>\n<script type=\"application\/ld+json\" class=\"yoast-schema-graph\">{\"@context\":\"https:\\\/\\\/schema.org\",\"@graph\":[{\"@type\":\"Article\",\"@id\":\"https:\\\/\\\/www.ascef.com\\\/es\\\/empresa-familiar-credit-suisse\\\/#article\",\"isPartOf\":{\"@id\":\"https:\\\/\\\/www.ascef.com\\\/es\\\/empresa-familiar-credit-suisse\\\/\"},\"author\":{\"name\":\"Borja Igual\",\"@id\":\"https:\\\/\\\/www.ascef.com\\\/es\\\/#\\\/schema\\\/person\\\/e0bdccd3e1665871f0e79e3a50ad6b02\"},\"headline\":\"Las Asociaciones Territoriales de la Empresa Familiar firman un acuerdo con Credit Suisse para impulsar un nuevo ciclo de \u00abLa Empresa Familiar Comparte\u00bb\",\"datePublished\":\"2021-05-31T11:33:59+00:00\",\"mainEntityOfPage\":{\"@id\":\"https:\\\/\\\/www.ascef.com\\\/es\\\/empresa-familiar-credit-suisse\\\/\"},\"wordCount\":339,\"commentCount\":0,\"image\":{\"@id\":\"https:\\\/\\\/www.ascef.com\\\/es\\\/empresa-familiar-credit-suisse\\\/#primaryimage\"},\"thumbnailUrl\":\"https:\\\/\\\/www.ascef.com\\\/wp-content\\\/uploads\\\/2021\\\/05\\\/IMAGEN-GENERAL-CICLO-NPweb.jpg\",\"articleSection\":[\"general\"],\"inLanguage\":\"es\"},{\"@type\":\"WebPage\",\"@id\":\"https:\\\/\\\/www.ascef.com\\\/es\\\/empresa-familiar-credit-suisse\\\/\",\"url\":\"https:\\\/\\\/www.ascef.com\\\/es\\\/empresa-familiar-credit-suisse\\\/\",\"name\":\"Las Asociaciones Territoriales de la Empresa Familiar firman un acuerdo con Credit Suisse para impulsar un nuevo ciclo de \\\"La Empresa Familiar Comparte\\\" - ASCEF\",\"isPartOf\":{\"@id\":\"https:\\\/\\\/www.ascef.com\\\/es\\\/#website\"},\"primaryImageOfPage\":{\"@id\":\"https:\\\/\\\/www.ascef.com\\\/es\\\/empresa-familiar-credit-suisse\\\/#primaryimage\"},\"image\":{\"@id\":\"https:\\\/\\\/www.ascef.com\\\/es\\\/empresa-familiar-credit-suisse\\\/#primaryimage\"},\"thumbnailUrl\":\"https:\\\/\\\/www.ascef.com\\\/wp-content\\\/uploads\\\/2021\\\/05\\\/IMAGEN-GENERAL-CICLO-NPweb.jpg\",\"datePublished\":\"2021-05-31T11:33:59+00:00\",\"author\":{\"@id\":\"https:\\\/\\\/www.ascef.com\\\/es\\\/#\\\/schema\\\/person\\\/e0bdccd3e1665871f0e79e3a50ad6b02\"},\"description\":\"La red de Asociaciones Territoriales de la Empresa Familiar, de la que forma parte ASCEF, ha firmado un acuerdo con Credit Suisse por el que \u00e9sta patrocinar\u00e1 el nuevo ciclo de jornadas bajo el t\u00edtulo \\\"La Empresa Familiar Comparte\\\".\",\"breadcrumb\":{\"@id\":\"https:\\\/\\\/www.ascef.com\\\/es\\\/empresa-familiar-credit-suisse\\\/#breadcrumb\"},\"inLanguage\":\"es\",\"potentialAction\":[{\"@type\":\"ReadAction\",\"target\":[\"https:\\\/\\\/www.ascef.com\\\/es\\\/empresa-familiar-credit-suisse\\\/\"]}]},{\"@type\":\"ImageObject\",\"inLanguage\":\"es\",\"@id\":\"https:\\\/\\\/www.ascef.com\\\/es\\\/empresa-familiar-credit-suisse\\\/#primaryimage\",\"url\":\"https:\\\/\\\/www.ascef.com\\\/wp-content\\\/uploads\\\/2021\\\/05\\\/IMAGEN-GENERAL-CICLO-NPweb.jpg\",\"contentUrl\":\"https:\\\/\\\/www.ascef.com\\\/wp-content\\\/uploads\\\/2021\\\/05\\\/IMAGEN-GENERAL-CICLO-NPweb.jpg\",\"width\":2501,\"height\":1639},{\"@type\":\"BreadcrumbList\",\"@id\":\"https:\\\/\\\/www.ascef.com\\\/es\\\/empresa-familiar-credit-suisse\\\/#breadcrumb\",\"itemListElement\":[{\"@type\":\"ListItem\",\"position\":1,\"name\":\"Portada\",\"item\":\"https:\\\/\\\/www.ascef.com\\\/es\\\/\"},{\"@type\":\"ListItem\",\"position\":2,\"name\":\"Las Asociaciones Territoriales de la Empresa Familiar firman un acuerdo con Credit Suisse para impulsar un nuevo ciclo de \u00abLa Empresa Familiar Comparte\u00bb\"}]},{\"@type\":\"WebSite\",\"@id\":\"https:\\\/\\\/www.ascef.com\\\/es\\\/#website\",\"url\":\"https:\\\/\\\/www.ascef.com\\\/es\\\/\",\"name\":\"ASCEF\",\"description\":\"Associaci\u00f3 Catalana de l\u2019Empresa Familiar\",\"potentialAction\":[{\"@type\":\"SearchAction\",\"target\":{\"@type\":\"EntryPoint\",\"urlTemplate\":\"https:\\\/\\\/www.ascef.com\\\/es\\\/?s={search_term_string}\"},\"query-input\":{\"@type\":\"PropertyValueSpecification\",\"valueRequired\":true,\"valueName\":\"search_term_string\"}}],\"inLanguage\":\"es\"},{\"@type\":\"Person\",\"@id\":\"https:\\\/\\\/www.ascef.com\\\/es\\\/#\\\/schema\\\/person\\\/e0bdccd3e1665871f0e79e3a50ad6b02\",\"name\":\"Borja Igual\",\"url\":\"https:\\\/\\\/www.ascef.com\\\/es\\\/author\\\/bigual1990mcs-com\\\/\"}]}<\/script>\n<!-- \/ Yoast SEO plugin. -->","yoast_head_json":{"title":"Las Asociaciones Territoriales de la Empresa Familiar firman un acuerdo con Credit Suisse para impulsar un nuevo ciclo de \"La Empresa Familiar Comparte\" - ASCEF","description":"La red de Asociaciones Territoriales de la Empresa Familiar, de la que forma parte ASCEF, ha firmado un acuerdo con Credit Suisse por el que \u00e9sta patrocinar\u00e1 el nuevo ciclo de jornadas bajo el t\u00edtulo \"La Empresa Familiar Comparte\".","robots":{"index":"index","follow":"follow","max-snippet":"max-snippet:-1","max-image-preview":"max-image-preview:large","max-video-preview":"max-video-preview:-1"},"canonical":"https:\/\/www.ascef.com\/es\/empresa-familiar-credit-suisse\/","og_locale":"es_ES","og_type":"article","og_title":"Las Asociaciones Territoriales de la Empresa Familiar firman un acuerdo con Credit Suisse para impulsar un nuevo ciclo de \"La Empresa Familiar Comparte\" - ASCEF","og_description":"La red de Asociaciones Territoriales de la Empresa Familiar, de la que forma parte ASCEF, ha firmado un acuerdo con Credit Suisse por el que \u00e9sta patrocinar\u00e1 el nuevo ciclo de jornadas bajo el t\u00edtulo \"La Empresa Familiar Comparte\".","og_url":"https:\/\/www.ascef.com\/es\/empresa-familiar-credit-suisse\/","og_site_name":"ASCEF","article_published_time":"2021-05-31T11:33:59+00:00","og_image":[{"width":2501,"height":1639,"url":"https:\/\/www.ascef.com\/wp-content\/uploads\/2021\/05\/IMAGEN-GENERAL-CICLO-NPweb.jpg","type":"image\/jpeg"}],"author":"Borja Igual","twitter_card":"summary_large_image","twitter_misc":{"Escrito por":"Borja Igual","Tiempo de lectura":"2 minutos"},"schema":{"@context":"https:\/\/schema.org","@graph":[{"@type":"Article","@id":"https:\/\/www.ascef.com\/es\/empresa-familiar-credit-suisse\/#article","isPartOf":{"@id":"https:\/\/www.ascef.com\/es\/empresa-familiar-credit-suisse\/"},"author":{"name":"Borja Igual","@id":"https:\/\/www.ascef.com\/es\/#\/schema\/person\/e0bdccd3e1665871f0e79e3a50ad6b02"},"headline":"Las Asociaciones Territoriales de la Empresa Familiar firman un acuerdo con Credit Suisse para impulsar un nuevo ciclo de \u00abLa Empresa Familiar Comparte\u00bb","datePublished":"2021-05-31T11:33:59+00:00","mainEntityOfPage":{"@id":"https:\/\/www.ascef.com\/es\/empresa-familiar-credit-suisse\/"},"wordCount":339,"commentCount":0,"image":{"@id":"https:\/\/www.ascef.com\/es\/empresa-familiar-credit-suisse\/#primaryimage"},"thumbnailUrl":"https:\/\/www.ascef.com\/wp-content\/uploads\/2021\/05\/IMAGEN-GENERAL-CICLO-NPweb.jpg","articleSection":["general"],"inLanguage":"es"},{"@type":"WebPage","@id":"https:\/\/www.ascef.com\/es\/empresa-familiar-credit-suisse\/","url":"https:\/\/www.ascef.com\/es\/empresa-familiar-credit-suisse\/","name":"Las Asociaciones Territoriales de la Empresa Familiar firman un acuerdo con Credit Suisse para impulsar un nuevo ciclo de \"La Empresa Familiar Comparte\" - ASCEF","isPartOf":{"@id":"https:\/\/www.ascef.com\/es\/#website"},"primaryImageOfPage":{"@id":"https:\/\/www.ascef.com\/es\/empresa-familiar-credit-suisse\/#primaryimage"},"image":{"@id":"https:\/\/www.ascef.com\/es\/empresa-familiar-credit-suisse\/#primaryimage"},"thumbnailUrl":"https:\/\/www.ascef.com\/wp-content\/uploads\/2021\/05\/IMAGEN-GENERAL-CICLO-NPweb.jpg","datePublished":"2021-05-31T11:33:59+00:00","author":{"@id":"https:\/\/www.ascef.com\/es\/#\/schema\/person\/e0bdccd3e1665871f0e79e3a50ad6b02"},"description":"La red de Asociaciones Territoriales de la Empresa Familiar, de la que forma parte ASCEF, ha firmado un acuerdo con Credit Suisse por el que \u00e9sta patrocinar\u00e1 el nuevo ciclo de jornadas bajo el t\u00edtulo \"La Empresa Familiar Comparte\".","breadcrumb":{"@id":"https:\/\/www.ascef.com\/es\/empresa-familiar-credit-suisse\/#breadcrumb"},"inLanguage":"es","potentialAction":[{"@type":"ReadAction","target":["https:\/\/www.ascef.com\/es\/empresa-familiar-credit-suisse\/"]}]},{"@type":"ImageObject","inLanguage":"es","@id":"https:\/\/www.ascef.com\/es\/empresa-familiar-credit-suisse\/#primaryimage","url":"https:\/\/www.ascef.com\/wp-content\/uploads\/2021\/05\/IMAGEN-GENERAL-CICLO-NPweb.jpg","contentUrl":"https:\/\/www.ascef.com\/wp-content\/uploads\/2021\/05\/IMAGEN-GENERAL-CICLO-NPweb.jpg","width":2501,"height":1639},{"@type":"BreadcrumbList","@id":"https:\/\/www.ascef.com\/es\/empresa-familiar-credit-suisse\/#breadcrumb","itemListElement":[{"@type":"ListItem","position":1,"name":"Portada","item":"https:\/\/www.ascef.com\/es\/"},{"@type":"ListItem","position":2,"name":"Las Asociaciones Territoriales de la Empresa Familiar firman un acuerdo con Credit Suisse para impulsar un nuevo ciclo de \u00abLa Empresa Familiar Comparte\u00bb"}]},{"@type":"WebSite","@id":"https:\/\/www.ascef.com\/es\/#website","url":"https:\/\/www.ascef.com\/es\/","name":"ASCEF","description":"Associaci\u00f3 Catalana de l\u2019Empresa Familiar","potentialAction":[{"@type":"SearchAction","target":{"@type":"EntryPoint","urlTemplate":"https:\/\/www.ascef.com\/es\/?s={search_term_string}"},"query-input":{"@type":"PropertyValueSpecification","valueRequired":true,"valueName":"search_term_string"}}],"inLanguage":"es"},{"@type":"Person","@id":"https:\/\/www.ascef.com\/es\/#\/schema\/person\/e0bdccd3e1665871f0e79e3a50ad6b02","name":"Borja Igual","url":"https:\/\/www.ascef.com\/es\/author\/bigual1990mcs-com\/"}]}},"_links":{"self":[{"href":"https:\/\/www.ascef.com\/es\/wp-json\/wp\/v2\/posts\/3460","targetHints":{"allow":["GET"]}}],"collection":[{"href":"https:\/\/www.ascef.com\/es\/wp-json\/wp\/v2\/posts"}],"about":[{"href":"https:\/\/www.ascef.com\/es\/wp-json\/wp\/v2\/types\/post"}],"author":[{"embeddable":true,"href":"https:\/\/www.ascef.com\/es\/wp-json\/wp\/v2\/users\/292"}],"replies":[{"embeddable":true,"href":"https:\/\/www.ascef.com\/es\/wp-json\/wp\/v2\/comments?post=3460"}],"version-history":[{"count":2,"href":"https:\/\/www.ascef.com\/es\/wp-json\/wp\/v2\/posts\/3460\/revisions"}],"predecessor-version":[{"id":3462,"href":"https:\/\/www.ascef.com\/es\/wp-json\/wp\/v2\/posts\/3460\/revisions\/3462"}],"wp:featuredmedia":[{"embeddable":true,"href":"https:\/\/www.ascef.com\/es\/wp-json\/wp\/v2\/media\/3459"}],"wp:attachment":[{"href":"https:\/\/www.ascef.com\/es\/wp-json\/wp\/v2\/media?parent=3460"}],"wp:term":[{"taxonomy":"category","embeddable":true,"href":"https:\/\/www.ascef.com\/es\/wp-json\/wp\/v2\/categories?post=3460"},{"taxonomy":"post_tag","embeddable":true,"href":"https:\/\/www.ascef.com\/es\/wp-json\/wp\/v2\/tags?post=3460"}],"curies":[{"name":"wp","href":"https:\/\/api.w.org\/{rel}","templated":true}]}}