{"id":3365,"date":"2021-05-12T11:13:32","date_gmt":"2021-05-12T11:13:32","guid":{"rendered":"https:\/\/www.ascef.com\/?p=3365"},"modified":"2021-05-20T15:46:34","modified_gmt":"2021-05-20T15:46:34","slug":"empresas-familiares-observatorio-2021","status":"publish","type":"post","link":"https:\/\/www.ascef.com\/es\/empresas-familiares-observatorio-2021\/","title":{"rendered":"El 62% de las empresas familiares aumentaron o mantuvieron plantilla en 2020"},"content":{"rendered":"<p><strong>El 62% de las empresas familiares consiguieron aumentar o mantener su plantilla de trabajadores durante el a\u00f1o 2020 respeto el a\u00f1o anterior<\/strong>. Esta es uno de los datos que recoge el <u><a href=\"https:\/\/www.iefamiliar.com\/publicaciones\/observatorio-de-la-empresa-familiar\/\" target=\"_blank\" rel=\"noopener noreferrer\"><strong>Observatorio de la Empresa Familiar<\/strong><\/a><\/u>, elaborador por el <u><a href=\"https:\/\/www.iefamiliar.com\/\" target=\"_blank\" rel=\"noopener noreferrer\"><strong>Instituto de la Empresa Familiar (IEF)<\/strong><\/a><\/u> y <u><a href=\"https:\/\/www2.deloitte.com\/es\/es.html\" target=\"_blank\" rel=\"noopener noreferrer\"><strong>Deloitte<\/strong><\/a><\/u>, que se present\u00f3 en la Asamblea Anual del IEF a la que asisti\u00f3 el presidente de la <u><a href=\"https:\/\/www.ascef.com\/es\/\" target=\"_blank\" rel=\"noopener noreferrer\"><strong>Asociaci\u00f3n Catalana de la Empresa Familiar (ASCEF)<\/strong><\/a><\/u>, <strong>Amadeu Jori<\/strong>, en representaci\u00f3n de las empresas socias de la entidad.<\/p>\n<p>El <strong>Observatorio de la Empresa Familiar <\/strong>recoge, entre otros aspectos, los efectos que la pandemia ha tenido en la actividad y las cuentas de las empresas familiares que forman parte del <strong>IEF<\/strong>, la <strong>ASCEF<\/strong> y la resta de las <u><a href=\"https:\/\/www.iefamiliar.com\/asociaciones-territoriales\/\" target=\"_blank\" rel=\"noopener noreferrer\"><strong>Asociaciones Territoriales de Empresa Familiar de Espa\u00f1a<\/strong><\/a><\/u>. A pesar del buen dato en materia de empleo, la crisis causada por la pandemia de la Covid19 ha tenido un impacto negativo en la facturaci\u00f3n y resultados econ\u00f3micos de las empresas familiares.<\/p>\n<p>En concreto, el n\u00famero de empresas familiares que registraron p\u00e9rdidas el a\u00f1o 2020 se multiplicaron por tres respecto al 2019, <strong>pasando del 4% del total al 12%<\/strong>. Sobre este aspecto, el 46% de las empresas no repartieron dividendos, mientras que el 42% restante pudieron repartir. Por otro lado, y en relaci\u00f3n con la facturaci\u00f3n, m\u00e1s de la mitad de las empresas familiares (el 57%) la vieron reducida: <strong>una de cada cinco empresas sufri\u00f3 una disminuci\u00f3n superior al 20%<\/strong>. Seg\u00fan datos del Observatorio de la Empresa Familiar, el 36% consiguieron aumentar su facturaci\u00f3n. Esta mejora, no obstante, mayoritariamente fue inferior al 10%.<\/p>\n<p>En la clausura de la Asamblea Anual, el presidente del <strong>IEF Marc Puig<\/strong> reiter\u00f3 ante la vicepresidenta segunda del Gobierno y ministra de Econom\u00eda <strong>Nadia Calvi\u00f1o <\/strong>el <strong>compromiso de la empresa familiar para contribuir a la recuperaci\u00f3n, reclamando un entorno favorable<\/strong> para la inversi\u00f3n, con reglas claras y predecibles, y un marco fiscal que \u00ab<em>no sea peor que el del resto de Europa<\/em>\u00ab.<\/p>\n","protected":false},"excerpt":{"rendered":"<p>El 62% de las empresas familiares consiguieron aumentar o mantener su plantilla de trabajadores durante el a\u00f1o 2020 respeto el a\u00f1o anterior. Esta es uno de los datos que recoge el Observatorio de la Empresa Familiar, elaborador por el Instituto de la Empresa Familiar (IEF) y Deloitte, que se present\u00f3 en la Asamblea Anual del [&hellip;]<\/p>\n","protected":false},"author":292,"featured_media":3369,"comment_status":"open","ping_status":"open","sticky":false,"template":"","format":"standard","meta":{"_acf_changed":false,"footnotes":""},"categories":[185],"tags":[],"class_list":["post-3365","post","type-post","status-publish","format-standard","has-post-thumbnail","hentry","category-general"],"acf":[],"yoast_head":"<!-- This site is optimized with the Yoast SEO plugin v27.5 - https:\/\/yoast.com\/product\/yoast-seo-wordpress\/ -->\n<title>Empresas familiares: El 62% aumentaron o mantuvieron plantilla el 2020 - ASCEF<\/title>\n<meta name=\"description\" content=\"El Observatorio de la Empresa Familiar recoge, entre otros, los efectos que la pandemia ha tenido en la actividad y las cuentas de las empresas familiares\" \/>\n<meta name=\"robots\" content=\"index, follow, max-snippet:-1, max-image-preview:large, max-video-preview:-1\" \/>\n<link rel=\"canonical\" href=\"https:\/\/www.ascef.com\/es\/empresas-familiares-observatorio-2021\/\" \/>\n<meta property=\"og:locale\" content=\"es_ES\" \/>\n<meta property=\"og:type\" content=\"article\" \/>\n<meta property=\"og:title\" content=\"Empresas familiares: El 62% aumentaron o mantuvieron plantilla el 2020 - ASCEF\" \/>\n<meta property=\"og:description\" content=\"El Observatorio de la Empresa Familiar recoge, entre otros, los efectos que la pandemia ha tenido en la actividad y las cuentas de las empresas familiares\" \/>\n<meta property=\"og:url\" content=\"https:\/\/www.ascef.com\/es\/empresas-familiares-observatorio-2021\/\" \/>\n<meta property=\"og:site_name\" content=\"ASCEF\" \/>\n<meta property=\"article:published_time\" content=\"2021-05-12T11:13:32+00:00\" \/>\n<meta property=\"article:modified_time\" content=\"2021-05-20T15:46:34+00:00\" \/>\n<meta property=\"og:image\" content=\"https:\/\/www.ascef.com\/wp-content\/uploads\/2021\/05\/AATT_IEF_asamblea_web.jpg\" \/>\n\t<meta property=\"og:image:width\" content=\"1024\" \/>\n\t<meta property=\"og:image:height\" content=\"671\" \/>\n\t<meta property=\"og:image:type\" content=\"image\/jpeg\" \/>\n<meta name=\"author\" content=\"Borja Igual\" \/>\n<meta name=\"twitter:card\" content=\"summary_large_image\" \/>\n<meta name=\"twitter:label1\" content=\"Escrito por\" \/>\n\t<meta name=\"twitter:data1\" content=\"Borja Igual\" \/>\n\t<meta name=\"twitter:label2\" content=\"Tiempo de lectura\" \/>\n\t<meta name=\"twitter:data2\" content=\"2 minutos\" \/>\n<script type=\"application\/ld+json\" class=\"yoast-schema-graph\">{\"@context\":\"https:\\\/\\\/schema.org\",\"@graph\":[{\"@type\":\"Article\",\"@id\":\"https:\\\/\\\/www.ascef.com\\\/es\\\/empresas-familiares-observatorio-2021\\\/#article\",\"isPartOf\":{\"@id\":\"https:\\\/\\\/www.ascef.com\\\/es\\\/empresas-familiares-observatorio-2021\\\/\"},\"author\":{\"name\":\"Borja Igual\",\"@id\":\"https:\\\/\\\/www.ascef.com\\\/es\\\/#\\\/schema\\\/person\\\/e0bdccd3e1665871f0e79e3a50ad6b02\"},\"headline\":\"El 62% de las empresas familiares aumentaron o mantuvieron plantilla en 2020\",\"datePublished\":\"2021-05-12T11:13:32+00:00\",\"dateModified\":\"2021-05-20T15:46:34+00:00\",\"mainEntityOfPage\":{\"@id\":\"https:\\\/\\\/www.ascef.com\\\/es\\\/empresas-familiares-observatorio-2021\\\/\"},\"wordCount\":343,\"commentCount\":0,\"image\":{\"@id\":\"https:\\\/\\\/www.ascef.com\\\/es\\\/empresas-familiares-observatorio-2021\\\/#primaryimage\"},\"thumbnailUrl\":\"https:\\\/\\\/www.ascef.com\\\/wp-content\\\/uploads\\\/2021\\\/05\\\/AATT_IEF_asamblea_web.jpg\",\"articleSection\":[\"general\"],\"inLanguage\":\"es\"},{\"@type\":\"WebPage\",\"@id\":\"https:\\\/\\\/www.ascef.com\\\/es\\\/empresas-familiares-observatorio-2021\\\/\",\"url\":\"https:\\\/\\\/www.ascef.com\\\/es\\\/empresas-familiares-observatorio-2021\\\/\",\"name\":\"Empresas familiares: El 62% aumentaron o mantuvieron plantilla el 2020 - ASCEF\",\"isPartOf\":{\"@id\":\"https:\\\/\\\/www.ascef.com\\\/es\\\/#website\"},\"primaryImageOfPage\":{\"@id\":\"https:\\\/\\\/www.ascef.com\\\/es\\\/empresas-familiares-observatorio-2021\\\/#primaryimage\"},\"image\":{\"@id\":\"https:\\\/\\\/www.ascef.com\\\/es\\\/empresas-familiares-observatorio-2021\\\/#primaryimage\"},\"thumbnailUrl\":\"https:\\\/\\\/www.ascef.com\\\/wp-content\\\/uploads\\\/2021\\\/05\\\/AATT_IEF_asamblea_web.jpg\",\"datePublished\":\"2021-05-12T11:13:32+00:00\",\"dateModified\":\"2021-05-20T15:46:34+00:00\",\"author\":{\"@id\":\"https:\\\/\\\/www.ascef.com\\\/es\\\/#\\\/schema\\\/person\\\/e0bdccd3e1665871f0e79e3a50ad6b02\"},\"description\":\"El Observatorio de la Empresa Familiar recoge, entre otros, los efectos que la pandemia ha tenido en la actividad y las cuentas de las empresas familiares\",\"breadcrumb\":{\"@id\":\"https:\\\/\\\/www.ascef.com\\\/es\\\/empresas-familiares-observatorio-2021\\\/#breadcrumb\"},\"inLanguage\":\"es\",\"potentialAction\":[{\"@type\":\"ReadAction\",\"target\":[\"https:\\\/\\\/www.ascef.com\\\/es\\\/empresas-familiares-observatorio-2021\\\/\"]}]},{\"@type\":\"ImageObject\",\"inLanguage\":\"es\",\"@id\":\"https:\\\/\\\/www.ascef.com\\\/es\\\/empresas-familiares-observatorio-2021\\\/#primaryimage\",\"url\":\"https:\\\/\\\/www.ascef.com\\\/wp-content\\\/uploads\\\/2021\\\/05\\\/AATT_IEF_asamblea_web.jpg\",\"contentUrl\":\"https:\\\/\\\/www.ascef.com\\\/wp-content\\\/uploads\\\/2021\\\/05\\\/AATT_IEF_asamblea_web.jpg\",\"width\":1024,\"height\":671,\"caption\":\"binary comment\"},{\"@type\":\"BreadcrumbList\",\"@id\":\"https:\\\/\\\/www.ascef.com\\\/es\\\/empresas-familiares-observatorio-2021\\\/#breadcrumb\",\"itemListElement\":[{\"@type\":\"ListItem\",\"position\":1,\"name\":\"Portada\",\"item\":\"https:\\\/\\\/www.ascef.com\\\/es\\\/\"},{\"@type\":\"ListItem\",\"position\":2,\"name\":\"El 62% de las empresas familiares aumentaron o mantuvieron plantilla en 2020\"}]},{\"@type\":\"WebSite\",\"@id\":\"https:\\\/\\\/www.ascef.com\\\/es\\\/#website\",\"url\":\"https:\\\/\\\/www.ascef.com\\\/es\\\/\",\"name\":\"ASCEF\",\"description\":\"Associaci\u00f3 Catalana de l\u2019Empresa Familiar\",\"potentialAction\":[{\"@type\":\"SearchAction\",\"target\":{\"@type\":\"EntryPoint\",\"urlTemplate\":\"https:\\\/\\\/www.ascef.com\\\/es\\\/?s={search_term_string}\"},\"query-input\":{\"@type\":\"PropertyValueSpecification\",\"valueRequired\":true,\"valueName\":\"search_term_string\"}}],\"inLanguage\":\"es\"},{\"@type\":\"Person\",\"@id\":\"https:\\\/\\\/www.ascef.com\\\/es\\\/#\\\/schema\\\/person\\\/e0bdccd3e1665871f0e79e3a50ad6b02\",\"name\":\"Borja Igual\",\"url\":\"https:\\\/\\\/www.ascef.com\\\/es\\\/author\\\/bigual1990mcs-com\\\/\"}]}<\/script>\n<!-- \/ Yoast SEO plugin. -->","yoast_head_json":{"title":"Empresas familiares: El 62% aumentaron o mantuvieron plantilla el 2020 - ASCEF","description":"El Observatorio de la Empresa Familiar recoge, entre otros, los efectos que la pandemia ha tenido en la actividad y las cuentas de las empresas familiares","robots":{"index":"index","follow":"follow","max-snippet":"max-snippet:-1","max-image-preview":"max-image-preview:large","max-video-preview":"max-video-preview:-1"},"canonical":"https:\/\/www.ascef.com\/es\/empresas-familiares-observatorio-2021\/","og_locale":"es_ES","og_type":"article","og_title":"Empresas familiares: El 62% aumentaron o mantuvieron plantilla el 2020 - ASCEF","og_description":"El Observatorio de la Empresa Familiar recoge, entre otros, los efectos que la pandemia ha tenido en la actividad y las cuentas de las empresas familiares","og_url":"https:\/\/www.ascef.com\/es\/empresas-familiares-observatorio-2021\/","og_site_name":"ASCEF","article_published_time":"2021-05-12T11:13:32+00:00","article_modified_time":"2021-05-20T15:46:34+00:00","og_image":[{"width":1024,"height":671,"url":"https:\/\/www.ascef.com\/wp-content\/uploads\/2021\/05\/AATT_IEF_asamblea_web.jpg","type":"image\/jpeg"}],"author":"Borja Igual","twitter_card":"summary_large_image","twitter_misc":{"Escrito por":"Borja Igual","Tiempo de lectura":"2 minutos"},"schema":{"@context":"https:\/\/schema.org","@graph":[{"@type":"Article","@id":"https:\/\/www.ascef.com\/es\/empresas-familiares-observatorio-2021\/#article","isPartOf":{"@id":"https:\/\/www.ascef.com\/es\/empresas-familiares-observatorio-2021\/"},"author":{"name":"Borja Igual","@id":"https:\/\/www.ascef.com\/es\/#\/schema\/person\/e0bdccd3e1665871f0e79e3a50ad6b02"},"headline":"El 62% de las empresas familiares aumentaron o mantuvieron plantilla en 2020","datePublished":"2021-05-12T11:13:32+00:00","dateModified":"2021-05-20T15:46:34+00:00","mainEntityOfPage":{"@id":"https:\/\/www.ascef.com\/es\/empresas-familiares-observatorio-2021\/"},"wordCount":343,"commentCount":0,"image":{"@id":"https:\/\/www.ascef.com\/es\/empresas-familiares-observatorio-2021\/#primaryimage"},"thumbnailUrl":"https:\/\/www.ascef.com\/wp-content\/uploads\/2021\/05\/AATT_IEF_asamblea_web.jpg","articleSection":["general"],"inLanguage":"es"},{"@type":"WebPage","@id":"https:\/\/www.ascef.com\/es\/empresas-familiares-observatorio-2021\/","url":"https:\/\/www.ascef.com\/es\/empresas-familiares-observatorio-2021\/","name":"Empresas familiares: El 62% aumentaron o mantuvieron plantilla el 2020 - ASCEF","isPartOf":{"@id":"https:\/\/www.ascef.com\/es\/#website"},"primaryImageOfPage":{"@id":"https:\/\/www.ascef.com\/es\/empresas-familiares-observatorio-2021\/#primaryimage"},"image":{"@id":"https:\/\/www.ascef.com\/es\/empresas-familiares-observatorio-2021\/#primaryimage"},"thumbnailUrl":"https:\/\/www.ascef.com\/wp-content\/uploads\/2021\/05\/AATT_IEF_asamblea_web.jpg","datePublished":"2021-05-12T11:13:32+00:00","dateModified":"2021-05-20T15:46:34+00:00","author":{"@id":"https:\/\/www.ascef.com\/es\/#\/schema\/person\/e0bdccd3e1665871f0e79e3a50ad6b02"},"description":"El Observatorio de la Empresa Familiar recoge, entre otros, los efectos que la pandemia ha tenido en la actividad y las cuentas de las empresas familiares","breadcrumb":{"@id":"https:\/\/www.ascef.com\/es\/empresas-familiares-observatorio-2021\/#breadcrumb"},"inLanguage":"es","potentialAction":[{"@type":"ReadAction","target":["https:\/\/www.ascef.com\/es\/empresas-familiares-observatorio-2021\/"]}]},{"@type":"ImageObject","inLanguage":"es","@id":"https:\/\/www.ascef.com\/es\/empresas-familiares-observatorio-2021\/#primaryimage","url":"https:\/\/www.ascef.com\/wp-content\/uploads\/2021\/05\/AATT_IEF_asamblea_web.jpg","contentUrl":"https:\/\/www.ascef.com\/wp-content\/uploads\/2021\/05\/AATT_IEF_asamblea_web.jpg","width":1024,"height":671,"caption":"binary comment"},{"@type":"BreadcrumbList","@id":"https:\/\/www.ascef.com\/es\/empresas-familiares-observatorio-2021\/#breadcrumb","itemListElement":[{"@type":"ListItem","position":1,"name":"Portada","item":"https:\/\/www.ascef.com\/es\/"},{"@type":"ListItem","position":2,"name":"El 62% de las empresas familiares aumentaron o mantuvieron plantilla en 2020"}]},{"@type":"WebSite","@id":"https:\/\/www.ascef.com\/es\/#website","url":"https:\/\/www.ascef.com\/es\/","name":"ASCEF","description":"Associaci\u00f3 Catalana de l\u2019Empresa Familiar","potentialAction":[{"@type":"SearchAction","target":{"@type":"EntryPoint","urlTemplate":"https:\/\/www.ascef.com\/es\/?s={search_term_string}"},"query-input":{"@type":"PropertyValueSpecification","valueRequired":true,"valueName":"search_term_string"}}],"inLanguage":"es"},{"@type":"Person","@id":"https:\/\/www.ascef.com\/es\/#\/schema\/person\/e0bdccd3e1665871f0e79e3a50ad6b02","name":"Borja Igual","url":"https:\/\/www.ascef.com\/es\/author\/bigual1990mcs-com\/"}]}},"_links":{"self":[{"href":"https:\/\/www.ascef.com\/es\/wp-json\/wp\/v2\/posts\/3365","targetHints":{"allow":["GET"]}}],"collection":[{"href":"https:\/\/www.ascef.com\/es\/wp-json\/wp\/v2\/posts"}],"about":[{"href":"https:\/\/www.ascef.com\/es\/wp-json\/wp\/v2\/types\/post"}],"author":[{"embeddable":true,"href":"https:\/\/www.ascef.com\/es\/wp-json\/wp\/v2\/users\/292"}],"replies":[{"embeddable":true,"href":"https:\/\/www.ascef.com\/es\/wp-json\/wp\/v2\/comments?post=3365"}],"version-history":[{"count":3,"href":"https:\/\/www.ascef.com\/es\/wp-json\/wp\/v2\/posts\/3365\/revisions"}],"predecessor-version":[{"id":3371,"href":"https:\/\/www.ascef.com\/es\/wp-json\/wp\/v2\/posts\/3365\/revisions\/3371"}],"wp:featuredmedia":[{"embeddable":true,"href":"https:\/\/www.ascef.com\/es\/wp-json\/wp\/v2\/media\/3369"}],"wp:attachment":[{"href":"https:\/\/www.ascef.com\/es\/wp-json\/wp\/v2\/media?parent=3365"}],"wp:term":[{"taxonomy":"category","embeddable":true,"href":"https:\/\/www.ascef.com\/es\/wp-json\/wp\/v2\/categories?post=3365"},{"taxonomy":"post_tag","embeddable":true,"href":"https:\/\/www.ascef.com\/es\/wp-json\/wp\/v2\/tags?post=3365"}],"curies":[{"name":"wp","href":"https:\/\/api.w.org\/{rel}","templated":true}]}}