{"id":3318,"date":"2021-04-26T15:59:23","date_gmt":"2021-04-26T15:59:23","guid":{"rendered":"https:\/\/www.ascef.com\/?p=3318"},"modified":"2021-04-26T15:59:23","modified_gmt":"2021-04-26T15:59:23","slug":"sesion-ciberseguridad-ey","status":"publish","type":"post","link":"https:\/\/www.ascef.com\/es\/sesion-ciberseguridad-ey\/","title":{"rendered":"La ciberseguridad es un riesgo cr\u00edtico y se debe convertir en clave empresarial"},"content":{"rendered":"<p>Uno de los grandes retos que toda empresa debe afrontar hoy en d\u00eda es la ciberseguridad, cada vez m\u00e1s presente y un riesgo en la operativa de toda compa\u00f1\u00eda. Por eso, y para saber c\u00f3mo se debe adaptar al nuevo contexto cibern\u00e9tico, la <u><a href=\"https:\/\/www.ascef.com\/es\/\" target=\"_blank\" rel=\"noopener noreferrer\"><strong>Asociaci\u00f3n Catalana de la Empresa Familiar (ASCEF)<\/strong><\/a><\/u> organiz\u00f3 con <u><a href=\"https:\/\/www.ey.com\/es_es\" target=\"_blank\" rel=\"noopener noreferrer\"><strong>EY<\/strong><\/a><\/u> una sesi\u00f3n en el <u><a href=\"http:\/\/www.circuloecuestre.es\/\" target=\"_blank\" rel=\"noopener noreferrer\"><strong>C\u00edrculo Ecuestre<\/strong><\/a><\/u>, de Barcelona.<\/p>\n<p>\u00ab<em>La informaci\u00f3n es uno de los activos m\u00e1s valiosos a todas las organizaciones, especialmente en un mundo en que no paran de aumentar los riesgos con su seguridad. Por eso, es fundamental que las empresas protejamos y mantengamos los servicios inform\u00e1ticos y la informaci\u00f3n y hacer frente a los <strong>cada vez m\u00e1s frecuentes ataques cibern\u00e9ticos que pueden dejar en situaci\u00f3n muy comprometida la capacidad operativa de toda empresa<\/strong><\/em>\u00ab, expres\u00f3 <strong>Amadeu Jori<\/strong>, presidente de <strong>ASCEF<\/strong>, en el parlamento de bienvenida.<\/p>\n<p><strong>Xavier Ferr\u00e9<\/strong>, socio responsable de Ciberseguridad a <strong>EY Catalunya<\/strong>, empez\u00f3 la sesi\u00f3n detallando el contexto actual, donde destac\u00f3 \u00ab<em>la digitalizaci\u00f3n y evoluci\u00f3n tecnol\u00f3gica de los negocios, la sofisticaci\u00f3n de los ataques y el aumento de la regulaci\u00f3n relacionada con la obligaci\u00f3n de proteger los datos<\/em>\u00bb como tres puntos que explican el por qu\u00e9 la ciberseguridad \u00ab<em>ha venido para quedarse<\/em>\u00ab. Se trata de un \u00ab<strong><em>crimen organizado que se ha convertido en la tercera econom\u00eda ilegal del mundo<\/em><\/strong>\u00ab, con ataques quir\u00fargicos y dirigidos.<\/p>\n<p>La situaci\u00f3n pand\u00e9mica que vivimos debido a la Covid-19 \u00ab<em>ha favorecido los ataques<\/em>\u00ab, puesto que en un contexto protagonizado por el teletrabajo con redes de conexi\u00f3n dom\u00e9sticas ha habido debilidades de seguridad.<\/p>\n<p>Ante un ataque, Ferr\u00e9 subray\u00f3 que \u00ab<em>el tiempo marca la diferencia del impacto, ya que <strong>se tienen que tomar decisiones con rapidez ante situaciones complicada<\/strong>s<\/em>\u00ab. Sin embargo, remarc\u00f3 la importancia de estar preparados previamente y, por este motivo, \u00ab<em>se deben tener en cuenta un ciclo de cinco puntos: identificar, proteger, detectar, responder y recuperar<\/em>\u00ab. \u00ab<em>Existen muchas herramientas y pasos que podemos seguir y hacer para ayudarnos en el d\u00eda a d\u00eda<\/em>\u00ab, a\u00f1adi\u00f3. En este sentido, Ferr\u00e9 se\u00f1al\u00f3 la importancia de conseguir que nuestra compa\u00f1\u00eda sea resiliente, con capacidad para poder responder a eventuales incidente.<\/p>\n<p>Para finalizar la sesi\u00f3n se cont\u00f3 con la presencia de \u00c1ngel P\u00e9rez, de <u><a href=\"https:\/\/www.autopistas.com\/\" target=\"_blank\" rel=\"noopener noreferrer\"><strong>CISO Autopistas<\/strong><\/a><\/u> (Abertis Company), qui\u00e9n explic\u00f3 la experiencia de la compa\u00f1\u00eda ante la ciberseguridad.<\/p>\n<p>La respuesta por parte de los asistentes a la sesi\u00f3n, la primera organizada por <strong>ASCEF<\/strong> de manera presencial desde que empez\u00f3 la pandemia de la Covid-19, fue muy positiva por la tem\u00e1tica y los puntos tratados.<\/p>\n","protected":false},"excerpt":{"rendered":"<p>Uno de los grandes retos que toda empresa debe afrontar hoy en d\u00eda es la ciberseguridad, cada vez m\u00e1s presente y un riesgo en la operativa de toda compa\u00f1\u00eda. Por eso, y para saber c\u00f3mo se debe adaptar al nuevo contexto cibern\u00e9tico, la Asociaci\u00f3n Catalana de la Empresa Familiar (ASCEF) organiz\u00f3 con EY una sesi\u00f3n [&hellip;]<\/p>\n","protected":false},"author":292,"featured_media":3338,"comment_status":"open","ping_status":"open","sticky":false,"template":"","format":"standard","meta":{"_acf_changed":false,"footnotes":""},"categories":[185],"tags":[],"class_list":["post-3318","post","type-post","status-publish","format-standard","has-post-thumbnail","hentry","category-general"],"acf":[],"yoast_head":"<!-- This site is optimized with the Yoast SEO plugin v27.5 - https:\/\/yoast.com\/product\/yoast-seo-wordpress\/ -->\n<title>La ciberseguridad es un riesgo cr\u00edtico y se debe convertir en clave empresarial - ASCEF<\/title>\n<meta name=\"description\" content=\"Uno de los grandes retos que toda empresa debe afrontar hoy en d\u00eda es la ciberseguridad. Por eso, y para saber c\u00f3mo se debe adaptar al nuevo contexto cibern\u00e9tico, ASCEF organiz\u00f3 con EY una sesi\u00f3n\" \/>\n<meta name=\"robots\" content=\"index, follow, max-snippet:-1, max-image-preview:large, max-video-preview:-1\" \/>\n<link rel=\"canonical\" href=\"https:\/\/www.ascef.com\/es\/sesion-ciberseguridad-ey\/\" \/>\n<meta property=\"og:locale\" content=\"es_ES\" \/>\n<meta property=\"og:type\" content=\"article\" \/>\n<meta property=\"og:title\" content=\"La ciberseguridad es un riesgo cr\u00edtico y se debe convertir en clave empresarial - ASCEF\" \/>\n<meta property=\"og:description\" content=\"Uno de los grandes retos que toda empresa debe afrontar hoy en d\u00eda es la ciberseguridad. Por eso, y para saber c\u00f3mo se debe adaptar al nuevo contexto cibern\u00e9tico, ASCEF organiz\u00f3 con EY una sesi\u00f3n\" \/>\n<meta property=\"og:url\" content=\"https:\/\/www.ascef.com\/es\/sesion-ciberseguridad-ey\/\" \/>\n<meta property=\"og:site_name\" content=\"ASCEF\" \/>\n<meta property=\"article:published_time\" content=\"2021-04-26T15:59:23+00:00\" \/>\n<meta property=\"og:image\" content=\"https:\/\/www.ascef.com\/wp-content\/uploads\/2021\/04\/sesion-EY_web2.jpg\" \/>\n\t<meta property=\"og:image:width\" content=\"1333\" \/>\n\t<meta property=\"og:image:height\" content=\"877\" \/>\n\t<meta property=\"og:image:type\" content=\"image\/jpeg\" \/>\n<meta name=\"author\" content=\"Borja Igual\" \/>\n<meta name=\"twitter:card\" content=\"summary_large_image\" \/>\n<meta name=\"twitter:label1\" content=\"Escrito por\" \/>\n\t<meta name=\"twitter:data1\" content=\"Borja Igual\" \/>\n\t<meta name=\"twitter:label2\" content=\"Tiempo de lectura\" \/>\n\t<meta name=\"twitter:data2\" content=\"2 minutos\" \/>\n<script type=\"application\/ld+json\" class=\"yoast-schema-graph\">{\"@context\":\"https:\\\/\\\/schema.org\",\"@graph\":[{\"@type\":\"Article\",\"@id\":\"https:\\\/\\\/www.ascef.com\\\/es\\\/sesion-ciberseguridad-ey\\\/#article\",\"isPartOf\":{\"@id\":\"https:\\\/\\\/www.ascef.com\\\/es\\\/sesion-ciberseguridad-ey\\\/\"},\"author\":{\"name\":\"Borja Igual\",\"@id\":\"https:\\\/\\\/www.ascef.com\\\/es\\\/#\\\/schema\\\/person\\\/e0bdccd3e1665871f0e79e3a50ad6b02\"},\"headline\":\"La ciberseguridad es un riesgo cr\u00edtico y se debe convertir en clave empresarial\",\"datePublished\":\"2021-04-26T15:59:23+00:00\",\"mainEntityOfPage\":{\"@id\":\"https:\\\/\\\/www.ascef.com\\\/es\\\/sesion-ciberseguridad-ey\\\/\"},\"wordCount\":463,\"commentCount\":0,\"image\":{\"@id\":\"https:\\\/\\\/www.ascef.com\\\/es\\\/sesion-ciberseguridad-ey\\\/#primaryimage\"},\"thumbnailUrl\":\"https:\\\/\\\/www.ascef.com\\\/wp-content\\\/uploads\\\/2021\\\/04\\\/sesion-EY_web2.jpg\",\"articleSection\":[\"general\"],\"inLanguage\":\"es\"},{\"@type\":\"WebPage\",\"@id\":\"https:\\\/\\\/www.ascef.com\\\/es\\\/sesion-ciberseguridad-ey\\\/\",\"url\":\"https:\\\/\\\/www.ascef.com\\\/es\\\/sesion-ciberseguridad-ey\\\/\",\"name\":\"La ciberseguridad es un riesgo cr\u00edtico y se debe convertir en clave empresarial - ASCEF\",\"isPartOf\":{\"@id\":\"https:\\\/\\\/www.ascef.com\\\/es\\\/#website\"},\"primaryImageOfPage\":{\"@id\":\"https:\\\/\\\/www.ascef.com\\\/es\\\/sesion-ciberseguridad-ey\\\/#primaryimage\"},\"image\":{\"@id\":\"https:\\\/\\\/www.ascef.com\\\/es\\\/sesion-ciberseguridad-ey\\\/#primaryimage\"},\"thumbnailUrl\":\"https:\\\/\\\/www.ascef.com\\\/wp-content\\\/uploads\\\/2021\\\/04\\\/sesion-EY_web2.jpg\",\"datePublished\":\"2021-04-26T15:59:23+00:00\",\"author\":{\"@id\":\"https:\\\/\\\/www.ascef.com\\\/es\\\/#\\\/schema\\\/person\\\/e0bdccd3e1665871f0e79e3a50ad6b02\"},\"description\":\"Uno de los grandes retos que toda empresa debe afrontar hoy en d\u00eda es la ciberseguridad. Por eso, y para saber c\u00f3mo se debe adaptar al nuevo contexto cibern\u00e9tico, ASCEF organiz\u00f3 con EY una sesi\u00f3n\",\"breadcrumb\":{\"@id\":\"https:\\\/\\\/www.ascef.com\\\/es\\\/sesion-ciberseguridad-ey\\\/#breadcrumb\"},\"inLanguage\":\"es\",\"potentialAction\":[{\"@type\":\"ReadAction\",\"target\":[\"https:\\\/\\\/www.ascef.com\\\/es\\\/sesion-ciberseguridad-ey\\\/\"]}]},{\"@type\":\"ImageObject\",\"inLanguage\":\"es\",\"@id\":\"https:\\\/\\\/www.ascef.com\\\/es\\\/sesion-ciberseguridad-ey\\\/#primaryimage\",\"url\":\"https:\\\/\\\/www.ascef.com\\\/wp-content\\\/uploads\\\/2021\\\/04\\\/sesion-EY_web2.jpg\",\"contentUrl\":\"https:\\\/\\\/www.ascef.com\\\/wp-content\\\/uploads\\\/2021\\\/04\\\/sesion-EY_web2.jpg\",\"width\":1333,\"height\":877},{\"@type\":\"BreadcrumbList\",\"@id\":\"https:\\\/\\\/www.ascef.com\\\/es\\\/sesion-ciberseguridad-ey\\\/#breadcrumb\",\"itemListElement\":[{\"@type\":\"ListItem\",\"position\":1,\"name\":\"Portada\",\"item\":\"https:\\\/\\\/www.ascef.com\\\/es\\\/\"},{\"@type\":\"ListItem\",\"position\":2,\"name\":\"La ciberseguridad es un riesgo cr\u00edtico y se debe convertir en clave empresarial\"}]},{\"@type\":\"WebSite\",\"@id\":\"https:\\\/\\\/www.ascef.com\\\/es\\\/#website\",\"url\":\"https:\\\/\\\/www.ascef.com\\\/es\\\/\",\"name\":\"ASCEF\",\"description\":\"Associaci\u00f3 Catalana de l\u2019Empresa Familiar\",\"potentialAction\":[{\"@type\":\"SearchAction\",\"target\":{\"@type\":\"EntryPoint\",\"urlTemplate\":\"https:\\\/\\\/www.ascef.com\\\/es\\\/?s={search_term_string}\"},\"query-input\":{\"@type\":\"PropertyValueSpecification\",\"valueRequired\":true,\"valueName\":\"search_term_string\"}}],\"inLanguage\":\"es\"},{\"@type\":\"Person\",\"@id\":\"https:\\\/\\\/www.ascef.com\\\/es\\\/#\\\/schema\\\/person\\\/e0bdccd3e1665871f0e79e3a50ad6b02\",\"name\":\"Borja Igual\",\"url\":\"https:\\\/\\\/www.ascef.com\\\/es\\\/author\\\/bigual1990mcs-com\\\/\"}]}<\/script>\n<!-- \/ Yoast SEO plugin. -->","yoast_head_json":{"title":"La ciberseguridad es un riesgo cr\u00edtico y se debe convertir en clave empresarial - ASCEF","description":"Uno de los grandes retos que toda empresa debe afrontar hoy en d\u00eda es la ciberseguridad. Por eso, y para saber c\u00f3mo se debe adaptar al nuevo contexto cibern\u00e9tico, ASCEF organiz\u00f3 con EY una sesi\u00f3n","robots":{"index":"index","follow":"follow","max-snippet":"max-snippet:-1","max-image-preview":"max-image-preview:large","max-video-preview":"max-video-preview:-1"},"canonical":"https:\/\/www.ascef.com\/es\/sesion-ciberseguridad-ey\/","og_locale":"es_ES","og_type":"article","og_title":"La ciberseguridad es un riesgo cr\u00edtico y se debe convertir en clave empresarial - ASCEF","og_description":"Uno de los grandes retos que toda empresa debe afrontar hoy en d\u00eda es la ciberseguridad. Por eso, y para saber c\u00f3mo se debe adaptar al nuevo contexto cibern\u00e9tico, ASCEF organiz\u00f3 con EY una sesi\u00f3n","og_url":"https:\/\/www.ascef.com\/es\/sesion-ciberseguridad-ey\/","og_site_name":"ASCEF","article_published_time":"2021-04-26T15:59:23+00:00","og_image":[{"width":1333,"height":877,"url":"https:\/\/www.ascef.com\/wp-content\/uploads\/2021\/04\/sesion-EY_web2.jpg","type":"image\/jpeg"}],"author":"Borja Igual","twitter_card":"summary_large_image","twitter_misc":{"Escrito por":"Borja Igual","Tiempo de lectura":"2 minutos"},"schema":{"@context":"https:\/\/schema.org","@graph":[{"@type":"Article","@id":"https:\/\/www.ascef.com\/es\/sesion-ciberseguridad-ey\/#article","isPartOf":{"@id":"https:\/\/www.ascef.com\/es\/sesion-ciberseguridad-ey\/"},"author":{"name":"Borja Igual","@id":"https:\/\/www.ascef.com\/es\/#\/schema\/person\/e0bdccd3e1665871f0e79e3a50ad6b02"},"headline":"La ciberseguridad es un riesgo cr\u00edtico y se debe convertir en clave empresarial","datePublished":"2021-04-26T15:59:23+00:00","mainEntityOfPage":{"@id":"https:\/\/www.ascef.com\/es\/sesion-ciberseguridad-ey\/"},"wordCount":463,"commentCount":0,"image":{"@id":"https:\/\/www.ascef.com\/es\/sesion-ciberseguridad-ey\/#primaryimage"},"thumbnailUrl":"https:\/\/www.ascef.com\/wp-content\/uploads\/2021\/04\/sesion-EY_web2.jpg","articleSection":["general"],"inLanguage":"es"},{"@type":"WebPage","@id":"https:\/\/www.ascef.com\/es\/sesion-ciberseguridad-ey\/","url":"https:\/\/www.ascef.com\/es\/sesion-ciberseguridad-ey\/","name":"La ciberseguridad es un riesgo cr\u00edtico y se debe convertir en clave empresarial - ASCEF","isPartOf":{"@id":"https:\/\/www.ascef.com\/es\/#website"},"primaryImageOfPage":{"@id":"https:\/\/www.ascef.com\/es\/sesion-ciberseguridad-ey\/#primaryimage"},"image":{"@id":"https:\/\/www.ascef.com\/es\/sesion-ciberseguridad-ey\/#primaryimage"},"thumbnailUrl":"https:\/\/www.ascef.com\/wp-content\/uploads\/2021\/04\/sesion-EY_web2.jpg","datePublished":"2021-04-26T15:59:23+00:00","author":{"@id":"https:\/\/www.ascef.com\/es\/#\/schema\/person\/e0bdccd3e1665871f0e79e3a50ad6b02"},"description":"Uno de los grandes retos que toda empresa debe afrontar hoy en d\u00eda es la ciberseguridad. Por eso, y para saber c\u00f3mo se debe adaptar al nuevo contexto cibern\u00e9tico, ASCEF organiz\u00f3 con EY una sesi\u00f3n","breadcrumb":{"@id":"https:\/\/www.ascef.com\/es\/sesion-ciberseguridad-ey\/#breadcrumb"},"inLanguage":"es","potentialAction":[{"@type":"ReadAction","target":["https:\/\/www.ascef.com\/es\/sesion-ciberseguridad-ey\/"]}]},{"@type":"ImageObject","inLanguage":"es","@id":"https:\/\/www.ascef.com\/es\/sesion-ciberseguridad-ey\/#primaryimage","url":"https:\/\/www.ascef.com\/wp-content\/uploads\/2021\/04\/sesion-EY_web2.jpg","contentUrl":"https:\/\/www.ascef.com\/wp-content\/uploads\/2021\/04\/sesion-EY_web2.jpg","width":1333,"height":877},{"@type":"BreadcrumbList","@id":"https:\/\/www.ascef.com\/es\/sesion-ciberseguridad-ey\/#breadcrumb","itemListElement":[{"@type":"ListItem","position":1,"name":"Portada","item":"https:\/\/www.ascef.com\/es\/"},{"@type":"ListItem","position":2,"name":"La ciberseguridad es un riesgo cr\u00edtico y se debe convertir en clave empresarial"}]},{"@type":"WebSite","@id":"https:\/\/www.ascef.com\/es\/#website","url":"https:\/\/www.ascef.com\/es\/","name":"ASCEF","description":"Associaci\u00f3 Catalana de l\u2019Empresa Familiar","potentialAction":[{"@type":"SearchAction","target":{"@type":"EntryPoint","urlTemplate":"https:\/\/www.ascef.com\/es\/?s={search_term_string}"},"query-input":{"@type":"PropertyValueSpecification","valueRequired":true,"valueName":"search_term_string"}}],"inLanguage":"es"},{"@type":"Person","@id":"https:\/\/www.ascef.com\/es\/#\/schema\/person\/e0bdccd3e1665871f0e79e3a50ad6b02","name":"Borja Igual","url":"https:\/\/www.ascef.com\/es\/author\/bigual1990mcs-com\/"}]}},"_links":{"self":[{"href":"https:\/\/www.ascef.com\/es\/wp-json\/wp\/v2\/posts\/3318","targetHints":{"allow":["GET"]}}],"collection":[{"href":"https:\/\/www.ascef.com\/es\/wp-json\/wp\/v2\/posts"}],"about":[{"href":"https:\/\/www.ascef.com\/es\/wp-json\/wp\/v2\/types\/post"}],"author":[{"embeddable":true,"href":"https:\/\/www.ascef.com\/es\/wp-json\/wp\/v2\/users\/292"}],"replies":[{"embeddable":true,"href":"https:\/\/www.ascef.com\/es\/wp-json\/wp\/v2\/comments?post=3318"}],"version-history":[{"count":1,"href":"https:\/\/www.ascef.com\/es\/wp-json\/wp\/v2\/posts\/3318\/revisions"}],"predecessor-version":[{"id":3319,"href":"https:\/\/www.ascef.com\/es\/wp-json\/wp\/v2\/posts\/3318\/revisions\/3319"}],"wp:featuredmedia":[{"embeddable":true,"href":"https:\/\/www.ascef.com\/es\/wp-json\/wp\/v2\/media\/3338"}],"wp:attachment":[{"href":"https:\/\/www.ascef.com\/es\/wp-json\/wp\/v2\/media?parent=3318"}],"wp:term":[{"taxonomy":"category","embeddable":true,"href":"https:\/\/www.ascef.com\/es\/wp-json\/wp\/v2\/categories?post=3318"},{"taxonomy":"post_tag","embeddable":true,"href":"https:\/\/www.ascef.com\/es\/wp-json\/wp\/v2\/tags?post=3318"}],"curies":[{"name":"wp","href":"https:\/\/api.w.org\/{rel}","templated":true}]}}