{"id":3303,"date":"2021-04-22T10:33:21","date_gmt":"2021-04-22T10:33:21","guid":{"rendered":"https:\/\/www.ascef.com\/?p=3303"},"modified":"2021-04-22T10:33:21","modified_gmt":"2021-04-22T10:33:21","slug":"alsina-sesion-internacionalizar","status":"publish","type":"post","link":"https:\/\/www.ascef.com\/es\/alsina-sesion-internacionalizar\/","title":{"rendered":"\u00abEn el momento de internacionalizar la compa\u00f1\u00eda se debe tener paciencia y saber que es un proyecto a largo plazo\u00bb"},"content":{"rendered":"<p>Internacionalizar la empresa es una decisi\u00f3n importante en toda compa\u00f1\u00eda. Se trata de un proceso importante en el que entran diferentes variables que se deben valorar y tener presente. \u00ab<em>Lo primero que hay que hacer es dar credibilidad al proyecto y para esto se debe verbalizar, hacerlo visible para todos<\/em>\u00ab, afirma <strong>Jaume Alsina<\/strong>, consejero delegado de <u><a href=\"https:\/\/www.alsina.com\/es\/\" target=\"_blank\" rel=\"noopener noreferrer\"><strong>Encofrats Alsina<\/strong><\/a><\/u>, quien ofreci\u00f3 una ponencia la semana pasada <u><a href=\"https:\/\/www.ascef.com\/es\/ascef-cedo-colaboracion-comarca\/\" target=\"_blank\" rel=\"noopener noreferrer\"><strong>dentro del marco de colaboraci\u00f3n<\/strong><\/a><\/u> entre la <u><a href=\"https:\/\/www.ascef.com\/es\/\" target=\"_blank\" rel=\"noopener noreferrer\"><strong>Asociaci\u00f3n Catalana de la Empresa Familiar (ASCEF)<\/strong><\/a><\/u> y el <u><a href=\"http:\/\/www.cedosona.org\/ca\/portada\" target=\"_blank\" rel=\"noopener noreferrer\"><strong>Consell Empresarial d&#8217;Osona (CEDO)<\/strong><\/a><\/u>.<\/p>\n<p>La conferenciara estaba dirigida a los j\u00f3venes de las familias empresarias de ambas entidades, el <u><a href=\"https:\/\/www.ascef.com\/es\/ascef\/quien-somos\/\" target=\"_blank\" rel=\"noopener noreferrer\"><strong>F\u00f3rum de ASCEF<\/strong><\/a><\/u> y el <u><a href=\"http:\/\/www.cedosona.org\/ca\/noticies\/categoria\/Club-Fem-Empresa\" target=\"_blank\" rel=\"noopener noreferrer\"><strong>Club Fem Empresa del CEDO<\/strong><\/a><\/u>, con la finalidad que Jaume Alsina explicara el proceso de internacionalizaci\u00f3n y para ser una empresa GLO-CAL, es decir, una compa\u00f1\u00eda global que piensa en local. Encofrats Alsina, actualmente con 33 centros de operaciones, trabaja en 17 pa\u00edses con m\u00e1s de 5.000 proyectos completados y un volumen de negocio por operaciones internacionales del 68%. \u00ab<strong><em>La internacionalizaci\u00f3n es un cambio cultural de toda la compa\u00f1\u00eda y no solo de un departamento<\/em><\/strong>\u00ab.<\/p>\n<p>\u00ab<em>En el momento de internacionalizar la compa\u00f1\u00eda se debe tener paciencia y saber que es un proyecto a largo plazo. No se puede ir con prisas y a la aventura, pero tampoco con necesidad porque ser\u00e1 tirar el dinero. <strong>Se debe ir poco a poco ya que no se puede replicar el mismo modelo que tenemos aqu\u00ed<\/strong><\/em>\u00ab, expres\u00f3 Alsina, quien tambi\u00e9n subray\u00f3 la importancia de \u00ab<em>crear sinergias con empresas familiares que ya han hecho el proceso<\/em>\u00ab. El consejero delegado de la empresa asociada a ASCEF, asegur\u00f3 que \u00ab<em>la filosof\u00eda de la empresa familiar es un punto a favor en esta estrategia, ya que como tal sabemos esperar y encontrar el punto de madurez de los proyectos<\/em>\u00ab.<\/p>\n<p>Alsina considera que \u00ab<em>cada territorio pide cosas diferentes<\/em>\u00ab. \u00ab<em>No se puede uniformizar el como establecerse en cada pa\u00eds; la operativa debe ir ligada a la cultura de cada pa\u00eds, pero la clave es no querer imponer nuestra cultura y manera de trabajar<\/em>\u00ab, a\u00f1adi\u00f3.<\/p>\n<p>Jaume Alsina record\u00f3 que \u00ab<strong><em>internacionalizar tambi\u00e9n es saber decir basta a un proyecto creado<\/em><\/strong>\u00ab. \u00ab<em>Cuando un pa\u00eds no da los resultados esperados hay que saber cerrarlo y esto se debe hacer a trav\u00e9s de unos par\u00e1metros establecidos y objetivos. Por eso tambi\u00e9n es importante dibujar escenarios, ya que ayudan a tomar decisiones y actuar en caso de necesidad<\/em>\u00ab.<\/p>\n","protected":false},"excerpt":{"rendered":"<p>Internacionalizar la empresa es una decisi\u00f3n importante en toda compa\u00f1\u00eda. Se trata de un proceso importante en el que entran diferentes variables que se deben valorar y tener presente. \u00abLo primero que hay que hacer es dar credibilidad al proyecto y para esto se debe verbalizar, hacerlo visible para todos\u00ab, afirma Jaume Alsina, consejero delegado [&hellip;]<\/p>\n","protected":false},"author":292,"featured_media":3301,"comment_status":"open","ping_status":"open","sticky":false,"template":"","format":"standard","meta":{"_acf_changed":false,"footnotes":""},"categories":[185],"tags":[],"class_list":["post-3303","post","type-post","status-publish","format-standard","has-post-thumbnail","hentry","category-general"],"acf":[],"yoast_head":"<!-- This site is optimized with the Yoast SEO plugin v27.5 - https:\/\/yoast.com\/product\/yoast-seo-wordpress\/ -->\n<title>&quot;En el momento de internacionalizar la compa\u00f1\u00eda se debe tener paciencia y saber que es un proyecto a largo plazo&quot; - ASCEF<\/title>\n<meta name=\"description\" content=\"Internacionalizar la empresa es una decisi\u00f3n importante en toda compa\u00f1\u00eda. Jaume Alsina, de Encofrados Alsina, lo explic\u00f3 en una sesi\u00f3n en ASCEF\" \/>\n<meta name=\"robots\" content=\"index, follow, max-snippet:-1, max-image-preview:large, max-video-preview:-1\" \/>\n<link rel=\"canonical\" href=\"https:\/\/www.ascef.com\/es\/alsina-sesion-internacionalizar\/\" \/>\n<meta property=\"og:locale\" content=\"es_ES\" \/>\n<meta property=\"og:type\" content=\"article\" \/>\n<meta property=\"og:title\" content=\"&quot;En el momento de internacionalizar la compa\u00f1\u00eda se debe tener paciencia y saber que es un proyecto a largo plazo&quot; - ASCEF\" \/>\n<meta property=\"og:description\" content=\"Internacionalizar la empresa es una decisi\u00f3n importante en toda compa\u00f1\u00eda. Jaume Alsina, de Encofrados Alsina, lo explic\u00f3 en una sesi\u00f3n en ASCEF\" \/>\n<meta property=\"og:url\" content=\"https:\/\/www.ascef.com\/es\/alsina-sesion-internacionalizar\/\" \/>\n<meta property=\"og:site_name\" content=\"ASCEF\" \/>\n<meta property=\"article:published_time\" content=\"2021-04-22T10:33:21+00:00\" \/>\n<meta property=\"og:image\" content=\"https:\/\/www.ascef.com\/wp-content\/uploads\/2021\/04\/Jaume-fondobienvenidos.jpg\" \/>\n\t<meta property=\"og:image:width\" content=\"1861\" \/>\n\t<meta property=\"og:image:height\" content=\"1240\" \/>\n\t<meta property=\"og:image:type\" content=\"image\/jpeg\" \/>\n<meta name=\"author\" content=\"Borja Igual\" \/>\n<meta name=\"twitter:card\" content=\"summary_large_image\" \/>\n<meta name=\"twitter:label1\" content=\"Escrito por\" \/>\n\t<meta name=\"twitter:data1\" content=\"Borja Igual\" \/>\n\t<meta name=\"twitter:label2\" content=\"Tiempo de lectura\" \/>\n\t<meta name=\"twitter:data2\" content=\"2 minutos\" \/>\n<script type=\"application\/ld+json\" class=\"yoast-schema-graph\">{\"@context\":\"https:\\\/\\\/schema.org\",\"@graph\":[{\"@type\":\"Article\",\"@id\":\"https:\\\/\\\/www.ascef.com\\\/es\\\/alsina-sesion-internacionalizar\\\/#article\",\"isPartOf\":{\"@id\":\"https:\\\/\\\/www.ascef.com\\\/es\\\/alsina-sesion-internacionalizar\\\/\"},\"author\":{\"name\":\"Borja Igual\",\"@id\":\"https:\\\/\\\/www.ascef.com\\\/es\\\/#\\\/schema\\\/person\\\/e0bdccd3e1665871f0e79e3a50ad6b02\"},\"headline\":\"\u00abEn el momento de internacionalizar la compa\u00f1\u00eda se debe tener paciencia y saber que es un proyecto a largo plazo\u00bb\",\"datePublished\":\"2021-04-22T10:33:21+00:00\",\"mainEntityOfPage\":{\"@id\":\"https:\\\/\\\/www.ascef.com\\\/es\\\/alsina-sesion-internacionalizar\\\/\"},\"wordCount\":437,\"commentCount\":0,\"image\":{\"@id\":\"https:\\\/\\\/www.ascef.com\\\/es\\\/alsina-sesion-internacionalizar\\\/#primaryimage\"},\"thumbnailUrl\":\"https:\\\/\\\/www.ascef.com\\\/wp-content\\\/uploads\\\/2021\\\/04\\\/Jaume-fondobienvenidos.jpg\",\"articleSection\":[\"general\"],\"inLanguage\":\"es\"},{\"@type\":\"WebPage\",\"@id\":\"https:\\\/\\\/www.ascef.com\\\/es\\\/alsina-sesion-internacionalizar\\\/\",\"url\":\"https:\\\/\\\/www.ascef.com\\\/es\\\/alsina-sesion-internacionalizar\\\/\",\"name\":\"\\\"En el momento de internacionalizar la compa\u00f1\u00eda se debe tener paciencia y saber que es un proyecto a largo plazo\\\" - ASCEF\",\"isPartOf\":{\"@id\":\"https:\\\/\\\/www.ascef.com\\\/es\\\/#website\"},\"primaryImageOfPage\":{\"@id\":\"https:\\\/\\\/www.ascef.com\\\/es\\\/alsina-sesion-internacionalizar\\\/#primaryimage\"},\"image\":{\"@id\":\"https:\\\/\\\/www.ascef.com\\\/es\\\/alsina-sesion-internacionalizar\\\/#primaryimage\"},\"thumbnailUrl\":\"https:\\\/\\\/www.ascef.com\\\/wp-content\\\/uploads\\\/2021\\\/04\\\/Jaume-fondobienvenidos.jpg\",\"datePublished\":\"2021-04-22T10:33:21+00:00\",\"author\":{\"@id\":\"https:\\\/\\\/www.ascef.com\\\/es\\\/#\\\/schema\\\/person\\\/e0bdccd3e1665871f0e79e3a50ad6b02\"},\"description\":\"Internacionalizar la empresa es una decisi\u00f3n importante en toda compa\u00f1\u00eda. Jaume Alsina, de Encofrados Alsina, lo explic\u00f3 en una sesi\u00f3n en ASCEF\",\"breadcrumb\":{\"@id\":\"https:\\\/\\\/www.ascef.com\\\/es\\\/alsina-sesion-internacionalizar\\\/#breadcrumb\"},\"inLanguage\":\"es\",\"potentialAction\":[{\"@type\":\"ReadAction\",\"target\":[\"https:\\\/\\\/www.ascef.com\\\/es\\\/alsina-sesion-internacionalizar\\\/\"]}]},{\"@type\":\"ImageObject\",\"inLanguage\":\"es\",\"@id\":\"https:\\\/\\\/www.ascef.com\\\/es\\\/alsina-sesion-internacionalizar\\\/#primaryimage\",\"url\":\"https:\\\/\\\/www.ascef.com\\\/wp-content\\\/uploads\\\/2021\\\/04\\\/Jaume-fondobienvenidos.jpg\",\"contentUrl\":\"https:\\\/\\\/www.ascef.com\\\/wp-content\\\/uploads\\\/2021\\\/04\\\/Jaume-fondobienvenidos.jpg\",\"width\":1861,\"height\":1240,\"caption\":\"Jaume Alsina, CEO Encofrats Alsina\"},{\"@type\":\"BreadcrumbList\",\"@id\":\"https:\\\/\\\/www.ascef.com\\\/es\\\/alsina-sesion-internacionalizar\\\/#breadcrumb\",\"itemListElement\":[{\"@type\":\"ListItem\",\"position\":1,\"name\":\"Portada\",\"item\":\"https:\\\/\\\/www.ascef.com\\\/es\\\/\"},{\"@type\":\"ListItem\",\"position\":2,\"name\":\"\u00abEn el momento de internacionalizar la compa\u00f1\u00eda se debe tener paciencia y saber que es un proyecto a largo plazo\u00bb\"}]},{\"@type\":\"WebSite\",\"@id\":\"https:\\\/\\\/www.ascef.com\\\/es\\\/#website\",\"url\":\"https:\\\/\\\/www.ascef.com\\\/es\\\/\",\"name\":\"ASCEF\",\"description\":\"Associaci\u00f3 Catalana de l\u2019Empresa Familiar\",\"potentialAction\":[{\"@type\":\"SearchAction\",\"target\":{\"@type\":\"EntryPoint\",\"urlTemplate\":\"https:\\\/\\\/www.ascef.com\\\/es\\\/?s={search_term_string}\"},\"query-input\":{\"@type\":\"PropertyValueSpecification\",\"valueRequired\":true,\"valueName\":\"search_term_string\"}}],\"inLanguage\":\"es\"},{\"@type\":\"Person\",\"@id\":\"https:\\\/\\\/www.ascef.com\\\/es\\\/#\\\/schema\\\/person\\\/e0bdccd3e1665871f0e79e3a50ad6b02\",\"name\":\"Borja Igual\",\"url\":\"https:\\\/\\\/www.ascef.com\\\/es\\\/author\\\/bigual1990mcs-com\\\/\"}]}<\/script>\n<!-- \/ Yoast SEO plugin. -->","yoast_head_json":{"title":"\"En el momento de internacionalizar la compa\u00f1\u00eda se debe tener paciencia y saber que es un proyecto a largo plazo\" - ASCEF","description":"Internacionalizar la empresa es una decisi\u00f3n importante en toda compa\u00f1\u00eda. Jaume Alsina, de Encofrados Alsina, lo explic\u00f3 en una sesi\u00f3n en ASCEF","robots":{"index":"index","follow":"follow","max-snippet":"max-snippet:-1","max-image-preview":"max-image-preview:large","max-video-preview":"max-video-preview:-1"},"canonical":"https:\/\/www.ascef.com\/es\/alsina-sesion-internacionalizar\/","og_locale":"es_ES","og_type":"article","og_title":"\"En el momento de internacionalizar la compa\u00f1\u00eda se debe tener paciencia y saber que es un proyecto a largo plazo\" - ASCEF","og_description":"Internacionalizar la empresa es una decisi\u00f3n importante en toda compa\u00f1\u00eda. Jaume Alsina, de Encofrados Alsina, lo explic\u00f3 en una sesi\u00f3n en ASCEF","og_url":"https:\/\/www.ascef.com\/es\/alsina-sesion-internacionalizar\/","og_site_name":"ASCEF","article_published_time":"2021-04-22T10:33:21+00:00","og_image":[{"width":1861,"height":1240,"url":"https:\/\/www.ascef.com\/wp-content\/uploads\/2021\/04\/Jaume-fondobienvenidos.jpg","type":"image\/jpeg"}],"author":"Borja Igual","twitter_card":"summary_large_image","twitter_misc":{"Escrito por":"Borja Igual","Tiempo de lectura":"2 minutos"},"schema":{"@context":"https:\/\/schema.org","@graph":[{"@type":"Article","@id":"https:\/\/www.ascef.com\/es\/alsina-sesion-internacionalizar\/#article","isPartOf":{"@id":"https:\/\/www.ascef.com\/es\/alsina-sesion-internacionalizar\/"},"author":{"name":"Borja Igual","@id":"https:\/\/www.ascef.com\/es\/#\/schema\/person\/e0bdccd3e1665871f0e79e3a50ad6b02"},"headline":"\u00abEn el momento de internacionalizar la compa\u00f1\u00eda se debe tener paciencia y saber que es un proyecto a largo plazo\u00bb","datePublished":"2021-04-22T10:33:21+00:00","mainEntityOfPage":{"@id":"https:\/\/www.ascef.com\/es\/alsina-sesion-internacionalizar\/"},"wordCount":437,"commentCount":0,"image":{"@id":"https:\/\/www.ascef.com\/es\/alsina-sesion-internacionalizar\/#primaryimage"},"thumbnailUrl":"https:\/\/www.ascef.com\/wp-content\/uploads\/2021\/04\/Jaume-fondobienvenidos.jpg","articleSection":["general"],"inLanguage":"es"},{"@type":"WebPage","@id":"https:\/\/www.ascef.com\/es\/alsina-sesion-internacionalizar\/","url":"https:\/\/www.ascef.com\/es\/alsina-sesion-internacionalizar\/","name":"\"En el momento de internacionalizar la compa\u00f1\u00eda se debe tener paciencia y saber que es un proyecto a largo plazo\" - ASCEF","isPartOf":{"@id":"https:\/\/www.ascef.com\/es\/#website"},"primaryImageOfPage":{"@id":"https:\/\/www.ascef.com\/es\/alsina-sesion-internacionalizar\/#primaryimage"},"image":{"@id":"https:\/\/www.ascef.com\/es\/alsina-sesion-internacionalizar\/#primaryimage"},"thumbnailUrl":"https:\/\/www.ascef.com\/wp-content\/uploads\/2021\/04\/Jaume-fondobienvenidos.jpg","datePublished":"2021-04-22T10:33:21+00:00","author":{"@id":"https:\/\/www.ascef.com\/es\/#\/schema\/person\/e0bdccd3e1665871f0e79e3a50ad6b02"},"description":"Internacionalizar la empresa es una decisi\u00f3n importante en toda compa\u00f1\u00eda. Jaume Alsina, de Encofrados Alsina, lo explic\u00f3 en una sesi\u00f3n en ASCEF","breadcrumb":{"@id":"https:\/\/www.ascef.com\/es\/alsina-sesion-internacionalizar\/#breadcrumb"},"inLanguage":"es","potentialAction":[{"@type":"ReadAction","target":["https:\/\/www.ascef.com\/es\/alsina-sesion-internacionalizar\/"]}]},{"@type":"ImageObject","inLanguage":"es","@id":"https:\/\/www.ascef.com\/es\/alsina-sesion-internacionalizar\/#primaryimage","url":"https:\/\/www.ascef.com\/wp-content\/uploads\/2021\/04\/Jaume-fondobienvenidos.jpg","contentUrl":"https:\/\/www.ascef.com\/wp-content\/uploads\/2021\/04\/Jaume-fondobienvenidos.jpg","width":1861,"height":1240,"caption":"Jaume Alsina, CEO Encofrats Alsina"},{"@type":"BreadcrumbList","@id":"https:\/\/www.ascef.com\/es\/alsina-sesion-internacionalizar\/#breadcrumb","itemListElement":[{"@type":"ListItem","position":1,"name":"Portada","item":"https:\/\/www.ascef.com\/es\/"},{"@type":"ListItem","position":2,"name":"\u00abEn el momento de internacionalizar la compa\u00f1\u00eda se debe tener paciencia y saber que es un proyecto a largo plazo\u00bb"}]},{"@type":"WebSite","@id":"https:\/\/www.ascef.com\/es\/#website","url":"https:\/\/www.ascef.com\/es\/","name":"ASCEF","description":"Associaci\u00f3 Catalana de l\u2019Empresa Familiar","potentialAction":[{"@type":"SearchAction","target":{"@type":"EntryPoint","urlTemplate":"https:\/\/www.ascef.com\/es\/?s={search_term_string}"},"query-input":{"@type":"PropertyValueSpecification","valueRequired":true,"valueName":"search_term_string"}}],"inLanguage":"es"},{"@type":"Person","@id":"https:\/\/www.ascef.com\/es\/#\/schema\/person\/e0bdccd3e1665871f0e79e3a50ad6b02","name":"Borja Igual","url":"https:\/\/www.ascef.com\/es\/author\/bigual1990mcs-com\/"}]}},"_links":{"self":[{"href":"https:\/\/www.ascef.com\/es\/wp-json\/wp\/v2\/posts\/3303","targetHints":{"allow":["GET"]}}],"collection":[{"href":"https:\/\/www.ascef.com\/es\/wp-json\/wp\/v2\/posts"}],"about":[{"href":"https:\/\/www.ascef.com\/es\/wp-json\/wp\/v2\/types\/post"}],"author":[{"embeddable":true,"href":"https:\/\/www.ascef.com\/es\/wp-json\/wp\/v2\/users\/292"}],"replies":[{"embeddable":true,"href":"https:\/\/www.ascef.com\/es\/wp-json\/wp\/v2\/comments?post=3303"}],"version-history":[{"count":1,"href":"https:\/\/www.ascef.com\/es\/wp-json\/wp\/v2\/posts\/3303\/revisions"}],"predecessor-version":[{"id":3304,"href":"https:\/\/www.ascef.com\/es\/wp-json\/wp\/v2\/posts\/3303\/revisions\/3304"}],"wp:featuredmedia":[{"embeddable":true,"href":"https:\/\/www.ascef.com\/es\/wp-json\/wp\/v2\/media\/3301"}],"wp:attachment":[{"href":"https:\/\/www.ascef.com\/es\/wp-json\/wp\/v2\/media?parent=3303"}],"wp:term":[{"taxonomy":"category","embeddable":true,"href":"https:\/\/www.ascef.com\/es\/wp-json\/wp\/v2\/categories?post=3303"},{"taxonomy":"post_tag","embeddable":true,"href":"https:\/\/www.ascef.com\/es\/wp-json\/wp\/v2\/tags?post=3303"}],"curies":[{"name":"wp","href":"https:\/\/api.w.org\/{rel}","templated":true}]}}