{"id":3270,"date":"2021-04-20T09:18:32","date_gmt":"2021-04-20T09:18:32","guid":{"rendered":"https:\/\/www.ascef.com\/?p=3270"},"modified":"2021-04-20T09:20:16","modified_gmt":"2021-04-20T09:20:16","slug":"ascef-cedo-colaboracion-comarca","status":"publish","type":"post","link":"https:\/\/www.ascef.com\/es\/ascef-cedo-colaboracion-comarca\/","title":{"rendered":"ASCEF y CEDO trabajar\u00e1n conjuntamente para impulsar el desarrollo de la empresa familiar en la comarca"},"content":{"rendered":"<ul>\n<li>El acuerdo presta especial atenci\u00f3n a los j\u00f3venes que forman parte de la empresa familiar tanto en la gesti\u00f3n como en las \u00e1reas de gobierno de la compa\u00f1\u00eda<\/li>\n<li>La empresa familiar supone en Catalunya el 88,3% de la totalidad de las empresas privadas, contribuye el 69% del Valor A\u00f1adido Bruto (VAB) y genera el 76% de los puestos de trabajo privados<\/li>\n<\/ul>\n<p>20 de abril de 2021<\/p>\n<p>La <a href=\"https:\/\/www.ascef.com\/es\/\" target=\"_blank\" rel=\"noopener noreferrer\"><u><strong>Asociaci\u00f3n Catalana de la Empresa Familiar (ASCEF)<\/strong><\/u><\/a> y el <a href=\"http:\/\/www.cedosona.org\/ca\/portada\" target=\"_blank\" rel=\"noopener noreferrer\"><u><strong>Consell Empresarial d\u2019Osona (CEDO)<\/strong><\/u><\/a> trabajar\u00e1n conjuntamente para incentivar la relaci\u00f3n entre las empresas familiares de la comarca con el objetivo de ayudarlas a alcanzar sus proyectos empresariales. Entre las acciones que se llevar\u00e1n a cabo se encuentra la puesta en marcha de herramientas facilitadoras para el intercambio de experiencias y la generaci\u00f3n de conocimiento de valor. Las empresas familiares son la principal tipolog\u00eda de empresa de la comarca de Osona, principalmente del sector agroalimentario (industria de la carne) y del sector metal mec\u00e1nico; aunque repunta el sector tur\u00edstico.<\/p>\n<p>A ambas organizaciones les preocupan temas como el relevo generacional, el crecimiento, la profesionalizaci\u00f3n, la internacionalizaci\u00f3n de las empresas, la transformaci\u00f3n digital y la sostenibilidad.<\/p>\n<p>Este acuerdo tiene tambi\u00e9n como foco principal fomentar la iniciativa empresarial y la colaboraci\u00f3n entre los j\u00f3venes que forma parte del espacio <a href=\"http:\/\/www.cedosona.org\/ca\/noticies\/categoria\/Club-Fem-Empresa\" target=\"_blank\" rel=\"noopener noreferrer\"><u><strong>\u00abFem Empresa\u00bb (<em>Hacemos Empresa<\/em>) del CEDO<\/strong><\/u><\/a> y los j\u00f3venes del <a href=\"https:\/\/www.ascef.com\/es\/ascef\/quien-somos\/\" target=\"_blank\" rel=\"noopener noreferrer\"><u><strong>\u00abF\u00f3rum\u00bb de ASCEF<\/strong><\/u><\/a>, mediante actividades pensadas como punto de encuentro y formaci\u00f3n sobre temas que les afectan.<\/p>\n<p>Para el Presidente de <strong>ASCEF<\/strong>, <strong>Amadeu Jori<\/strong>, este acuerdo representa \u201cun reconocimiento al importante tejido empresarial familiar de la comarca y a nuestra s\u00f3lida voluntad de trabajar con el Consell Empresarial de Osona, y en particular con los m\u00e1s j\u00f3venes, con tal de conseguir que la empresa familiar se pueda desarrollar en la m\u00e1xima de sus capacidades\u201d, afirma. La empresa familiar supone en Catalunya el 88,3% de la totalidad de las empresas privadas, contribuyen el 69% del Valor A\u00f1adido Bruto (VAB) y genera el 76% de los puestos de trabajo privados.<\/p>\n<p>Por su parte, la presidente del <strong>CEDO<\/strong>, <strong>Lurdes Baulenas<\/strong>, considera que \u201cesta alianza es s\u00edmbolo del esp\u00edritu de la comarca y de nuestra entidad de crear sinergias en el s\u00ed de fomentar networking entre las empresas. La empresa familiar sigue siendo uno de los pilares empresariales de nuestra comarca y facilitar herramientas para hacerles crecer en los \u00e1mbitos m\u00e1s j\u00f3venes es clave para su continuidad en Osona y en Catalunya\u201d.<\/p>\n<p>El primer acto producto de esta relaci\u00f3n ha sido la conferencia sobre la internacionalizaci\u00f3n de la empresa llevada a cabo la semana pasada por el empresario <strong>Jaume Alsina<\/strong>, consejero delegado de <a href=\"https:\/\/www.alsina.com\/es\/\" target=\"_blank\" rel=\"noopener noreferrer\"><u><strong>Enconfrats Alsina<\/strong><\/u><\/a>, empresa asociada a <strong>ASCEF<\/strong>. Alsina es miembro de la tercera generaci\u00f3n de la empresa familiar, lleva 20 a\u00f1os trabajando en la compa\u00f1\u00eda y en su conferencia explic\u00f3 su proceso de crecimiento exterior para ser una empresa GLO-CAL (una compa\u00f1\u00eda global que piensa en local).<\/p>\n","protected":false},"excerpt":{"rendered":"<p>El acuerdo presta especial atenci\u00f3n a los j\u00f3venes que forman parte de la empresa familiar tanto en la gesti\u00f3n como en las \u00e1reas de gobierno de la compa\u00f1\u00eda La empresa familiar supone en Catalunya el 88,3% de la totalidad de las empresas privadas, contribuye el 69% del Valor A\u00f1adido Bruto (VAB) y genera el 76% [&hellip;]<\/p>\n","protected":false},"author":292,"featured_media":3092,"comment_status":"open","ping_status":"open","sticky":false,"template":"","format":"standard","meta":{"_acf_changed":false,"footnotes":""},"categories":[185],"tags":[],"class_list":["post-3270","post","type-post","status-publish","format-standard","has-post-thumbnail","hentry","category-general"],"acf":[],"yoast_head":"<!-- This site is optimized with the Yoast SEO plugin v27.5 - https:\/\/yoast.com\/product\/yoast-seo-wordpress\/ -->\n<title>ASCEF y CEDO trabajar\u00e1n conjuntamente para impulsar el desarrollo de la empresa familiar en la comarca - ASCEF<\/title>\n<meta name=\"description\" content=\"ASCEF y CEDO trabajar\u00e1n conjuntamente para incentivar la relaci\u00f3n entre las empresas familiares de la comarca y ayudarlas a alcanzar sus proyectos empresariales\" \/>\n<meta name=\"robots\" content=\"index, follow, max-snippet:-1, max-image-preview:large, max-video-preview:-1\" \/>\n<link rel=\"canonical\" href=\"https:\/\/www.ascef.com\/es\/ascef-cedo-colaboracion-comarca\/\" \/>\n<meta property=\"og:locale\" content=\"es_ES\" \/>\n<meta property=\"og:type\" content=\"article\" \/>\n<meta property=\"og:title\" content=\"ASCEF y CEDO trabajar\u00e1n conjuntamente para impulsar el desarrollo de la empresa familiar en la comarca - ASCEF\" \/>\n<meta property=\"og:description\" content=\"ASCEF y CEDO trabajar\u00e1n conjuntamente para incentivar la relaci\u00f3n entre las empresas familiares de la comarca y ayudarlas a alcanzar sus proyectos empresariales\" \/>\n<meta property=\"og:url\" content=\"https:\/\/www.ascef.com\/es\/ascef-cedo-colaboracion-comarca\/\" \/>\n<meta property=\"og:site_name\" content=\"ASCEF\" \/>\n<meta property=\"article:published_time\" content=\"2021-04-20T09:18:32+00:00\" \/>\n<meta property=\"article:modified_time\" content=\"2021-04-20T09:20:16+00:00\" \/>\n<meta property=\"og:image\" content=\"https:\/\/www.ascef.com\/wp-content\/uploads\/2021\/03\/NdP_web_ES.jpg\" \/>\n\t<meta property=\"og:image:width\" content=\"900\" \/>\n\t<meta property=\"og:image:height\" content=\"600\" \/>\n\t<meta property=\"og:image:type\" content=\"image\/jpeg\" \/>\n<meta name=\"author\" content=\"Borja Igual\" \/>\n<meta name=\"twitter:card\" content=\"summary_large_image\" \/>\n<meta name=\"twitter:label1\" content=\"Escrito por\" \/>\n\t<meta name=\"twitter:data1\" content=\"Borja Igual\" \/>\n\t<meta name=\"twitter:label2\" content=\"Tiempo de lectura\" \/>\n\t<meta name=\"twitter:data2\" content=\"3 minutos\" \/>\n<script type=\"application\/ld+json\" class=\"yoast-schema-graph\">{\"@context\":\"https:\\\/\\\/schema.org\",\"@graph\":[{\"@type\":\"Article\",\"@id\":\"https:\\\/\\\/www.ascef.com\\\/es\\\/ascef-cedo-colaboracion-comarca\\\/#article\",\"isPartOf\":{\"@id\":\"https:\\\/\\\/www.ascef.com\\\/es\\\/ascef-cedo-colaboracion-comarca\\\/\"},\"author\":{\"name\":\"Borja Igual\",\"@id\":\"https:\\\/\\\/www.ascef.com\\\/es\\\/#\\\/schema\\\/person\\\/e0bdccd3e1665871f0e79e3a50ad6b02\"},\"headline\":\"ASCEF y CEDO trabajar\u00e1n conjuntamente para impulsar el desarrollo de la empresa familiar en la comarca\",\"datePublished\":\"2021-04-20T09:18:32+00:00\",\"dateModified\":\"2021-04-20T09:20:16+00:00\",\"mainEntityOfPage\":{\"@id\":\"https:\\\/\\\/www.ascef.com\\\/es\\\/ascef-cedo-colaboracion-comarca\\\/\"},\"wordCount\":522,\"commentCount\":0,\"image\":{\"@id\":\"https:\\\/\\\/www.ascef.com\\\/es\\\/ascef-cedo-colaboracion-comarca\\\/#primaryimage\"},\"thumbnailUrl\":\"https:\\\/\\\/www.ascef.com\\\/wp-content\\\/uploads\\\/2021\\\/03\\\/NdP_web_ES.jpg\",\"articleSection\":[\"general\"],\"inLanguage\":\"es\"},{\"@type\":\"WebPage\",\"@id\":\"https:\\\/\\\/www.ascef.com\\\/es\\\/ascef-cedo-colaboracion-comarca\\\/\",\"url\":\"https:\\\/\\\/www.ascef.com\\\/es\\\/ascef-cedo-colaboracion-comarca\\\/\",\"name\":\"ASCEF y CEDO trabajar\u00e1n conjuntamente para impulsar el desarrollo de la empresa familiar en la comarca - ASCEF\",\"isPartOf\":{\"@id\":\"https:\\\/\\\/www.ascef.com\\\/es\\\/#website\"},\"primaryImageOfPage\":{\"@id\":\"https:\\\/\\\/www.ascef.com\\\/es\\\/ascef-cedo-colaboracion-comarca\\\/#primaryimage\"},\"image\":{\"@id\":\"https:\\\/\\\/www.ascef.com\\\/es\\\/ascef-cedo-colaboracion-comarca\\\/#primaryimage\"},\"thumbnailUrl\":\"https:\\\/\\\/www.ascef.com\\\/wp-content\\\/uploads\\\/2021\\\/03\\\/NdP_web_ES.jpg\",\"datePublished\":\"2021-04-20T09:18:32+00:00\",\"dateModified\":\"2021-04-20T09:20:16+00:00\",\"author\":{\"@id\":\"https:\\\/\\\/www.ascef.com\\\/es\\\/#\\\/schema\\\/person\\\/e0bdccd3e1665871f0e79e3a50ad6b02\"},\"description\":\"ASCEF y CEDO trabajar\u00e1n conjuntamente para incentivar la relaci\u00f3n entre las empresas familiares de la comarca y ayudarlas a alcanzar sus proyectos empresariales\",\"breadcrumb\":{\"@id\":\"https:\\\/\\\/www.ascef.com\\\/es\\\/ascef-cedo-colaboracion-comarca\\\/#breadcrumb\"},\"inLanguage\":\"es\",\"potentialAction\":[{\"@type\":\"ReadAction\",\"target\":[\"https:\\\/\\\/www.ascef.com\\\/es\\\/ascef-cedo-colaboracion-comarca\\\/\"]}]},{\"@type\":\"ImageObject\",\"inLanguage\":\"es\",\"@id\":\"https:\\\/\\\/www.ascef.com\\\/es\\\/ascef-cedo-colaboracion-comarca\\\/#primaryimage\",\"url\":\"https:\\\/\\\/www.ascef.com\\\/wp-content\\\/uploads\\\/2021\\\/03\\\/NdP_web_ES.jpg\",\"contentUrl\":\"https:\\\/\\\/www.ascef.com\\\/wp-content\\\/uploads\\\/2021\\\/03\\\/NdP_web_ES.jpg\",\"width\":900,\"height\":600},{\"@type\":\"BreadcrumbList\",\"@id\":\"https:\\\/\\\/www.ascef.com\\\/es\\\/ascef-cedo-colaboracion-comarca\\\/#breadcrumb\",\"itemListElement\":[{\"@type\":\"ListItem\",\"position\":1,\"name\":\"Portada\",\"item\":\"https:\\\/\\\/www.ascef.com\\\/es\\\/\"},{\"@type\":\"ListItem\",\"position\":2,\"name\":\"ASCEF y CEDO trabajar\u00e1n conjuntamente para impulsar el desarrollo de la empresa familiar en la comarca\"}]},{\"@type\":\"WebSite\",\"@id\":\"https:\\\/\\\/www.ascef.com\\\/es\\\/#website\",\"url\":\"https:\\\/\\\/www.ascef.com\\\/es\\\/\",\"name\":\"ASCEF\",\"description\":\"Associaci\u00f3 Catalana de l\u2019Empresa Familiar\",\"potentialAction\":[{\"@type\":\"SearchAction\",\"target\":{\"@type\":\"EntryPoint\",\"urlTemplate\":\"https:\\\/\\\/www.ascef.com\\\/es\\\/?s={search_term_string}\"},\"query-input\":{\"@type\":\"PropertyValueSpecification\",\"valueRequired\":true,\"valueName\":\"search_term_string\"}}],\"inLanguage\":\"es\"},{\"@type\":\"Person\",\"@id\":\"https:\\\/\\\/www.ascef.com\\\/es\\\/#\\\/schema\\\/person\\\/e0bdccd3e1665871f0e79e3a50ad6b02\",\"name\":\"Borja Igual\",\"url\":\"https:\\\/\\\/www.ascef.com\\\/es\\\/author\\\/bigual1990mcs-com\\\/\"}]}<\/script>\n<!-- \/ Yoast SEO plugin. -->","yoast_head_json":{"title":"ASCEF y CEDO trabajar\u00e1n conjuntamente para impulsar el desarrollo de la empresa familiar en la comarca - ASCEF","description":"ASCEF y CEDO trabajar\u00e1n conjuntamente para incentivar la relaci\u00f3n entre las empresas familiares de la comarca y ayudarlas a alcanzar sus proyectos empresariales","robots":{"index":"index","follow":"follow","max-snippet":"max-snippet:-1","max-image-preview":"max-image-preview:large","max-video-preview":"max-video-preview:-1"},"canonical":"https:\/\/www.ascef.com\/es\/ascef-cedo-colaboracion-comarca\/","og_locale":"es_ES","og_type":"article","og_title":"ASCEF y CEDO trabajar\u00e1n conjuntamente para impulsar el desarrollo de la empresa familiar en la comarca - ASCEF","og_description":"ASCEF y CEDO trabajar\u00e1n conjuntamente para incentivar la relaci\u00f3n entre las empresas familiares de la comarca y ayudarlas a alcanzar sus proyectos empresariales","og_url":"https:\/\/www.ascef.com\/es\/ascef-cedo-colaboracion-comarca\/","og_site_name":"ASCEF","article_published_time":"2021-04-20T09:18:32+00:00","article_modified_time":"2021-04-20T09:20:16+00:00","og_image":[{"width":900,"height":600,"url":"https:\/\/www.ascef.com\/wp-content\/uploads\/2021\/03\/NdP_web_ES.jpg","type":"image\/jpeg"}],"author":"Borja Igual","twitter_card":"summary_large_image","twitter_misc":{"Escrito por":"Borja Igual","Tiempo de lectura":"3 minutos"},"schema":{"@context":"https:\/\/schema.org","@graph":[{"@type":"Article","@id":"https:\/\/www.ascef.com\/es\/ascef-cedo-colaboracion-comarca\/#article","isPartOf":{"@id":"https:\/\/www.ascef.com\/es\/ascef-cedo-colaboracion-comarca\/"},"author":{"name":"Borja Igual","@id":"https:\/\/www.ascef.com\/es\/#\/schema\/person\/e0bdccd3e1665871f0e79e3a50ad6b02"},"headline":"ASCEF y CEDO trabajar\u00e1n conjuntamente para impulsar el desarrollo de la empresa familiar en la comarca","datePublished":"2021-04-20T09:18:32+00:00","dateModified":"2021-04-20T09:20:16+00:00","mainEntityOfPage":{"@id":"https:\/\/www.ascef.com\/es\/ascef-cedo-colaboracion-comarca\/"},"wordCount":522,"commentCount":0,"image":{"@id":"https:\/\/www.ascef.com\/es\/ascef-cedo-colaboracion-comarca\/#primaryimage"},"thumbnailUrl":"https:\/\/www.ascef.com\/wp-content\/uploads\/2021\/03\/NdP_web_ES.jpg","articleSection":["general"],"inLanguage":"es"},{"@type":"WebPage","@id":"https:\/\/www.ascef.com\/es\/ascef-cedo-colaboracion-comarca\/","url":"https:\/\/www.ascef.com\/es\/ascef-cedo-colaboracion-comarca\/","name":"ASCEF y CEDO trabajar\u00e1n conjuntamente para impulsar el desarrollo de la empresa familiar en la comarca - ASCEF","isPartOf":{"@id":"https:\/\/www.ascef.com\/es\/#website"},"primaryImageOfPage":{"@id":"https:\/\/www.ascef.com\/es\/ascef-cedo-colaboracion-comarca\/#primaryimage"},"image":{"@id":"https:\/\/www.ascef.com\/es\/ascef-cedo-colaboracion-comarca\/#primaryimage"},"thumbnailUrl":"https:\/\/www.ascef.com\/wp-content\/uploads\/2021\/03\/NdP_web_ES.jpg","datePublished":"2021-04-20T09:18:32+00:00","dateModified":"2021-04-20T09:20:16+00:00","author":{"@id":"https:\/\/www.ascef.com\/es\/#\/schema\/person\/e0bdccd3e1665871f0e79e3a50ad6b02"},"description":"ASCEF y CEDO trabajar\u00e1n conjuntamente para incentivar la relaci\u00f3n entre las empresas familiares de la comarca y ayudarlas a alcanzar sus proyectos empresariales","breadcrumb":{"@id":"https:\/\/www.ascef.com\/es\/ascef-cedo-colaboracion-comarca\/#breadcrumb"},"inLanguage":"es","potentialAction":[{"@type":"ReadAction","target":["https:\/\/www.ascef.com\/es\/ascef-cedo-colaboracion-comarca\/"]}]},{"@type":"ImageObject","inLanguage":"es","@id":"https:\/\/www.ascef.com\/es\/ascef-cedo-colaboracion-comarca\/#primaryimage","url":"https:\/\/www.ascef.com\/wp-content\/uploads\/2021\/03\/NdP_web_ES.jpg","contentUrl":"https:\/\/www.ascef.com\/wp-content\/uploads\/2021\/03\/NdP_web_ES.jpg","width":900,"height":600},{"@type":"BreadcrumbList","@id":"https:\/\/www.ascef.com\/es\/ascef-cedo-colaboracion-comarca\/#breadcrumb","itemListElement":[{"@type":"ListItem","position":1,"name":"Portada","item":"https:\/\/www.ascef.com\/es\/"},{"@type":"ListItem","position":2,"name":"ASCEF y CEDO trabajar\u00e1n conjuntamente para impulsar el desarrollo de la empresa familiar en la comarca"}]},{"@type":"WebSite","@id":"https:\/\/www.ascef.com\/es\/#website","url":"https:\/\/www.ascef.com\/es\/","name":"ASCEF","description":"Associaci\u00f3 Catalana de l\u2019Empresa Familiar","potentialAction":[{"@type":"SearchAction","target":{"@type":"EntryPoint","urlTemplate":"https:\/\/www.ascef.com\/es\/?s={search_term_string}"},"query-input":{"@type":"PropertyValueSpecification","valueRequired":true,"valueName":"search_term_string"}}],"inLanguage":"es"},{"@type":"Person","@id":"https:\/\/www.ascef.com\/es\/#\/schema\/person\/e0bdccd3e1665871f0e79e3a50ad6b02","name":"Borja Igual","url":"https:\/\/www.ascef.com\/es\/author\/bigual1990mcs-com\/"}]}},"_links":{"self":[{"href":"https:\/\/www.ascef.com\/es\/wp-json\/wp\/v2\/posts\/3270","targetHints":{"allow":["GET"]}}],"collection":[{"href":"https:\/\/www.ascef.com\/es\/wp-json\/wp\/v2\/posts"}],"about":[{"href":"https:\/\/www.ascef.com\/es\/wp-json\/wp\/v2\/types\/post"}],"author":[{"embeddable":true,"href":"https:\/\/www.ascef.com\/es\/wp-json\/wp\/v2\/users\/292"}],"replies":[{"embeddable":true,"href":"https:\/\/www.ascef.com\/es\/wp-json\/wp\/v2\/comments?post=3270"}],"version-history":[{"count":3,"href":"https:\/\/www.ascef.com\/es\/wp-json\/wp\/v2\/posts\/3270\/revisions"}],"predecessor-version":[{"id":3277,"href":"https:\/\/www.ascef.com\/es\/wp-json\/wp\/v2\/posts\/3270\/revisions\/3277"}],"wp:featuredmedia":[{"embeddable":true,"href":"https:\/\/www.ascef.com\/es\/wp-json\/wp\/v2\/media\/3092"}],"wp:attachment":[{"href":"https:\/\/www.ascef.com\/es\/wp-json\/wp\/v2\/media?parent=3270"}],"wp:term":[{"taxonomy":"category","embeddable":true,"href":"https:\/\/www.ascef.com\/es\/wp-json\/wp\/v2\/categories?post=3270"},{"taxonomy":"post_tag","embeddable":true,"href":"https:\/\/www.ascef.com\/es\/wp-json\/wp\/v2\/tags?post=3270"}],"curies":[{"name":"wp","href":"https:\/\/api.w.org\/{rel}","templated":true}]}}