{"id":3244,"date":"2021-04-13T10:08:32","date_gmt":"2021-04-13T10:08:32","guid":{"rendered":"https:\/\/www.ascef.com\/?p=3244"},"modified":"2021-04-14T10:09:09","modified_gmt":"2021-04-14T10:09:09","slug":"maria-puig","status":"publish","type":"post","link":"https:\/\/www.ascef.com\/es\/maria-puig\/","title":{"rendered":"Lamentamos la p\u00e9rdida de Mari\u00e0 Puig"},"content":{"rendered":"<p>Desde la <u><a href=\"https:\/\/www.ascef.com\/es\/\" target=\"_blank\" rel=\"noopener noreferrer\"><strong>Asociaci\u00f3n Catalana de la Empresa Familiar (ASCEF)<\/strong><\/a><\/u> lamentamos profundamente la p\u00e9rdida de <strong>Mari\u00e0 Puig<\/strong>, ejemplo de empresario familiar, a los 93 a\u00f1os.<\/p>\n<p>Fue miembro de la segunda generaci\u00f3n y presidente de <u><a href=\"https:\/\/www.puig.com\/es\" target=\"_blank\" rel=\"noopener noreferrer\"><strong>Puig<\/strong><\/a><\/u>, impulsor de la internacionalizaci\u00f3n del grupo empresarial de perfumer\u00eda, moda y cosm\u00e9tica y referente de su sector de actividad. Adem\u00e1s, Mari\u00e0 Puig fue miembro fundador del <u><a href=\"https:\/\/www.iefamiliar.com\/\" target=\"_blank\" rel=\"noopener noreferrer\"><strong>Instituto de la Empresa Familiar<\/strong><\/a><\/u>, cuya presidencia del cual ocup\u00f3 entre el a\u00f1o 1995 y 1997.<\/p>\n<p>El grupo Puig, actualmente dirigida por la tercera generaci\u00f3n, es una de las empresas socias de <strong>ASCEF<\/strong>.<\/p>\n<p>Nuestras condolencias a su familia y a todas las personas que forman parte de este grupo empresarial.<\/p>\n","protected":false},"excerpt":{"rendered":"<p>Desde la Asociaci\u00f3n Catalana de la Empresa Familiar (ASCEF) lamentamos profundamente la p\u00e9rdida de Mari\u00e0 Puig, ejemplo de empresario familiar, a los 93 a\u00f1os. Fue miembro de la segunda generaci\u00f3n y presidente de Puig, impulsor de la internacionalizaci\u00f3n del grupo empresarial de perfumer\u00eda, moda y cosm\u00e9tica y referente de su sector de actividad. Adem\u00e1s, Mari\u00e0 [&hellip;]<\/p>\n","protected":false},"author":292,"featured_media":3241,"comment_status":"open","ping_status":"open","sticky":false,"template":"","format":"standard","meta":{"_acf_changed":false,"footnotes":""},"categories":[185],"tags":[],"class_list":["post-3244","post","type-post","status-publish","format-standard","has-post-thumbnail","hentry","category-general"],"acf":[],"yoast_head":"<!-- This site is optimized with the Yoast SEO plugin v27.5 - https:\/\/yoast.com\/product\/yoast-seo-wordpress\/ -->\n<title>Lamentamos la p\u00e9rdida de Mari\u00e0 Puig - ASCEF<\/title>\n<meta name=\"description\" content=\"Desde la Asociaci\u00f3n Catalana de la Empresa Familiar (ASCEF) lamentamos profundamente la p\u00e9rdida de Mari\u00e0 Puig, ejemplo de empresario familiar, a los 93 a\u00f1os.\" \/>\n<meta name=\"robots\" content=\"index, follow, max-snippet:-1, max-image-preview:large, max-video-preview:-1\" \/>\n<link rel=\"canonical\" href=\"https:\/\/www.ascef.com\/es\/maria-puig\/\" \/>\n<meta property=\"og:locale\" content=\"es_ES\" \/>\n<meta property=\"og:type\" content=\"article\" \/>\n<meta property=\"og:title\" content=\"Lamentamos la p\u00e9rdida de Mari\u00e0 Puig - ASCEF\" \/>\n<meta property=\"og:description\" content=\"Desde la Asociaci\u00f3n Catalana de la Empresa Familiar (ASCEF) lamentamos profundamente la p\u00e9rdida de Mari\u00e0 Puig, ejemplo de empresario familiar, a los 93 a\u00f1os.\" \/>\n<meta property=\"og:url\" content=\"https:\/\/www.ascef.com\/es\/maria-puig\/\" \/>\n<meta property=\"og:site_name\" content=\"ASCEF\" \/>\n<meta property=\"article:published_time\" content=\"2021-04-13T10:08:32+00:00\" \/>\n<meta property=\"article:modified_time\" content=\"2021-04-14T10:09:09+00:00\" \/>\n<meta property=\"og:image\" content=\"https:\/\/www.ascef.com\/wp-content\/uploads\/2021\/04\/Mari\u00e0-Puig.jpg\" \/>\n\t<meta property=\"og:image:width\" content=\"481\" \/>\n\t<meta property=\"og:image:height\" content=\"315\" \/>\n\t<meta property=\"og:image:type\" content=\"image\/jpeg\" \/>\n<meta name=\"author\" content=\"Borja Igual\" \/>\n<meta name=\"twitter:card\" content=\"summary_large_image\" \/>\n<meta name=\"twitter:label1\" content=\"Escrito por\" \/>\n\t<meta name=\"twitter:data1\" content=\"Borja Igual\" \/>\n\t<meta name=\"twitter:label2\" content=\"Tiempo de lectura\" \/>\n\t<meta name=\"twitter:data2\" content=\"1 minuto\" \/>\n<script type=\"application\/ld+json\" class=\"yoast-schema-graph\">{\"@context\":\"https:\\\/\\\/schema.org\",\"@graph\":[{\"@type\":\"Article\",\"@id\":\"https:\\\/\\\/www.ascef.com\\\/es\\\/maria-puig\\\/#article\",\"isPartOf\":{\"@id\":\"https:\\\/\\\/www.ascef.com\\\/es\\\/maria-puig\\\/\"},\"author\":{\"name\":\"Borja Igual\",\"@id\":\"https:\\\/\\\/www.ascef.com\\\/es\\\/#\\\/schema\\\/person\\\/e0bdccd3e1665871f0e79e3a50ad6b02\"},\"headline\":\"Lamentamos la p\u00e9rdida de Mari\u00e0 Puig\",\"datePublished\":\"2021-04-13T10:08:32+00:00\",\"dateModified\":\"2021-04-14T10:09:09+00:00\",\"mainEntityOfPage\":{\"@id\":\"https:\\\/\\\/www.ascef.com\\\/es\\\/maria-puig\\\/\"},\"wordCount\":124,\"commentCount\":0,\"image\":{\"@id\":\"https:\\\/\\\/www.ascef.com\\\/es\\\/maria-puig\\\/#primaryimage\"},\"thumbnailUrl\":\"https:\\\/\\\/www.ascef.com\\\/wp-content\\\/uploads\\\/2021\\\/04\\\/Mari\u00e0-Puig.jpg\",\"articleSection\":[\"general\"],\"inLanguage\":\"es\"},{\"@type\":\"WebPage\",\"@id\":\"https:\\\/\\\/www.ascef.com\\\/es\\\/maria-puig\\\/\",\"url\":\"https:\\\/\\\/www.ascef.com\\\/es\\\/maria-puig\\\/\",\"name\":\"Lamentamos la p\u00e9rdida de Mari\u00e0 Puig - ASCEF\",\"isPartOf\":{\"@id\":\"https:\\\/\\\/www.ascef.com\\\/es\\\/#website\"},\"primaryImageOfPage\":{\"@id\":\"https:\\\/\\\/www.ascef.com\\\/es\\\/maria-puig\\\/#primaryimage\"},\"image\":{\"@id\":\"https:\\\/\\\/www.ascef.com\\\/es\\\/maria-puig\\\/#primaryimage\"},\"thumbnailUrl\":\"https:\\\/\\\/www.ascef.com\\\/wp-content\\\/uploads\\\/2021\\\/04\\\/Mari\u00e0-Puig.jpg\",\"datePublished\":\"2021-04-13T10:08:32+00:00\",\"dateModified\":\"2021-04-14T10:09:09+00:00\",\"author\":{\"@id\":\"https:\\\/\\\/www.ascef.com\\\/es\\\/#\\\/schema\\\/person\\\/e0bdccd3e1665871f0e79e3a50ad6b02\"},\"description\":\"Desde la Asociaci\u00f3n Catalana de la Empresa Familiar (ASCEF) lamentamos profundamente la p\u00e9rdida de Mari\u00e0 Puig, ejemplo de empresario familiar, a los 93 a\u00f1os.\",\"breadcrumb\":{\"@id\":\"https:\\\/\\\/www.ascef.com\\\/es\\\/maria-puig\\\/#breadcrumb\"},\"inLanguage\":\"es\",\"potentialAction\":[{\"@type\":\"ReadAction\",\"target\":[\"https:\\\/\\\/www.ascef.com\\\/es\\\/maria-puig\\\/\"]}]},{\"@type\":\"ImageObject\",\"inLanguage\":\"es\",\"@id\":\"https:\\\/\\\/www.ascef.com\\\/es\\\/maria-puig\\\/#primaryimage\",\"url\":\"https:\\\/\\\/www.ascef.com\\\/wp-content\\\/uploads\\\/2021\\\/04\\\/Mari\u00e0-Puig.jpg\",\"contentUrl\":\"https:\\\/\\\/www.ascef.com\\\/wp-content\\\/uploads\\\/2021\\\/04\\\/Mari\u00e0-Puig.jpg\",\"width\":481,\"height\":315},{\"@type\":\"BreadcrumbList\",\"@id\":\"https:\\\/\\\/www.ascef.com\\\/es\\\/maria-puig\\\/#breadcrumb\",\"itemListElement\":[{\"@type\":\"ListItem\",\"position\":1,\"name\":\"Portada\",\"item\":\"https:\\\/\\\/www.ascef.com\\\/es\\\/\"},{\"@type\":\"ListItem\",\"position\":2,\"name\":\"Lamentamos la p\u00e9rdida de Mari\u00e0 Puig\"}]},{\"@type\":\"WebSite\",\"@id\":\"https:\\\/\\\/www.ascef.com\\\/es\\\/#website\",\"url\":\"https:\\\/\\\/www.ascef.com\\\/es\\\/\",\"name\":\"ASCEF\",\"description\":\"Associaci\u00f3 Catalana de l\u2019Empresa Familiar\",\"potentialAction\":[{\"@type\":\"SearchAction\",\"target\":{\"@type\":\"EntryPoint\",\"urlTemplate\":\"https:\\\/\\\/www.ascef.com\\\/es\\\/?s={search_term_string}\"},\"query-input\":{\"@type\":\"PropertyValueSpecification\",\"valueRequired\":true,\"valueName\":\"search_term_string\"}}],\"inLanguage\":\"es\"},{\"@type\":\"Person\",\"@id\":\"https:\\\/\\\/www.ascef.com\\\/es\\\/#\\\/schema\\\/person\\\/e0bdccd3e1665871f0e79e3a50ad6b02\",\"name\":\"Borja Igual\",\"url\":\"https:\\\/\\\/www.ascef.com\\\/es\\\/author\\\/bigual1990mcs-com\\\/\"}]}<\/script>\n<!-- \/ Yoast SEO plugin. -->","yoast_head_json":{"title":"Lamentamos la p\u00e9rdida de Mari\u00e0 Puig - ASCEF","description":"Desde la Asociaci\u00f3n Catalana de la Empresa Familiar (ASCEF) lamentamos profundamente la p\u00e9rdida de Mari\u00e0 Puig, ejemplo de empresario familiar, a los 93 a\u00f1os.","robots":{"index":"index","follow":"follow","max-snippet":"max-snippet:-1","max-image-preview":"max-image-preview:large","max-video-preview":"max-video-preview:-1"},"canonical":"https:\/\/www.ascef.com\/es\/maria-puig\/","og_locale":"es_ES","og_type":"article","og_title":"Lamentamos la p\u00e9rdida de Mari\u00e0 Puig - ASCEF","og_description":"Desde la Asociaci\u00f3n Catalana de la Empresa Familiar (ASCEF) lamentamos profundamente la p\u00e9rdida de Mari\u00e0 Puig, ejemplo de empresario familiar, a los 93 a\u00f1os.","og_url":"https:\/\/www.ascef.com\/es\/maria-puig\/","og_site_name":"ASCEF","article_published_time":"2021-04-13T10:08:32+00:00","article_modified_time":"2021-04-14T10:09:09+00:00","og_image":[{"width":481,"height":315,"url":"https:\/\/www.ascef.com\/wp-content\/uploads\/2021\/04\/Mari\u00e0-Puig.jpg","type":"image\/jpeg"}],"author":"Borja Igual","twitter_card":"summary_large_image","twitter_misc":{"Escrito por":"Borja Igual","Tiempo de lectura":"1 minuto"},"schema":{"@context":"https:\/\/schema.org","@graph":[{"@type":"Article","@id":"https:\/\/www.ascef.com\/es\/maria-puig\/#article","isPartOf":{"@id":"https:\/\/www.ascef.com\/es\/maria-puig\/"},"author":{"name":"Borja Igual","@id":"https:\/\/www.ascef.com\/es\/#\/schema\/person\/e0bdccd3e1665871f0e79e3a50ad6b02"},"headline":"Lamentamos la p\u00e9rdida de Mari\u00e0 Puig","datePublished":"2021-04-13T10:08:32+00:00","dateModified":"2021-04-14T10:09:09+00:00","mainEntityOfPage":{"@id":"https:\/\/www.ascef.com\/es\/maria-puig\/"},"wordCount":124,"commentCount":0,"image":{"@id":"https:\/\/www.ascef.com\/es\/maria-puig\/#primaryimage"},"thumbnailUrl":"https:\/\/www.ascef.com\/wp-content\/uploads\/2021\/04\/Mari\u00e0-Puig.jpg","articleSection":["general"],"inLanguage":"es"},{"@type":"WebPage","@id":"https:\/\/www.ascef.com\/es\/maria-puig\/","url":"https:\/\/www.ascef.com\/es\/maria-puig\/","name":"Lamentamos la p\u00e9rdida de Mari\u00e0 Puig - ASCEF","isPartOf":{"@id":"https:\/\/www.ascef.com\/es\/#website"},"primaryImageOfPage":{"@id":"https:\/\/www.ascef.com\/es\/maria-puig\/#primaryimage"},"image":{"@id":"https:\/\/www.ascef.com\/es\/maria-puig\/#primaryimage"},"thumbnailUrl":"https:\/\/www.ascef.com\/wp-content\/uploads\/2021\/04\/Mari\u00e0-Puig.jpg","datePublished":"2021-04-13T10:08:32+00:00","dateModified":"2021-04-14T10:09:09+00:00","author":{"@id":"https:\/\/www.ascef.com\/es\/#\/schema\/person\/e0bdccd3e1665871f0e79e3a50ad6b02"},"description":"Desde la Asociaci\u00f3n Catalana de la Empresa Familiar (ASCEF) lamentamos profundamente la p\u00e9rdida de Mari\u00e0 Puig, ejemplo de empresario familiar, a los 93 a\u00f1os.","breadcrumb":{"@id":"https:\/\/www.ascef.com\/es\/maria-puig\/#breadcrumb"},"inLanguage":"es","potentialAction":[{"@type":"ReadAction","target":["https:\/\/www.ascef.com\/es\/maria-puig\/"]}]},{"@type":"ImageObject","inLanguage":"es","@id":"https:\/\/www.ascef.com\/es\/maria-puig\/#primaryimage","url":"https:\/\/www.ascef.com\/wp-content\/uploads\/2021\/04\/Mari\u00e0-Puig.jpg","contentUrl":"https:\/\/www.ascef.com\/wp-content\/uploads\/2021\/04\/Mari\u00e0-Puig.jpg","width":481,"height":315},{"@type":"BreadcrumbList","@id":"https:\/\/www.ascef.com\/es\/maria-puig\/#breadcrumb","itemListElement":[{"@type":"ListItem","position":1,"name":"Portada","item":"https:\/\/www.ascef.com\/es\/"},{"@type":"ListItem","position":2,"name":"Lamentamos la p\u00e9rdida de Mari\u00e0 Puig"}]},{"@type":"WebSite","@id":"https:\/\/www.ascef.com\/es\/#website","url":"https:\/\/www.ascef.com\/es\/","name":"ASCEF","description":"Associaci\u00f3 Catalana de l\u2019Empresa Familiar","potentialAction":[{"@type":"SearchAction","target":{"@type":"EntryPoint","urlTemplate":"https:\/\/www.ascef.com\/es\/?s={search_term_string}"},"query-input":{"@type":"PropertyValueSpecification","valueRequired":true,"valueName":"search_term_string"}}],"inLanguage":"es"},{"@type":"Person","@id":"https:\/\/www.ascef.com\/es\/#\/schema\/person\/e0bdccd3e1665871f0e79e3a50ad6b02","name":"Borja Igual","url":"https:\/\/www.ascef.com\/es\/author\/bigual1990mcs-com\/"}]}},"_links":{"self":[{"href":"https:\/\/www.ascef.com\/es\/wp-json\/wp\/v2\/posts\/3244","targetHints":{"allow":["GET"]}}],"collection":[{"href":"https:\/\/www.ascef.com\/es\/wp-json\/wp\/v2\/posts"}],"about":[{"href":"https:\/\/www.ascef.com\/es\/wp-json\/wp\/v2\/types\/post"}],"author":[{"embeddable":true,"href":"https:\/\/www.ascef.com\/es\/wp-json\/wp\/v2\/users\/292"}],"replies":[{"embeddable":true,"href":"https:\/\/www.ascef.com\/es\/wp-json\/wp\/v2\/comments?post=3244"}],"version-history":[{"count":1,"href":"https:\/\/www.ascef.com\/es\/wp-json\/wp\/v2\/posts\/3244\/revisions"}],"predecessor-version":[{"id":3245,"href":"https:\/\/www.ascef.com\/es\/wp-json\/wp\/v2\/posts\/3244\/revisions\/3245"}],"wp:featuredmedia":[{"embeddable":true,"href":"https:\/\/www.ascef.com\/es\/wp-json\/wp\/v2\/media\/3241"}],"wp:attachment":[{"href":"https:\/\/www.ascef.com\/es\/wp-json\/wp\/v2\/media?parent=3244"}],"wp:term":[{"taxonomy":"category","embeddable":true,"href":"https:\/\/www.ascef.com\/es\/wp-json\/wp\/v2\/categories?post=3244"},{"taxonomy":"post_tag","embeddable":true,"href":"https:\/\/www.ascef.com\/es\/wp-json\/wp\/v2\/tags?post=3244"}],"curies":[{"name":"wp","href":"https:\/\/api.w.org\/{rel}","templated":true}]}}