{"id":3112,"date":"2021-03-23T06:30:20","date_gmt":"2021-03-23T06:30:20","guid":{"rendered":"https:\/\/www.ascef.com\/?p=3112"},"modified":"2021-03-22T15:21:03","modified_gmt":"2021-03-22T15:21:03","slug":"forum-ascef-plan-accion","status":"publish","type":"post","link":"https:\/\/www.ascef.com\/es\/forum-ascef-plan-accion\/","title":{"rendered":"El F\u00f3rum de ASCEF trabaja en el dise\u00f1o de un nuevo plan de acci\u00f3n"},"content":{"rendered":"<p>El <u><a href=\"https:\/\/www.ascef.com\/es\/ascef\/quien-somos\/\" target=\"_blank\" rel=\"noopener noreferrer\"><strong>F\u00f3rum de ASCEF<\/strong><\/a><\/u>, grupo formado por cerca de 300 j\u00f3venes vinculados directamente a las empresas familiares de <u><a href=\"https:\/\/www.ascef.com\/es\/\" target=\"_blank\" rel=\"noopener noreferrer\"><strong>ASCEF<\/strong><\/a><\/u>, trabaja en el dise\u00f1o de su nuevo plan de acci\u00f3n en el que impulsar\u00e1 iniciativas relacionadas con los temas que m\u00e1s interesan a sus asociados como la formaci\u00f3n, la digitalizaci\u00f3n, el uso de la inteligencia artificial en las empresas familiares, la responsabilidad social corporativa o el relevo generacional, entre otros.<\/p>\n<p><strong>Ricard Oller <u><a href=\"https:\/\/www.ascef.com\/es\/junta-directiva-ascef-renovacion\/\" target=\"_blank\" rel=\"noopener noreferrer\">ha tomado recientemente el relevo de Albert Campabadal en la presidencia del F\u00f3rum<\/a><\/u><\/strong>. Campabadal se mantiene en la junta que tambi\u00e9n est\u00e1 formada por Miriam Pujol, Olga Carb\u00f3, Anna Guix\u00e0, Guillermo Vidal, Marc Morillas, Albert Borr\u00e0s, Juan Enrique Yxart y Carles Alsina. \u00ab<em>Albert ha dejado el list\u00f3n muy alto y es a partir de su trabajo que seguiremos avanzando en equipo con una junta compuesta por grandes personas y amig@s<\/em>\u00ab, afirma Oller.<\/p>\n<p>Dentro de este plan de acci\u00f3n est\u00e1 previsto, tan pronto la situaci\u00f3n derivada de la pandemia lo permita, dinamizar el programa de actividades y reeditar eventos de \u00e9xito como fue el Speed Company Networking Event o la cena de verano en la cual siempre contamos con ponentes de relevancia en la sociedad civil y empresarial. El <strong>F\u00f3rum de ASCEF<\/strong> tambi\u00e9n tiene previsto establecer colaboraciones con otras entidades que tambi\u00e9n dispongan de grupos parecidos de actuaci\u00f3n.<\/p>\n","protected":false},"excerpt":{"rendered":"<p>El F\u00f3rum de ASCEF, grupo formado por cerca de 300 j\u00f3venes vinculados directamente a las empresas familiares de ASCEF, trabaja en el dise\u00f1o de su nuevo plan de acci\u00f3n en el que impulsar\u00e1 iniciativas relacionadas con los temas que m\u00e1s interesan a sus asociados como la formaci\u00f3n, la digitalizaci\u00f3n, el uso de la inteligencia artificial [&hellip;]<\/p>\n","protected":false},"author":292,"featured_media":3110,"comment_status":"open","ping_status":"open","sticky":false,"template":"","format":"standard","meta":{"_acf_changed":false,"footnotes":""},"categories":[185],"tags":[],"class_list":["post-3112","post","type-post","status-publish","format-standard","has-post-thumbnail","hentry","category-general"],"acf":[],"yoast_head":"<!-- This site is optimized with the Yoast SEO plugin v27.5 - https:\/\/yoast.com\/product\/yoast-seo-wordpress\/ -->\n<title>El F\u00f3rum de ASCEF trabaja en el dise\u00f1o de un nuevo plan de acci\u00f3n - ASCEF<\/title>\n<meta name=\"description\" content=\"El F\u00f3rum de ASCEF trabaja en el dise\u00f1o de su nuevo plan de acci\u00f3n en el que impulsar\u00e1 iniciativas relacionadas con los temas que interesan a sus asociados\" \/>\n<meta name=\"robots\" content=\"index, follow, max-snippet:-1, max-image-preview:large, max-video-preview:-1\" \/>\n<link rel=\"canonical\" href=\"https:\/\/www.ascef.com\/es\/forum-ascef-plan-accion\/\" \/>\n<meta property=\"og:locale\" content=\"es_ES\" \/>\n<meta property=\"og:type\" content=\"article\" \/>\n<meta property=\"og:title\" content=\"El F\u00f3rum de ASCEF trabaja en el dise\u00f1o de un nuevo plan de acci\u00f3n - ASCEF\" \/>\n<meta property=\"og:description\" content=\"El F\u00f3rum de ASCEF trabaja en el dise\u00f1o de su nuevo plan de acci\u00f3n en el que impulsar\u00e1 iniciativas relacionadas con los temas que interesan a sus asociados\" \/>\n<meta property=\"og:url\" content=\"https:\/\/www.ascef.com\/es\/forum-ascef-plan-accion\/\" \/>\n<meta property=\"og:site_name\" content=\"ASCEF\" \/>\n<meta property=\"article:published_time\" content=\"2021-03-23T06:30:20+00:00\" \/>\n<meta property=\"og:image\" content=\"https:\/\/www.ascef.com\/wp-content\/uploads\/2021\/03\/DSC_7061_webnoticia.jpg\" \/>\n\t<meta property=\"og:image:width\" content=\"1800\" \/>\n\t<meta property=\"og:image:height\" content=\"1203\" \/>\n\t<meta property=\"og:image:type\" content=\"image\/jpeg\" \/>\n<meta name=\"author\" content=\"Borja Igual\" \/>\n<meta name=\"twitter:card\" content=\"summary_large_image\" \/>\n<meta name=\"twitter:label1\" content=\"Escrito por\" \/>\n\t<meta name=\"twitter:data1\" content=\"Borja Igual\" \/>\n\t<meta name=\"twitter:label2\" content=\"Tiempo de lectura\" \/>\n\t<meta name=\"twitter:data2\" content=\"1 minuto\" \/>\n<script type=\"application\/ld+json\" class=\"yoast-schema-graph\">{\"@context\":\"https:\\\/\\\/schema.org\",\"@graph\":[{\"@type\":\"Article\",\"@id\":\"https:\\\/\\\/www.ascef.com\\\/es\\\/forum-ascef-plan-accion\\\/#article\",\"isPartOf\":{\"@id\":\"https:\\\/\\\/www.ascef.com\\\/es\\\/forum-ascef-plan-accion\\\/\"},\"author\":{\"name\":\"Borja Igual\",\"@id\":\"https:\\\/\\\/www.ascef.com\\\/es\\\/#\\\/schema\\\/person\\\/e0bdccd3e1665871f0e79e3a50ad6b02\"},\"headline\":\"El F\u00f3rum de ASCEF trabaja en el dise\u00f1o de un nuevo plan de acci\u00f3n\",\"datePublished\":\"2021-03-23T06:30:20+00:00\",\"mainEntityOfPage\":{\"@id\":\"https:\\\/\\\/www.ascef.com\\\/es\\\/forum-ascef-plan-accion\\\/\"},\"wordCount\":252,\"commentCount\":0,\"image\":{\"@id\":\"https:\\\/\\\/www.ascef.com\\\/es\\\/forum-ascef-plan-accion\\\/#primaryimage\"},\"thumbnailUrl\":\"https:\\\/\\\/www.ascef.com\\\/wp-content\\\/uploads\\\/2021\\\/03\\\/DSC_7061_webnoticia.jpg\",\"articleSection\":[\"general\"],\"inLanguage\":\"es\"},{\"@type\":\"WebPage\",\"@id\":\"https:\\\/\\\/www.ascef.com\\\/es\\\/forum-ascef-plan-accion\\\/\",\"url\":\"https:\\\/\\\/www.ascef.com\\\/es\\\/forum-ascef-plan-accion\\\/\",\"name\":\"El F\u00f3rum de ASCEF trabaja en el dise\u00f1o de un nuevo plan de acci\u00f3n - ASCEF\",\"isPartOf\":{\"@id\":\"https:\\\/\\\/www.ascef.com\\\/es\\\/#website\"},\"primaryImageOfPage\":{\"@id\":\"https:\\\/\\\/www.ascef.com\\\/es\\\/forum-ascef-plan-accion\\\/#primaryimage\"},\"image\":{\"@id\":\"https:\\\/\\\/www.ascef.com\\\/es\\\/forum-ascef-plan-accion\\\/#primaryimage\"},\"thumbnailUrl\":\"https:\\\/\\\/www.ascef.com\\\/wp-content\\\/uploads\\\/2021\\\/03\\\/DSC_7061_webnoticia.jpg\",\"datePublished\":\"2021-03-23T06:30:20+00:00\",\"author\":{\"@id\":\"https:\\\/\\\/www.ascef.com\\\/es\\\/#\\\/schema\\\/person\\\/e0bdccd3e1665871f0e79e3a50ad6b02\"},\"description\":\"El F\u00f3rum de ASCEF trabaja en el dise\u00f1o de su nuevo plan de acci\u00f3n en el que impulsar\u00e1 iniciativas relacionadas con los temas que interesan a sus asociados\",\"breadcrumb\":{\"@id\":\"https:\\\/\\\/www.ascef.com\\\/es\\\/forum-ascef-plan-accion\\\/#breadcrumb\"},\"inLanguage\":\"es\",\"potentialAction\":[{\"@type\":\"ReadAction\",\"target\":[\"https:\\\/\\\/www.ascef.com\\\/es\\\/forum-ascef-plan-accion\\\/\"]}]},{\"@type\":\"ImageObject\",\"inLanguage\":\"es\",\"@id\":\"https:\\\/\\\/www.ascef.com\\\/es\\\/forum-ascef-plan-accion\\\/#primaryimage\",\"url\":\"https:\\\/\\\/www.ascef.com\\\/wp-content\\\/uploads\\\/2021\\\/03\\\/DSC_7061_webnoticia.jpg\",\"contentUrl\":\"https:\\\/\\\/www.ascef.com\\\/wp-content\\\/uploads\\\/2021\\\/03\\\/DSC_7061_webnoticia.jpg\",\"width\":1800,\"height\":1203,\"caption\":\"F\u00f2rum de l'ASCEF\"},{\"@type\":\"BreadcrumbList\",\"@id\":\"https:\\\/\\\/www.ascef.com\\\/es\\\/forum-ascef-plan-accion\\\/#breadcrumb\",\"itemListElement\":[{\"@type\":\"ListItem\",\"position\":1,\"name\":\"Portada\",\"item\":\"https:\\\/\\\/www.ascef.com\\\/es\\\/\"},{\"@type\":\"ListItem\",\"position\":2,\"name\":\"El F\u00f3rum de ASCEF trabaja en el dise\u00f1o de un nuevo plan de acci\u00f3n\"}]},{\"@type\":\"WebSite\",\"@id\":\"https:\\\/\\\/www.ascef.com\\\/es\\\/#website\",\"url\":\"https:\\\/\\\/www.ascef.com\\\/es\\\/\",\"name\":\"ASCEF\",\"description\":\"Associaci\u00f3 Catalana de l\u2019Empresa Familiar\",\"potentialAction\":[{\"@type\":\"SearchAction\",\"target\":{\"@type\":\"EntryPoint\",\"urlTemplate\":\"https:\\\/\\\/www.ascef.com\\\/es\\\/?s={search_term_string}\"},\"query-input\":{\"@type\":\"PropertyValueSpecification\",\"valueRequired\":true,\"valueName\":\"search_term_string\"}}],\"inLanguage\":\"es\"},{\"@type\":\"Person\",\"@id\":\"https:\\\/\\\/www.ascef.com\\\/es\\\/#\\\/schema\\\/person\\\/e0bdccd3e1665871f0e79e3a50ad6b02\",\"name\":\"Borja Igual\",\"url\":\"https:\\\/\\\/www.ascef.com\\\/es\\\/author\\\/bigual1990mcs-com\\\/\"}]}<\/script>\n<!-- \/ Yoast SEO plugin. -->","yoast_head_json":{"title":"El F\u00f3rum de ASCEF trabaja en el dise\u00f1o de un nuevo plan de acci\u00f3n - ASCEF","description":"El F\u00f3rum de ASCEF trabaja en el dise\u00f1o de su nuevo plan de acci\u00f3n en el que impulsar\u00e1 iniciativas relacionadas con los temas que interesan a sus asociados","robots":{"index":"index","follow":"follow","max-snippet":"max-snippet:-1","max-image-preview":"max-image-preview:large","max-video-preview":"max-video-preview:-1"},"canonical":"https:\/\/www.ascef.com\/es\/forum-ascef-plan-accion\/","og_locale":"es_ES","og_type":"article","og_title":"El F\u00f3rum de ASCEF trabaja en el dise\u00f1o de un nuevo plan de acci\u00f3n - ASCEF","og_description":"El F\u00f3rum de ASCEF trabaja en el dise\u00f1o de su nuevo plan de acci\u00f3n en el que impulsar\u00e1 iniciativas relacionadas con los temas que interesan a sus asociados","og_url":"https:\/\/www.ascef.com\/es\/forum-ascef-plan-accion\/","og_site_name":"ASCEF","article_published_time":"2021-03-23T06:30:20+00:00","og_image":[{"width":1800,"height":1203,"url":"https:\/\/www.ascef.com\/wp-content\/uploads\/2021\/03\/DSC_7061_webnoticia.jpg","type":"image\/jpeg"}],"author":"Borja Igual","twitter_card":"summary_large_image","twitter_misc":{"Escrito por":"Borja Igual","Tiempo de lectura":"1 minuto"},"schema":{"@context":"https:\/\/schema.org","@graph":[{"@type":"Article","@id":"https:\/\/www.ascef.com\/es\/forum-ascef-plan-accion\/#article","isPartOf":{"@id":"https:\/\/www.ascef.com\/es\/forum-ascef-plan-accion\/"},"author":{"name":"Borja Igual","@id":"https:\/\/www.ascef.com\/es\/#\/schema\/person\/e0bdccd3e1665871f0e79e3a50ad6b02"},"headline":"El F\u00f3rum de ASCEF trabaja en el dise\u00f1o de un nuevo plan de acci\u00f3n","datePublished":"2021-03-23T06:30:20+00:00","mainEntityOfPage":{"@id":"https:\/\/www.ascef.com\/es\/forum-ascef-plan-accion\/"},"wordCount":252,"commentCount":0,"image":{"@id":"https:\/\/www.ascef.com\/es\/forum-ascef-plan-accion\/#primaryimage"},"thumbnailUrl":"https:\/\/www.ascef.com\/wp-content\/uploads\/2021\/03\/DSC_7061_webnoticia.jpg","articleSection":["general"],"inLanguage":"es"},{"@type":"WebPage","@id":"https:\/\/www.ascef.com\/es\/forum-ascef-plan-accion\/","url":"https:\/\/www.ascef.com\/es\/forum-ascef-plan-accion\/","name":"El F\u00f3rum de ASCEF trabaja en el dise\u00f1o de un nuevo plan de acci\u00f3n - ASCEF","isPartOf":{"@id":"https:\/\/www.ascef.com\/es\/#website"},"primaryImageOfPage":{"@id":"https:\/\/www.ascef.com\/es\/forum-ascef-plan-accion\/#primaryimage"},"image":{"@id":"https:\/\/www.ascef.com\/es\/forum-ascef-plan-accion\/#primaryimage"},"thumbnailUrl":"https:\/\/www.ascef.com\/wp-content\/uploads\/2021\/03\/DSC_7061_webnoticia.jpg","datePublished":"2021-03-23T06:30:20+00:00","author":{"@id":"https:\/\/www.ascef.com\/es\/#\/schema\/person\/e0bdccd3e1665871f0e79e3a50ad6b02"},"description":"El F\u00f3rum de ASCEF trabaja en el dise\u00f1o de su nuevo plan de acci\u00f3n en el que impulsar\u00e1 iniciativas relacionadas con los temas que interesan a sus asociados","breadcrumb":{"@id":"https:\/\/www.ascef.com\/es\/forum-ascef-plan-accion\/#breadcrumb"},"inLanguage":"es","potentialAction":[{"@type":"ReadAction","target":["https:\/\/www.ascef.com\/es\/forum-ascef-plan-accion\/"]}]},{"@type":"ImageObject","inLanguage":"es","@id":"https:\/\/www.ascef.com\/es\/forum-ascef-plan-accion\/#primaryimage","url":"https:\/\/www.ascef.com\/wp-content\/uploads\/2021\/03\/DSC_7061_webnoticia.jpg","contentUrl":"https:\/\/www.ascef.com\/wp-content\/uploads\/2021\/03\/DSC_7061_webnoticia.jpg","width":1800,"height":1203,"caption":"F\u00f2rum de l'ASCEF"},{"@type":"BreadcrumbList","@id":"https:\/\/www.ascef.com\/es\/forum-ascef-plan-accion\/#breadcrumb","itemListElement":[{"@type":"ListItem","position":1,"name":"Portada","item":"https:\/\/www.ascef.com\/es\/"},{"@type":"ListItem","position":2,"name":"El F\u00f3rum de ASCEF trabaja en el dise\u00f1o de un nuevo plan de acci\u00f3n"}]},{"@type":"WebSite","@id":"https:\/\/www.ascef.com\/es\/#website","url":"https:\/\/www.ascef.com\/es\/","name":"ASCEF","description":"Associaci\u00f3 Catalana de l\u2019Empresa Familiar","potentialAction":[{"@type":"SearchAction","target":{"@type":"EntryPoint","urlTemplate":"https:\/\/www.ascef.com\/es\/?s={search_term_string}"},"query-input":{"@type":"PropertyValueSpecification","valueRequired":true,"valueName":"search_term_string"}}],"inLanguage":"es"},{"@type":"Person","@id":"https:\/\/www.ascef.com\/es\/#\/schema\/person\/e0bdccd3e1665871f0e79e3a50ad6b02","name":"Borja Igual","url":"https:\/\/www.ascef.com\/es\/author\/bigual1990mcs-com\/"}]}},"_links":{"self":[{"href":"https:\/\/www.ascef.com\/es\/wp-json\/wp\/v2\/posts\/3112","targetHints":{"allow":["GET"]}}],"collection":[{"href":"https:\/\/www.ascef.com\/es\/wp-json\/wp\/v2\/posts"}],"about":[{"href":"https:\/\/www.ascef.com\/es\/wp-json\/wp\/v2\/types\/post"}],"author":[{"embeddable":true,"href":"https:\/\/www.ascef.com\/es\/wp-json\/wp\/v2\/users\/292"}],"replies":[{"embeddable":true,"href":"https:\/\/www.ascef.com\/es\/wp-json\/wp\/v2\/comments?post=3112"}],"version-history":[{"count":1,"href":"https:\/\/www.ascef.com\/es\/wp-json\/wp\/v2\/posts\/3112\/revisions"}],"predecessor-version":[{"id":3113,"href":"https:\/\/www.ascef.com\/es\/wp-json\/wp\/v2\/posts\/3112\/revisions\/3113"}],"wp:featuredmedia":[{"embeddable":true,"href":"https:\/\/www.ascef.com\/es\/wp-json\/wp\/v2\/media\/3110"}],"wp:attachment":[{"href":"https:\/\/www.ascef.com\/es\/wp-json\/wp\/v2\/media?parent=3112"}],"wp:term":[{"taxonomy":"category","embeddable":true,"href":"https:\/\/www.ascef.com\/es\/wp-json\/wp\/v2\/categories?post=3112"},{"taxonomy":"post_tag","embeddable":true,"href":"https:\/\/www.ascef.com\/es\/wp-json\/wp\/v2\/tags?post=3112"}],"curies":[{"name":"wp","href":"https:\/\/api.w.org\/{rel}","templated":true}]}}