{"id":3102,"date":"2021-03-22T10:30:17","date_gmt":"2021-03-22T10:30:17","guid":{"rendered":"https:\/\/www.ascef.com\/?p=3102"},"modified":"2021-03-18T16:35:41","modified_gmt":"2021-03-18T16:35:41","slug":"next-generation-eu","status":"publish","type":"post","link":"https:\/\/www.ascef.com\/es\/next-generation-eu\/","title":{"rendered":"La Europa post-Covid tendr\u00e1 un modelo productivo m\u00e1s ecol\u00f3gico, digital y resiliente"},"content":{"rendered":"<p>La Uni\u00f3n Europea ha hecho un especial esfuerzo en trasmitir a ciudadanos y empresas que su presupuesto a largo plazo, junto con el <strong>Next Generation EU<\/strong> (<em>Fondos Europeos para la recuperaci\u00f3n<\/em>), ser\u00e1 \u00ab<em>el mayor paquete de est\u00edmulo jam\u00e1s financiado a trav\u00e9s del presupuesto de la UE<\/em>\u00ab.\u00a0 Un total de 1,8 billones de euros que ayudar\u00e1n, seg\u00fan esta organizaci\u00f3n pol\u00edtico-econ\u00f3mica, a reconstruir la Europa posterior a la COVID-19, \u00ab<em>que ser\u00e1 m\u00e1s ecol\u00f3gica, digital y resiliente<\/em>\u00ab.<\/p>\n<p>El entorno econ\u00f3mico est\u00e1 viviendo un momento hist\u00f3rico, ya que desde las instituciones y desde el conjunto de la sociedad civil se est\u00e1n sentado las bases de un proceso de cambio a medio y largo plazo.<\/p>\n<p><strong>Next Generation EU<\/strong> es un instrumento de emergencia puntual de duraci\u00f3n limitada y utilizado exclusivamente para medidas de respuesta y recuperaci\u00f3n, que\u00a0<strong>aportar\u00e1\u00a0750.000 M\u20ac, de los que m\u00e1s de\u00a0140.000 M\u20ac\u00a0van dirigidos a Espa\u00f1a<\/strong>: \u00a072.700 M\u20ac en subvenciones y 67.300 M\u20ac en pr\u00e9stamos. Una inyecci\u00f3n econ\u00f3mica que representa m\u00e1s del\u00a011%\u00a0del PIB de nuestro pa\u00eds.<\/p>\n<p>Estos fondos se vertebran principalmente alrededor de\u00a0dos grandes vectores de transformaci\u00f3n: la <strong>transici\u00f3n ecol\u00f3gica<\/strong>, con un 37% de las ayudas, y la <strong>transformaci\u00f3n digital<\/strong>, con un 33% del total de los recursos.\u00a0 La igualdad de g\u00e9nero y la cohesi\u00f3n social y territorial se incluyen como ejes transversales.<\/p>\n<p>Los fondos de <strong>Next Generation EU<\/strong> se materializar\u00e1n a trav\u00e9s de los Presupuestos Generales del Estado, tras la aprobaci\u00f3n del Plan de Recuperaci\u00f3n, Transformaci\u00f3n y Resiliencia (PRTR). La Administraci\u00f3n General del Estado transferir\u00e1 los fondos a las Comunidades Aut\u00f3nomas y Entidades Locales a trav\u00e9s de convenios y subvenciones, que deber\u00e1n estar vinculadas a las pol\u00edticas p\u00fablicas de uno de los ejes prioritarios.<\/p>\n<p>Los expertos se\u00f1alan que<strong> se deber\u00e1n establecer misiones que transformen la econom\u00eda<\/strong>. Algunos ejemplos son generar industrias hoy inexistentes a partir de los centros de investigaci\u00f3n, como por ejemplo el dise\u00f1o del chip europeo, transformar el turismo\u00a0en m\u00e1s productivo, ser m\u00e1s eficientes en sanidad, transformar la industria automovil\u00edstica para producir veh\u00edculos el\u00e9ctricos y aut\u00f3nomos, o consolidar el ecosistema de startups del sector digital y del biotecnol\u00f3gico.<\/p>\n<p>Para ampliar la informaci\u00f3n:<\/p>\n<ul>\n<li><u><a href=\"https:\/\/ec.europa.eu\/info\/strategy\/recovery-plan-europe_es\" target=\"_blank\" rel=\"noopener noreferrer\"><strong>Comisi\u00f3n Europea<\/strong><\/a><\/u><\/li>\n<li><u><a href=\"https:\/\/www2.deloitte.com\/es\/es\/pages\/about-deloitte\/articles\/plan-de-recuperacion-europeo-next-generation-eu.html\" target=\"_blank\" rel=\"noopener noreferrer\"><strong>Deloitte<\/strong><\/a><\/u><\/li>\n<li><u><a href=\"https:\/\/www.lavanguardia.com\/economia\/20210225\/6259088\/fondo-recuperacion-europeo-cataluna-destino-inversion-brl.html\" target=\"_blank\" rel=\"noopener noreferrer\"><strong>La Vanguardia<\/strong><\/a><\/u><\/li>\n<\/ul>\n","protected":false},"excerpt":{"rendered":"<p>La Uni\u00f3n Europea ha hecho un especial esfuerzo en trasmitir a ciudadanos y empresas que su presupuesto a largo plazo, junto con el Next Generation EU (Fondos Europeos para la recuperaci\u00f3n), ser\u00e1 \u00abel mayor paquete de est\u00edmulo jam\u00e1s financiado a trav\u00e9s del presupuesto de la UE\u00ab.\u00a0 Un total de 1,8 billones de euros que ayudar\u00e1n, [&hellip;]<\/p>\n","protected":false},"author":292,"featured_media":3100,"comment_status":"open","ping_status":"open","sticky":false,"template":"","format":"standard","meta":{"_acf_changed":false,"footnotes":""},"categories":[185],"tags":[],"class_list":["post-3102","post","type-post","status-publish","format-standard","has-post-thumbnail","hentry","category-general"],"acf":[],"yoast_head":"<!-- This site is optimized with the Yoast SEO plugin v27.5 - https:\/\/yoast.com\/product\/yoast-seo-wordpress\/ -->\n<title>La Europa post-Covid tendr\u00e1 un modelo productivo m\u00e1s ecol\u00f3gico, digital y resiliente - ASCEF<\/title>\n<meta name=\"description\" content=\"La UE ha hecho un especial esfuerzo en trasmitir que su presupuesto a largo plazo, junto con el Next Generation EU, ser\u00e1 &quot;el mayor paquete de est\u00edmulo jam\u00e1s financiado a trav\u00e9s del presupuesto de la UE&quot;\" \/>\n<meta name=\"robots\" content=\"index, follow, max-snippet:-1, max-image-preview:large, max-video-preview:-1\" \/>\n<link rel=\"canonical\" href=\"https:\/\/www.ascef.com\/es\/next-generation-eu\/\" \/>\n<meta property=\"og:locale\" content=\"es_ES\" \/>\n<meta property=\"og:type\" content=\"article\" \/>\n<meta property=\"og:title\" content=\"La Europa post-Covid tendr\u00e1 un modelo productivo m\u00e1s ecol\u00f3gico, digital y resiliente - ASCEF\" \/>\n<meta property=\"og:description\" content=\"La UE ha hecho un especial esfuerzo en trasmitir que su presupuesto a largo plazo, junto con el Next Generation EU, ser\u00e1 &quot;el mayor paquete de est\u00edmulo jam\u00e1s financiado a trav\u00e9s del presupuesto de la UE&quot;\" \/>\n<meta property=\"og:url\" content=\"https:\/\/www.ascef.com\/es\/next-generation-eu\/\" \/>\n<meta property=\"og:site_name\" content=\"ASCEF\" \/>\n<meta property=\"article:published_time\" content=\"2021-03-22T10:30:17+00:00\" \/>\n<meta property=\"og:image\" content=\"https:\/\/www.ascef.com\/wp-content\/uploads\/2021\/03\/tomato-3919426_1920.jpg\" \/>\n\t<meta property=\"og:image:width\" content=\"1920\" \/>\n\t<meta property=\"og:image:height\" content=\"1271\" \/>\n\t<meta property=\"og:image:type\" content=\"image\/jpeg\" \/>\n<meta name=\"author\" content=\"Borja Igual\" \/>\n<meta name=\"twitter:card\" content=\"summary_large_image\" \/>\n<meta name=\"twitter:label1\" content=\"Escrito por\" \/>\n\t<meta name=\"twitter:data1\" content=\"Borja Igual\" \/>\n\t<meta name=\"twitter:label2\" content=\"Tiempo de lectura\" \/>\n\t<meta name=\"twitter:data2\" content=\"2 minutos\" \/>\n<script type=\"application\/ld+json\" class=\"yoast-schema-graph\">{\"@context\":\"https:\\\/\\\/schema.org\",\"@graph\":[{\"@type\":\"Article\",\"@id\":\"https:\\\/\\\/www.ascef.com\\\/es\\\/next-generation-eu\\\/#article\",\"isPartOf\":{\"@id\":\"https:\\\/\\\/www.ascef.com\\\/es\\\/next-generation-eu\\\/\"},\"author\":{\"name\":\"Borja Igual\",\"@id\":\"https:\\\/\\\/www.ascef.com\\\/es\\\/#\\\/schema\\\/person\\\/e0bdccd3e1665871f0e79e3a50ad6b02\"},\"headline\":\"La Europa post-Covid tendr\u00e1 un modelo productivo m\u00e1s ecol\u00f3gico, digital y resiliente\",\"datePublished\":\"2021-03-22T10:30:17+00:00\",\"mainEntityOfPage\":{\"@id\":\"https:\\\/\\\/www.ascef.com\\\/es\\\/next-generation-eu\\\/\"},\"wordCount\":415,\"commentCount\":0,\"image\":{\"@id\":\"https:\\\/\\\/www.ascef.com\\\/es\\\/next-generation-eu\\\/#primaryimage\"},\"thumbnailUrl\":\"https:\\\/\\\/www.ascef.com\\\/wp-content\\\/uploads\\\/2021\\\/03\\\/tomato-3919426_1920.jpg\",\"articleSection\":[\"general\"],\"inLanguage\":\"es\"},{\"@type\":\"WebPage\",\"@id\":\"https:\\\/\\\/www.ascef.com\\\/es\\\/next-generation-eu\\\/\",\"url\":\"https:\\\/\\\/www.ascef.com\\\/es\\\/next-generation-eu\\\/\",\"name\":\"La Europa post-Covid tendr\u00e1 un modelo productivo m\u00e1s ecol\u00f3gico, digital y resiliente - ASCEF\",\"isPartOf\":{\"@id\":\"https:\\\/\\\/www.ascef.com\\\/es\\\/#website\"},\"primaryImageOfPage\":{\"@id\":\"https:\\\/\\\/www.ascef.com\\\/es\\\/next-generation-eu\\\/#primaryimage\"},\"image\":{\"@id\":\"https:\\\/\\\/www.ascef.com\\\/es\\\/next-generation-eu\\\/#primaryimage\"},\"thumbnailUrl\":\"https:\\\/\\\/www.ascef.com\\\/wp-content\\\/uploads\\\/2021\\\/03\\\/tomato-3919426_1920.jpg\",\"datePublished\":\"2021-03-22T10:30:17+00:00\",\"author\":{\"@id\":\"https:\\\/\\\/www.ascef.com\\\/es\\\/#\\\/schema\\\/person\\\/e0bdccd3e1665871f0e79e3a50ad6b02\"},\"description\":\"La UE ha hecho un especial esfuerzo en trasmitir que su presupuesto a largo plazo, junto con el Next Generation EU, ser\u00e1 \\\"el mayor paquete de est\u00edmulo jam\u00e1s financiado a trav\u00e9s del presupuesto de la UE\\\"\",\"breadcrumb\":{\"@id\":\"https:\\\/\\\/www.ascef.com\\\/es\\\/next-generation-eu\\\/#breadcrumb\"},\"inLanguage\":\"es\",\"potentialAction\":[{\"@type\":\"ReadAction\",\"target\":[\"https:\\\/\\\/www.ascef.com\\\/es\\\/next-generation-eu\\\/\"]}]},{\"@type\":\"ImageObject\",\"inLanguage\":\"es\",\"@id\":\"https:\\\/\\\/www.ascef.com\\\/es\\\/next-generation-eu\\\/#primaryimage\",\"url\":\"https:\\\/\\\/www.ascef.com\\\/wp-content\\\/uploads\\\/2021\\\/03\\\/tomato-3919426_1920.jpg\",\"contentUrl\":\"https:\\\/\\\/www.ascef.com\\\/wp-content\\\/uploads\\\/2021\\\/03\\\/tomato-3919426_1920.jpg\",\"width\":1920,\"height\":1271},{\"@type\":\"BreadcrumbList\",\"@id\":\"https:\\\/\\\/www.ascef.com\\\/es\\\/next-generation-eu\\\/#breadcrumb\",\"itemListElement\":[{\"@type\":\"ListItem\",\"position\":1,\"name\":\"Portada\",\"item\":\"https:\\\/\\\/www.ascef.com\\\/es\\\/\"},{\"@type\":\"ListItem\",\"position\":2,\"name\":\"La Europa post-Covid tendr\u00e1 un modelo productivo m\u00e1s ecol\u00f3gico, digital y resiliente\"}]},{\"@type\":\"WebSite\",\"@id\":\"https:\\\/\\\/www.ascef.com\\\/es\\\/#website\",\"url\":\"https:\\\/\\\/www.ascef.com\\\/es\\\/\",\"name\":\"ASCEF\",\"description\":\"Associaci\u00f3 Catalana de l\u2019Empresa Familiar\",\"potentialAction\":[{\"@type\":\"SearchAction\",\"target\":{\"@type\":\"EntryPoint\",\"urlTemplate\":\"https:\\\/\\\/www.ascef.com\\\/es\\\/?s={search_term_string}\"},\"query-input\":{\"@type\":\"PropertyValueSpecification\",\"valueRequired\":true,\"valueName\":\"search_term_string\"}}],\"inLanguage\":\"es\"},{\"@type\":\"Person\",\"@id\":\"https:\\\/\\\/www.ascef.com\\\/es\\\/#\\\/schema\\\/person\\\/e0bdccd3e1665871f0e79e3a50ad6b02\",\"name\":\"Borja Igual\",\"url\":\"https:\\\/\\\/www.ascef.com\\\/es\\\/author\\\/bigual1990mcs-com\\\/\"}]}<\/script>\n<!-- \/ Yoast SEO plugin. -->","yoast_head_json":{"title":"La Europa post-Covid tendr\u00e1 un modelo productivo m\u00e1s ecol\u00f3gico, digital y resiliente - ASCEF","description":"La UE ha hecho un especial esfuerzo en trasmitir que su presupuesto a largo plazo, junto con el Next Generation EU, ser\u00e1 \"el mayor paquete de est\u00edmulo jam\u00e1s financiado a trav\u00e9s del presupuesto de la UE\"","robots":{"index":"index","follow":"follow","max-snippet":"max-snippet:-1","max-image-preview":"max-image-preview:large","max-video-preview":"max-video-preview:-1"},"canonical":"https:\/\/www.ascef.com\/es\/next-generation-eu\/","og_locale":"es_ES","og_type":"article","og_title":"La Europa post-Covid tendr\u00e1 un modelo productivo m\u00e1s ecol\u00f3gico, digital y resiliente - ASCEF","og_description":"La UE ha hecho un especial esfuerzo en trasmitir que su presupuesto a largo plazo, junto con el Next Generation EU, ser\u00e1 \"el mayor paquete de est\u00edmulo jam\u00e1s financiado a trav\u00e9s del presupuesto de la UE\"","og_url":"https:\/\/www.ascef.com\/es\/next-generation-eu\/","og_site_name":"ASCEF","article_published_time":"2021-03-22T10:30:17+00:00","og_image":[{"width":1920,"height":1271,"url":"https:\/\/www.ascef.com\/wp-content\/uploads\/2021\/03\/tomato-3919426_1920.jpg","type":"image\/jpeg"}],"author":"Borja Igual","twitter_card":"summary_large_image","twitter_misc":{"Escrito por":"Borja Igual","Tiempo de lectura":"2 minutos"},"schema":{"@context":"https:\/\/schema.org","@graph":[{"@type":"Article","@id":"https:\/\/www.ascef.com\/es\/next-generation-eu\/#article","isPartOf":{"@id":"https:\/\/www.ascef.com\/es\/next-generation-eu\/"},"author":{"name":"Borja Igual","@id":"https:\/\/www.ascef.com\/es\/#\/schema\/person\/e0bdccd3e1665871f0e79e3a50ad6b02"},"headline":"La Europa post-Covid tendr\u00e1 un modelo productivo m\u00e1s ecol\u00f3gico, digital y resiliente","datePublished":"2021-03-22T10:30:17+00:00","mainEntityOfPage":{"@id":"https:\/\/www.ascef.com\/es\/next-generation-eu\/"},"wordCount":415,"commentCount":0,"image":{"@id":"https:\/\/www.ascef.com\/es\/next-generation-eu\/#primaryimage"},"thumbnailUrl":"https:\/\/www.ascef.com\/wp-content\/uploads\/2021\/03\/tomato-3919426_1920.jpg","articleSection":["general"],"inLanguage":"es"},{"@type":"WebPage","@id":"https:\/\/www.ascef.com\/es\/next-generation-eu\/","url":"https:\/\/www.ascef.com\/es\/next-generation-eu\/","name":"La Europa post-Covid tendr\u00e1 un modelo productivo m\u00e1s ecol\u00f3gico, digital y resiliente - ASCEF","isPartOf":{"@id":"https:\/\/www.ascef.com\/es\/#website"},"primaryImageOfPage":{"@id":"https:\/\/www.ascef.com\/es\/next-generation-eu\/#primaryimage"},"image":{"@id":"https:\/\/www.ascef.com\/es\/next-generation-eu\/#primaryimage"},"thumbnailUrl":"https:\/\/www.ascef.com\/wp-content\/uploads\/2021\/03\/tomato-3919426_1920.jpg","datePublished":"2021-03-22T10:30:17+00:00","author":{"@id":"https:\/\/www.ascef.com\/es\/#\/schema\/person\/e0bdccd3e1665871f0e79e3a50ad6b02"},"description":"La UE ha hecho un especial esfuerzo en trasmitir que su presupuesto a largo plazo, junto con el Next Generation EU, ser\u00e1 \"el mayor paquete de est\u00edmulo jam\u00e1s financiado a trav\u00e9s del presupuesto de la UE\"","breadcrumb":{"@id":"https:\/\/www.ascef.com\/es\/next-generation-eu\/#breadcrumb"},"inLanguage":"es","potentialAction":[{"@type":"ReadAction","target":["https:\/\/www.ascef.com\/es\/next-generation-eu\/"]}]},{"@type":"ImageObject","inLanguage":"es","@id":"https:\/\/www.ascef.com\/es\/next-generation-eu\/#primaryimage","url":"https:\/\/www.ascef.com\/wp-content\/uploads\/2021\/03\/tomato-3919426_1920.jpg","contentUrl":"https:\/\/www.ascef.com\/wp-content\/uploads\/2021\/03\/tomato-3919426_1920.jpg","width":1920,"height":1271},{"@type":"BreadcrumbList","@id":"https:\/\/www.ascef.com\/es\/next-generation-eu\/#breadcrumb","itemListElement":[{"@type":"ListItem","position":1,"name":"Portada","item":"https:\/\/www.ascef.com\/es\/"},{"@type":"ListItem","position":2,"name":"La Europa post-Covid tendr\u00e1 un modelo productivo m\u00e1s ecol\u00f3gico, digital y resiliente"}]},{"@type":"WebSite","@id":"https:\/\/www.ascef.com\/es\/#website","url":"https:\/\/www.ascef.com\/es\/","name":"ASCEF","description":"Associaci\u00f3 Catalana de l\u2019Empresa Familiar","potentialAction":[{"@type":"SearchAction","target":{"@type":"EntryPoint","urlTemplate":"https:\/\/www.ascef.com\/es\/?s={search_term_string}"},"query-input":{"@type":"PropertyValueSpecification","valueRequired":true,"valueName":"search_term_string"}}],"inLanguage":"es"},{"@type":"Person","@id":"https:\/\/www.ascef.com\/es\/#\/schema\/person\/e0bdccd3e1665871f0e79e3a50ad6b02","name":"Borja Igual","url":"https:\/\/www.ascef.com\/es\/author\/bigual1990mcs-com\/"}]}},"_links":{"self":[{"href":"https:\/\/www.ascef.com\/es\/wp-json\/wp\/v2\/posts\/3102","targetHints":{"allow":["GET"]}}],"collection":[{"href":"https:\/\/www.ascef.com\/es\/wp-json\/wp\/v2\/posts"}],"about":[{"href":"https:\/\/www.ascef.com\/es\/wp-json\/wp\/v2\/types\/post"}],"author":[{"embeddable":true,"href":"https:\/\/www.ascef.com\/es\/wp-json\/wp\/v2\/users\/292"}],"replies":[{"embeddable":true,"href":"https:\/\/www.ascef.com\/es\/wp-json\/wp\/v2\/comments?post=3102"}],"version-history":[{"count":1,"href":"https:\/\/www.ascef.com\/es\/wp-json\/wp\/v2\/posts\/3102\/revisions"}],"predecessor-version":[{"id":3103,"href":"https:\/\/www.ascef.com\/es\/wp-json\/wp\/v2\/posts\/3102\/revisions\/3103"}],"wp:featuredmedia":[{"embeddable":true,"href":"https:\/\/www.ascef.com\/es\/wp-json\/wp\/v2\/media\/3100"}],"wp:attachment":[{"href":"https:\/\/www.ascef.com\/es\/wp-json\/wp\/v2\/media?parent=3102"}],"wp:term":[{"taxonomy":"category","embeddable":true,"href":"https:\/\/www.ascef.com\/es\/wp-json\/wp\/v2\/categories?post=3102"},{"taxonomy":"post_tag","embeddable":true,"href":"https:\/\/www.ascef.com\/es\/wp-json\/wp\/v2\/tags?post=3102"}],"curies":[{"name":"wp","href":"https:\/\/api.w.org\/{rel}","templated":true}]}}