{"id":3028,"date":"2021-03-08T09:30:15","date_gmt":"2021-03-08T09:30:15","guid":{"rendered":"https:\/\/www.ascef.com\/?p=3028"},"modified":"2021-03-05T13:53:31","modified_gmt":"2021-03-05T13:53:31","slug":"ascef-netmentora-mujer-emprendedora","status":"publish","type":"post","link":"https:\/\/www.ascef.com\/es\/ascef-netmentora-mujer-emprendedora\/","title":{"rendered":"ASCEF y Netmentora colaboran para dar visibilidad a la mujer emprendedora"},"content":{"rendered":"<ul>\n<li>Ambas organizaciones coinciden en afirmar que no hay competitividad sin diversidad y que es necesario generar iniciativas facilitadoras<\/li>\n<\/ul>\n<p><strong>Barcelona, 08 de marzo de 2021.-<\/strong> La <a href=\"https:\/\/www.ascef.com\/es\/\" target=\"_blank\" rel=\"noopener noreferrer\"><u><strong>Asociaci\u00f3n Catalana de la Empresa Familiar (ASCEF)<\/strong><\/u><\/a> y la mayor red europea de l\u00edderes de empresa <a href=\"https:\/\/www.netmentora.org\/catalunya\/es\/inicio\/\" target=\"_blank\" rel=\"noopener noreferrer\"><u><strong>Netmentora Catalunya<\/strong><\/u><\/a> colaboran para impulsar el emprendimiento femenino y normalizar su participaci\u00f3n en el entorno empresarial. Para ambas organizaciones no hay competitividad en la empresa sin la diversidad; se debe seguir reclamando que las administraciones pongan en marcha medidas que faciliten la conciliaci\u00f3n y fomenten una educaci\u00f3n igualitaria y es importante dar a conocer referentes femeninos para vencer frenos y estereotipos que la sociedad a\u00fan tiene.<\/p>\n<p>Netmentora Catalunya, un movimiento empresarial internacional de alto impacto que acompa\u00f1a gratuitamente a emprendedores\/as en el proceso de consolidar su empresa, ha tenido la iniciativa de elaborar un dec\u00e1logo para impulsar y apoyar a la mujer emprendedora en el que se pone en valor aspectos como el talento femenino o una forma diferente de liderar. Este dec\u00e1logo ha sido suscrito por <strong>ASCEF<\/strong> que difundir\u00e1 la propuesta entre sus asociados\/as.<\/p>\n<p>Por su parte, <strong>ASCEF<\/strong>, entidad formada por m\u00e1s de 100 empresas familiares representativas de su segmento de actividad, ha sido una de las primeras organizaciones empresariales en poner en marcha un grupo de trabajo formado por 30 empresarias con el objetivo de generar iniciativas que contribuyan a dar visibilidad a la mujer empresaria, tanto transmitiendo experiencias personales y empresariales como favoreciendo su participaci\u00f3n activa en el \u00e1mbito p\u00fablico.<\/p>\n<p>Para la <strong>responsable del grupo <a href=\"https:\/\/www.ascef.com\/es\/ascef\/quien-somos\/\" target=\"_blank\" rel=\"noopener noreferrer\"><u>\u00abAnem a compartir\u00bb<\/u><\/a> de ASCEF, Ana Fisas<\/strong>, \u00ab<em>promover la igualdad de g\u00e9nero, tambi\u00e9n en el emprendimiento, no se limita s\u00f3lo a empoderar a la mujer fortaleciendo <\/em><em>sus capacidades, confianza y protagonismo\u00a0sino que tambi\u00e9n supone <\/em><em>generar iniciativas facilitadoras y actuar proactivamente para conseguir cambios positivos para el conjunto de la sociedad<\/em>\u00ab.<\/p>\n<p>En opini\u00f3n de <strong>Beatriz de Vicente, Directora General de Netmentora Catalunya<\/strong>, \u00ab<em>necesitamos m\u00e1s mujeres en la red y necesitamos m\u00e1s referentes femeninos en la empresa. Queremos sumar el conocimiento y la inquietud de empresarias y emprendedoras, porque solo concebimos ayudar a las empresas de ma\u00f1ana y crear impacto si lo hacemos desde la diversidad y desde la igualdad\u00bb.<\/em><\/p>\n<p>Seg\u00fan datos de diversos estudios, la brecha entre mujeres y hombres emprendedoras\/es ha ido disminuyendo durante los \u00faltimos a\u00f1os, aunque todav\u00eda estemos por debajo de otros pa\u00edses europeos.<\/p>\n<p>Poner fin a todas las formas de discriminaci\u00f3n es crucial para el desarrollo sostenible.\u00a0<strong>La adecuada gesti\u00f3n de la diversidad convierte las diferencias en una fuente de oportunidades<\/strong>\u00a0para cualquier entorno y permite llevar una gesti\u00f3n responsable que garantiza la igualdad. Una realidad que nos desaf\u00eda y debemos afrontarla desde un compromiso institucional y en todos los procesos y niveles.<\/p>\n","protected":false},"excerpt":{"rendered":"<p>Ambas organizaciones coinciden en afirmar que no hay competitividad sin diversidad y que es necesario generar iniciativas facilitadoras Barcelona, 08 de marzo de 2021.- La Asociaci\u00f3n Catalana de la Empresa Familiar (ASCEF) y la mayor red europea de l\u00edderes de empresa Netmentora Catalunya colaboran para impulsar el emprendimiento femenino y normalizar su participaci\u00f3n en el [&hellip;]<\/p>\n","protected":false},"author":292,"featured_media":3025,"comment_status":"open","ping_status":"open","sticky":false,"template":"","format":"standard","meta":{"_acf_changed":false,"footnotes":""},"categories":[185],"tags":[],"class_list":["post-3028","post","type-post","status-publish","format-standard","has-post-thumbnail","hentry","category-general"],"acf":[],"yoast_head":"<!-- This site is optimized with the Yoast SEO plugin v27.5 - https:\/\/yoast.com\/product\/yoast-seo-wordpress\/ -->\n<title>ASCEF y Netmentora colaboran para dar visibilidad a la mujer emprendedora<\/title>\n<meta name=\"description\" content=\"La ASCEF y Netmentora Catalunya colaboran para impulsar el emprendimiento femenino y normalizar su participaci\u00f3n en el entorno empresarial.\" \/>\n<meta name=\"robots\" content=\"index, follow, max-snippet:-1, max-image-preview:large, max-video-preview:-1\" \/>\n<link rel=\"canonical\" href=\"https:\/\/www.ascef.com\/es\/ascef-netmentora-mujer-emprendedora\/\" \/>\n<meta property=\"og:locale\" content=\"es_ES\" \/>\n<meta property=\"og:type\" content=\"article\" \/>\n<meta property=\"og:title\" content=\"ASCEF y Netmentora colaboran para dar visibilidad a la mujer emprendedora\" \/>\n<meta property=\"og:description\" content=\"La ASCEF y Netmentora Catalunya colaboran para impulsar el emprendimiento femenino y normalizar su participaci\u00f3n en el entorno empresarial.\" \/>\n<meta property=\"og:url\" content=\"https:\/\/www.ascef.com\/es\/ascef-netmentora-mujer-emprendedora\/\" \/>\n<meta property=\"og:site_name\" content=\"ASCEF\" \/>\n<meta property=\"article:published_time\" content=\"2021-03-08T09:30:15+00:00\" \/>\n<meta property=\"og:image\" content=\"https:\/\/www.ascef.com\/wp-content\/uploads\/2021\/03\/20210308_ascef_netmentora.jpg\" \/>\n\t<meta property=\"og:image:width\" content=\"1920\" \/>\n\t<meta property=\"og:image:height\" content=\"1280\" \/>\n\t<meta property=\"og:image:type\" content=\"image\/jpeg\" \/>\n<meta name=\"author\" content=\"Borja Igual\" \/>\n<meta name=\"twitter:card\" content=\"summary_large_image\" \/>\n<meta name=\"twitter:label1\" content=\"Escrito por\" \/>\n\t<meta name=\"twitter:data1\" content=\"Borja Igual\" \/>\n\t<meta name=\"twitter:label2\" content=\"Tiempo de lectura\" \/>\n\t<meta name=\"twitter:data2\" content=\"2 minutos\" \/>\n<script type=\"application\/ld+json\" class=\"yoast-schema-graph\">{\"@context\":\"https:\\\/\\\/schema.org\",\"@graph\":[{\"@type\":\"Article\",\"@id\":\"https:\\\/\\\/www.ascef.com\\\/es\\\/ascef-netmentora-mujer-emprendedora\\\/#article\",\"isPartOf\":{\"@id\":\"https:\\\/\\\/www.ascef.com\\\/es\\\/ascef-netmentora-mujer-emprendedora\\\/\"},\"author\":{\"name\":\"Borja Igual\",\"@id\":\"https:\\\/\\\/www.ascef.com\\\/es\\\/#\\\/schema\\\/person\\\/e0bdccd3e1665871f0e79e3a50ad6b02\"},\"headline\":\"ASCEF y Netmentora colaboran para dar visibilidad a la mujer emprendedora\",\"datePublished\":\"2021-03-08T09:30:15+00:00\",\"mainEntityOfPage\":{\"@id\":\"https:\\\/\\\/www.ascef.com\\\/es\\\/ascef-netmentora-mujer-emprendedora\\\/\"},\"wordCount\":485,\"commentCount\":0,\"image\":{\"@id\":\"https:\\\/\\\/www.ascef.com\\\/es\\\/ascef-netmentora-mujer-emprendedora\\\/#primaryimage\"},\"thumbnailUrl\":\"https:\\\/\\\/www.ascef.com\\\/wp-content\\\/uploads\\\/2021\\\/03\\\/20210308_ascef_netmentora.jpg\",\"articleSection\":[\"general\"],\"inLanguage\":\"es\"},{\"@type\":\"WebPage\",\"@id\":\"https:\\\/\\\/www.ascef.com\\\/es\\\/ascef-netmentora-mujer-emprendedora\\\/\",\"url\":\"https:\\\/\\\/www.ascef.com\\\/es\\\/ascef-netmentora-mujer-emprendedora\\\/\",\"name\":\"ASCEF y Netmentora colaboran para dar visibilidad a la mujer emprendedora\",\"isPartOf\":{\"@id\":\"https:\\\/\\\/www.ascef.com\\\/es\\\/#website\"},\"primaryImageOfPage\":{\"@id\":\"https:\\\/\\\/www.ascef.com\\\/es\\\/ascef-netmentora-mujer-emprendedora\\\/#primaryimage\"},\"image\":{\"@id\":\"https:\\\/\\\/www.ascef.com\\\/es\\\/ascef-netmentora-mujer-emprendedora\\\/#primaryimage\"},\"thumbnailUrl\":\"https:\\\/\\\/www.ascef.com\\\/wp-content\\\/uploads\\\/2021\\\/03\\\/20210308_ascef_netmentora.jpg\",\"datePublished\":\"2021-03-08T09:30:15+00:00\",\"author\":{\"@id\":\"https:\\\/\\\/www.ascef.com\\\/es\\\/#\\\/schema\\\/person\\\/e0bdccd3e1665871f0e79e3a50ad6b02\"},\"description\":\"La ASCEF y Netmentora Catalunya colaboran para impulsar el emprendimiento femenino y normalizar su participaci\u00f3n en el entorno empresarial.\",\"breadcrumb\":{\"@id\":\"https:\\\/\\\/www.ascef.com\\\/es\\\/ascef-netmentora-mujer-emprendedora\\\/#breadcrumb\"},\"inLanguage\":\"es\",\"potentialAction\":[{\"@type\":\"ReadAction\",\"target\":[\"https:\\\/\\\/www.ascef.com\\\/es\\\/ascef-netmentora-mujer-emprendedora\\\/\"]}]},{\"@type\":\"ImageObject\",\"inLanguage\":\"es\",\"@id\":\"https:\\\/\\\/www.ascef.com\\\/es\\\/ascef-netmentora-mujer-emprendedora\\\/#primaryimage\",\"url\":\"https:\\\/\\\/www.ascef.com\\\/wp-content\\\/uploads\\\/2021\\\/03\\\/20210308_ascef_netmentora.jpg\",\"contentUrl\":\"https:\\\/\\\/www.ascef.com\\\/wp-content\\\/uploads\\\/2021\\\/03\\\/20210308_ascef_netmentora.jpg\",\"width\":1920,\"height\":1280},{\"@type\":\"BreadcrumbList\",\"@id\":\"https:\\\/\\\/www.ascef.com\\\/es\\\/ascef-netmentora-mujer-emprendedora\\\/#breadcrumb\",\"itemListElement\":[{\"@type\":\"ListItem\",\"position\":1,\"name\":\"Portada\",\"item\":\"https:\\\/\\\/www.ascef.com\\\/es\\\/\"},{\"@type\":\"ListItem\",\"position\":2,\"name\":\"ASCEF y Netmentora colaboran para dar visibilidad a la mujer emprendedora\"}]},{\"@type\":\"WebSite\",\"@id\":\"https:\\\/\\\/www.ascef.com\\\/es\\\/#website\",\"url\":\"https:\\\/\\\/www.ascef.com\\\/es\\\/\",\"name\":\"ASCEF\",\"description\":\"Associaci\u00f3 Catalana de l\u2019Empresa Familiar\",\"potentialAction\":[{\"@type\":\"SearchAction\",\"target\":{\"@type\":\"EntryPoint\",\"urlTemplate\":\"https:\\\/\\\/www.ascef.com\\\/es\\\/?s={search_term_string}\"},\"query-input\":{\"@type\":\"PropertyValueSpecification\",\"valueRequired\":true,\"valueName\":\"search_term_string\"}}],\"inLanguage\":\"es\"},{\"@type\":\"Person\",\"@id\":\"https:\\\/\\\/www.ascef.com\\\/es\\\/#\\\/schema\\\/person\\\/e0bdccd3e1665871f0e79e3a50ad6b02\",\"name\":\"Borja Igual\",\"url\":\"https:\\\/\\\/www.ascef.com\\\/es\\\/author\\\/bigual1990mcs-com\\\/\"}]}<\/script>\n<!-- \/ Yoast SEO plugin. -->","yoast_head_json":{"title":"ASCEF y Netmentora colaboran para dar visibilidad a la mujer emprendedora","description":"La ASCEF y Netmentora Catalunya colaboran para impulsar el emprendimiento femenino y normalizar su participaci\u00f3n en el entorno empresarial.","robots":{"index":"index","follow":"follow","max-snippet":"max-snippet:-1","max-image-preview":"max-image-preview:large","max-video-preview":"max-video-preview:-1"},"canonical":"https:\/\/www.ascef.com\/es\/ascef-netmentora-mujer-emprendedora\/","og_locale":"es_ES","og_type":"article","og_title":"ASCEF y Netmentora colaboran para dar visibilidad a la mujer emprendedora","og_description":"La ASCEF y Netmentora Catalunya colaboran para impulsar el emprendimiento femenino y normalizar su participaci\u00f3n en el entorno empresarial.","og_url":"https:\/\/www.ascef.com\/es\/ascef-netmentora-mujer-emprendedora\/","og_site_name":"ASCEF","article_published_time":"2021-03-08T09:30:15+00:00","og_image":[{"width":1920,"height":1280,"url":"https:\/\/www.ascef.com\/wp-content\/uploads\/2021\/03\/20210308_ascef_netmentora.jpg","type":"image\/jpeg"}],"author":"Borja Igual","twitter_card":"summary_large_image","twitter_misc":{"Escrito por":"Borja Igual","Tiempo de lectura":"2 minutos"},"schema":{"@context":"https:\/\/schema.org","@graph":[{"@type":"Article","@id":"https:\/\/www.ascef.com\/es\/ascef-netmentora-mujer-emprendedora\/#article","isPartOf":{"@id":"https:\/\/www.ascef.com\/es\/ascef-netmentora-mujer-emprendedora\/"},"author":{"name":"Borja Igual","@id":"https:\/\/www.ascef.com\/es\/#\/schema\/person\/e0bdccd3e1665871f0e79e3a50ad6b02"},"headline":"ASCEF y Netmentora colaboran para dar visibilidad a la mujer emprendedora","datePublished":"2021-03-08T09:30:15+00:00","mainEntityOfPage":{"@id":"https:\/\/www.ascef.com\/es\/ascef-netmentora-mujer-emprendedora\/"},"wordCount":485,"commentCount":0,"image":{"@id":"https:\/\/www.ascef.com\/es\/ascef-netmentora-mujer-emprendedora\/#primaryimage"},"thumbnailUrl":"https:\/\/www.ascef.com\/wp-content\/uploads\/2021\/03\/20210308_ascef_netmentora.jpg","articleSection":["general"],"inLanguage":"es"},{"@type":"WebPage","@id":"https:\/\/www.ascef.com\/es\/ascef-netmentora-mujer-emprendedora\/","url":"https:\/\/www.ascef.com\/es\/ascef-netmentora-mujer-emprendedora\/","name":"ASCEF y Netmentora colaboran para dar visibilidad a la mujer emprendedora","isPartOf":{"@id":"https:\/\/www.ascef.com\/es\/#website"},"primaryImageOfPage":{"@id":"https:\/\/www.ascef.com\/es\/ascef-netmentora-mujer-emprendedora\/#primaryimage"},"image":{"@id":"https:\/\/www.ascef.com\/es\/ascef-netmentora-mujer-emprendedora\/#primaryimage"},"thumbnailUrl":"https:\/\/www.ascef.com\/wp-content\/uploads\/2021\/03\/20210308_ascef_netmentora.jpg","datePublished":"2021-03-08T09:30:15+00:00","author":{"@id":"https:\/\/www.ascef.com\/es\/#\/schema\/person\/e0bdccd3e1665871f0e79e3a50ad6b02"},"description":"La ASCEF y Netmentora Catalunya colaboran para impulsar el emprendimiento femenino y normalizar su participaci\u00f3n en el entorno empresarial.","breadcrumb":{"@id":"https:\/\/www.ascef.com\/es\/ascef-netmentora-mujer-emprendedora\/#breadcrumb"},"inLanguage":"es","potentialAction":[{"@type":"ReadAction","target":["https:\/\/www.ascef.com\/es\/ascef-netmentora-mujer-emprendedora\/"]}]},{"@type":"ImageObject","inLanguage":"es","@id":"https:\/\/www.ascef.com\/es\/ascef-netmentora-mujer-emprendedora\/#primaryimage","url":"https:\/\/www.ascef.com\/wp-content\/uploads\/2021\/03\/20210308_ascef_netmentora.jpg","contentUrl":"https:\/\/www.ascef.com\/wp-content\/uploads\/2021\/03\/20210308_ascef_netmentora.jpg","width":1920,"height":1280},{"@type":"BreadcrumbList","@id":"https:\/\/www.ascef.com\/es\/ascef-netmentora-mujer-emprendedora\/#breadcrumb","itemListElement":[{"@type":"ListItem","position":1,"name":"Portada","item":"https:\/\/www.ascef.com\/es\/"},{"@type":"ListItem","position":2,"name":"ASCEF y Netmentora colaboran para dar visibilidad a la mujer emprendedora"}]},{"@type":"WebSite","@id":"https:\/\/www.ascef.com\/es\/#website","url":"https:\/\/www.ascef.com\/es\/","name":"ASCEF","description":"Associaci\u00f3 Catalana de l\u2019Empresa Familiar","potentialAction":[{"@type":"SearchAction","target":{"@type":"EntryPoint","urlTemplate":"https:\/\/www.ascef.com\/es\/?s={search_term_string}"},"query-input":{"@type":"PropertyValueSpecification","valueRequired":true,"valueName":"search_term_string"}}],"inLanguage":"es"},{"@type":"Person","@id":"https:\/\/www.ascef.com\/es\/#\/schema\/person\/e0bdccd3e1665871f0e79e3a50ad6b02","name":"Borja Igual","url":"https:\/\/www.ascef.com\/es\/author\/bigual1990mcs-com\/"}]}},"_links":{"self":[{"href":"https:\/\/www.ascef.com\/es\/wp-json\/wp\/v2\/posts\/3028","targetHints":{"allow":["GET"]}}],"collection":[{"href":"https:\/\/www.ascef.com\/es\/wp-json\/wp\/v2\/posts"}],"about":[{"href":"https:\/\/www.ascef.com\/es\/wp-json\/wp\/v2\/types\/post"}],"author":[{"embeddable":true,"href":"https:\/\/www.ascef.com\/es\/wp-json\/wp\/v2\/users\/292"}],"replies":[{"embeddable":true,"href":"https:\/\/www.ascef.com\/es\/wp-json\/wp\/v2\/comments?post=3028"}],"version-history":[{"count":1,"href":"https:\/\/www.ascef.com\/es\/wp-json\/wp\/v2\/posts\/3028\/revisions"}],"predecessor-version":[{"id":3029,"href":"https:\/\/www.ascef.com\/es\/wp-json\/wp\/v2\/posts\/3028\/revisions\/3029"}],"wp:featuredmedia":[{"embeddable":true,"href":"https:\/\/www.ascef.com\/es\/wp-json\/wp\/v2\/media\/3025"}],"wp:attachment":[{"href":"https:\/\/www.ascef.com\/es\/wp-json\/wp\/v2\/media?parent=3028"}],"wp:term":[{"taxonomy":"category","embeddable":true,"href":"https:\/\/www.ascef.com\/es\/wp-json\/wp\/v2\/categories?post=3028"},{"taxonomy":"post_tag","embeddable":true,"href":"https:\/\/www.ascef.com\/es\/wp-json\/wp\/v2\/tags?post=3028"}],"curies":[{"name":"wp","href":"https:\/\/api.w.org\/{rel}","templated":true}]}}