{"id":2995,"date":"2021-02-25T18:10:54","date_gmt":"2021-02-25T18:10:54","guid":{"rendered":"https:\/\/www.ascef.com\/?p=2995"},"modified":"2021-02-25T18:10:54","modified_gmt":"2021-02-25T18:10:54","slug":"socias-ascef-premio-lastop100-2021","status":"publish","type":"post","link":"https:\/\/www.ascef.com\/es\/socias-ascef-premio-lastop100-2021\/","title":{"rendered":"Cuatro empresarias socias de ASCEF optan al premio Las Top 100 Mujeres L\u00edderes en Espa\u00f1a"},"content":{"rendered":"<p>Cuatro representantes de la empresa familiar catalana, las empresas de las cuales est\u00e1n asociadas en la <a href=\"https:\/\/www.ascef.com\/es\/\" target=\"_blank\" rel=\"noopener noreferrer\"><u><strong>Asociaci\u00f3n Catalana de la Empresa Familiar (ASCEF)<\/strong><\/u><\/a>, han sido nominadas al premio <strong>Las Top 100 Mujeres L\u00edderes<\/strong> en Espa\u00f1a. Se trata de N\u00faria Basi (<a href=\"https:\/\/www.basi-group.com\/es\/\" target=\"_blank\" rel=\"noopener noreferrer\"><u><strong>Basi Group<\/strong><\/u><\/a>), Ver\u00f3nica Fisas (<a href=\"https:\/\/www.naturabisse.com\/es\/es\/home\" target=\"_blank\" rel=\"noopener noreferrer\"><u><strong>Natura Biss\u00e9<\/strong><\/u><\/a>), Anna Font (<a href=\"https:\/\/www.bonpreuesclat.cat\/\" target=\"_blank\" rel=\"noopener noreferrer\"><u><strong>Bon Preu<\/strong><\/u><\/a>) y Rosa Tous (<a href=\"https:\/\/www.tous.com\/es-es\/\" target=\"_blank\" rel=\"noopener noreferrer\"><u><strong>TOUS<\/strong><\/u><\/a>).<\/p>\n<p>El premio est\u00e1 promovido por la plataforma <a href=\"https:\/\/mujeresycia.com\/\" target=\"_blank\" rel=\"noopener noreferrer\"><u><strong>Mujeres&amp;Cia<\/strong><\/u><\/a> con el objetivo principal de visibilizar el talento femenino para construir una sociedad basada en la igualdad. Esta es la novena edici\u00f3n de un r\u00e1nking que quiere que la voz femenina se escuche cada vez m\u00e1s en los centros de poder.<\/p>\n<p>Para este a\u00f1o se ha valorado el curr\u00edculum y la trayectoria profesional de las cuatro empresarias socias de <strong>ASCEF<\/strong>. El proceso de votaci\u00f3n est\u00e1 abierto hasta el pr\u00f3ximo 16 de marzo, y desde <strong>ASCEF<\/strong>, queremos dar nuestro apoyo y animar al resto de asociados a votar por ellas.<\/p>\n<p>A continuaci\u00f3n, ofrecemos los diferentes enlaces donde poder apoyar a cada una de ellas, adem\u00e1s de detallar las razones por las cuales votar por ellas:<\/p>\n<ul>\n<li><strong>N\u00faria Basi<\/strong> (Presidenta de Basi Group): <u><strong><a href=\"https:\/\/lastop100.com\/profile\/nuria.basi\/\" target=\"_blank\" rel=\"noopener noreferrer\">lastop100.com\/profile\/nuria.basi<\/a><\/strong><\/u><\/li>\n<li><strong>Ver\u00f3nica Fisas<\/strong> (Consejera Delegada y Directora General de Natura Biss\u00e9): <u><strong><a href=\"https:\/\/lastop100.com\/profile\/VeronicaFisas\/\" target=\"_blank\" rel=\"noopener noreferrer\">lastop100.com\/profile\/VeronicaFisas<\/a><\/strong><\/u><\/li>\n<li><strong>Anna Font<\/strong> (Directora Comercial de Bon Preu): <u><strong><a href=\"https:\/\/lastop100.com\/profile\/anna.font\/\" target=\"_blank\" rel=\"noopener noreferrer\">lastop100.com\/profile\/anna.font<\/a><\/strong><\/u><\/li>\n<li><strong>Rosa Tous<\/strong> (Vicepresidenta corporativa de TOUS): <u><a href=\"https:\/\/lastop100.com\/profile\/RosaTous\/\" target=\"_blank\" rel=\"noopener noreferrer\"><strong>lastop100.com\/profile\/RosaTous<\/strong><\/a><\/u><\/li>\n<\/ul>\n<p>Para darles apoyo solo hace falta registrarse en la <a href=\"https:\/\/lastop100.com\/registro-votantes\/\" target=\"_blank\" rel=\"noopener noreferrer\"><u><strong>p\u00e1gina web<\/strong><\/u><\/a> de Mujeres&amp;Cia previamente.<\/p>\n<p>&nbsp;<\/p>\n","protected":false},"excerpt":{"rendered":"<p>Cuatro representantes de la empresa familiar catalana, las empresas de las cuales est\u00e1n asociadas en la Asociaci\u00f3n Catalana de la Empresa Familiar (ASCEF), han sido nominadas al premio Las Top 100 Mujeres L\u00edderes en Espa\u00f1a. Se trata de N\u00faria Basi (Basi Group), Ver\u00f3nica Fisas (Natura Biss\u00e9), Anna Font (Bon Preu) y Rosa Tous (TOUS). El [&hellip;]<\/p>\n","protected":false},"author":292,"featured_media":2994,"comment_status":"open","ping_status":"open","sticky":false,"template":"","format":"standard","meta":{"_acf_changed":false,"footnotes":""},"categories":[185],"tags":[],"class_list":["post-2995","post","type-post","status-publish","format-standard","has-post-thumbnail","hentry","category-general"],"acf":[],"yoast_head":"<!-- This site is optimized with the Yoast SEO plugin v27.5 - https:\/\/yoast.com\/product\/yoast-seo-wordpress\/ -->\n<title>Cuatro empresarias socias de ASCEF optan al premio Las Top 100 Mujeres L\u00edderes en Espa\u00f1a - ASCEF<\/title>\n<meta name=\"description\" content=\"Cuatro socias de ASCEF han sido nominadas al premio Las Top 100 Mujeres L\u00edderes en Espa\u00f1a: N\u00faria Basi (Basi Group), Ver\u00f3nica Fisas (Natura Biss\u00e9), Anna Font (Bon Preu) y Rosa Tous (TOUS)\" \/>\n<meta name=\"robots\" content=\"index, follow, max-snippet:-1, max-image-preview:large, max-video-preview:-1\" \/>\n<link rel=\"canonical\" href=\"https:\/\/www.ascef.com\/es\/socias-ascef-premio-lastop100-2021\/\" \/>\n<meta property=\"og:locale\" content=\"es_ES\" \/>\n<meta property=\"og:type\" content=\"article\" \/>\n<meta property=\"og:title\" content=\"Cuatro empresarias socias de ASCEF optan al premio Las Top 100 Mujeres L\u00edderes en Espa\u00f1a - ASCEF\" \/>\n<meta property=\"og:description\" content=\"Cuatro socias de ASCEF han sido nominadas al premio Las Top 100 Mujeres L\u00edderes en Espa\u00f1a: N\u00faria Basi (Basi Group), Ver\u00f3nica Fisas (Natura Biss\u00e9), Anna Font (Bon Preu) y Rosa Tous (TOUS)\" \/>\n<meta property=\"og:url\" content=\"https:\/\/www.ascef.com\/es\/socias-ascef-premio-lastop100-2021\/\" \/>\n<meta property=\"og:site_name\" content=\"ASCEF\" \/>\n<meta property=\"article:published_time\" content=\"2021-02-25T18:10:54+00:00\" \/>\n<meta property=\"og:image\" content=\"https:\/\/www.ascef.com\/wp-content\/uploads\/2021\/02\/lastop100.jpg\" \/>\n\t<meta property=\"og:image:width\" content=\"771\" \/>\n\t<meta property=\"og:image:height\" content=\"516\" \/>\n\t<meta property=\"og:image:type\" content=\"image\/jpeg\" \/>\n<meta name=\"author\" content=\"Borja Igual\" \/>\n<meta name=\"twitter:card\" content=\"summary_large_image\" \/>\n<meta name=\"twitter:label1\" content=\"Escrito por\" \/>\n\t<meta name=\"twitter:data1\" content=\"Borja Igual\" \/>\n\t<meta name=\"twitter:label2\" content=\"Tiempo de lectura\" \/>\n\t<meta name=\"twitter:data2\" content=\"1 minuto\" \/>\n<script type=\"application\/ld+json\" class=\"yoast-schema-graph\">{\"@context\":\"https:\\\/\\\/schema.org\",\"@graph\":[{\"@type\":\"Article\",\"@id\":\"https:\\\/\\\/www.ascef.com\\\/es\\\/socias-ascef-premio-lastop100-2021\\\/#article\",\"isPartOf\":{\"@id\":\"https:\\\/\\\/www.ascef.com\\\/es\\\/socias-ascef-premio-lastop100-2021\\\/\"},\"author\":{\"name\":\"Borja Igual\",\"@id\":\"https:\\\/\\\/www.ascef.com\\\/es\\\/#\\\/schema\\\/person\\\/e0bdccd3e1665871f0e79e3a50ad6b02\"},\"headline\":\"Cuatro empresarias socias de ASCEF optan al premio Las Top 100 Mujeres L\u00edderes en Espa\u00f1a\",\"datePublished\":\"2021-02-25T18:10:54+00:00\",\"mainEntityOfPage\":{\"@id\":\"https:\\\/\\\/www.ascef.com\\\/es\\\/socias-ascef-premio-lastop100-2021\\\/\"},\"wordCount\":274,\"commentCount\":0,\"image\":{\"@id\":\"https:\\\/\\\/www.ascef.com\\\/es\\\/socias-ascef-premio-lastop100-2021\\\/#primaryimage\"},\"thumbnailUrl\":\"https:\\\/\\\/www.ascef.com\\\/wp-content\\\/uploads\\\/2021\\\/02\\\/lastop100.jpg\",\"articleSection\":[\"general\"],\"inLanguage\":\"es\"},{\"@type\":\"WebPage\",\"@id\":\"https:\\\/\\\/www.ascef.com\\\/es\\\/socias-ascef-premio-lastop100-2021\\\/\",\"url\":\"https:\\\/\\\/www.ascef.com\\\/es\\\/socias-ascef-premio-lastop100-2021\\\/\",\"name\":\"Cuatro empresarias socias de ASCEF optan al premio Las Top 100 Mujeres L\u00edderes en Espa\u00f1a - ASCEF\",\"isPartOf\":{\"@id\":\"https:\\\/\\\/www.ascef.com\\\/es\\\/#website\"},\"primaryImageOfPage\":{\"@id\":\"https:\\\/\\\/www.ascef.com\\\/es\\\/socias-ascef-premio-lastop100-2021\\\/#primaryimage\"},\"image\":{\"@id\":\"https:\\\/\\\/www.ascef.com\\\/es\\\/socias-ascef-premio-lastop100-2021\\\/#primaryimage\"},\"thumbnailUrl\":\"https:\\\/\\\/www.ascef.com\\\/wp-content\\\/uploads\\\/2021\\\/02\\\/lastop100.jpg\",\"datePublished\":\"2021-02-25T18:10:54+00:00\",\"author\":{\"@id\":\"https:\\\/\\\/www.ascef.com\\\/es\\\/#\\\/schema\\\/person\\\/e0bdccd3e1665871f0e79e3a50ad6b02\"},\"description\":\"Cuatro socias de ASCEF han sido nominadas al premio Las Top 100 Mujeres L\u00edderes en Espa\u00f1a: N\u00faria Basi (Basi Group), Ver\u00f3nica Fisas (Natura Biss\u00e9), Anna Font (Bon Preu) y Rosa Tous (TOUS)\",\"breadcrumb\":{\"@id\":\"https:\\\/\\\/www.ascef.com\\\/es\\\/socias-ascef-premio-lastop100-2021\\\/#breadcrumb\"},\"inLanguage\":\"es\",\"potentialAction\":[{\"@type\":\"ReadAction\",\"target\":[\"https:\\\/\\\/www.ascef.com\\\/es\\\/socias-ascef-premio-lastop100-2021\\\/\"]}]},{\"@type\":\"ImageObject\",\"inLanguage\":\"es\",\"@id\":\"https:\\\/\\\/www.ascef.com\\\/es\\\/socias-ascef-premio-lastop100-2021\\\/#primaryimage\",\"url\":\"https:\\\/\\\/www.ascef.com\\\/wp-content\\\/uploads\\\/2021\\\/02\\\/lastop100.jpg\",\"contentUrl\":\"https:\\\/\\\/www.ascef.com\\\/wp-content\\\/uploads\\\/2021\\\/02\\\/lastop100.jpg\",\"width\":771,\"height\":516},{\"@type\":\"BreadcrumbList\",\"@id\":\"https:\\\/\\\/www.ascef.com\\\/es\\\/socias-ascef-premio-lastop100-2021\\\/#breadcrumb\",\"itemListElement\":[{\"@type\":\"ListItem\",\"position\":1,\"name\":\"Portada\",\"item\":\"https:\\\/\\\/www.ascef.com\\\/es\\\/\"},{\"@type\":\"ListItem\",\"position\":2,\"name\":\"Cuatro empresarias socias de ASCEF optan al premio Las Top 100 Mujeres L\u00edderes en Espa\u00f1a\"}]},{\"@type\":\"WebSite\",\"@id\":\"https:\\\/\\\/www.ascef.com\\\/es\\\/#website\",\"url\":\"https:\\\/\\\/www.ascef.com\\\/es\\\/\",\"name\":\"ASCEF\",\"description\":\"Associaci\u00f3 Catalana de l\u2019Empresa Familiar\",\"potentialAction\":[{\"@type\":\"SearchAction\",\"target\":{\"@type\":\"EntryPoint\",\"urlTemplate\":\"https:\\\/\\\/www.ascef.com\\\/es\\\/?s={search_term_string}\"},\"query-input\":{\"@type\":\"PropertyValueSpecification\",\"valueRequired\":true,\"valueName\":\"search_term_string\"}}],\"inLanguage\":\"es\"},{\"@type\":\"Person\",\"@id\":\"https:\\\/\\\/www.ascef.com\\\/es\\\/#\\\/schema\\\/person\\\/e0bdccd3e1665871f0e79e3a50ad6b02\",\"name\":\"Borja Igual\",\"url\":\"https:\\\/\\\/www.ascef.com\\\/es\\\/author\\\/bigual1990mcs-com\\\/\"}]}<\/script>\n<!-- \/ Yoast SEO plugin. -->","yoast_head_json":{"title":"Cuatro empresarias socias de ASCEF optan al premio Las Top 100 Mujeres L\u00edderes en Espa\u00f1a - ASCEF","description":"Cuatro socias de ASCEF han sido nominadas al premio Las Top 100 Mujeres L\u00edderes en Espa\u00f1a: N\u00faria Basi (Basi Group), Ver\u00f3nica Fisas (Natura Biss\u00e9), Anna Font (Bon Preu) y Rosa Tous (TOUS)","robots":{"index":"index","follow":"follow","max-snippet":"max-snippet:-1","max-image-preview":"max-image-preview:large","max-video-preview":"max-video-preview:-1"},"canonical":"https:\/\/www.ascef.com\/es\/socias-ascef-premio-lastop100-2021\/","og_locale":"es_ES","og_type":"article","og_title":"Cuatro empresarias socias de ASCEF optan al premio Las Top 100 Mujeres L\u00edderes en Espa\u00f1a - ASCEF","og_description":"Cuatro socias de ASCEF han sido nominadas al premio Las Top 100 Mujeres L\u00edderes en Espa\u00f1a: N\u00faria Basi (Basi Group), Ver\u00f3nica Fisas (Natura Biss\u00e9), Anna Font (Bon Preu) y Rosa Tous (TOUS)","og_url":"https:\/\/www.ascef.com\/es\/socias-ascef-premio-lastop100-2021\/","og_site_name":"ASCEF","article_published_time":"2021-02-25T18:10:54+00:00","og_image":[{"width":771,"height":516,"url":"https:\/\/www.ascef.com\/wp-content\/uploads\/2021\/02\/lastop100.jpg","type":"image\/jpeg"}],"author":"Borja Igual","twitter_card":"summary_large_image","twitter_misc":{"Escrito por":"Borja Igual","Tiempo de lectura":"1 minuto"},"schema":{"@context":"https:\/\/schema.org","@graph":[{"@type":"Article","@id":"https:\/\/www.ascef.com\/es\/socias-ascef-premio-lastop100-2021\/#article","isPartOf":{"@id":"https:\/\/www.ascef.com\/es\/socias-ascef-premio-lastop100-2021\/"},"author":{"name":"Borja Igual","@id":"https:\/\/www.ascef.com\/es\/#\/schema\/person\/e0bdccd3e1665871f0e79e3a50ad6b02"},"headline":"Cuatro empresarias socias de ASCEF optan al premio Las Top 100 Mujeres L\u00edderes en Espa\u00f1a","datePublished":"2021-02-25T18:10:54+00:00","mainEntityOfPage":{"@id":"https:\/\/www.ascef.com\/es\/socias-ascef-premio-lastop100-2021\/"},"wordCount":274,"commentCount":0,"image":{"@id":"https:\/\/www.ascef.com\/es\/socias-ascef-premio-lastop100-2021\/#primaryimage"},"thumbnailUrl":"https:\/\/www.ascef.com\/wp-content\/uploads\/2021\/02\/lastop100.jpg","articleSection":["general"],"inLanguage":"es"},{"@type":"WebPage","@id":"https:\/\/www.ascef.com\/es\/socias-ascef-premio-lastop100-2021\/","url":"https:\/\/www.ascef.com\/es\/socias-ascef-premio-lastop100-2021\/","name":"Cuatro empresarias socias de ASCEF optan al premio Las Top 100 Mujeres L\u00edderes en Espa\u00f1a - ASCEF","isPartOf":{"@id":"https:\/\/www.ascef.com\/es\/#website"},"primaryImageOfPage":{"@id":"https:\/\/www.ascef.com\/es\/socias-ascef-premio-lastop100-2021\/#primaryimage"},"image":{"@id":"https:\/\/www.ascef.com\/es\/socias-ascef-premio-lastop100-2021\/#primaryimage"},"thumbnailUrl":"https:\/\/www.ascef.com\/wp-content\/uploads\/2021\/02\/lastop100.jpg","datePublished":"2021-02-25T18:10:54+00:00","author":{"@id":"https:\/\/www.ascef.com\/es\/#\/schema\/person\/e0bdccd3e1665871f0e79e3a50ad6b02"},"description":"Cuatro socias de ASCEF han sido nominadas al premio Las Top 100 Mujeres L\u00edderes en Espa\u00f1a: N\u00faria Basi (Basi Group), Ver\u00f3nica Fisas (Natura Biss\u00e9), Anna Font (Bon Preu) y Rosa Tous (TOUS)","breadcrumb":{"@id":"https:\/\/www.ascef.com\/es\/socias-ascef-premio-lastop100-2021\/#breadcrumb"},"inLanguage":"es","potentialAction":[{"@type":"ReadAction","target":["https:\/\/www.ascef.com\/es\/socias-ascef-premio-lastop100-2021\/"]}]},{"@type":"ImageObject","inLanguage":"es","@id":"https:\/\/www.ascef.com\/es\/socias-ascef-premio-lastop100-2021\/#primaryimage","url":"https:\/\/www.ascef.com\/wp-content\/uploads\/2021\/02\/lastop100.jpg","contentUrl":"https:\/\/www.ascef.com\/wp-content\/uploads\/2021\/02\/lastop100.jpg","width":771,"height":516},{"@type":"BreadcrumbList","@id":"https:\/\/www.ascef.com\/es\/socias-ascef-premio-lastop100-2021\/#breadcrumb","itemListElement":[{"@type":"ListItem","position":1,"name":"Portada","item":"https:\/\/www.ascef.com\/es\/"},{"@type":"ListItem","position":2,"name":"Cuatro empresarias socias de ASCEF optan al premio Las Top 100 Mujeres L\u00edderes en Espa\u00f1a"}]},{"@type":"WebSite","@id":"https:\/\/www.ascef.com\/es\/#website","url":"https:\/\/www.ascef.com\/es\/","name":"ASCEF","description":"Associaci\u00f3 Catalana de l\u2019Empresa Familiar","potentialAction":[{"@type":"SearchAction","target":{"@type":"EntryPoint","urlTemplate":"https:\/\/www.ascef.com\/es\/?s={search_term_string}"},"query-input":{"@type":"PropertyValueSpecification","valueRequired":true,"valueName":"search_term_string"}}],"inLanguage":"es"},{"@type":"Person","@id":"https:\/\/www.ascef.com\/es\/#\/schema\/person\/e0bdccd3e1665871f0e79e3a50ad6b02","name":"Borja Igual","url":"https:\/\/www.ascef.com\/es\/author\/bigual1990mcs-com\/"}]}},"_links":{"self":[{"href":"https:\/\/www.ascef.com\/es\/wp-json\/wp\/v2\/posts\/2995","targetHints":{"allow":["GET"]}}],"collection":[{"href":"https:\/\/www.ascef.com\/es\/wp-json\/wp\/v2\/posts"}],"about":[{"href":"https:\/\/www.ascef.com\/es\/wp-json\/wp\/v2\/types\/post"}],"author":[{"embeddable":true,"href":"https:\/\/www.ascef.com\/es\/wp-json\/wp\/v2\/users\/292"}],"replies":[{"embeddable":true,"href":"https:\/\/www.ascef.com\/es\/wp-json\/wp\/v2\/comments?post=2995"}],"version-history":[{"count":1,"href":"https:\/\/www.ascef.com\/es\/wp-json\/wp\/v2\/posts\/2995\/revisions"}],"predecessor-version":[{"id":2996,"href":"https:\/\/www.ascef.com\/es\/wp-json\/wp\/v2\/posts\/2995\/revisions\/2996"}],"wp:featuredmedia":[{"embeddable":true,"href":"https:\/\/www.ascef.com\/es\/wp-json\/wp\/v2\/media\/2994"}],"wp:attachment":[{"href":"https:\/\/www.ascef.com\/es\/wp-json\/wp\/v2\/media?parent=2995"}],"wp:term":[{"taxonomy":"category","embeddable":true,"href":"https:\/\/www.ascef.com\/es\/wp-json\/wp\/v2\/categories?post=2995"},{"taxonomy":"post_tag","embeddable":true,"href":"https:\/\/www.ascef.com\/es\/wp-json\/wp\/v2\/tags?post=2995"}],"curies":[{"name":"wp","href":"https:\/\/api.w.org\/{rel}","templated":true}]}}