{"id":2926,"date":"2021-02-02T12:55:18","date_gmt":"2021-02-02T12:55:18","guid":{"rendered":"https:\/\/www.ascef.com\/?p=2926"},"modified":"2021-02-03T17:46:53","modified_gmt":"2021-02-03T17:46:53","slug":"gestion-patrimonial-dinero-lavanguardia","status":"publish","type":"post","link":"https:\/\/www.ascef.com\/es\/gestion-patrimonial-dinero-lavanguardia\/","title":{"rendered":"\u00abEl consejo de familia debe dirigir y supervisar la gesti\u00f3n profesional que se realice del patrimonio de la empresa familiar\u00bb"},"content":{"rendered":"<p>La gesti\u00f3n del patrimonio en las empresas familiares, principal fuente de riqueza y de empleo del pa\u00eds, fue la cuesti\u00f3n que se analiz\u00f3 en los <a href=\"https:\/\/www.lavanguardia.com\/economia\/20210201\/6213344\/gestion-patrimonial-clave-futuro-empresa-familiar-brl.html\" target=\"_blank\" rel=\"noopener noreferrer\"><u><strong>Di\u00e1logos en La Vanguardia<\/strong><\/u><\/a>, celebrado la pasada semana, y que cont\u00f3 con la presencia de <strong>Amadeu Jori<\/strong>, presidente de la <a href=\"https:\/\/www.ascef.com\/es\/\" target=\"_blank\" rel=\"noopener noreferrer\"><u><strong>Asociaci\u00f3n Catalana de la Empresa Familiar (ASCEF)<\/strong><\/u><\/a>. Tambi\u00e9n participaron Josep T\u00e0pies, profesor em\u00e9rito de <a href=\"https:\/\/www.iese.edu\/es\/\" target=\"_blank\" rel=\"noopener noreferrer\"><u><strong>IESE<\/strong><\/u><\/a> especializado en empresa familiar, Antoni Murt, socio de <a href=\"https:\/\/www.ey.com\/es_es\" target=\"_blank\" rel=\"noopener noreferrer\"><u><strong>EY<\/strong><\/u><\/a> en Barcelona, Jos\u00e9 de Alarc\u00f3n, director general de negocio de <a href=\"https:\/\/www.andbank.es\/\" target=\"_blank\" rel=\"noopener noreferrer\"><u><strong>Andbank<\/strong><\/u><\/a> en Espa\u00f1a, y Pere Guardiola, director general de <a href=\"https:\/\/www.godostrategies.com\/\" target=\"_blank\" rel=\"noopener noreferrer\"><u><strong>God\u00f3 Strategies<\/strong><\/u><\/a>.<\/p>\n<p>Amadeu Jori afirm\u00f3 que la mayor\u00eda de las empresas familiares de \u00e9xito <strong>establecen el crecimiento de su patrimonio como objetivo prioritario para garantizar su continuidad en el futuro<\/strong>. En este sentido, el presidente de ASCEF reconoci\u00f3 que la profesionalizaci\u00f3n es un debate recurrente en las empresas familiares: \u00ab<em>Significa buscar en los mejores para que dirijan la empresa, sean o no de la familia, tanto en el d\u00eda a d\u00eda como en los \u00f3rganos de gobierno. En el \u00e1mbito de la gesti\u00f3n patrimonial hay m\u00e1s dudas, pero es evidente que tambi\u00e9n es necesario. Pero <strong>nunca se tiene que desentender, sino hay que vigilar de cerca la gesti\u00f3n que hagan los profesionales<\/strong><\/em>\u00ab.<\/p>\n<p>\u00ab<em>Se habla mucho de la necesidad de profesionalizar la direcci\u00f3n y la gesti\u00f3n de la empresa, pero no se valora tanto la importancia de profesionalizar la gesti\u00f3n del patrimonio, que requiere una especializaci\u00f3n adecuada<\/em>\u00ab, explic\u00f3 de Alarc\u00f3n, quien defiende que esta profesionalizaci\u00f3n de la gesti\u00f3n patrimonial \u00ab<em>es m\u00e1s importante a medida que se avanza en las generaciones familiares porque cuesta m\u00e1s armonizar los intereses de cada uno de los miembros de la familia<\/em>\u00ab. \u00ab<strong><em>Hay que armonizar la gesti\u00f3n del patrimonio con el legado, que constituye el conjunto de valores de cada empresa familiar<\/em><\/strong>\u00ab, a\u00f1adi\u00f3.<\/p>\n<p>\u00ab<em>El principal objetivo de los empresarios familiares es siempre pensar en la empresa y crear empresa. Los excedentes se reinvierten en la propia empresa, se crea otra de nueva o se invierten en otros existentes<\/em>\u00ab, explic\u00f3 Amadeu Jori. El presidente de ASCEF es partidario de encargar la gesti\u00f3n patrimonial a un profesional, pero <strong>insisti\u00f3 en la necesidad de una direcci\u00f3n y supervisi\u00f3n muy estrecha por parte del consejo de familia<\/strong>.<\/p>\n<p>El profesor T\u00e0pies considera que es necesario profesionalizar la gesti\u00f3n de las finanzas, \u00ab<em>pero hay que comunicar a este profesional lo que se quiere y definir cu\u00e1nto riesgo y volatilidad estamos dispuestos a asumir<\/em>\u00ab. \u00ab<em><strong>Velar por el patrimonio intangible de la empresa familiar es tan importante como hacerlo por el patrimonio financiero<\/strong><\/em>\u00ab, a\u00f1adi\u00f3.<\/p>\n<p>Por su parte, Antoni Murt lament\u00f3 que no exista un r\u00e9gimen legal y fiscal espec\u00edfico para las empresas familiares. Considera que <strong>no se protege la reinversi\u00f3n de los beneficios ni la acumulaci\u00f3n del patrimonio<\/strong>, que forman parte de la estrategia de las empresas familiares para prepararse hacia el futuro.<\/p>\n<p>Pod\u00e9is acceder al art\u00edculo entero a trav\u00e9s de este enlace: <a href=\"https:\/\/www.lavanguardia.com\/economia\/20210201\/6213344\/gestion-patrimonial-clave-futuro-empresa-familiar-brl.html\" target=\"_blank\" rel=\"noopener noreferrer\"><u><strong>Dinero &#8211; La Vanguardia<\/strong><\/u><\/a>.<\/p>\n","protected":false},"excerpt":{"rendered":"<p>La gesti\u00f3n del patrimonio en las empresas familiares, principal fuente de riqueza y de empleo del pa\u00eds, fue la cuesti\u00f3n que se analiz\u00f3 en los Di\u00e1logos en La Vanguardia, celebrado la pasada semana, y que cont\u00f3 con la presencia de Amadeu Jori, presidente de la Asociaci\u00f3n Catalana de la Empresa Familiar (ASCEF). Tambi\u00e9n participaron Josep [&hellip;]<\/p>\n","protected":false},"author":292,"featured_media":2922,"comment_status":"open","ping_status":"open","sticky":false,"template":"","format":"standard","meta":{"_acf_changed":false,"footnotes":""},"categories":[185],"tags":[],"class_list":["post-2926","post","type-post","status-publish","format-standard","has-post-thumbnail","hentry","category-general"],"acf":[],"yoast_head":"<!-- This site is optimized with the Yoast SEO plugin v27.5 - https:\/\/yoast.com\/product\/yoast-seo-wordpress\/ -->\n<title>Gesti\u00f3n patrimonial: &quot;El consejo de familia debe dirigir y supervisar la gesti\u00f3n profesional&quot;<\/title>\n<meta name=\"description\" content=\"Amadeu Jori, presidente de ASCEF, particip\u00f3 en los Di\u00e1logos, de La Vanguardia, donde se analiz\u00f3 la gesti\u00f3n patrimonial en las empresas familiares\" \/>\n<meta name=\"robots\" content=\"index, follow, max-snippet:-1, max-image-preview:large, max-video-preview:-1\" \/>\n<link rel=\"canonical\" href=\"https:\/\/www.ascef.com\/es\/gestion-patrimonial-dinero-lavanguardia\/\" \/>\n<meta property=\"og:locale\" content=\"es_ES\" \/>\n<meta property=\"og:type\" content=\"article\" \/>\n<meta property=\"og:title\" content=\"Gesti\u00f3n patrimonial: &quot;El consejo de familia debe dirigir y supervisar la gesti\u00f3n profesional&quot;\" \/>\n<meta property=\"og:description\" content=\"Amadeu Jori, presidente de ASCEF, particip\u00f3 en los Di\u00e1logos, de La Vanguardia, donde se analiz\u00f3 la gesti\u00f3n patrimonial en las empresas familiares\" \/>\n<meta property=\"og:url\" content=\"https:\/\/www.ascef.com\/es\/gestion-patrimonial-dinero-lavanguardia\/\" \/>\n<meta property=\"og:site_name\" content=\"ASCEF\" \/>\n<meta property=\"article:published_time\" content=\"2021-02-02T12:55:18+00:00\" \/>\n<meta property=\"article:modified_time\" content=\"2021-02-03T17:46:53+00:00\" \/>\n<meta property=\"og:image\" content=\"https:\/\/www.ascef.com\/wp-content\/uploads\/2021\/02\/foto_Web_articuloLaVanguardia.jpg\" \/>\n\t<meta property=\"og:image:width\" content=\"2547\" \/>\n\t<meta property=\"og:image:height\" content=\"1706\" \/>\n\t<meta property=\"og:image:type\" content=\"image\/jpeg\" \/>\n<meta name=\"author\" content=\"Borja Igual\" \/>\n<meta name=\"twitter:card\" content=\"summary_large_image\" \/>\n<meta name=\"twitter:label1\" content=\"Escrito por\" \/>\n\t<meta name=\"twitter:data1\" content=\"Borja Igual\" \/>\n\t<meta name=\"twitter:label2\" content=\"Tiempo de lectura\" \/>\n\t<meta name=\"twitter:data2\" content=\"3 minutos\" \/>\n<script type=\"application\/ld+json\" class=\"yoast-schema-graph\">{\"@context\":\"https:\\\/\\\/schema.org\",\"@graph\":[{\"@type\":\"Article\",\"@id\":\"https:\\\/\\\/www.ascef.com\\\/es\\\/gestion-patrimonial-dinero-lavanguardia\\\/#article\",\"isPartOf\":{\"@id\":\"https:\\\/\\\/www.ascef.com\\\/es\\\/gestion-patrimonial-dinero-lavanguardia\\\/\"},\"author\":{\"name\":\"Borja Igual\",\"@id\":\"https:\\\/\\\/www.ascef.com\\\/es\\\/#\\\/schema\\\/person\\\/e0bdccd3e1665871f0e79e3a50ad6b02\"},\"headline\":\"\u00abEl consejo de familia debe dirigir y supervisar la gesti\u00f3n profesional que se realice del patrimonio de la empresa familiar\u00bb\",\"datePublished\":\"2021-02-02T12:55:18+00:00\",\"dateModified\":\"2021-02-03T17:46:53+00:00\",\"mainEntityOfPage\":{\"@id\":\"https:\\\/\\\/www.ascef.com\\\/es\\\/gestion-patrimonial-dinero-lavanguardia\\\/\"},\"wordCount\":544,\"commentCount\":0,\"image\":{\"@id\":\"https:\\\/\\\/www.ascef.com\\\/es\\\/gestion-patrimonial-dinero-lavanguardia\\\/#primaryimage\"},\"thumbnailUrl\":\"https:\\\/\\\/www.ascef.com\\\/wp-content\\\/uploads\\\/2021\\\/02\\\/foto_Web_articuloLaVanguardia.jpg\",\"articleSection\":[\"general\"],\"inLanguage\":\"es\"},{\"@type\":\"WebPage\",\"@id\":\"https:\\\/\\\/www.ascef.com\\\/es\\\/gestion-patrimonial-dinero-lavanguardia\\\/\",\"url\":\"https:\\\/\\\/www.ascef.com\\\/es\\\/gestion-patrimonial-dinero-lavanguardia\\\/\",\"name\":\"Gesti\u00f3n patrimonial: \\\"El consejo de familia debe dirigir y supervisar la gesti\u00f3n profesional\\\"\",\"isPartOf\":{\"@id\":\"https:\\\/\\\/www.ascef.com\\\/es\\\/#website\"},\"primaryImageOfPage\":{\"@id\":\"https:\\\/\\\/www.ascef.com\\\/es\\\/gestion-patrimonial-dinero-lavanguardia\\\/#primaryimage\"},\"image\":{\"@id\":\"https:\\\/\\\/www.ascef.com\\\/es\\\/gestion-patrimonial-dinero-lavanguardia\\\/#primaryimage\"},\"thumbnailUrl\":\"https:\\\/\\\/www.ascef.com\\\/wp-content\\\/uploads\\\/2021\\\/02\\\/foto_Web_articuloLaVanguardia.jpg\",\"datePublished\":\"2021-02-02T12:55:18+00:00\",\"dateModified\":\"2021-02-03T17:46:53+00:00\",\"author\":{\"@id\":\"https:\\\/\\\/www.ascef.com\\\/es\\\/#\\\/schema\\\/person\\\/e0bdccd3e1665871f0e79e3a50ad6b02\"},\"description\":\"Amadeu Jori, presidente de ASCEF, particip\u00f3 en los Di\u00e1logos, de La Vanguardia, donde se analiz\u00f3 la gesti\u00f3n patrimonial en las empresas familiares\",\"breadcrumb\":{\"@id\":\"https:\\\/\\\/www.ascef.com\\\/es\\\/gestion-patrimonial-dinero-lavanguardia\\\/#breadcrumb\"},\"inLanguage\":\"es\",\"potentialAction\":[{\"@type\":\"ReadAction\",\"target\":[\"https:\\\/\\\/www.ascef.com\\\/es\\\/gestion-patrimonial-dinero-lavanguardia\\\/\"]}]},{\"@type\":\"ImageObject\",\"inLanguage\":\"es\",\"@id\":\"https:\\\/\\\/www.ascef.com\\\/es\\\/gestion-patrimonial-dinero-lavanguardia\\\/#primaryimage\",\"url\":\"https:\\\/\\\/www.ascef.com\\\/wp-content\\\/uploads\\\/2021\\\/02\\\/foto_Web_articuloLaVanguardia.jpg\",\"contentUrl\":\"https:\\\/\\\/www.ascef.com\\\/wp-content\\\/uploads\\\/2021\\\/02\\\/foto_Web_articuloLaVanguardia.jpg\",\"width\":2547,\"height\":1706,\"caption\":\"Gesti\u00f3 patrimonial - Dinero La Vanguardia\"},{\"@type\":\"BreadcrumbList\",\"@id\":\"https:\\\/\\\/www.ascef.com\\\/es\\\/gestion-patrimonial-dinero-lavanguardia\\\/#breadcrumb\",\"itemListElement\":[{\"@type\":\"ListItem\",\"position\":1,\"name\":\"Portada\",\"item\":\"https:\\\/\\\/www.ascef.com\\\/es\\\/\"},{\"@type\":\"ListItem\",\"position\":2,\"name\":\"\u00abEl consejo de familia debe dirigir y supervisar la gesti\u00f3n profesional que se realice del patrimonio de la empresa familiar\u00bb\"}]},{\"@type\":\"WebSite\",\"@id\":\"https:\\\/\\\/www.ascef.com\\\/es\\\/#website\",\"url\":\"https:\\\/\\\/www.ascef.com\\\/es\\\/\",\"name\":\"ASCEF\",\"description\":\"Associaci\u00f3 Catalana de l\u2019Empresa Familiar\",\"potentialAction\":[{\"@type\":\"SearchAction\",\"target\":{\"@type\":\"EntryPoint\",\"urlTemplate\":\"https:\\\/\\\/www.ascef.com\\\/es\\\/?s={search_term_string}\"},\"query-input\":{\"@type\":\"PropertyValueSpecification\",\"valueRequired\":true,\"valueName\":\"search_term_string\"}}],\"inLanguage\":\"es\"},{\"@type\":\"Person\",\"@id\":\"https:\\\/\\\/www.ascef.com\\\/es\\\/#\\\/schema\\\/person\\\/e0bdccd3e1665871f0e79e3a50ad6b02\",\"name\":\"Borja Igual\",\"url\":\"https:\\\/\\\/www.ascef.com\\\/es\\\/author\\\/bigual1990mcs-com\\\/\"}]}<\/script>\n<!-- \/ Yoast SEO plugin. -->","yoast_head_json":{"title":"Gesti\u00f3n patrimonial: \"El consejo de familia debe dirigir y supervisar la gesti\u00f3n profesional\"","description":"Amadeu Jori, presidente de ASCEF, particip\u00f3 en los Di\u00e1logos, de La Vanguardia, donde se analiz\u00f3 la gesti\u00f3n patrimonial en las empresas familiares","robots":{"index":"index","follow":"follow","max-snippet":"max-snippet:-1","max-image-preview":"max-image-preview:large","max-video-preview":"max-video-preview:-1"},"canonical":"https:\/\/www.ascef.com\/es\/gestion-patrimonial-dinero-lavanguardia\/","og_locale":"es_ES","og_type":"article","og_title":"Gesti\u00f3n patrimonial: \"El consejo de familia debe dirigir y supervisar la gesti\u00f3n profesional\"","og_description":"Amadeu Jori, presidente de ASCEF, particip\u00f3 en los Di\u00e1logos, de La Vanguardia, donde se analiz\u00f3 la gesti\u00f3n patrimonial en las empresas familiares","og_url":"https:\/\/www.ascef.com\/es\/gestion-patrimonial-dinero-lavanguardia\/","og_site_name":"ASCEF","article_published_time":"2021-02-02T12:55:18+00:00","article_modified_time":"2021-02-03T17:46:53+00:00","og_image":[{"width":2547,"height":1706,"url":"https:\/\/www.ascef.com\/wp-content\/uploads\/2021\/02\/foto_Web_articuloLaVanguardia.jpg","type":"image\/jpeg"}],"author":"Borja Igual","twitter_card":"summary_large_image","twitter_misc":{"Escrito por":"Borja Igual","Tiempo de lectura":"3 minutos"},"schema":{"@context":"https:\/\/schema.org","@graph":[{"@type":"Article","@id":"https:\/\/www.ascef.com\/es\/gestion-patrimonial-dinero-lavanguardia\/#article","isPartOf":{"@id":"https:\/\/www.ascef.com\/es\/gestion-patrimonial-dinero-lavanguardia\/"},"author":{"name":"Borja Igual","@id":"https:\/\/www.ascef.com\/es\/#\/schema\/person\/e0bdccd3e1665871f0e79e3a50ad6b02"},"headline":"\u00abEl consejo de familia debe dirigir y supervisar la gesti\u00f3n profesional que se realice del patrimonio de la empresa familiar\u00bb","datePublished":"2021-02-02T12:55:18+00:00","dateModified":"2021-02-03T17:46:53+00:00","mainEntityOfPage":{"@id":"https:\/\/www.ascef.com\/es\/gestion-patrimonial-dinero-lavanguardia\/"},"wordCount":544,"commentCount":0,"image":{"@id":"https:\/\/www.ascef.com\/es\/gestion-patrimonial-dinero-lavanguardia\/#primaryimage"},"thumbnailUrl":"https:\/\/www.ascef.com\/wp-content\/uploads\/2021\/02\/foto_Web_articuloLaVanguardia.jpg","articleSection":["general"],"inLanguage":"es"},{"@type":"WebPage","@id":"https:\/\/www.ascef.com\/es\/gestion-patrimonial-dinero-lavanguardia\/","url":"https:\/\/www.ascef.com\/es\/gestion-patrimonial-dinero-lavanguardia\/","name":"Gesti\u00f3n patrimonial: \"El consejo de familia debe dirigir y supervisar la gesti\u00f3n profesional\"","isPartOf":{"@id":"https:\/\/www.ascef.com\/es\/#website"},"primaryImageOfPage":{"@id":"https:\/\/www.ascef.com\/es\/gestion-patrimonial-dinero-lavanguardia\/#primaryimage"},"image":{"@id":"https:\/\/www.ascef.com\/es\/gestion-patrimonial-dinero-lavanguardia\/#primaryimage"},"thumbnailUrl":"https:\/\/www.ascef.com\/wp-content\/uploads\/2021\/02\/foto_Web_articuloLaVanguardia.jpg","datePublished":"2021-02-02T12:55:18+00:00","dateModified":"2021-02-03T17:46:53+00:00","author":{"@id":"https:\/\/www.ascef.com\/es\/#\/schema\/person\/e0bdccd3e1665871f0e79e3a50ad6b02"},"description":"Amadeu Jori, presidente de ASCEF, particip\u00f3 en los Di\u00e1logos, de La Vanguardia, donde se analiz\u00f3 la gesti\u00f3n patrimonial en las empresas familiares","breadcrumb":{"@id":"https:\/\/www.ascef.com\/es\/gestion-patrimonial-dinero-lavanguardia\/#breadcrumb"},"inLanguage":"es","potentialAction":[{"@type":"ReadAction","target":["https:\/\/www.ascef.com\/es\/gestion-patrimonial-dinero-lavanguardia\/"]}]},{"@type":"ImageObject","inLanguage":"es","@id":"https:\/\/www.ascef.com\/es\/gestion-patrimonial-dinero-lavanguardia\/#primaryimage","url":"https:\/\/www.ascef.com\/wp-content\/uploads\/2021\/02\/foto_Web_articuloLaVanguardia.jpg","contentUrl":"https:\/\/www.ascef.com\/wp-content\/uploads\/2021\/02\/foto_Web_articuloLaVanguardia.jpg","width":2547,"height":1706,"caption":"Gesti\u00f3 patrimonial - Dinero La Vanguardia"},{"@type":"BreadcrumbList","@id":"https:\/\/www.ascef.com\/es\/gestion-patrimonial-dinero-lavanguardia\/#breadcrumb","itemListElement":[{"@type":"ListItem","position":1,"name":"Portada","item":"https:\/\/www.ascef.com\/es\/"},{"@type":"ListItem","position":2,"name":"\u00abEl consejo de familia debe dirigir y supervisar la gesti\u00f3n profesional que se realice del patrimonio de la empresa familiar\u00bb"}]},{"@type":"WebSite","@id":"https:\/\/www.ascef.com\/es\/#website","url":"https:\/\/www.ascef.com\/es\/","name":"ASCEF","description":"Associaci\u00f3 Catalana de l\u2019Empresa Familiar","potentialAction":[{"@type":"SearchAction","target":{"@type":"EntryPoint","urlTemplate":"https:\/\/www.ascef.com\/es\/?s={search_term_string}"},"query-input":{"@type":"PropertyValueSpecification","valueRequired":true,"valueName":"search_term_string"}}],"inLanguage":"es"},{"@type":"Person","@id":"https:\/\/www.ascef.com\/es\/#\/schema\/person\/e0bdccd3e1665871f0e79e3a50ad6b02","name":"Borja Igual","url":"https:\/\/www.ascef.com\/es\/author\/bigual1990mcs-com\/"}]}},"_links":{"self":[{"href":"https:\/\/www.ascef.com\/es\/wp-json\/wp\/v2\/posts\/2926","targetHints":{"allow":["GET"]}}],"collection":[{"href":"https:\/\/www.ascef.com\/es\/wp-json\/wp\/v2\/posts"}],"about":[{"href":"https:\/\/www.ascef.com\/es\/wp-json\/wp\/v2\/types\/post"}],"author":[{"embeddable":true,"href":"https:\/\/www.ascef.com\/es\/wp-json\/wp\/v2\/users\/292"}],"replies":[{"embeddable":true,"href":"https:\/\/www.ascef.com\/es\/wp-json\/wp\/v2\/comments?post=2926"}],"version-history":[{"count":2,"href":"https:\/\/www.ascef.com\/es\/wp-json\/wp\/v2\/posts\/2926\/revisions"}],"predecessor-version":[{"id":2936,"href":"https:\/\/www.ascef.com\/es\/wp-json\/wp\/v2\/posts\/2926\/revisions\/2936"}],"wp:featuredmedia":[{"embeddable":true,"href":"https:\/\/www.ascef.com\/es\/wp-json\/wp\/v2\/media\/2922"}],"wp:attachment":[{"href":"https:\/\/www.ascef.com\/es\/wp-json\/wp\/v2\/media?parent=2926"}],"wp:term":[{"taxonomy":"category","embeddable":true,"href":"https:\/\/www.ascef.com\/es\/wp-json\/wp\/v2\/categories?post=2926"},{"taxonomy":"post_tag","embeddable":true,"href":"https:\/\/www.ascef.com\/es\/wp-json\/wp\/v2\/tags?post=2926"}],"curies":[{"name":"wp","href":"https:\/\/api.w.org\/{rel}","templated":true}]}}