{"id":2906,"date":"2021-01-27T12:32:45","date_gmt":"2021-01-27T12:32:45","guid":{"rendered":"https:\/\/www.ascef.com\/?p=2906"},"modified":"2021-01-27T12:32:45","modified_gmt":"2021-01-27T12:32:45","slug":"ascef-pwc-fondos-europeos","status":"publish","type":"post","link":"https:\/\/www.ascef.com\/es\/ascef-pwc-fondos-europeos\/","title":{"rendered":"\u00abLas empresas familiares est\u00e1n mejor posicionadas para acelerar el cambio y aprovechar todas las oportunidades\u00bb"},"content":{"rendered":"<p>La <u><a href=\"https:\/\/www.ascef.com\/es\/\" target=\"_blank\" rel=\"noopener noreferrer\"><strong>Asociaci\u00f3n Catalana de la Empresa Familiar (ASCEF)<\/strong><\/a><\/u> organiz\u00f3, juntamente con <u><a href=\"https:\/\/www.pwc.es\/\" target=\"_blank\" rel=\"noopener noreferrer\"><strong>PwC<\/strong><\/a><\/u>, la sesi\u00f3n online bajo el t\u00edtulo \u00abFondos Europeos para la reconstrucci\u00f3n y Sostenibilidad como elemento de creaci\u00f3n de valor y palanca de recuperaci\u00f3n en la Empresa Familiar\u00bb, que se adentr\u00f3 en la tem\u00e1tica de ayudas y alternativas de financiaci\u00f3n que supone el <strong>Plan Europeo de Recuperaci\u00f3n (Next Generation EU)<\/strong>, sus ventajas e implicaciones, y como la sostenibilidad puede ayudar a detectar oportunidades.<\/p>\n<p>Anna Merino, Directora de Strategy &amp; Economics de PwC, y Marga de Rosell\u00f3, Directora de Sostenibilidad y Cambio Clim\u00e1tico de PwC, profundizaron en los \u00e1ngulos que integran la sostenibilidad y las diferentes posibilidades que pueden ofrecer para la empresa familiar los Fondos Europeos para la reconstrucci\u00f3n. <strong>Una inversi\u00f3n de la Uni\u00f3n Europea que pivotar\u00e1 en torno a tres pilares: la Transici\u00f3n Ecol\u00f3gica, la Transici\u00f3n Digital y la Reindustrializaci\u00f3n<\/strong>.<\/p>\n<p>\u00ab<em>Las empresas familiares parten de una situaci\u00f3n privilegiada para aprovechar las oportunidades ya que comparten cuatro prioridades: establecer conexiones, asegurar continuidad -lo que supone una visi\u00f3n a largo plazo-, ser m\u00e1s \u00e1giles en la toma de decisiones y crear comunidad -con un mayor v\u00ednculo con los trabajadores y el territorio<\/em>\u00ab, afirm\u00f3 Marga de Rosell\u00f3. \u00ab<strong><em>No habr\u00e1 cambio sin la empresa familiar<\/em><\/strong>\u00ab, enfatiz\u00f3.<\/p>\n<p>Por su parte, Anna Merino explic\u00f3 que \u00abno partimos de cero, <strong>los Fondos Europeos han agilizado los cambios que ya estaban previstos para la pr\u00f3xima d\u00e9cada<\/strong>. Ahora nos enfrentamos a una situaci\u00f3n econ\u00f3mica complicada, pero con la necesidad de solucionar el problema antes que \u00e9ste sea mayor\u00bb. Record\u00f3 que Espa\u00f1a ser\u00e1 uno de los pa\u00edses m\u00e1s beneficiados (recibir\u00e1 140b\u20ac), pero en contraprestaci\u00f3n \u00ab<strong>la UE pide que los fondos lleguen a todo el tejido empresarial, a todos los sectores<\/strong>\u00ab.<\/p>\n<p>\u00ab<em>Todos los proyectos han de demostrar el impacto que supondr\u00e1n en la econom\u00eda del territorio<\/em>\u00ab, a\u00f1adi\u00f3 Merino. \u00ab<em><strong>Las empresas tienen ahora la oportunidad de planificar y pensar en proyectos latentes en la empresa<\/strong>, que adem\u00e1s pueden provocar un cambio de cultura empresarial en la transici\u00f3n ecol\u00f3gica o digitalizaci\u00f3n, por ejemplo<\/em>\u00ab.<\/p>\n<p>En la sesi\u00f3n, tambi\u00e9n se cont\u00f3 con la participaci\u00f3n de Mireia Cammany, Directora General Adjunta en <u><a href=\"https:\/\/epi-industries.com\/es\/#\" target=\"_blank\" rel=\"noopener noreferrer\"><strong>EPI INDUSTRIES Family of companies<\/strong><\/a><\/u>, quien comparti\u00f3 su experiencia en el camino de su compa\u00f1\u00eda hacia la sostenibilidad. Cammany record\u00f3 que \u00ab<em>la Agenda 2030 ayuda a ordenar las acciones y prioridades<\/em>\u00ab. Adem\u00e1s, subray\u00f3 que \u00ab<em>la sostenibilidad engancha; si la incorporamos en la empresa, <strong>estamos dejando un legado de gran impacto y viabilidad para las pr\u00f3ximas generaciones<\/strong><\/em>\u00ab.<\/p>\n","protected":false},"excerpt":{"rendered":"<p>La Asociaci\u00f3n Catalana de la Empresa Familiar (ASCEF) organiz\u00f3, juntamente con PwC, la sesi\u00f3n online bajo el t\u00edtulo \u00abFondos Europeos para la reconstrucci\u00f3n y Sostenibilidad como elemento de creaci\u00f3n de valor y palanca de recuperaci\u00f3n en la Empresa Familiar\u00bb, que se adentr\u00f3 en la tem\u00e1tica de ayudas y alternativas de financiaci\u00f3n que supone el Plan [&hellip;]<\/p>\n","protected":false},"author":292,"featured_media":2916,"comment_status":"open","ping_status":"open","sticky":false,"template":"","format":"standard","meta":{"_acf_changed":false,"footnotes":""},"categories":[185],"tags":[],"class_list":["post-2906","post","type-post","status-publish","format-standard","has-post-thumbnail","hentry","category-general"],"acf":[],"yoast_head":"<!-- This site is optimized with the Yoast SEO plugin v27.5 - https:\/\/yoast.com\/product\/yoast-seo-wordpress\/ -->\n<title>Fondos Europeos: &quot;Las empresas familiares est\u00e1n mejor posicionadas para acelerar el cambio&quot;<\/title>\n<meta name=\"description\" content=\"ASCEF y PwC organizaron una sesi\u00f3n que se adentr\u00f3 en la tem\u00e1tica de ayudas y alternativas de financiaci\u00f3n que supongan los fondos europeos de recuperaci\u00f3n\" \/>\n<meta name=\"robots\" content=\"index, follow, max-snippet:-1, max-image-preview:large, max-video-preview:-1\" \/>\n<link rel=\"canonical\" href=\"https:\/\/www.ascef.com\/es\/ascef-pwc-fondos-europeos\/\" \/>\n<meta property=\"og:locale\" content=\"es_ES\" \/>\n<meta property=\"og:type\" content=\"article\" \/>\n<meta property=\"og:title\" content=\"Fondos Europeos: &quot;Las empresas familiares est\u00e1n mejor posicionadas para acelerar el cambio&quot;\" \/>\n<meta property=\"og:description\" content=\"ASCEF y PwC organizaron una sesi\u00f3n que se adentr\u00f3 en la tem\u00e1tica de ayudas y alternativas de financiaci\u00f3n que supongan los fondos europeos de recuperaci\u00f3n\" \/>\n<meta property=\"og:url\" content=\"https:\/\/www.ascef.com\/es\/ascef-pwc-fondos-europeos\/\" \/>\n<meta property=\"og:site_name\" content=\"ASCEF\" \/>\n<meta property=\"article:published_time\" content=\"2021-01-27T12:32:45+00:00\" \/>\n<meta property=\"og:image\" content=\"https:\/\/www.ascef.com\/wp-content\/uploads\/2021\/01\/foto_web_ascef_pwc-1.jpg\" \/>\n\t<meta property=\"og:image:width\" content=\"1419\" \/>\n\t<meta property=\"og:image:height\" content=\"945\" \/>\n\t<meta property=\"og:image:type\" content=\"image\/jpeg\" \/>\n<meta name=\"author\" content=\"Borja Igual\" \/>\n<meta name=\"twitter:card\" content=\"summary_large_image\" \/>\n<meta name=\"twitter:label1\" content=\"Escrito por\" \/>\n\t<meta name=\"twitter:data1\" content=\"Borja Igual\" \/>\n\t<meta name=\"twitter:label2\" content=\"Tiempo de lectura\" \/>\n\t<meta name=\"twitter:data2\" content=\"2 minutos\" \/>\n<script type=\"application\/ld+json\" class=\"yoast-schema-graph\">{\"@context\":\"https:\\\/\\\/schema.org\",\"@graph\":[{\"@type\":\"Article\",\"@id\":\"https:\\\/\\\/www.ascef.com\\\/es\\\/ascef-pwc-fondos-europeos\\\/#article\",\"isPartOf\":{\"@id\":\"https:\\\/\\\/www.ascef.com\\\/es\\\/ascef-pwc-fondos-europeos\\\/\"},\"author\":{\"name\":\"Borja Igual\",\"@id\":\"https:\\\/\\\/www.ascef.com\\\/es\\\/#\\\/schema\\\/person\\\/e0bdccd3e1665871f0e79e3a50ad6b02\"},\"headline\":\"\u00abLas empresas familiares est\u00e1n mejor posicionadas para acelerar el cambio y aprovechar todas las oportunidades\u00bb\",\"datePublished\":\"2021-01-27T12:32:45+00:00\",\"mainEntityOfPage\":{\"@id\":\"https:\\\/\\\/www.ascef.com\\\/es\\\/ascef-pwc-fondos-europeos\\\/\"},\"wordCount\":461,\"commentCount\":0,\"image\":{\"@id\":\"https:\\\/\\\/www.ascef.com\\\/es\\\/ascef-pwc-fondos-europeos\\\/#primaryimage\"},\"thumbnailUrl\":\"https:\\\/\\\/www.ascef.com\\\/wp-content\\\/uploads\\\/2021\\\/01\\\/foto_web_ascef_pwc-1.jpg\",\"articleSection\":[\"general\"],\"inLanguage\":\"es\"},{\"@type\":\"WebPage\",\"@id\":\"https:\\\/\\\/www.ascef.com\\\/es\\\/ascef-pwc-fondos-europeos\\\/\",\"url\":\"https:\\\/\\\/www.ascef.com\\\/es\\\/ascef-pwc-fondos-europeos\\\/\",\"name\":\"Fondos Europeos: \\\"Las empresas familiares est\u00e1n mejor posicionadas para acelerar el cambio\\\"\",\"isPartOf\":{\"@id\":\"https:\\\/\\\/www.ascef.com\\\/es\\\/#website\"},\"primaryImageOfPage\":{\"@id\":\"https:\\\/\\\/www.ascef.com\\\/es\\\/ascef-pwc-fondos-europeos\\\/#primaryimage\"},\"image\":{\"@id\":\"https:\\\/\\\/www.ascef.com\\\/es\\\/ascef-pwc-fondos-europeos\\\/#primaryimage\"},\"thumbnailUrl\":\"https:\\\/\\\/www.ascef.com\\\/wp-content\\\/uploads\\\/2021\\\/01\\\/foto_web_ascef_pwc-1.jpg\",\"datePublished\":\"2021-01-27T12:32:45+00:00\",\"author\":{\"@id\":\"https:\\\/\\\/www.ascef.com\\\/es\\\/#\\\/schema\\\/person\\\/e0bdccd3e1665871f0e79e3a50ad6b02\"},\"description\":\"ASCEF y PwC organizaron una sesi\u00f3n que se adentr\u00f3 en la tem\u00e1tica de ayudas y alternativas de financiaci\u00f3n que supongan los fondos europeos de recuperaci\u00f3n\",\"breadcrumb\":{\"@id\":\"https:\\\/\\\/www.ascef.com\\\/es\\\/ascef-pwc-fondos-europeos\\\/#breadcrumb\"},\"inLanguage\":\"es\",\"potentialAction\":[{\"@type\":\"ReadAction\",\"target\":[\"https:\\\/\\\/www.ascef.com\\\/es\\\/ascef-pwc-fondos-europeos\\\/\"]}]},{\"@type\":\"ImageObject\",\"inLanguage\":\"es\",\"@id\":\"https:\\\/\\\/www.ascef.com\\\/es\\\/ascef-pwc-fondos-europeos\\\/#primaryimage\",\"url\":\"https:\\\/\\\/www.ascef.com\\\/wp-content\\\/uploads\\\/2021\\\/01\\\/foto_web_ascef_pwc-1.jpg\",\"contentUrl\":\"https:\\\/\\\/www.ascef.com\\\/wp-content\\\/uploads\\\/2021\\\/01\\\/foto_web_ascef_pwc-1.jpg\",\"width\":1419,\"height\":945,\"caption\":\"PwC - ASCEF- Fondos Europeos\"},{\"@type\":\"BreadcrumbList\",\"@id\":\"https:\\\/\\\/www.ascef.com\\\/es\\\/ascef-pwc-fondos-europeos\\\/#breadcrumb\",\"itemListElement\":[{\"@type\":\"ListItem\",\"position\":1,\"name\":\"Portada\",\"item\":\"https:\\\/\\\/www.ascef.com\\\/es\\\/\"},{\"@type\":\"ListItem\",\"position\":2,\"name\":\"\u00abLas empresas familiares est\u00e1n mejor posicionadas para acelerar el cambio y aprovechar todas las oportunidades\u00bb\"}]},{\"@type\":\"WebSite\",\"@id\":\"https:\\\/\\\/www.ascef.com\\\/es\\\/#website\",\"url\":\"https:\\\/\\\/www.ascef.com\\\/es\\\/\",\"name\":\"ASCEF\",\"description\":\"Associaci\u00f3 Catalana de l\u2019Empresa Familiar\",\"potentialAction\":[{\"@type\":\"SearchAction\",\"target\":{\"@type\":\"EntryPoint\",\"urlTemplate\":\"https:\\\/\\\/www.ascef.com\\\/es\\\/?s={search_term_string}\"},\"query-input\":{\"@type\":\"PropertyValueSpecification\",\"valueRequired\":true,\"valueName\":\"search_term_string\"}}],\"inLanguage\":\"es\"},{\"@type\":\"Person\",\"@id\":\"https:\\\/\\\/www.ascef.com\\\/es\\\/#\\\/schema\\\/person\\\/e0bdccd3e1665871f0e79e3a50ad6b02\",\"name\":\"Borja Igual\",\"url\":\"https:\\\/\\\/www.ascef.com\\\/es\\\/author\\\/bigual1990mcs-com\\\/\"}]}<\/script>\n<!-- \/ Yoast SEO plugin. -->","yoast_head_json":{"title":"Fondos Europeos: \"Las empresas familiares est\u00e1n mejor posicionadas para acelerar el cambio\"","description":"ASCEF y PwC organizaron una sesi\u00f3n que se adentr\u00f3 en la tem\u00e1tica de ayudas y alternativas de financiaci\u00f3n que supongan los fondos europeos de recuperaci\u00f3n","robots":{"index":"index","follow":"follow","max-snippet":"max-snippet:-1","max-image-preview":"max-image-preview:large","max-video-preview":"max-video-preview:-1"},"canonical":"https:\/\/www.ascef.com\/es\/ascef-pwc-fondos-europeos\/","og_locale":"es_ES","og_type":"article","og_title":"Fondos Europeos: \"Las empresas familiares est\u00e1n mejor posicionadas para acelerar el cambio\"","og_description":"ASCEF y PwC organizaron una sesi\u00f3n que se adentr\u00f3 en la tem\u00e1tica de ayudas y alternativas de financiaci\u00f3n que supongan los fondos europeos de recuperaci\u00f3n","og_url":"https:\/\/www.ascef.com\/es\/ascef-pwc-fondos-europeos\/","og_site_name":"ASCEF","article_published_time":"2021-01-27T12:32:45+00:00","og_image":[{"width":1419,"height":945,"url":"https:\/\/www.ascef.com\/wp-content\/uploads\/2021\/01\/foto_web_ascef_pwc-1.jpg","type":"image\/jpeg"}],"author":"Borja Igual","twitter_card":"summary_large_image","twitter_misc":{"Escrito por":"Borja Igual","Tiempo de lectura":"2 minutos"},"schema":{"@context":"https:\/\/schema.org","@graph":[{"@type":"Article","@id":"https:\/\/www.ascef.com\/es\/ascef-pwc-fondos-europeos\/#article","isPartOf":{"@id":"https:\/\/www.ascef.com\/es\/ascef-pwc-fondos-europeos\/"},"author":{"name":"Borja Igual","@id":"https:\/\/www.ascef.com\/es\/#\/schema\/person\/e0bdccd3e1665871f0e79e3a50ad6b02"},"headline":"\u00abLas empresas familiares est\u00e1n mejor posicionadas para acelerar el cambio y aprovechar todas las oportunidades\u00bb","datePublished":"2021-01-27T12:32:45+00:00","mainEntityOfPage":{"@id":"https:\/\/www.ascef.com\/es\/ascef-pwc-fondos-europeos\/"},"wordCount":461,"commentCount":0,"image":{"@id":"https:\/\/www.ascef.com\/es\/ascef-pwc-fondos-europeos\/#primaryimage"},"thumbnailUrl":"https:\/\/www.ascef.com\/wp-content\/uploads\/2021\/01\/foto_web_ascef_pwc-1.jpg","articleSection":["general"],"inLanguage":"es"},{"@type":"WebPage","@id":"https:\/\/www.ascef.com\/es\/ascef-pwc-fondos-europeos\/","url":"https:\/\/www.ascef.com\/es\/ascef-pwc-fondos-europeos\/","name":"Fondos Europeos: \"Las empresas familiares est\u00e1n mejor posicionadas para acelerar el cambio\"","isPartOf":{"@id":"https:\/\/www.ascef.com\/es\/#website"},"primaryImageOfPage":{"@id":"https:\/\/www.ascef.com\/es\/ascef-pwc-fondos-europeos\/#primaryimage"},"image":{"@id":"https:\/\/www.ascef.com\/es\/ascef-pwc-fondos-europeos\/#primaryimage"},"thumbnailUrl":"https:\/\/www.ascef.com\/wp-content\/uploads\/2021\/01\/foto_web_ascef_pwc-1.jpg","datePublished":"2021-01-27T12:32:45+00:00","author":{"@id":"https:\/\/www.ascef.com\/es\/#\/schema\/person\/e0bdccd3e1665871f0e79e3a50ad6b02"},"description":"ASCEF y PwC organizaron una sesi\u00f3n que se adentr\u00f3 en la tem\u00e1tica de ayudas y alternativas de financiaci\u00f3n que supongan los fondos europeos de recuperaci\u00f3n","breadcrumb":{"@id":"https:\/\/www.ascef.com\/es\/ascef-pwc-fondos-europeos\/#breadcrumb"},"inLanguage":"es","potentialAction":[{"@type":"ReadAction","target":["https:\/\/www.ascef.com\/es\/ascef-pwc-fondos-europeos\/"]}]},{"@type":"ImageObject","inLanguage":"es","@id":"https:\/\/www.ascef.com\/es\/ascef-pwc-fondos-europeos\/#primaryimage","url":"https:\/\/www.ascef.com\/wp-content\/uploads\/2021\/01\/foto_web_ascef_pwc-1.jpg","contentUrl":"https:\/\/www.ascef.com\/wp-content\/uploads\/2021\/01\/foto_web_ascef_pwc-1.jpg","width":1419,"height":945,"caption":"PwC - ASCEF- Fondos Europeos"},{"@type":"BreadcrumbList","@id":"https:\/\/www.ascef.com\/es\/ascef-pwc-fondos-europeos\/#breadcrumb","itemListElement":[{"@type":"ListItem","position":1,"name":"Portada","item":"https:\/\/www.ascef.com\/es\/"},{"@type":"ListItem","position":2,"name":"\u00abLas empresas familiares est\u00e1n mejor posicionadas para acelerar el cambio y aprovechar todas las oportunidades\u00bb"}]},{"@type":"WebSite","@id":"https:\/\/www.ascef.com\/es\/#website","url":"https:\/\/www.ascef.com\/es\/","name":"ASCEF","description":"Associaci\u00f3 Catalana de l\u2019Empresa Familiar","potentialAction":[{"@type":"SearchAction","target":{"@type":"EntryPoint","urlTemplate":"https:\/\/www.ascef.com\/es\/?s={search_term_string}"},"query-input":{"@type":"PropertyValueSpecification","valueRequired":true,"valueName":"search_term_string"}}],"inLanguage":"es"},{"@type":"Person","@id":"https:\/\/www.ascef.com\/es\/#\/schema\/person\/e0bdccd3e1665871f0e79e3a50ad6b02","name":"Borja Igual","url":"https:\/\/www.ascef.com\/es\/author\/bigual1990mcs-com\/"}]}},"_links":{"self":[{"href":"https:\/\/www.ascef.com\/es\/wp-json\/wp\/v2\/posts\/2906","targetHints":{"allow":["GET"]}}],"collection":[{"href":"https:\/\/www.ascef.com\/es\/wp-json\/wp\/v2\/posts"}],"about":[{"href":"https:\/\/www.ascef.com\/es\/wp-json\/wp\/v2\/types\/post"}],"author":[{"embeddable":true,"href":"https:\/\/www.ascef.com\/es\/wp-json\/wp\/v2\/users\/292"}],"replies":[{"embeddable":true,"href":"https:\/\/www.ascef.com\/es\/wp-json\/wp\/v2\/comments?post=2906"}],"version-history":[{"count":2,"href":"https:\/\/www.ascef.com\/es\/wp-json\/wp\/v2\/posts\/2906\/revisions"}],"predecessor-version":[{"id":2908,"href":"https:\/\/www.ascef.com\/es\/wp-json\/wp\/v2\/posts\/2906\/revisions\/2908"}],"wp:featuredmedia":[{"embeddable":true,"href":"https:\/\/www.ascef.com\/es\/wp-json\/wp\/v2\/media\/2916"}],"wp:attachment":[{"href":"https:\/\/www.ascef.com\/es\/wp-json\/wp\/v2\/media?parent=2906"}],"wp:term":[{"taxonomy":"category","embeddable":true,"href":"https:\/\/www.ascef.com\/es\/wp-json\/wp\/v2\/categories?post=2906"},{"taxonomy":"post_tag","embeddable":true,"href":"https:\/\/www.ascef.com\/es\/wp-json\/wp\/v2\/tags?post=2906"}],"curies":[{"name":"wp","href":"https:\/\/api.w.org\/{rel}","templated":true}]}}