{"id":2805,"date":"2020-12-09T09:33:25","date_gmt":"2020-12-09T09:33:25","guid":{"rendered":"https:\/\/www.ascef.com\/?p=2805"},"modified":"2020-12-16T10:02:49","modified_gmt":"2020-12-16T10:02:49","slug":"innovacion-sesion-ascef-2020","status":"publish","type":"post","link":"https:\/\/www.ascef.com\/es\/innovacion-sesion-ascef-2020\/","title":{"rendered":"\u00abEl futuro ser\u00e1 digital y transformar\u00e1 la forma de trabajar, se ha de ver la innovaci\u00f3n como una inversi\u00f3n a largo plazo\u00bb"},"content":{"rendered":"<p>La <strong><u><a href=\"https:\/\/www.ascef.com\/es\/\" target=\"_blank\" rel=\"noopener noreferrer\">Asociaci\u00f3n Catalana de la Empresa Familiar (ASCEF)<\/a><\/u><\/strong> organiz\u00f3 una sesi\u00f3n online bajo el t\u00edtulo \u00ab<strong>La cultura de la innovaci\u00f3n a la empresa familiar<\/strong>\u00ab, que cont\u00f3 con una mesa redonda en la que participaron<strong> Vanesa Mart\u00ednez<\/strong>, CEO del <strong><u><a href=\"https:\/\/www.carinsa.com\/\" target=\"_blank\" rel=\"noopener noreferrer\">Grupo Carinsa<\/a><\/u><\/strong>, <strong>Merc\u00e8 Girbau<\/strong>, Presidenta y Consejera Delegada de <u><a href=\"https:\/\/www.girbau.es\/\" target=\"_blank\" rel=\"noopener noreferrer\"><strong>Girbau Group<\/strong><\/a><\/u>, y <strong>Eulalia Alomar<\/strong>, Directora General de <strong><u><a href=\"https:\/\/www.creu-blanca.es\/\" target=\"_blank\" rel=\"noopener noreferrer\">Creu Blanca<\/a><\/u><\/strong>. Las tres compartieron experiencias de innovaci\u00f3n a la empresa familiar en una conversaci\u00f3n moderada por Rosal\u00eda Soler, socia de <strong><u><a href=\"https:\/\/www.ey.com\/es_es\" target=\"_blank\" rel=\"noopener noreferrer\">Ernst&amp;Young<\/a><\/u><\/strong>.<\/p>\n<p>Las tres empresarias destacaron que la innovaci\u00f3n \u00ab<strong><em>es un d\u00eda a d\u00eda<\/em><\/strong>\u00ab, y reconocieron que, a pesar de estar en la agenda de sus respectivas compa\u00f1\u00edas, la innovaci\u00f3n y la transformaci\u00f3n digital se ha visto <strong>\u00ab<em>impulsada<\/em>\u00bb por la pandemia de la Covid<\/strong>. \u00ab<em>Nos ha hecho reinventarnos sobre todo en los sectores m\u00e1s afectados<\/em>\u00ab, reconoc\u00eda Vanesa Mart\u00ednez. A su lado, Eul\u00e0lia Alomar explicaba que \u00ab<em>hemos innovado en aspectos no previstos, readaptando las t\u00e9cnicas<\/em>\u00ab. \u00ab<em>La pandemia nos ha impactado de pleno, nos ha obligado a adaptarnos a la nueva situaci\u00f3n<\/em>\u00ab, subrayaba Merc\u00e8 Girbau.<\/p>\n<p>\u00ab<em>La innovaci\u00f3n est\u00e1 en nuestro ADN desde que se cre\u00f3 Grupo Carinsa, y se trata de una <strong>inversi\u00f3n a largo plazo<\/strong><\/em>\u00ab, afirm\u00f3 Mart\u00ednez. \u00ab<em>Nosotros observamos los procesos de trabajo para aplicar el &#8216;big data&#8217; y as\u00ed ser m\u00e1s eficientes en el d\u00eda a d\u00eda, adem\u00e1s de trabajar en una mejora de la eficiencia energ\u00e9tica y la gesti\u00f3n de los residuos<\/em>\u00ab, a\u00f1ad\u00eda a la vez que avanzaba una m\u00e1xima que tienen presente: \u00ab<strong><em>Si una empresa familiar quiere ser innovadora, los l\u00edderes tienen que poder formar equipos de personas con talento y facilitarlos las herramientas necesarias para innovar de manera constante<\/em><\/strong>\u00ab.<\/p>\n<p>\u00ab<em>El futuro transformar\u00e1 la forma de trabajar y las organizaciones en todos los \u00e1mbitos<\/em>\u00ab, defend\u00eda Merc\u00e8 Girbau. \u00ab<em><strong>Se tiene que apostar por la innovaci\u00f3n para poder a\u00f1adir valor como empresa<\/strong>. Nosotros nos acercamos a la metodolog\u00eda de las &#8216;start-ups&#8217;, y vamos desarrollo diferentes productos para ver c\u00f3mo se puede aplicar al mercado<\/em>\u00ab, explicaba. La Presidenta de Girbau Group reclam\u00f3, tambi\u00e9n, a la Administraci\u00f3n P\u00fablica apoyo \u00ab<em>m\u00e1s all\u00e1 de financieros, para crear ecosistemas y tradici\u00f3n de innovaci\u00f3n a la sociedad como s\u00ed hacen otros pa\u00edses<\/em>\u00ab.<\/p>\n<p>Por su parte, Eul\u00e0lia Alomar afirmaba que la innovaci\u00f3n \u00ab<em>es un d\u00eda a d\u00eda<\/em>\u00ab. \u00ab<em>Todo ser\u00e1 digital y la gesti\u00f3n de la informaci\u00f3n ser\u00e1 b\u00e1sica<\/em>\u00ab, a\u00f1ad\u00eda. \u00ab<strong><em>Se tienen que agilizar procesos: todos son susceptibles de ser mejorados y cada vez estamos yendo a un aumento de la automatizaci\u00f3n<\/em><\/strong>\u00ab, aseguraba la Directora General de Cruz Blanca. \u00ab<em>Nosotros estamos trabajando en dos tipos de cambios: uno para reducir el impacto ecol\u00f3gico, tanto en cuanto al consumo el\u00e9ctrico como la gesti\u00f3n de residuos, y otro para reducir el impacto en el paciente, gracias a la digitalizaci\u00f3n, y buscamos t\u00e9cnicas que minimizan los efectos secundarios<\/em>\u00ab, explicaba Alomar.<\/p>\n<p>La sesi\u00f3n, que cont\u00f3 con la colaboraci\u00f3n de Enst&amp;Young para su celebraci\u00f3n, tambi\u00e9n incluy\u00f3 con dos conferencias: la primera, con el t\u00edtulo \u00abLos datos como fuente de innovaci\u00f3n y crecimiento a la empresa familiar\u00bb, a cargo de Beatriz Sanz, Socia Advisory de EY; y la segunda a cargo de Cristina Cruz, Directora Acad\u00e9mica de <strong><u><a href=\"https:\/\/familiesinbusiness.ie.edu\/es\/\" target=\"_blank\" rel=\"noopener noreferrer\">IE Centro for Families in Business<\/a><\/u><\/strong>, bajo el t\u00edtulo \u00abInnovar desde la tradici\u00f3n: como preservar el legado familiar y asegurar la creaci\u00f3n de valor como familia empresaria\u00bb.<\/p>\n<p>Sanz recordaba que \u00ab<strong><em>el origen de la empresa familiar est\u00e1 en el emprendimiento e innovaci\u00f3n<\/em><\/strong>\u00ab, a la vez que defend\u00eda que el uso de la Inteligencia Artificial se puede aprovechar \u00ab<em>por una gesti\u00f3n eficiente de los datos, solucionar los problemas de negocio, la transformaci\u00f3n tecnol\u00f3gica y la aplicaci\u00f3n ecol\u00f3gica<\/em>\u00ab. No obstante, recomend\u00f3 a las empresas \u00ab<em>empezar poco a poco, con una peque\u00f1a prueba para ver qu\u00e9 pasa, como evoluciona y as\u00ed aplicarlo en otros campos de la compa\u00f1\u00eda<\/em>\u00ab.<\/p>\n<p>Por su parte, Cruz subrayaba que \u00ab<strong><em>los propietarios de empresas familiares controlan m\u00e1s del 50% de las empresas innovadoras<\/em><\/strong>\u00bb para luchar contra la consideraci\u00f3n que, a la sociedad, \u00ab<em>se puede tener que una empresa familiar es conservadora, adversa al riesgo y menos innovadora<\/em>\u00ab. \u00ab<em>Se tiene que transformar en ventajas competitivas nuestros aspectos que potencian la innovaci\u00f3n y reducir el impacto negativo que nos impiden innovar<\/em>\u00ab, concluy\u00f3.<\/p>\n","protected":false},"excerpt":{"rendered":"<p>La Asociaci\u00f3n Catalana de la Empresa Familiar (ASCEF) organiz\u00f3 una sesi\u00f3n online bajo el t\u00edtulo \u00abLa cultura de la innovaci\u00f3n a la empresa familiar\u00ab, que cont\u00f3 con una mesa redonda en la que participaron Vanesa Mart\u00ednez, CEO del Grupo Carinsa, Merc\u00e8 Girbau, Presidenta y Consejera Delegada de Girbau Group, y Eulalia Alomar, Directora General de [&hellip;]<\/p>\n","protected":false},"author":292,"featured_media":2803,"comment_status":"open","ping_status":"open","sticky":false,"template":"","format":"standard","meta":{"_acf_changed":false,"footnotes":""},"categories":[185],"tags":[],"class_list":["post-2805","post","type-post","status-publish","format-standard","has-post-thumbnail","hentry","category-general"],"acf":[],"yoast_head":"<!-- This site is optimized with the Yoast SEO plugin v27.5 - https:\/\/yoast.com\/product\/yoast-seo-wordpress\/ -->\n<title>&quot;La innovaci\u00f3n es una inversi\u00f3n a largo plazo&quot; - ASCEF<\/title>\n<meta name=\"description\" content=\"La ASCEF organiz\u00f3 la sesi\u00f3n &quot;La cultura de la innovaci\u00f3n a la empresa familiar&quot;, que cont\u00f3 con una mesa redonda en la que se compartieron experiencias\" \/>\n<meta name=\"robots\" content=\"index, follow, max-snippet:-1, max-image-preview:large, max-video-preview:-1\" \/>\n<link rel=\"canonical\" href=\"https:\/\/www.ascef.com\/es\/innovacion-sesion-ascef-2020\/\" \/>\n<meta property=\"og:locale\" content=\"es_ES\" \/>\n<meta property=\"og:type\" content=\"article\" \/>\n<meta property=\"og:title\" content=\"&quot;La innovaci\u00f3n es una inversi\u00f3n a largo plazo&quot; - ASCEF\" \/>\n<meta property=\"og:description\" content=\"La ASCEF organiz\u00f3 la sesi\u00f3n &quot;La cultura de la innovaci\u00f3n a la empresa familiar&quot;, que cont\u00f3 con una mesa redonda en la que se compartieron experiencias\" \/>\n<meta property=\"og:url\" content=\"https:\/\/www.ascef.com\/es\/innovacion-sesion-ascef-2020\/\" \/>\n<meta property=\"og:site_name\" content=\"ASCEF\" \/>\n<meta property=\"article:published_time\" content=\"2020-12-09T09:33:25+00:00\" \/>\n<meta property=\"article:modified_time\" content=\"2020-12-16T10:02:49+00:00\" \/>\n<meta property=\"og:image\" content=\"https:\/\/www.ascef.com\/wp-content\/uploads\/2020\/12\/20201203_fotogrupo_sesion.jpg\" \/>\n\t<meta property=\"og:image:width\" content=\"900\" \/>\n\t<meta property=\"og:image:height\" content=\"600\" \/>\n\t<meta property=\"og:image:type\" content=\"image\/jpeg\" \/>\n<meta name=\"author\" content=\"Borja Igual\" \/>\n<meta name=\"twitter:card\" content=\"summary_large_image\" \/>\n<meta name=\"twitter:label1\" content=\"Escrito por\" \/>\n\t<meta name=\"twitter:data1\" content=\"Borja Igual\" \/>\n\t<meta name=\"twitter:label2\" content=\"Tiempo de lectura\" \/>\n\t<meta name=\"twitter:data2\" content=\"4 minutos\" \/>\n<script type=\"application\/ld+json\" class=\"yoast-schema-graph\">{\"@context\":\"https:\\\/\\\/schema.org\",\"@graph\":[{\"@type\":\"Article\",\"@id\":\"https:\\\/\\\/www.ascef.com\\\/es\\\/innovacion-sesion-ascef-2020\\\/#article\",\"isPartOf\":{\"@id\":\"https:\\\/\\\/www.ascef.com\\\/es\\\/innovacion-sesion-ascef-2020\\\/\"},\"author\":{\"name\":\"Borja Igual\",\"@id\":\"https:\\\/\\\/www.ascef.com\\\/es\\\/#\\\/schema\\\/person\\\/e0bdccd3e1665871f0e79e3a50ad6b02\"},\"headline\":\"\u00abEl futuro ser\u00e1 digital y transformar\u00e1 la forma de trabajar, se ha de ver la innovaci\u00f3n como una inversi\u00f3n a largo plazo\u00bb\",\"datePublished\":\"2020-12-09T09:33:25+00:00\",\"dateModified\":\"2020-12-16T10:02:49+00:00\",\"mainEntityOfPage\":{\"@id\":\"https:\\\/\\\/www.ascef.com\\\/es\\\/innovacion-sesion-ascef-2020\\\/\"},\"wordCount\":788,\"commentCount\":0,\"image\":{\"@id\":\"https:\\\/\\\/www.ascef.com\\\/es\\\/innovacion-sesion-ascef-2020\\\/#primaryimage\"},\"thumbnailUrl\":\"https:\\\/\\\/www.ascef.com\\\/wp-content\\\/uploads\\\/2020\\\/12\\\/20201203_fotogrupo_sesion.jpg\",\"articleSection\":[\"general\"],\"inLanguage\":\"es\"},{\"@type\":\"WebPage\",\"@id\":\"https:\\\/\\\/www.ascef.com\\\/es\\\/innovacion-sesion-ascef-2020\\\/\",\"url\":\"https:\\\/\\\/www.ascef.com\\\/es\\\/innovacion-sesion-ascef-2020\\\/\",\"name\":\"\\\"La innovaci\u00f3n es una inversi\u00f3n a largo plazo\\\" - ASCEF\",\"isPartOf\":{\"@id\":\"https:\\\/\\\/www.ascef.com\\\/es\\\/#website\"},\"primaryImageOfPage\":{\"@id\":\"https:\\\/\\\/www.ascef.com\\\/es\\\/innovacion-sesion-ascef-2020\\\/#primaryimage\"},\"image\":{\"@id\":\"https:\\\/\\\/www.ascef.com\\\/es\\\/innovacion-sesion-ascef-2020\\\/#primaryimage\"},\"thumbnailUrl\":\"https:\\\/\\\/www.ascef.com\\\/wp-content\\\/uploads\\\/2020\\\/12\\\/20201203_fotogrupo_sesion.jpg\",\"datePublished\":\"2020-12-09T09:33:25+00:00\",\"dateModified\":\"2020-12-16T10:02:49+00:00\",\"author\":{\"@id\":\"https:\\\/\\\/www.ascef.com\\\/es\\\/#\\\/schema\\\/person\\\/e0bdccd3e1665871f0e79e3a50ad6b02\"},\"description\":\"La ASCEF organiz\u00f3 la sesi\u00f3n \\\"La cultura de la innovaci\u00f3n a la empresa familiar\\\", que cont\u00f3 con una mesa redonda en la que se compartieron experiencias\",\"breadcrumb\":{\"@id\":\"https:\\\/\\\/www.ascef.com\\\/es\\\/innovacion-sesion-ascef-2020\\\/#breadcrumb\"},\"inLanguage\":\"es\",\"potentialAction\":[{\"@type\":\"ReadAction\",\"target\":[\"https:\\\/\\\/www.ascef.com\\\/es\\\/innovacion-sesion-ascef-2020\\\/\"]}]},{\"@type\":\"ImageObject\",\"inLanguage\":\"es\",\"@id\":\"https:\\\/\\\/www.ascef.com\\\/es\\\/innovacion-sesion-ascef-2020\\\/#primaryimage\",\"url\":\"https:\\\/\\\/www.ascef.com\\\/wp-content\\\/uploads\\\/2020\\\/12\\\/20201203_fotogrupo_sesion.jpg\",\"contentUrl\":\"https:\\\/\\\/www.ascef.com\\\/wp-content\\\/uploads\\\/2020\\\/12\\\/20201203_fotogrupo_sesion.jpg\",\"width\":900,\"height\":600,\"caption\":\"Ponents de la sessi\u00f3\"},{\"@type\":\"BreadcrumbList\",\"@id\":\"https:\\\/\\\/www.ascef.com\\\/es\\\/innovacion-sesion-ascef-2020\\\/#breadcrumb\",\"itemListElement\":[{\"@type\":\"ListItem\",\"position\":1,\"name\":\"Portada\",\"item\":\"https:\\\/\\\/www.ascef.com\\\/es\\\/\"},{\"@type\":\"ListItem\",\"position\":2,\"name\":\"\u00abEl futuro ser\u00e1 digital y transformar\u00e1 la forma de trabajar, se ha de ver la innovaci\u00f3n como una inversi\u00f3n a largo plazo\u00bb\"}]},{\"@type\":\"WebSite\",\"@id\":\"https:\\\/\\\/www.ascef.com\\\/es\\\/#website\",\"url\":\"https:\\\/\\\/www.ascef.com\\\/es\\\/\",\"name\":\"ASCEF\",\"description\":\"Associaci\u00f3 Catalana de l\u2019Empresa Familiar\",\"potentialAction\":[{\"@type\":\"SearchAction\",\"target\":{\"@type\":\"EntryPoint\",\"urlTemplate\":\"https:\\\/\\\/www.ascef.com\\\/es\\\/?s={search_term_string}\"},\"query-input\":{\"@type\":\"PropertyValueSpecification\",\"valueRequired\":true,\"valueName\":\"search_term_string\"}}],\"inLanguage\":\"es\"},{\"@type\":\"Person\",\"@id\":\"https:\\\/\\\/www.ascef.com\\\/es\\\/#\\\/schema\\\/person\\\/e0bdccd3e1665871f0e79e3a50ad6b02\",\"name\":\"Borja Igual\",\"url\":\"https:\\\/\\\/www.ascef.com\\\/es\\\/author\\\/bigual1990mcs-com\\\/\"}]}<\/script>\n<!-- \/ Yoast SEO plugin. -->","yoast_head_json":{"title":"\"La innovaci\u00f3n es una inversi\u00f3n a largo plazo\" - ASCEF","description":"La ASCEF organiz\u00f3 la sesi\u00f3n \"La cultura de la innovaci\u00f3n a la empresa familiar\", que cont\u00f3 con una mesa redonda en la que se compartieron experiencias","robots":{"index":"index","follow":"follow","max-snippet":"max-snippet:-1","max-image-preview":"max-image-preview:large","max-video-preview":"max-video-preview:-1"},"canonical":"https:\/\/www.ascef.com\/es\/innovacion-sesion-ascef-2020\/","og_locale":"es_ES","og_type":"article","og_title":"\"La innovaci\u00f3n es una inversi\u00f3n a largo plazo\" - ASCEF","og_description":"La ASCEF organiz\u00f3 la sesi\u00f3n \"La cultura de la innovaci\u00f3n a la empresa familiar\", que cont\u00f3 con una mesa redonda en la que se compartieron experiencias","og_url":"https:\/\/www.ascef.com\/es\/innovacion-sesion-ascef-2020\/","og_site_name":"ASCEF","article_published_time":"2020-12-09T09:33:25+00:00","article_modified_time":"2020-12-16T10:02:49+00:00","og_image":[{"width":900,"height":600,"url":"https:\/\/www.ascef.com\/wp-content\/uploads\/2020\/12\/20201203_fotogrupo_sesion.jpg","type":"image\/jpeg"}],"author":"Borja Igual","twitter_card":"summary_large_image","twitter_misc":{"Escrito por":"Borja Igual","Tiempo de lectura":"4 minutos"},"schema":{"@context":"https:\/\/schema.org","@graph":[{"@type":"Article","@id":"https:\/\/www.ascef.com\/es\/innovacion-sesion-ascef-2020\/#article","isPartOf":{"@id":"https:\/\/www.ascef.com\/es\/innovacion-sesion-ascef-2020\/"},"author":{"name":"Borja Igual","@id":"https:\/\/www.ascef.com\/es\/#\/schema\/person\/e0bdccd3e1665871f0e79e3a50ad6b02"},"headline":"\u00abEl futuro ser\u00e1 digital y transformar\u00e1 la forma de trabajar, se ha de ver la innovaci\u00f3n como una inversi\u00f3n a largo plazo\u00bb","datePublished":"2020-12-09T09:33:25+00:00","dateModified":"2020-12-16T10:02:49+00:00","mainEntityOfPage":{"@id":"https:\/\/www.ascef.com\/es\/innovacion-sesion-ascef-2020\/"},"wordCount":788,"commentCount":0,"image":{"@id":"https:\/\/www.ascef.com\/es\/innovacion-sesion-ascef-2020\/#primaryimage"},"thumbnailUrl":"https:\/\/www.ascef.com\/wp-content\/uploads\/2020\/12\/20201203_fotogrupo_sesion.jpg","articleSection":["general"],"inLanguage":"es"},{"@type":"WebPage","@id":"https:\/\/www.ascef.com\/es\/innovacion-sesion-ascef-2020\/","url":"https:\/\/www.ascef.com\/es\/innovacion-sesion-ascef-2020\/","name":"\"La innovaci\u00f3n es una inversi\u00f3n a largo plazo\" - ASCEF","isPartOf":{"@id":"https:\/\/www.ascef.com\/es\/#website"},"primaryImageOfPage":{"@id":"https:\/\/www.ascef.com\/es\/innovacion-sesion-ascef-2020\/#primaryimage"},"image":{"@id":"https:\/\/www.ascef.com\/es\/innovacion-sesion-ascef-2020\/#primaryimage"},"thumbnailUrl":"https:\/\/www.ascef.com\/wp-content\/uploads\/2020\/12\/20201203_fotogrupo_sesion.jpg","datePublished":"2020-12-09T09:33:25+00:00","dateModified":"2020-12-16T10:02:49+00:00","author":{"@id":"https:\/\/www.ascef.com\/es\/#\/schema\/person\/e0bdccd3e1665871f0e79e3a50ad6b02"},"description":"La ASCEF organiz\u00f3 la sesi\u00f3n \"La cultura de la innovaci\u00f3n a la empresa familiar\", que cont\u00f3 con una mesa redonda en la que se compartieron experiencias","breadcrumb":{"@id":"https:\/\/www.ascef.com\/es\/innovacion-sesion-ascef-2020\/#breadcrumb"},"inLanguage":"es","potentialAction":[{"@type":"ReadAction","target":["https:\/\/www.ascef.com\/es\/innovacion-sesion-ascef-2020\/"]}]},{"@type":"ImageObject","inLanguage":"es","@id":"https:\/\/www.ascef.com\/es\/innovacion-sesion-ascef-2020\/#primaryimage","url":"https:\/\/www.ascef.com\/wp-content\/uploads\/2020\/12\/20201203_fotogrupo_sesion.jpg","contentUrl":"https:\/\/www.ascef.com\/wp-content\/uploads\/2020\/12\/20201203_fotogrupo_sesion.jpg","width":900,"height":600,"caption":"Ponents de la sessi\u00f3"},{"@type":"BreadcrumbList","@id":"https:\/\/www.ascef.com\/es\/innovacion-sesion-ascef-2020\/#breadcrumb","itemListElement":[{"@type":"ListItem","position":1,"name":"Portada","item":"https:\/\/www.ascef.com\/es\/"},{"@type":"ListItem","position":2,"name":"\u00abEl futuro ser\u00e1 digital y transformar\u00e1 la forma de trabajar, se ha de ver la innovaci\u00f3n como una inversi\u00f3n a largo plazo\u00bb"}]},{"@type":"WebSite","@id":"https:\/\/www.ascef.com\/es\/#website","url":"https:\/\/www.ascef.com\/es\/","name":"ASCEF","description":"Associaci\u00f3 Catalana de l\u2019Empresa Familiar","potentialAction":[{"@type":"SearchAction","target":{"@type":"EntryPoint","urlTemplate":"https:\/\/www.ascef.com\/es\/?s={search_term_string}"},"query-input":{"@type":"PropertyValueSpecification","valueRequired":true,"valueName":"search_term_string"}}],"inLanguage":"es"},{"@type":"Person","@id":"https:\/\/www.ascef.com\/es\/#\/schema\/person\/e0bdccd3e1665871f0e79e3a50ad6b02","name":"Borja Igual","url":"https:\/\/www.ascef.com\/es\/author\/bigual1990mcs-com\/"}]}},"_links":{"self":[{"href":"https:\/\/www.ascef.com\/es\/wp-json\/wp\/v2\/posts\/2805","targetHints":{"allow":["GET"]}}],"collection":[{"href":"https:\/\/www.ascef.com\/es\/wp-json\/wp\/v2\/posts"}],"about":[{"href":"https:\/\/www.ascef.com\/es\/wp-json\/wp\/v2\/types\/post"}],"author":[{"embeddable":true,"href":"https:\/\/www.ascef.com\/es\/wp-json\/wp\/v2\/users\/292"}],"replies":[{"embeddable":true,"href":"https:\/\/www.ascef.com\/es\/wp-json\/wp\/v2\/comments?post=2805"}],"version-history":[{"count":2,"href":"https:\/\/www.ascef.com\/es\/wp-json\/wp\/v2\/posts\/2805\/revisions"}],"predecessor-version":[{"id":2811,"href":"https:\/\/www.ascef.com\/es\/wp-json\/wp\/v2\/posts\/2805\/revisions\/2811"}],"wp:featuredmedia":[{"embeddable":true,"href":"https:\/\/www.ascef.com\/es\/wp-json\/wp\/v2\/media\/2803"}],"wp:attachment":[{"href":"https:\/\/www.ascef.com\/es\/wp-json\/wp\/v2\/media?parent=2805"}],"wp:term":[{"taxonomy":"category","embeddable":true,"href":"https:\/\/www.ascef.com\/es\/wp-json\/wp\/v2\/categories?post=2805"},{"taxonomy":"post_tag","embeddable":true,"href":"https:\/\/www.ascef.com\/es\/wp-json\/wp\/v2\/tags?post=2805"}],"curies":[{"name":"wp","href":"https:\/\/api.w.org\/{rel}","templated":true}]}}