{"id":2787,"date":"2020-12-15T10:34:31","date_gmt":"2020-12-15T10:34:31","guid":{"rendered":"https:\/\/www.ascef.com\/?p=2787"},"modified":"2021-01-19T12:57:41","modified_gmt":"2021-01-19T12:57:41","slug":"ascef-programa-ahora-atresmedia","status":"publish","type":"post","link":"https:\/\/www.ascef.com\/es\/ascef-programa-ahora-atresmedia\/","title":{"rendered":"Los socios de ASCEF podr\u00e1n participar en el programa \u2018AHORA\u2019 para que sus marcas ganen visibilidad"},"content":{"rendered":"<p style=\"text-align: left;\">Los socios de la <a href=\"https:\/\/www.ascef.com\/es\/\" target=\"_blank\" rel=\"noopener noreferrer\"><u><strong>Asociaci\u00f3n Catalana de la Empresa Familiar (ASCEF)<\/strong><\/u><\/a> podr\u00e1n participar en el programa \u2018AHORA\u2019, un proyecto a trav\u00e9s del cual las empresas familiares podr\u00e1n recibir una serie de ayudas para dar una mayor visibilidad a sus marcas y, as\u00ed, poder llegar a un mayor n\u00famero de clientes. El programa nace del acuerdo firmado por el <a href=\"https:\/\/www.iefamiliar.com\/\" target=\"_blank\" rel=\"noopener noreferrer\"><u><strong>Instituto de la Empresa Familiar (IEF)<\/strong><\/u><\/a>, entidad a la que est\u00e1 vinculada la <strong>ASCEF<\/strong>, y <a href=\"https:\/\/www.atresmediapublicidad.com\/\" target=\"_blank\" rel=\"noopener noreferrer\"><u><strong>Atresmedia Publicidad<\/strong><\/u><\/a>.<\/p>\n<p style=\"text-align: left;\">Este proyecto otorgar\u00e1 <strong>casi 4 millones de euros en 54 ayudas<\/strong> para las empresas socias de las diferentes Asociaciones Territoriales de Espa\u00f1a que quieran poner en marcha una campa\u00f1a publicitaria, y Atresmedia pondr\u00e1 al servicio sus recursos y plataformas -digitales y televisivas- para ayudar a las peque\u00f1as y medianas empresas afectadas por la pandemia de la Covid-19.<\/p>\n<p style=\"text-align: left;\">Para poder acceder al programa hay una serie de requisitos necesarios: no haber realizado ninguna comunicaci\u00f3n comercial en televisi\u00f3n en Atresmedia, tener menos de 250 trabajadores, facturar menos de 50 millones de euros al a\u00f1o y ser socio de alguna Asociaci\u00f3n Territorial, como la <strong>ASCEF<\/strong>.<\/p>\n<p style=\"text-align: left;\">El programa \u2018AHORA\u2019 comprende de<strong> ayudas tanto en la emisi\u00f3n como en la producci\u00f3n de los anuncios<\/strong> facilitando este acceso a empresas que, hasta ahora, no lo hayan hecho. Adem\u00e1s, las empresas participantes se beneficiar\u00e1n, tambi\u00e9n, de servicios de asesoramiento, seguimiento, planificaci\u00f3n y posevaluaci\u00f3n de las campa\u00f1as.<\/p>\n<p style=\"text-align: left;\">Las empresas socias de la <strong>ASCEF<\/strong> que cumplan los requisitos y quieran solicitar las ayudas, tienen hasta el <strong>31 de enero<\/strong> para participar y solicitar participar. A partir de esta fecha, un jurado de expertos evaluar\u00e1 la elecci\u00f3n de las empresas siguiendo una serie de condiciones: historia y an\u00e1lisis de la empresa familiar, sus valores, su arraigo al territorio, el n\u00famero de trabajadores, antig\u00fcedad, estar al corriente de las obligaciones fiscales y un an\u00e1lisis cualitativo. Atresmedia se reserva para analizar las compa\u00f1\u00edas y decidir la concesi\u00f3n de las ayudas antes de comenzar la planificaci\u00f3n.<\/p>\n<p style=\"text-align: left;\">Puedes consultar la informaci\u00f3n al programa <a href=\"https:\/\/www.ascef.com\/es\/espacio-privado-socios\/conocimiento\/\" target=\"_blank\" rel=\"noopener noreferrer\"><u><strong>en el espacio privado del web<\/strong><\/u><\/a>, donde tambi\u00e9n encontrar\u00e1s respuesta a una serie de <a href=\"https:\/\/www.ascef.com\/es\/espacio-privado-socios\/conocimiento\/\" target=\"_blank\" rel=\"noopener noreferrer\"><u><strong>preguntas frecuentes<\/strong><\/u><\/a>.<\/p>\n<p>Encontrar\u00e9is la boleta de inscripci\u00f3n al programa AHORA <a href=\"https:\/\/www.ascef.com\/es\/noticias\/programa-ahora-participar-ascef\/\" target=\"_blank\" rel=\"noopener noreferrer\"><u><strong>en el siguiente enlace<\/strong><\/u><\/a>.<\/p>\n","protected":false},"excerpt":{"rendered":"<p>Los socios de la Asociaci\u00f3n Catalana de la Empresa Familiar (ASCEF) podr\u00e1n participar en el programa \u2018AHORA\u2019, un proyecto a trav\u00e9s del cual las empresas familiares podr\u00e1n recibir una serie de ayudas para dar una mayor visibilidad a sus marcas y, as\u00ed, poder llegar a un mayor n\u00famero de clientes. El programa nace del acuerdo [&hellip;]<\/p>\n","protected":false},"author":292,"featured_media":2785,"comment_status":"open","ping_status":"open","sticky":false,"template":"","format":"standard","meta":{"_acf_changed":false,"footnotes":""},"categories":[185],"tags":[],"class_list":["post-2787","post","type-post","status-publish","format-standard","has-post-thumbnail","hentry","category-general"],"acf":[],"yoast_head":"<!-- This site is optimized with the Yoast SEO plugin v27.5 - https:\/\/yoast.com\/product\/yoast-seo-wordpress\/ -->\n<title>Los socios de ASCEF podr\u00e1n participar en el programa \u2018AHORA\u2019 y ganar visibilidad<\/title>\n<meta name=\"description\" content=\"Los socios de ASCEF podr\u00e1n participar en el programa \u2018AHORA\u2019, un proyecto a trav\u00e9s del cual las empresas familiares podr\u00e1n recibir una serie de ayudas para dar una mayor visibilidad a sus marcas y, as\u00ed, poder llegar a un mayor n\u00famero de clientes.\" \/>\n<meta name=\"robots\" content=\"index, follow, max-snippet:-1, max-image-preview:large, max-video-preview:-1\" \/>\n<link rel=\"canonical\" href=\"https:\/\/www.ascef.com\/es\/ascef-programa-ahora-atresmedia\/\" \/>\n<meta property=\"og:locale\" content=\"es_ES\" \/>\n<meta property=\"og:type\" content=\"article\" \/>\n<meta property=\"og:title\" content=\"Los socios de ASCEF podr\u00e1n participar en el programa \u2018AHORA\u2019 y ganar visibilidad\" \/>\n<meta property=\"og:description\" content=\"Los socios de ASCEF podr\u00e1n participar en el programa \u2018AHORA\u2019, un proyecto a trav\u00e9s del cual las empresas familiares podr\u00e1n recibir una serie de ayudas para dar una mayor visibilidad a sus marcas y, as\u00ed, poder llegar a un mayor n\u00famero de clientes.\" \/>\n<meta property=\"og:url\" content=\"https:\/\/www.ascef.com\/es\/ascef-programa-ahora-atresmedia\/\" \/>\n<meta property=\"og:site_name\" content=\"ASCEF\" \/>\n<meta property=\"article:published_time\" content=\"2020-12-15T10:34:31+00:00\" \/>\n<meta property=\"article:modified_time\" content=\"2021-01-19T12:57:41+00:00\" \/>\n<meta property=\"og:image\" content=\"https:\/\/www.ascef.com\/wp-content\/uploads\/2020\/12\/202012_ascef_ahora.jpg\" \/>\n\t<meta property=\"og:image:width\" content=\"1920\" \/>\n\t<meta property=\"og:image:height\" content=\"1271\" \/>\n\t<meta property=\"og:image:type\" content=\"image\/jpeg\" \/>\n<meta name=\"author\" content=\"Borja Igual\" \/>\n<meta name=\"twitter:card\" content=\"summary_large_image\" \/>\n<meta name=\"twitter:label1\" content=\"Escrito por\" \/>\n\t<meta name=\"twitter:data1\" content=\"Borja Igual\" \/>\n\t<meta name=\"twitter:label2\" content=\"Tiempo de lectura\" \/>\n\t<meta name=\"twitter:data2\" content=\"2 minutos\" \/>\n<script type=\"application\/ld+json\" class=\"yoast-schema-graph\">{\"@context\":\"https:\\\/\\\/schema.org\",\"@graph\":[{\"@type\":\"Article\",\"@id\":\"https:\\\/\\\/www.ascef.com\\\/es\\\/ascef-programa-ahora-atresmedia\\\/#article\",\"isPartOf\":{\"@id\":\"https:\\\/\\\/www.ascef.com\\\/es\\\/ascef-programa-ahora-atresmedia\\\/\"},\"author\":{\"name\":\"Borja Igual\",\"@id\":\"https:\\\/\\\/www.ascef.com\\\/es\\\/#\\\/schema\\\/person\\\/e0bdccd3e1665871f0e79e3a50ad6b02\"},\"headline\":\"Los socios de ASCEF podr\u00e1n participar en el programa \u2018AHORA\u2019 para que sus marcas ganen visibilidad\",\"datePublished\":\"2020-12-15T10:34:31+00:00\",\"dateModified\":\"2021-01-19T12:57:41+00:00\",\"mainEntityOfPage\":{\"@id\":\"https:\\\/\\\/www.ascef.com\\\/es\\\/ascef-programa-ahora-atresmedia\\\/\"},\"wordCount\":397,\"commentCount\":0,\"image\":{\"@id\":\"https:\\\/\\\/www.ascef.com\\\/es\\\/ascef-programa-ahora-atresmedia\\\/#primaryimage\"},\"thumbnailUrl\":\"https:\\\/\\\/www.ascef.com\\\/wp-content\\\/uploads\\\/2020\\\/12\\\/202012_ascef_ahora.jpg\",\"articleSection\":[\"general\"],\"inLanguage\":\"es\"},{\"@type\":\"WebPage\",\"@id\":\"https:\\\/\\\/www.ascef.com\\\/es\\\/ascef-programa-ahora-atresmedia\\\/\",\"url\":\"https:\\\/\\\/www.ascef.com\\\/es\\\/ascef-programa-ahora-atresmedia\\\/\",\"name\":\"Los socios de ASCEF podr\u00e1n participar en el programa \u2018AHORA\u2019 y ganar visibilidad\",\"isPartOf\":{\"@id\":\"https:\\\/\\\/www.ascef.com\\\/es\\\/#website\"},\"primaryImageOfPage\":{\"@id\":\"https:\\\/\\\/www.ascef.com\\\/es\\\/ascef-programa-ahora-atresmedia\\\/#primaryimage\"},\"image\":{\"@id\":\"https:\\\/\\\/www.ascef.com\\\/es\\\/ascef-programa-ahora-atresmedia\\\/#primaryimage\"},\"thumbnailUrl\":\"https:\\\/\\\/www.ascef.com\\\/wp-content\\\/uploads\\\/2020\\\/12\\\/202012_ascef_ahora.jpg\",\"datePublished\":\"2020-12-15T10:34:31+00:00\",\"dateModified\":\"2021-01-19T12:57:41+00:00\",\"author\":{\"@id\":\"https:\\\/\\\/www.ascef.com\\\/es\\\/#\\\/schema\\\/person\\\/e0bdccd3e1665871f0e79e3a50ad6b02\"},\"description\":\"Los socios de ASCEF podr\u00e1n participar en el programa \u2018AHORA\u2019, un proyecto a trav\u00e9s del cual las empresas familiares podr\u00e1n recibir una serie de ayudas para dar una mayor visibilidad a sus marcas y, as\u00ed, poder llegar a un mayor n\u00famero de clientes.\",\"breadcrumb\":{\"@id\":\"https:\\\/\\\/www.ascef.com\\\/es\\\/ascef-programa-ahora-atresmedia\\\/#breadcrumb\"},\"inLanguage\":\"es\",\"potentialAction\":[{\"@type\":\"ReadAction\",\"target\":[\"https:\\\/\\\/www.ascef.com\\\/es\\\/ascef-programa-ahora-atresmedia\\\/\"]}]},{\"@type\":\"ImageObject\",\"inLanguage\":\"es\",\"@id\":\"https:\\\/\\\/www.ascef.com\\\/es\\\/ascef-programa-ahora-atresmedia\\\/#primaryimage\",\"url\":\"https:\\\/\\\/www.ascef.com\\\/wp-content\\\/uploads\\\/2020\\\/12\\\/202012_ascef_ahora.jpg\",\"contentUrl\":\"https:\\\/\\\/www.ascef.com\\\/wp-content\\\/uploads\\\/2020\\\/12\\\/202012_ascef_ahora.jpg\",\"width\":1920,\"height\":1271},{\"@type\":\"BreadcrumbList\",\"@id\":\"https:\\\/\\\/www.ascef.com\\\/es\\\/ascef-programa-ahora-atresmedia\\\/#breadcrumb\",\"itemListElement\":[{\"@type\":\"ListItem\",\"position\":1,\"name\":\"Portada\",\"item\":\"https:\\\/\\\/www.ascef.com\\\/es\\\/\"},{\"@type\":\"ListItem\",\"position\":2,\"name\":\"Los socios de ASCEF podr\u00e1n participar en el programa \u2018AHORA\u2019 para que sus marcas ganen visibilidad\"}]},{\"@type\":\"WebSite\",\"@id\":\"https:\\\/\\\/www.ascef.com\\\/es\\\/#website\",\"url\":\"https:\\\/\\\/www.ascef.com\\\/es\\\/\",\"name\":\"ASCEF\",\"description\":\"Associaci\u00f3 Catalana de l\u2019Empresa Familiar\",\"potentialAction\":[{\"@type\":\"SearchAction\",\"target\":{\"@type\":\"EntryPoint\",\"urlTemplate\":\"https:\\\/\\\/www.ascef.com\\\/es\\\/?s={search_term_string}\"},\"query-input\":{\"@type\":\"PropertyValueSpecification\",\"valueRequired\":true,\"valueName\":\"search_term_string\"}}],\"inLanguage\":\"es\"},{\"@type\":\"Person\",\"@id\":\"https:\\\/\\\/www.ascef.com\\\/es\\\/#\\\/schema\\\/person\\\/e0bdccd3e1665871f0e79e3a50ad6b02\",\"name\":\"Borja Igual\",\"url\":\"https:\\\/\\\/www.ascef.com\\\/es\\\/author\\\/bigual1990mcs-com\\\/\"}]}<\/script>\n<!-- \/ Yoast SEO plugin. -->","yoast_head_json":{"title":"Los socios de ASCEF podr\u00e1n participar en el programa \u2018AHORA\u2019 y ganar visibilidad","description":"Los socios de ASCEF podr\u00e1n participar en el programa \u2018AHORA\u2019, un proyecto a trav\u00e9s del cual las empresas familiares podr\u00e1n recibir una serie de ayudas para dar una mayor visibilidad a sus marcas y, as\u00ed, poder llegar a un mayor n\u00famero de clientes.","robots":{"index":"index","follow":"follow","max-snippet":"max-snippet:-1","max-image-preview":"max-image-preview:large","max-video-preview":"max-video-preview:-1"},"canonical":"https:\/\/www.ascef.com\/es\/ascef-programa-ahora-atresmedia\/","og_locale":"es_ES","og_type":"article","og_title":"Los socios de ASCEF podr\u00e1n participar en el programa \u2018AHORA\u2019 y ganar visibilidad","og_description":"Los socios de ASCEF podr\u00e1n participar en el programa \u2018AHORA\u2019, un proyecto a trav\u00e9s del cual las empresas familiares podr\u00e1n recibir una serie de ayudas para dar una mayor visibilidad a sus marcas y, as\u00ed, poder llegar a un mayor n\u00famero de clientes.","og_url":"https:\/\/www.ascef.com\/es\/ascef-programa-ahora-atresmedia\/","og_site_name":"ASCEF","article_published_time":"2020-12-15T10:34:31+00:00","article_modified_time":"2021-01-19T12:57:41+00:00","og_image":[{"width":1920,"height":1271,"url":"https:\/\/www.ascef.com\/wp-content\/uploads\/2020\/12\/202012_ascef_ahora.jpg","type":"image\/jpeg"}],"author":"Borja Igual","twitter_card":"summary_large_image","twitter_misc":{"Escrito por":"Borja Igual","Tiempo de lectura":"2 minutos"},"schema":{"@context":"https:\/\/schema.org","@graph":[{"@type":"Article","@id":"https:\/\/www.ascef.com\/es\/ascef-programa-ahora-atresmedia\/#article","isPartOf":{"@id":"https:\/\/www.ascef.com\/es\/ascef-programa-ahora-atresmedia\/"},"author":{"name":"Borja Igual","@id":"https:\/\/www.ascef.com\/es\/#\/schema\/person\/e0bdccd3e1665871f0e79e3a50ad6b02"},"headline":"Los socios de ASCEF podr\u00e1n participar en el programa \u2018AHORA\u2019 para que sus marcas ganen visibilidad","datePublished":"2020-12-15T10:34:31+00:00","dateModified":"2021-01-19T12:57:41+00:00","mainEntityOfPage":{"@id":"https:\/\/www.ascef.com\/es\/ascef-programa-ahora-atresmedia\/"},"wordCount":397,"commentCount":0,"image":{"@id":"https:\/\/www.ascef.com\/es\/ascef-programa-ahora-atresmedia\/#primaryimage"},"thumbnailUrl":"https:\/\/www.ascef.com\/wp-content\/uploads\/2020\/12\/202012_ascef_ahora.jpg","articleSection":["general"],"inLanguage":"es"},{"@type":"WebPage","@id":"https:\/\/www.ascef.com\/es\/ascef-programa-ahora-atresmedia\/","url":"https:\/\/www.ascef.com\/es\/ascef-programa-ahora-atresmedia\/","name":"Los socios de ASCEF podr\u00e1n participar en el programa \u2018AHORA\u2019 y ganar visibilidad","isPartOf":{"@id":"https:\/\/www.ascef.com\/es\/#website"},"primaryImageOfPage":{"@id":"https:\/\/www.ascef.com\/es\/ascef-programa-ahora-atresmedia\/#primaryimage"},"image":{"@id":"https:\/\/www.ascef.com\/es\/ascef-programa-ahora-atresmedia\/#primaryimage"},"thumbnailUrl":"https:\/\/www.ascef.com\/wp-content\/uploads\/2020\/12\/202012_ascef_ahora.jpg","datePublished":"2020-12-15T10:34:31+00:00","dateModified":"2021-01-19T12:57:41+00:00","author":{"@id":"https:\/\/www.ascef.com\/es\/#\/schema\/person\/e0bdccd3e1665871f0e79e3a50ad6b02"},"description":"Los socios de ASCEF podr\u00e1n participar en el programa \u2018AHORA\u2019, un proyecto a trav\u00e9s del cual las empresas familiares podr\u00e1n recibir una serie de ayudas para dar una mayor visibilidad a sus marcas y, as\u00ed, poder llegar a un mayor n\u00famero de clientes.","breadcrumb":{"@id":"https:\/\/www.ascef.com\/es\/ascef-programa-ahora-atresmedia\/#breadcrumb"},"inLanguage":"es","potentialAction":[{"@type":"ReadAction","target":["https:\/\/www.ascef.com\/es\/ascef-programa-ahora-atresmedia\/"]}]},{"@type":"ImageObject","inLanguage":"es","@id":"https:\/\/www.ascef.com\/es\/ascef-programa-ahora-atresmedia\/#primaryimage","url":"https:\/\/www.ascef.com\/wp-content\/uploads\/2020\/12\/202012_ascef_ahora.jpg","contentUrl":"https:\/\/www.ascef.com\/wp-content\/uploads\/2020\/12\/202012_ascef_ahora.jpg","width":1920,"height":1271},{"@type":"BreadcrumbList","@id":"https:\/\/www.ascef.com\/es\/ascef-programa-ahora-atresmedia\/#breadcrumb","itemListElement":[{"@type":"ListItem","position":1,"name":"Portada","item":"https:\/\/www.ascef.com\/es\/"},{"@type":"ListItem","position":2,"name":"Los socios de ASCEF podr\u00e1n participar en el programa \u2018AHORA\u2019 para que sus marcas ganen visibilidad"}]},{"@type":"WebSite","@id":"https:\/\/www.ascef.com\/es\/#website","url":"https:\/\/www.ascef.com\/es\/","name":"ASCEF","description":"Associaci\u00f3 Catalana de l\u2019Empresa Familiar","potentialAction":[{"@type":"SearchAction","target":{"@type":"EntryPoint","urlTemplate":"https:\/\/www.ascef.com\/es\/?s={search_term_string}"},"query-input":{"@type":"PropertyValueSpecification","valueRequired":true,"valueName":"search_term_string"}}],"inLanguage":"es"},{"@type":"Person","@id":"https:\/\/www.ascef.com\/es\/#\/schema\/person\/e0bdccd3e1665871f0e79e3a50ad6b02","name":"Borja Igual","url":"https:\/\/www.ascef.com\/es\/author\/bigual1990mcs-com\/"}]}},"_links":{"self":[{"href":"https:\/\/www.ascef.com\/es\/wp-json\/wp\/v2\/posts\/2787","targetHints":{"allow":["GET"]}}],"collection":[{"href":"https:\/\/www.ascef.com\/es\/wp-json\/wp\/v2\/posts"}],"about":[{"href":"https:\/\/www.ascef.com\/es\/wp-json\/wp\/v2\/types\/post"}],"author":[{"embeddable":true,"href":"https:\/\/www.ascef.com\/es\/wp-json\/wp\/v2\/users\/292"}],"replies":[{"embeddable":true,"href":"https:\/\/www.ascef.com\/es\/wp-json\/wp\/v2\/comments?post=2787"}],"version-history":[{"count":7,"href":"https:\/\/www.ascef.com\/es\/wp-json\/wp\/v2\/posts\/2787\/revisions"}],"predecessor-version":[{"id":2890,"href":"https:\/\/www.ascef.com\/es\/wp-json\/wp\/v2\/posts\/2787\/revisions\/2890"}],"wp:featuredmedia":[{"embeddable":true,"href":"https:\/\/www.ascef.com\/es\/wp-json\/wp\/v2\/media\/2785"}],"wp:attachment":[{"href":"https:\/\/www.ascef.com\/es\/wp-json\/wp\/v2\/media?parent=2787"}],"wp:term":[{"taxonomy":"category","embeddable":true,"href":"https:\/\/www.ascef.com\/es\/wp-json\/wp\/v2\/categories?post=2787"},{"taxonomy":"post_tag","embeddable":true,"href":"https:\/\/www.ascef.com\/es\/wp-json\/wp\/v2\/tags?post=2787"}],"curies":[{"name":"wp","href":"https:\/\/api.w.org\/{rel}","templated":true}]}}