{"id":2709,"date":"2020-12-01T08:00:30","date_gmt":"2020-12-01T08:00:30","guid":{"rendered":"https:\/\/www.ascef.com\/?p=2709"},"modified":"2020-12-01T07:53:12","modified_gmt":"2020-12-01T07:53:12","slug":"encuentro-anual-empresa-familiar-almirall","status":"publish","type":"post","link":"https:\/\/www.ascef.com\/es\/encuentro-anual-empresa-familiar-almirall\/","title":{"rendered":"Antonio Gallardo: \u00abLos valores hacen que la empresa familiar sea diferente al resto, tenemos otra visi\u00f3n y enfoque\u00bb"},"content":{"rendered":"<p>El vicepresidente de Honor de <a href=\"https:\/\/www.almirall.es\/\" target=\"_blank\" rel=\"noopener noreferrer\"><u><strong>Almirall<\/strong><\/u><\/a> y presidente de Honor de la <a href=\"https:\/\/www.ascef.com\/es\/\" target=\"_blank\" rel=\"noopener noreferrer\"><u><strong>Asociaci\u00f3n Catalana de la Empresa Familiar (ASCEF)<\/strong><\/u><\/a>, <strong>Antonio Gallardo<\/strong>, fue uno de los tres empresarios protagonistas de la mesa redonda de empresarios que se celebr\u00f3 en el marco del <strong>Encuentro Anual de la ASCEF<\/strong>, bajo el t\u00edtulo \u00ab<a href=\"https:\/\/www.ascef.com\/es\/encuentro-anual-ascef-2020\/\" target=\"_blank\" rel=\"noopener noreferrer\"><u><strong>La empresa familiar: gestionar con valores<\/strong><\/u><\/a>\u00ab.<\/p>\n<p>\u00ab<em>Siempre he defendido que no somos una empresa familiar, sino una familia empresaria. <strong>Es importante que la familia contin\u00fae junta<\/strong><\/em>\u00ab, reconoci\u00f3 Gallardo. \u00ab<em>Si nunca tenemos que vender la empresa, el dinero de la familia tienen que continuar juntos y seguir trabajando en la misma l\u00ednea y con la misma visi\u00f3n<\/em>\u00ab, a\u00f1adi\u00f3 el presidente de honor de la ASCEF.<\/p>\n<p>\u00ab<em>Los valores que tiene una empresa familiar hace que sea diferente al resto, puesto que <strong>tenemos una visi\u00f3n y enfoque diferente y pensamos en la continuidad de la empresa<\/strong> en manos de nuestros hijos y nietos<\/em>\u00ab, afirm\u00f3 Antonio Gallardo.<\/p>\n<p>\u00ab<em>Es importante tener una visi\u00f3n compartida con toda la familia<\/em>\u00ab, explica Gallardo, quien tambi\u00e9n subraya de la importancia que toda la familia sepa qu\u00e9 se hace en la empresa y no parar nunca de tener mucho en cuenta la problem\u00e1tica familiar, ya que \u00ab<em>no siempre est\u00e1 todo solucionado<\/em>\u00ab.<\/p>\n<p>Antonio Gallardo destac\u00f3 la internacionalizaci\u00f3n de las empresas familiares como el gran reto de futuro, recordando que de la actual crisis \u00ab<em>saldr\u00e1n mejor qui\u00e9n tienen unas ventas del alrededor del 80% del total al extranjero<\/em>\u00ab.<\/p>\n<p><strong>Pablo Lara<\/strong>, Director General del \u00c1rea de Educaci\u00f3n y Miembro del Consejo del <a href=\"https:\/\/www.planeta.es\/es\" target=\"_blank\" rel=\"noopener noreferrer\"><u><strong>Grupo Planeta<\/strong><\/u><\/a>, y <strong>Ramon Agenjo<\/strong>, Consejero y Secretario <a href=\"https:\/\/www.damm.com\/es\" target=\"_blank\" rel=\"noopener noreferrer\"><u><strong>S.A. DAMM<\/strong><\/u><\/a>, completaron la mesa redonda de empresarios del <strong>Encuentro Anual de la ASCEF<\/strong> junto con Antonio Gallardo<\/p>\n","protected":false},"excerpt":{"rendered":"<p>El vicepresidente de Honor de Almirall y presidente de Honor de la Asociaci\u00f3n Catalana de la Empresa Familiar (ASCEF), Antonio Gallardo, fue uno de los tres empresarios protagonistas de la mesa redonda de empresarios que se celebr\u00f3 en el marco del Encuentro Anual de la ASCEF, bajo el t\u00edtulo \u00abLa empresa familiar: gestionar con valores\u00ab. [&hellip;]<\/p>\n","protected":false},"author":292,"featured_media":2715,"comment_status":"open","ping_status":"open","sticky":false,"template":"","format":"standard","meta":{"_acf_changed":false,"footnotes":""},"categories":[185],"tags":[],"class_list":["post-2709","post","type-post","status-publish","format-standard","has-post-thumbnail","hentry","category-general"],"acf":[],"yoast_head":"<!-- This site is optimized with the Yoast SEO plugin v27.5 - https:\/\/yoast.com\/product\/yoast-seo-wordpress\/ -->\n<title>Empresa familiar: &quot;Los valores hacen quesea diferente al resto&quot;<\/title>\n<meta name=\"description\" content=\"Empresa familiar: El vicepresidente de Honor de Almirall y presidente de Honor de ASCEF, Antonio Gallardo, particip\u00f3 en la mesa redonda del Encuentro Anual\" \/>\n<meta name=\"robots\" content=\"index, follow, max-snippet:-1, max-image-preview:large, max-video-preview:-1\" \/>\n<link rel=\"canonical\" href=\"https:\/\/www.ascef.com\/es\/encuentro-anual-empresa-familiar-almirall\/\" \/>\n<meta property=\"og:locale\" content=\"es_ES\" \/>\n<meta property=\"og:type\" content=\"article\" \/>\n<meta property=\"og:title\" content=\"Empresa familiar: &quot;Los valores hacen quesea diferente al resto&quot;\" \/>\n<meta property=\"og:description\" content=\"Empresa familiar: El vicepresidente de Honor de Almirall y presidente de Honor de ASCEF, Antonio Gallardo, particip\u00f3 en la mesa redonda del Encuentro Anual\" \/>\n<meta property=\"og:url\" content=\"https:\/\/www.ascef.com\/es\/encuentro-anual-empresa-familiar-almirall\/\" \/>\n<meta property=\"og:site_name\" content=\"ASCEF\" \/>\n<meta property=\"article:published_time\" content=\"2020-12-01T08:00:30+00:00\" \/>\n<meta property=\"og:image\" content=\"https:\/\/www.ascef.com\/wp-content\/uploads\/2020\/12\/Trobada_Gallardo_Almirall_web.jpg\" \/>\n\t<meta property=\"og:image:width\" content=\"1350\" \/>\n\t<meta property=\"og:image:height\" content=\"900\" \/>\n\t<meta property=\"og:image:type\" content=\"image\/jpeg\" \/>\n<meta name=\"author\" content=\"Borja Igual\" \/>\n<meta name=\"twitter:card\" content=\"summary_large_image\" \/>\n<meta name=\"twitter:label1\" content=\"Escrito por\" \/>\n\t<meta name=\"twitter:data1\" content=\"Borja Igual\" \/>\n\t<meta name=\"twitter:label2\" content=\"Tiempo de lectura\" \/>\n\t<meta name=\"twitter:data2\" content=\"1 minuto\" \/>\n<script type=\"application\/ld+json\" class=\"yoast-schema-graph\">{\"@context\":\"https:\\\/\\\/schema.org\",\"@graph\":[{\"@type\":\"Article\",\"@id\":\"https:\\\/\\\/www.ascef.com\\\/es\\\/encuentro-anual-empresa-familiar-almirall\\\/#article\",\"isPartOf\":{\"@id\":\"https:\\\/\\\/www.ascef.com\\\/es\\\/encuentro-anual-empresa-familiar-almirall\\\/\"},\"author\":{\"name\":\"Borja Igual\",\"@id\":\"https:\\\/\\\/www.ascef.com\\\/es\\\/#\\\/schema\\\/person\\\/e0bdccd3e1665871f0e79e3a50ad6b02\"},\"headline\":\"Antonio Gallardo: \u00abLos valores hacen que la empresa familiar sea diferente al resto, tenemos otra visi\u00f3n y enfoque\u00bb\",\"datePublished\":\"2020-12-01T08:00:30+00:00\",\"mainEntityOfPage\":{\"@id\":\"https:\\\/\\\/www.ascef.com\\\/es\\\/encuentro-anual-empresa-familiar-almirall\\\/\"},\"wordCount\":307,\"commentCount\":0,\"image\":{\"@id\":\"https:\\\/\\\/www.ascef.com\\\/es\\\/encuentro-anual-empresa-familiar-almirall\\\/#primaryimage\"},\"thumbnailUrl\":\"https:\\\/\\\/www.ascef.com\\\/wp-content\\\/uploads\\\/2020\\\/12\\\/Trobada_Gallardo_Almirall_web.jpg\",\"articleSection\":[\"general\"],\"inLanguage\":\"es\"},{\"@type\":\"WebPage\",\"@id\":\"https:\\\/\\\/www.ascef.com\\\/es\\\/encuentro-anual-empresa-familiar-almirall\\\/\",\"url\":\"https:\\\/\\\/www.ascef.com\\\/es\\\/encuentro-anual-empresa-familiar-almirall\\\/\",\"name\":\"Empresa familiar: \\\"Los valores hacen quesea diferente al resto\\\"\",\"isPartOf\":{\"@id\":\"https:\\\/\\\/www.ascef.com\\\/es\\\/#website\"},\"primaryImageOfPage\":{\"@id\":\"https:\\\/\\\/www.ascef.com\\\/es\\\/encuentro-anual-empresa-familiar-almirall\\\/#primaryimage\"},\"image\":{\"@id\":\"https:\\\/\\\/www.ascef.com\\\/es\\\/encuentro-anual-empresa-familiar-almirall\\\/#primaryimage\"},\"thumbnailUrl\":\"https:\\\/\\\/www.ascef.com\\\/wp-content\\\/uploads\\\/2020\\\/12\\\/Trobada_Gallardo_Almirall_web.jpg\",\"datePublished\":\"2020-12-01T08:00:30+00:00\",\"author\":{\"@id\":\"https:\\\/\\\/www.ascef.com\\\/es\\\/#\\\/schema\\\/person\\\/e0bdccd3e1665871f0e79e3a50ad6b02\"},\"description\":\"Empresa familiar: El vicepresidente de Honor de Almirall y presidente de Honor de ASCEF, Antonio Gallardo, particip\u00f3 en la mesa redonda del Encuentro Anual\",\"breadcrumb\":{\"@id\":\"https:\\\/\\\/www.ascef.com\\\/es\\\/encuentro-anual-empresa-familiar-almirall\\\/#breadcrumb\"},\"inLanguage\":\"es\",\"potentialAction\":[{\"@type\":\"ReadAction\",\"target\":[\"https:\\\/\\\/www.ascef.com\\\/es\\\/encuentro-anual-empresa-familiar-almirall\\\/\"]}]},{\"@type\":\"ImageObject\",\"inLanguage\":\"es\",\"@id\":\"https:\\\/\\\/www.ascef.com\\\/es\\\/encuentro-anual-empresa-familiar-almirall\\\/#primaryimage\",\"url\":\"https:\\\/\\\/www.ascef.com\\\/wp-content\\\/uploads\\\/2020\\\/12\\\/Trobada_Gallardo_Almirall_web.jpg\",\"contentUrl\":\"https:\\\/\\\/www.ascef.com\\\/wp-content\\\/uploads\\\/2020\\\/12\\\/Trobada_Gallardo_Almirall_web.jpg\",\"width\":1350,\"height\":900,\"caption\":\"Antonio Gallardo - Almirall - empresa familiar\"},{\"@type\":\"BreadcrumbList\",\"@id\":\"https:\\\/\\\/www.ascef.com\\\/es\\\/encuentro-anual-empresa-familiar-almirall\\\/#breadcrumb\",\"itemListElement\":[{\"@type\":\"ListItem\",\"position\":1,\"name\":\"Portada\",\"item\":\"https:\\\/\\\/www.ascef.com\\\/es\\\/\"},{\"@type\":\"ListItem\",\"position\":2,\"name\":\"Antonio Gallardo: \u00abLos valores hacen que la empresa familiar sea diferente al resto, tenemos otra visi\u00f3n y enfoque\u00bb\"}]},{\"@type\":\"WebSite\",\"@id\":\"https:\\\/\\\/www.ascef.com\\\/es\\\/#website\",\"url\":\"https:\\\/\\\/www.ascef.com\\\/es\\\/\",\"name\":\"ASCEF\",\"description\":\"Associaci\u00f3 Catalana de l\u2019Empresa Familiar\",\"potentialAction\":[{\"@type\":\"SearchAction\",\"target\":{\"@type\":\"EntryPoint\",\"urlTemplate\":\"https:\\\/\\\/www.ascef.com\\\/es\\\/?s={search_term_string}\"},\"query-input\":{\"@type\":\"PropertyValueSpecification\",\"valueRequired\":true,\"valueName\":\"search_term_string\"}}],\"inLanguage\":\"es\"},{\"@type\":\"Person\",\"@id\":\"https:\\\/\\\/www.ascef.com\\\/es\\\/#\\\/schema\\\/person\\\/e0bdccd3e1665871f0e79e3a50ad6b02\",\"name\":\"Borja Igual\",\"url\":\"https:\\\/\\\/www.ascef.com\\\/es\\\/author\\\/bigual1990mcs-com\\\/\"}]}<\/script>\n<!-- \/ Yoast SEO plugin. -->","yoast_head_json":{"title":"Empresa familiar: \"Los valores hacen quesea diferente al resto\"","description":"Empresa familiar: El vicepresidente de Honor de Almirall y presidente de Honor de ASCEF, Antonio Gallardo, particip\u00f3 en la mesa redonda del Encuentro Anual","robots":{"index":"index","follow":"follow","max-snippet":"max-snippet:-1","max-image-preview":"max-image-preview:large","max-video-preview":"max-video-preview:-1"},"canonical":"https:\/\/www.ascef.com\/es\/encuentro-anual-empresa-familiar-almirall\/","og_locale":"es_ES","og_type":"article","og_title":"Empresa familiar: \"Los valores hacen quesea diferente al resto\"","og_description":"Empresa familiar: El vicepresidente de Honor de Almirall y presidente de Honor de ASCEF, Antonio Gallardo, particip\u00f3 en la mesa redonda del Encuentro Anual","og_url":"https:\/\/www.ascef.com\/es\/encuentro-anual-empresa-familiar-almirall\/","og_site_name":"ASCEF","article_published_time":"2020-12-01T08:00:30+00:00","og_image":[{"width":1350,"height":900,"url":"https:\/\/www.ascef.com\/wp-content\/uploads\/2020\/12\/Trobada_Gallardo_Almirall_web.jpg","type":"image\/jpeg"}],"author":"Borja Igual","twitter_card":"summary_large_image","twitter_misc":{"Escrito por":"Borja Igual","Tiempo de lectura":"1 minuto"},"schema":{"@context":"https:\/\/schema.org","@graph":[{"@type":"Article","@id":"https:\/\/www.ascef.com\/es\/encuentro-anual-empresa-familiar-almirall\/#article","isPartOf":{"@id":"https:\/\/www.ascef.com\/es\/encuentro-anual-empresa-familiar-almirall\/"},"author":{"name":"Borja Igual","@id":"https:\/\/www.ascef.com\/es\/#\/schema\/person\/e0bdccd3e1665871f0e79e3a50ad6b02"},"headline":"Antonio Gallardo: \u00abLos valores hacen que la empresa familiar sea diferente al resto, tenemos otra visi\u00f3n y enfoque\u00bb","datePublished":"2020-12-01T08:00:30+00:00","mainEntityOfPage":{"@id":"https:\/\/www.ascef.com\/es\/encuentro-anual-empresa-familiar-almirall\/"},"wordCount":307,"commentCount":0,"image":{"@id":"https:\/\/www.ascef.com\/es\/encuentro-anual-empresa-familiar-almirall\/#primaryimage"},"thumbnailUrl":"https:\/\/www.ascef.com\/wp-content\/uploads\/2020\/12\/Trobada_Gallardo_Almirall_web.jpg","articleSection":["general"],"inLanguage":"es"},{"@type":"WebPage","@id":"https:\/\/www.ascef.com\/es\/encuentro-anual-empresa-familiar-almirall\/","url":"https:\/\/www.ascef.com\/es\/encuentro-anual-empresa-familiar-almirall\/","name":"Empresa familiar: \"Los valores hacen quesea diferente al resto\"","isPartOf":{"@id":"https:\/\/www.ascef.com\/es\/#website"},"primaryImageOfPage":{"@id":"https:\/\/www.ascef.com\/es\/encuentro-anual-empresa-familiar-almirall\/#primaryimage"},"image":{"@id":"https:\/\/www.ascef.com\/es\/encuentro-anual-empresa-familiar-almirall\/#primaryimage"},"thumbnailUrl":"https:\/\/www.ascef.com\/wp-content\/uploads\/2020\/12\/Trobada_Gallardo_Almirall_web.jpg","datePublished":"2020-12-01T08:00:30+00:00","author":{"@id":"https:\/\/www.ascef.com\/es\/#\/schema\/person\/e0bdccd3e1665871f0e79e3a50ad6b02"},"description":"Empresa familiar: El vicepresidente de Honor de Almirall y presidente de Honor de ASCEF, Antonio Gallardo, particip\u00f3 en la mesa redonda del Encuentro Anual","breadcrumb":{"@id":"https:\/\/www.ascef.com\/es\/encuentro-anual-empresa-familiar-almirall\/#breadcrumb"},"inLanguage":"es","potentialAction":[{"@type":"ReadAction","target":["https:\/\/www.ascef.com\/es\/encuentro-anual-empresa-familiar-almirall\/"]}]},{"@type":"ImageObject","inLanguage":"es","@id":"https:\/\/www.ascef.com\/es\/encuentro-anual-empresa-familiar-almirall\/#primaryimage","url":"https:\/\/www.ascef.com\/wp-content\/uploads\/2020\/12\/Trobada_Gallardo_Almirall_web.jpg","contentUrl":"https:\/\/www.ascef.com\/wp-content\/uploads\/2020\/12\/Trobada_Gallardo_Almirall_web.jpg","width":1350,"height":900,"caption":"Antonio Gallardo - Almirall - empresa familiar"},{"@type":"BreadcrumbList","@id":"https:\/\/www.ascef.com\/es\/encuentro-anual-empresa-familiar-almirall\/#breadcrumb","itemListElement":[{"@type":"ListItem","position":1,"name":"Portada","item":"https:\/\/www.ascef.com\/es\/"},{"@type":"ListItem","position":2,"name":"Antonio Gallardo: \u00abLos valores hacen que la empresa familiar sea diferente al resto, tenemos otra visi\u00f3n y enfoque\u00bb"}]},{"@type":"WebSite","@id":"https:\/\/www.ascef.com\/es\/#website","url":"https:\/\/www.ascef.com\/es\/","name":"ASCEF","description":"Associaci\u00f3 Catalana de l\u2019Empresa Familiar","potentialAction":[{"@type":"SearchAction","target":{"@type":"EntryPoint","urlTemplate":"https:\/\/www.ascef.com\/es\/?s={search_term_string}"},"query-input":{"@type":"PropertyValueSpecification","valueRequired":true,"valueName":"search_term_string"}}],"inLanguage":"es"},{"@type":"Person","@id":"https:\/\/www.ascef.com\/es\/#\/schema\/person\/e0bdccd3e1665871f0e79e3a50ad6b02","name":"Borja Igual","url":"https:\/\/www.ascef.com\/es\/author\/bigual1990mcs-com\/"}]}},"_links":{"self":[{"href":"https:\/\/www.ascef.com\/es\/wp-json\/wp\/v2\/posts\/2709","targetHints":{"allow":["GET"]}}],"collection":[{"href":"https:\/\/www.ascef.com\/es\/wp-json\/wp\/v2\/posts"}],"about":[{"href":"https:\/\/www.ascef.com\/es\/wp-json\/wp\/v2\/types\/post"}],"author":[{"embeddable":true,"href":"https:\/\/www.ascef.com\/es\/wp-json\/wp\/v2\/users\/292"}],"replies":[{"embeddable":true,"href":"https:\/\/www.ascef.com\/es\/wp-json\/wp\/v2\/comments?post=2709"}],"version-history":[{"count":2,"href":"https:\/\/www.ascef.com\/es\/wp-json\/wp\/v2\/posts\/2709\/revisions"}],"predecessor-version":[{"id":2711,"href":"https:\/\/www.ascef.com\/es\/wp-json\/wp\/v2\/posts\/2709\/revisions\/2711"}],"wp:featuredmedia":[{"embeddable":true,"href":"https:\/\/www.ascef.com\/es\/wp-json\/wp\/v2\/media\/2715"}],"wp:attachment":[{"href":"https:\/\/www.ascef.com\/es\/wp-json\/wp\/v2\/media?parent=2709"}],"wp:term":[{"taxonomy":"category","embeddable":true,"href":"https:\/\/www.ascef.com\/es\/wp-json\/wp\/v2\/categories?post=2709"},{"taxonomy":"post_tag","embeddable":true,"href":"https:\/\/www.ascef.com\/es\/wp-json\/wp\/v2\/tags?post=2709"}],"curies":[{"name":"wp","href":"https:\/\/api.w.org\/{rel}","templated":true}]}}