{"id":2702,"date":"2020-12-01T07:00:46","date_gmt":"2020-12-01T07:00:46","guid":{"rendered":"https:\/\/www.ascef.com\/?p=2702"},"modified":"2020-12-01T07:52:32","modified_gmt":"2020-12-01T07:52:32","slug":"encuentro-anual-empresa-familiar-planeta","status":"publish","type":"post","link":"https:\/\/www.ascef.com\/es\/encuentro-anual-empresa-familiar-planeta\/","title":{"rendered":"Pablo Lara: \u00abLa empresa familiar tiene una propuesta de valor que ayuda en la atracci\u00f3n del talento joven\u00bb"},"content":{"rendered":"<p><strong>Pablo Lara<\/strong>, Director General del \u00c1rea de Educaci\u00f3n y Miembro del Consejo del <a href=\"https:\/\/www.planeta.es\/es\" target=\"_blank\" rel=\"noopener noreferrer\"><u><strong>Grupo Planeta<\/strong><\/u><\/a>, fue uno de los tres empresarios que participaron a la mesa redonda que se celebr\u00f3 en el marco del <strong>Encuentro Anual de la <a href=\"https:\/\/www.ascef.com\/es\/\" target=\"_blank\" rel=\"noopener noreferrer\"><u>Asociaci\u00f3n Catalana de la Empresa Familiar (ASCEF)<\/u><\/a><\/strong>, el pasado 26 de noviembre, bajo el t\u00edtulo \u00ab<a href=\"https:\/\/www.ascef.com\/es\/encuentro-anual-ascef-2020\/\" target=\"_blank\" rel=\"noopener noreferrer\"><u><strong>La empresa familiar: gestionar con valores<\/strong><\/u><\/a>\u00ab. Lara destac\u00f3 que los valores \u00ab<em>dan personalidad a la empresa familiar<\/em>\u00ab.<\/p>\n<p>\u00ab<strong><em>Los valores es un hecho intangible para que funcione la empresa familiar, y hacen ganar la confianza, ya que es una muestra que pensamos en el largo plazo<\/em><\/strong>\u00ab, a\u00f1adi\u00f3 Pablo Lara, perteneciendo a la tercera generaci\u00f3n de la familia a la compa\u00f1\u00eda. Lara considera que en una empresa familiar se es \u00ab<em>m\u00e1s exquisito<\/em>\u00bb debido a que \u00ab<em>la reputaci\u00f3n de nuestra empresa es nuestra misma: se asocia nuestro producto con nosotros<\/em>\u00ab.<\/p>\n<p>\u00ab<em>El talento joven es el que m\u00e1s me preocupa<\/em>\u00ab, reconoci\u00f3, a pesar de a\u00f1adir que \u00ab<em><strong>la empresa familiar tiene unos valores que los j\u00f3venes no encontrar\u00e1n en otra empresa<\/strong>; construimos una propuesta de valor que hace que sea atractiva por el talento joven<\/em>\u00ab.<\/p>\n<p>De cara al futuro, Lara considera que los tres grandes retos de futuro que tiene la empresa familiar es \u00ab<em>talento, medida y gobierno<\/em>\u00ab. En este sentido, quiso subrayar la importancia de \u00ab<em>pensar qu\u00e9 hay despu\u00e9s de la crisis antes de llegar; ahora es un buen momento para anticiparse ante algunas empresas<\/em>\u00ab.<\/p>\n<p>Junto con Pablo Lara, la mesa redonda de empresarios del <strong>Encuentro Anual de la ASCEF<\/strong> estuvo formada por <strong>Antonio Gallardo<\/strong>, Vicepresidente de Honor de <a href=\"https:\/\/www.almirall.cat\/\" target=\"_blank\" rel=\"noopener noreferrer\"><u><strong>Almirall<\/strong><\/u><\/a> y presidente de honor de la ASCEF, y <strong>Ram\u00f3n Agenjo<\/strong>, Consejero y Secretario <a href=\"https:\/\/www.damm.com\/es\" target=\"_blank\" rel=\"noopener noreferrer\"><u><strong>S.A. DAMM<\/strong><\/u><\/a>.<\/p>\n","protected":false},"excerpt":{"rendered":"<p>Pablo Lara, Director General del \u00c1rea de Educaci\u00f3n y Miembro del Consejo del Grupo Planeta, fue uno de los tres empresarios que participaron a la mesa redonda que se celebr\u00f3 en el marco del Encuentro Anual de la Asociaci\u00f3n Catalana de la Empresa Familiar (ASCEF), el pasado 26 de noviembre, bajo el t\u00edtulo \u00abLa empresa [&hellip;]<\/p>\n","protected":false},"author":292,"featured_media":2718,"comment_status":"open","ping_status":"open","sticky":false,"template":"","format":"standard","meta":{"_acf_changed":false,"footnotes":""},"categories":[185],"tags":[],"class_list":["post-2702","post","type-post","status-publish","format-standard","has-post-thumbnail","hentry","category-general"],"acf":[],"yoast_head":"<!-- This site is optimized with the Yoast SEO plugin v27.5 - https:\/\/yoast.com\/product\/yoast-seo-wordpress\/ -->\n<title>&quot;La empresa familiar tiene una propuesta de valor que ayuda en la atracci\u00f3n del talento joven&quot;<\/title>\n<meta name=\"description\" content=\"Empresa familiar: Pablo Lara, Director General del \u00c1rea de Educaci\u00f3n y Miembro del Consejo del Grupo Planeta, particip\u00f3 en la mesa redonda del Encuentro Anual de la ASCEF\" \/>\n<meta name=\"robots\" content=\"index, follow, max-snippet:-1, max-image-preview:large, max-video-preview:-1\" \/>\n<link rel=\"canonical\" href=\"https:\/\/www.ascef.com\/es\/encuentro-anual-empresa-familiar-planeta\/\" \/>\n<meta property=\"og:locale\" content=\"es_ES\" \/>\n<meta property=\"og:type\" content=\"article\" \/>\n<meta property=\"og:title\" content=\"&quot;La empresa familiar tiene una propuesta de valor que ayuda en la atracci\u00f3n del talento joven&quot;\" \/>\n<meta property=\"og:description\" content=\"Empresa familiar: Pablo Lara, Director General del \u00c1rea de Educaci\u00f3n y Miembro del Consejo del Grupo Planeta, particip\u00f3 en la mesa redonda del Encuentro Anual de la ASCEF\" \/>\n<meta property=\"og:url\" content=\"https:\/\/www.ascef.com\/es\/encuentro-anual-empresa-familiar-planeta\/\" \/>\n<meta property=\"og:site_name\" content=\"ASCEF\" \/>\n<meta property=\"article:published_time\" content=\"2020-12-01T07:00:46+00:00\" \/>\n<meta property=\"article:modified_time\" content=\"2020-12-01T07:52:32+00:00\" \/>\n<meta property=\"og:image\" content=\"https:\/\/www.ascef.com\/wp-content\/uploads\/2020\/12\/Trobada_Lara_Planeta_web.jpg\" \/>\n\t<meta property=\"og:image:width\" content=\"1350\" \/>\n\t<meta property=\"og:image:height\" content=\"900\" \/>\n\t<meta property=\"og:image:type\" content=\"image\/jpeg\" \/>\n<meta name=\"author\" content=\"Borja Igual\" \/>\n<meta name=\"twitter:card\" content=\"summary_large_image\" \/>\n<meta name=\"twitter:label1\" content=\"Escrito por\" \/>\n\t<meta name=\"twitter:data1\" content=\"Borja Igual\" \/>\n\t<meta name=\"twitter:label2\" content=\"Tiempo de lectura\" \/>\n\t<meta name=\"twitter:data2\" content=\"1 minuto\" \/>\n<script type=\"application\/ld+json\" class=\"yoast-schema-graph\">{\"@context\":\"https:\\\/\\\/schema.org\",\"@graph\":[{\"@type\":\"Article\",\"@id\":\"https:\\\/\\\/www.ascef.com\\\/es\\\/encuentro-anual-empresa-familiar-planeta\\\/#article\",\"isPartOf\":{\"@id\":\"https:\\\/\\\/www.ascef.com\\\/es\\\/encuentro-anual-empresa-familiar-planeta\\\/\"},\"author\":{\"name\":\"Borja Igual\",\"@id\":\"https:\\\/\\\/www.ascef.com\\\/es\\\/#\\\/schema\\\/person\\\/e0bdccd3e1665871f0e79e3a50ad6b02\"},\"headline\":\"Pablo Lara: \u00abLa empresa familiar tiene una propuesta de valor que ayuda en la atracci\u00f3n del talento joven\u00bb\",\"datePublished\":\"2020-12-01T07:00:46+00:00\",\"dateModified\":\"2020-12-01T07:52:32+00:00\",\"mainEntityOfPage\":{\"@id\":\"https:\\\/\\\/www.ascef.com\\\/es\\\/encuentro-anual-empresa-familiar-planeta\\\/\"},\"wordCount\":307,\"commentCount\":0,\"image\":{\"@id\":\"https:\\\/\\\/www.ascef.com\\\/es\\\/encuentro-anual-empresa-familiar-planeta\\\/#primaryimage\"},\"thumbnailUrl\":\"https:\\\/\\\/www.ascef.com\\\/wp-content\\\/uploads\\\/2020\\\/12\\\/Trobada_Lara_Planeta_web.jpg\",\"articleSection\":[\"general\"],\"inLanguage\":\"es\"},{\"@type\":\"WebPage\",\"@id\":\"https:\\\/\\\/www.ascef.com\\\/es\\\/encuentro-anual-empresa-familiar-planeta\\\/\",\"url\":\"https:\\\/\\\/www.ascef.com\\\/es\\\/encuentro-anual-empresa-familiar-planeta\\\/\",\"name\":\"\\\"La empresa familiar tiene una propuesta de valor que ayuda en la atracci\u00f3n del talento joven\\\"\",\"isPartOf\":{\"@id\":\"https:\\\/\\\/www.ascef.com\\\/es\\\/#website\"},\"primaryImageOfPage\":{\"@id\":\"https:\\\/\\\/www.ascef.com\\\/es\\\/encuentro-anual-empresa-familiar-planeta\\\/#primaryimage\"},\"image\":{\"@id\":\"https:\\\/\\\/www.ascef.com\\\/es\\\/encuentro-anual-empresa-familiar-planeta\\\/#primaryimage\"},\"thumbnailUrl\":\"https:\\\/\\\/www.ascef.com\\\/wp-content\\\/uploads\\\/2020\\\/12\\\/Trobada_Lara_Planeta_web.jpg\",\"datePublished\":\"2020-12-01T07:00:46+00:00\",\"dateModified\":\"2020-12-01T07:52:32+00:00\",\"author\":{\"@id\":\"https:\\\/\\\/www.ascef.com\\\/es\\\/#\\\/schema\\\/person\\\/e0bdccd3e1665871f0e79e3a50ad6b02\"},\"description\":\"Empresa familiar: Pablo Lara, Director General del \u00c1rea de Educaci\u00f3n y Miembro del Consejo del Grupo Planeta, particip\u00f3 en la mesa redonda del Encuentro Anual de la ASCEF\",\"breadcrumb\":{\"@id\":\"https:\\\/\\\/www.ascef.com\\\/es\\\/encuentro-anual-empresa-familiar-planeta\\\/#breadcrumb\"},\"inLanguage\":\"es\",\"potentialAction\":[{\"@type\":\"ReadAction\",\"target\":[\"https:\\\/\\\/www.ascef.com\\\/es\\\/encuentro-anual-empresa-familiar-planeta\\\/\"]}]},{\"@type\":\"ImageObject\",\"inLanguage\":\"es\",\"@id\":\"https:\\\/\\\/www.ascef.com\\\/es\\\/encuentro-anual-empresa-familiar-planeta\\\/#primaryimage\",\"url\":\"https:\\\/\\\/www.ascef.com\\\/wp-content\\\/uploads\\\/2020\\\/12\\\/Trobada_Lara_Planeta_web.jpg\",\"contentUrl\":\"https:\\\/\\\/www.ascef.com\\\/wp-content\\\/uploads\\\/2020\\\/12\\\/Trobada_Lara_Planeta_web.jpg\",\"width\":1350,\"height\":900,\"caption\":\"Pablo Lara - Grupo Planeta - empresa familiar\"},{\"@type\":\"BreadcrumbList\",\"@id\":\"https:\\\/\\\/www.ascef.com\\\/es\\\/encuentro-anual-empresa-familiar-planeta\\\/#breadcrumb\",\"itemListElement\":[{\"@type\":\"ListItem\",\"position\":1,\"name\":\"Portada\",\"item\":\"https:\\\/\\\/www.ascef.com\\\/es\\\/\"},{\"@type\":\"ListItem\",\"position\":2,\"name\":\"Pablo Lara: \u00abLa empresa familiar tiene una propuesta de valor que ayuda en la atracci\u00f3n del talento joven\u00bb\"}]},{\"@type\":\"WebSite\",\"@id\":\"https:\\\/\\\/www.ascef.com\\\/es\\\/#website\",\"url\":\"https:\\\/\\\/www.ascef.com\\\/es\\\/\",\"name\":\"ASCEF\",\"description\":\"Associaci\u00f3 Catalana de l\u2019Empresa Familiar\",\"potentialAction\":[{\"@type\":\"SearchAction\",\"target\":{\"@type\":\"EntryPoint\",\"urlTemplate\":\"https:\\\/\\\/www.ascef.com\\\/es\\\/?s={search_term_string}\"},\"query-input\":{\"@type\":\"PropertyValueSpecification\",\"valueRequired\":true,\"valueName\":\"search_term_string\"}}],\"inLanguage\":\"es\"},{\"@type\":\"Person\",\"@id\":\"https:\\\/\\\/www.ascef.com\\\/es\\\/#\\\/schema\\\/person\\\/e0bdccd3e1665871f0e79e3a50ad6b02\",\"name\":\"Borja Igual\",\"url\":\"https:\\\/\\\/www.ascef.com\\\/es\\\/author\\\/bigual1990mcs-com\\\/\"}]}<\/script>\n<!-- \/ Yoast SEO plugin. -->","yoast_head_json":{"title":"\"La empresa familiar tiene una propuesta de valor que ayuda en la atracci\u00f3n del talento joven\"","description":"Empresa familiar: Pablo Lara, Director General del \u00c1rea de Educaci\u00f3n y Miembro del Consejo del Grupo Planeta, particip\u00f3 en la mesa redonda del Encuentro Anual de la ASCEF","robots":{"index":"index","follow":"follow","max-snippet":"max-snippet:-1","max-image-preview":"max-image-preview:large","max-video-preview":"max-video-preview:-1"},"canonical":"https:\/\/www.ascef.com\/es\/encuentro-anual-empresa-familiar-planeta\/","og_locale":"es_ES","og_type":"article","og_title":"\"La empresa familiar tiene una propuesta de valor que ayuda en la atracci\u00f3n del talento joven\"","og_description":"Empresa familiar: Pablo Lara, Director General del \u00c1rea de Educaci\u00f3n y Miembro del Consejo del Grupo Planeta, particip\u00f3 en la mesa redonda del Encuentro Anual de la ASCEF","og_url":"https:\/\/www.ascef.com\/es\/encuentro-anual-empresa-familiar-planeta\/","og_site_name":"ASCEF","article_published_time":"2020-12-01T07:00:46+00:00","article_modified_time":"2020-12-01T07:52:32+00:00","og_image":[{"width":1350,"height":900,"url":"https:\/\/www.ascef.com\/wp-content\/uploads\/2020\/12\/Trobada_Lara_Planeta_web.jpg","type":"image\/jpeg"}],"author":"Borja Igual","twitter_card":"summary_large_image","twitter_misc":{"Escrito por":"Borja Igual","Tiempo de lectura":"1 minuto"},"schema":{"@context":"https:\/\/schema.org","@graph":[{"@type":"Article","@id":"https:\/\/www.ascef.com\/es\/encuentro-anual-empresa-familiar-planeta\/#article","isPartOf":{"@id":"https:\/\/www.ascef.com\/es\/encuentro-anual-empresa-familiar-planeta\/"},"author":{"name":"Borja Igual","@id":"https:\/\/www.ascef.com\/es\/#\/schema\/person\/e0bdccd3e1665871f0e79e3a50ad6b02"},"headline":"Pablo Lara: \u00abLa empresa familiar tiene una propuesta de valor que ayuda en la atracci\u00f3n del talento joven\u00bb","datePublished":"2020-12-01T07:00:46+00:00","dateModified":"2020-12-01T07:52:32+00:00","mainEntityOfPage":{"@id":"https:\/\/www.ascef.com\/es\/encuentro-anual-empresa-familiar-planeta\/"},"wordCount":307,"commentCount":0,"image":{"@id":"https:\/\/www.ascef.com\/es\/encuentro-anual-empresa-familiar-planeta\/#primaryimage"},"thumbnailUrl":"https:\/\/www.ascef.com\/wp-content\/uploads\/2020\/12\/Trobada_Lara_Planeta_web.jpg","articleSection":["general"],"inLanguage":"es"},{"@type":"WebPage","@id":"https:\/\/www.ascef.com\/es\/encuentro-anual-empresa-familiar-planeta\/","url":"https:\/\/www.ascef.com\/es\/encuentro-anual-empresa-familiar-planeta\/","name":"\"La empresa familiar tiene una propuesta de valor que ayuda en la atracci\u00f3n del talento joven\"","isPartOf":{"@id":"https:\/\/www.ascef.com\/es\/#website"},"primaryImageOfPage":{"@id":"https:\/\/www.ascef.com\/es\/encuentro-anual-empresa-familiar-planeta\/#primaryimage"},"image":{"@id":"https:\/\/www.ascef.com\/es\/encuentro-anual-empresa-familiar-planeta\/#primaryimage"},"thumbnailUrl":"https:\/\/www.ascef.com\/wp-content\/uploads\/2020\/12\/Trobada_Lara_Planeta_web.jpg","datePublished":"2020-12-01T07:00:46+00:00","dateModified":"2020-12-01T07:52:32+00:00","author":{"@id":"https:\/\/www.ascef.com\/es\/#\/schema\/person\/e0bdccd3e1665871f0e79e3a50ad6b02"},"description":"Empresa familiar: Pablo Lara, Director General del \u00c1rea de Educaci\u00f3n y Miembro del Consejo del Grupo Planeta, particip\u00f3 en la mesa redonda del Encuentro Anual de la ASCEF","breadcrumb":{"@id":"https:\/\/www.ascef.com\/es\/encuentro-anual-empresa-familiar-planeta\/#breadcrumb"},"inLanguage":"es","potentialAction":[{"@type":"ReadAction","target":["https:\/\/www.ascef.com\/es\/encuentro-anual-empresa-familiar-planeta\/"]}]},{"@type":"ImageObject","inLanguage":"es","@id":"https:\/\/www.ascef.com\/es\/encuentro-anual-empresa-familiar-planeta\/#primaryimage","url":"https:\/\/www.ascef.com\/wp-content\/uploads\/2020\/12\/Trobada_Lara_Planeta_web.jpg","contentUrl":"https:\/\/www.ascef.com\/wp-content\/uploads\/2020\/12\/Trobada_Lara_Planeta_web.jpg","width":1350,"height":900,"caption":"Pablo Lara - Grupo Planeta - empresa familiar"},{"@type":"BreadcrumbList","@id":"https:\/\/www.ascef.com\/es\/encuentro-anual-empresa-familiar-planeta\/#breadcrumb","itemListElement":[{"@type":"ListItem","position":1,"name":"Portada","item":"https:\/\/www.ascef.com\/es\/"},{"@type":"ListItem","position":2,"name":"Pablo Lara: \u00abLa empresa familiar tiene una propuesta de valor que ayuda en la atracci\u00f3n del talento joven\u00bb"}]},{"@type":"WebSite","@id":"https:\/\/www.ascef.com\/es\/#website","url":"https:\/\/www.ascef.com\/es\/","name":"ASCEF","description":"Associaci\u00f3 Catalana de l\u2019Empresa Familiar","potentialAction":[{"@type":"SearchAction","target":{"@type":"EntryPoint","urlTemplate":"https:\/\/www.ascef.com\/es\/?s={search_term_string}"},"query-input":{"@type":"PropertyValueSpecification","valueRequired":true,"valueName":"search_term_string"}}],"inLanguage":"es"},{"@type":"Person","@id":"https:\/\/www.ascef.com\/es\/#\/schema\/person\/e0bdccd3e1665871f0e79e3a50ad6b02","name":"Borja Igual","url":"https:\/\/www.ascef.com\/es\/author\/bigual1990mcs-com\/"}]}},"_links":{"self":[{"href":"https:\/\/www.ascef.com\/es\/wp-json\/wp\/v2\/posts\/2702","targetHints":{"allow":["GET"]}}],"collection":[{"href":"https:\/\/www.ascef.com\/es\/wp-json\/wp\/v2\/posts"}],"about":[{"href":"https:\/\/www.ascef.com\/es\/wp-json\/wp\/v2\/types\/post"}],"author":[{"embeddable":true,"href":"https:\/\/www.ascef.com\/es\/wp-json\/wp\/v2\/users\/292"}],"replies":[{"embeddable":true,"href":"https:\/\/www.ascef.com\/es\/wp-json\/wp\/v2\/comments?post=2702"}],"version-history":[{"count":1,"href":"https:\/\/www.ascef.com\/es\/wp-json\/wp\/v2\/posts\/2702\/revisions"}],"predecessor-version":[{"id":2703,"href":"https:\/\/www.ascef.com\/es\/wp-json\/wp\/v2\/posts\/2702\/revisions\/2703"}],"wp:featuredmedia":[{"embeddable":true,"href":"https:\/\/www.ascef.com\/es\/wp-json\/wp\/v2\/media\/2718"}],"wp:attachment":[{"href":"https:\/\/www.ascef.com\/es\/wp-json\/wp\/v2\/media?parent=2702"}],"wp:term":[{"taxonomy":"category","embeddable":true,"href":"https:\/\/www.ascef.com\/es\/wp-json\/wp\/v2\/categories?post=2702"},{"taxonomy":"post_tag","embeddable":true,"href":"https:\/\/www.ascef.com\/es\/wp-json\/wp\/v2\/tags?post=2702"}],"curies":[{"name":"wp","href":"https:\/\/api.w.org\/{rel}","templated":true}]}}