{"id":2606,"date":"2020-11-23T17:15:44","date_gmt":"2020-11-23T17:15:44","guid":{"rendered":"https:\/\/www.ascef.com\/?p=2606"},"modified":"2020-11-23T17:17:58","modified_gmt":"2020-11-23T17:17:58","slug":"amadeu-jori-efe-empresas-familiares","status":"publish","type":"post","link":"https:\/\/www.ascef.com\/es\/amadeu-jori-efe-empresas-familiares\/","title":{"rendered":"El 16% de las empresas familiares catalanes est\u00e1n en riesgo de cierre por crisis"},"content":{"rendered":"<p>El 16% de las empresas familiares catalanas tienen el riego de tener que cerrar este a\u00f1o 2020 debido a las restricciones de actividad provocadas por la pandemia de la Covid-19, seg\u00fan estimaciones de la <a href=\"https:\/\/www.ascef.com\/es\/\" target=\"_blank\" rel=\"noopener noreferrer\"><u><strong>Asociaci\u00f3n Catalana de la Empresa Familiar (ASCEF)<\/strong><\/u><\/a> en declaraciones del presidente Amadeu Jori a la <a href=\"https:\/\/www.efe.com\/efe\/espana\/1\" target=\"_blank\" rel=\"noopener noreferrer\"><u><strong>agencia EFE<\/strong><\/u><\/a>.<\/p>\n<p>Desde ASCEF se reclama al Gobierno m\u00e1s coordinaci\u00f3n y que haya m\u00e1s contacto con los agentes sociales \u00ab<em>que son los que realmente saben de primera mano lo que est\u00e1 pasando<\/em>\u00ab.<\/p>\n<p>Amadeu Jori tambi\u00e9n solicit\u00f3 a las administraciones inyecci\u00f3n de dinero a las empresas en dificultades, \u00ab<em>no solo con pr\u00e9stamos sino con subvenciones directas<\/em>\u00bb como se ha realizado en otros pa\u00edses europeos. \u00ab<em>Si se restringe la actividad econ\u00f3mica para proteger la salud se deben tomar medidas para que la actividad econ\u00f3mica no colapse<\/em>\u00ab, explica el presidente de ASCEF.<\/p>\n<p>La noticia ha tenido un eco en diversos medios de comunicaci\u00f3n, tanto generalistas como <strong><em>La Vanguardia<\/em><\/strong>, <strong><em>Diari Ara<\/em><\/strong> o <strong><em>El Pa\u00eds<\/em><\/strong>, y medios econ\u00f3micos como <strong><em>Expansi\u00f3n<\/em><\/strong>, entre otros.<\/p>\n","protected":false},"excerpt":{"rendered":"<p>El 16% de las empresas familiares catalanas tienen el riego de tener que cerrar este a\u00f1o 2020 debido a las restricciones de actividad provocadas por la pandemia de la Covid-19, seg\u00fan estimaciones de la Asociaci\u00f3n Catalana de la Empresa Familiar (ASCEF) en declaraciones del presidente Amadeu Jori a la agencia EFE. Desde ASCEF se reclama [&hellip;]<\/p>\n","protected":false},"author":292,"featured_media":2603,"comment_status":"open","ping_status":"open","sticky":false,"template":"","format":"standard","meta":{"_acf_changed":false,"footnotes":""},"categories":[185],"tags":[],"class_list":["post-2606","post","type-post","status-publish","format-standard","has-post-thumbnail","hentry","category-general"],"acf":[],"yoast_head":"<!-- This site is optimized with the Yoast SEO plugin v27.5 - https:\/\/yoast.com\/product\/yoast-seo-wordpress\/ -->\n<title>El 16% de las empresas familiares catalanes est\u00e1n en riesgo de cierre por crisis - ASCEF<\/title>\n<meta name=\"description\" content=\"El 16% de las empresas familiares catalanas tienen el riego de tener que cerrar este a\u00f1o 2020 debido a las restricciones de actividad provocadas por la la Covid-19, seg\u00fan estimaciones de la ASCEF en declaraciones de Amadeu Jori a la agencia EFE\" \/>\n<meta name=\"robots\" content=\"index, follow, max-snippet:-1, max-image-preview:large, max-video-preview:-1\" \/>\n<link rel=\"canonical\" href=\"https:\/\/www.ascef.com\/es\/amadeu-jori-efe-empresas-familiares\/\" \/>\n<meta property=\"og:locale\" content=\"es_ES\" \/>\n<meta property=\"og:type\" content=\"article\" \/>\n<meta property=\"og:title\" content=\"El 16% de las empresas familiares catalanes est\u00e1n en riesgo de cierre por crisis - ASCEF\" \/>\n<meta property=\"og:description\" content=\"El 16% de las empresas familiares catalanas tienen el riego de tener que cerrar este a\u00f1o 2020 debido a las restricciones de actividad provocadas por la la Covid-19, seg\u00fan estimaciones de la ASCEF en declaraciones de Amadeu Jori a la agencia EFE\" \/>\n<meta property=\"og:url\" content=\"https:\/\/www.ascef.com\/es\/amadeu-jori-efe-empresas-familiares\/\" \/>\n<meta property=\"og:site_name\" content=\"ASCEF\" \/>\n<meta property=\"article:published_time\" content=\"2020-11-23T17:15:44+00:00\" \/>\n<meta property=\"article:modified_time\" content=\"2020-11-23T17:17:58+00:00\" \/>\n<meta property=\"og:image\" content=\"https:\/\/www.ascef.com\/wp-content\/uploads\/2020\/11\/efe.jpg\" \/>\n\t<meta property=\"og:image:width\" content=\"1500\" \/>\n\t<meta property=\"og:image:height\" content=\"1000\" \/>\n\t<meta property=\"og:image:type\" content=\"image\/jpeg\" \/>\n<meta name=\"author\" content=\"Borja Igual\" \/>\n<meta name=\"twitter:card\" content=\"summary_large_image\" \/>\n<meta name=\"twitter:label1\" content=\"Escrito por\" \/>\n\t<meta name=\"twitter:data1\" content=\"Borja Igual\" \/>\n\t<meta name=\"twitter:label2\" content=\"Tiempo de lectura\" \/>\n\t<meta name=\"twitter:data2\" content=\"1 minuto\" \/>\n<script type=\"application\/ld+json\" class=\"yoast-schema-graph\">{\"@context\":\"https:\\\/\\\/schema.org\",\"@graph\":[{\"@type\":\"Article\",\"@id\":\"https:\\\/\\\/www.ascef.com\\\/es\\\/amadeu-jori-efe-empresas-familiares\\\/#article\",\"isPartOf\":{\"@id\":\"https:\\\/\\\/www.ascef.com\\\/es\\\/amadeu-jori-efe-empresas-familiares\\\/\"},\"author\":{\"name\":\"Borja Igual\",\"@id\":\"https:\\\/\\\/www.ascef.com\\\/es\\\/#\\\/schema\\\/person\\\/e0bdccd3e1665871f0e79e3a50ad6b02\"},\"headline\":\"El 16% de las empresas familiares catalanes est\u00e1n en riesgo de cierre por crisis\",\"datePublished\":\"2020-11-23T17:15:44+00:00\",\"dateModified\":\"2020-11-23T17:17:58+00:00\",\"mainEntityOfPage\":{\"@id\":\"https:\\\/\\\/www.ascef.com\\\/es\\\/amadeu-jori-efe-empresas-familiares\\\/\"},\"wordCount\":194,\"commentCount\":0,\"image\":{\"@id\":\"https:\\\/\\\/www.ascef.com\\\/es\\\/amadeu-jori-efe-empresas-familiares\\\/#primaryimage\"},\"thumbnailUrl\":\"https:\\\/\\\/www.ascef.com\\\/wp-content\\\/uploads\\\/2020\\\/11\\\/efe.jpg\",\"articleSection\":[\"general\"],\"inLanguage\":\"es\"},{\"@type\":\"WebPage\",\"@id\":\"https:\\\/\\\/www.ascef.com\\\/es\\\/amadeu-jori-efe-empresas-familiares\\\/\",\"url\":\"https:\\\/\\\/www.ascef.com\\\/es\\\/amadeu-jori-efe-empresas-familiares\\\/\",\"name\":\"El 16% de las empresas familiares catalanes est\u00e1n en riesgo de cierre por crisis - ASCEF\",\"isPartOf\":{\"@id\":\"https:\\\/\\\/www.ascef.com\\\/es\\\/#website\"},\"primaryImageOfPage\":{\"@id\":\"https:\\\/\\\/www.ascef.com\\\/es\\\/amadeu-jori-efe-empresas-familiares\\\/#primaryimage\"},\"image\":{\"@id\":\"https:\\\/\\\/www.ascef.com\\\/es\\\/amadeu-jori-efe-empresas-familiares\\\/#primaryimage\"},\"thumbnailUrl\":\"https:\\\/\\\/www.ascef.com\\\/wp-content\\\/uploads\\\/2020\\\/11\\\/efe.jpg\",\"datePublished\":\"2020-11-23T17:15:44+00:00\",\"dateModified\":\"2020-11-23T17:17:58+00:00\",\"author\":{\"@id\":\"https:\\\/\\\/www.ascef.com\\\/es\\\/#\\\/schema\\\/person\\\/e0bdccd3e1665871f0e79e3a50ad6b02\"},\"description\":\"El 16% de las empresas familiares catalanas tienen el riego de tener que cerrar este a\u00f1o 2020 debido a las restricciones de actividad provocadas por la la Covid-19, seg\u00fan estimaciones de la ASCEF en declaraciones de Amadeu Jori a la agencia EFE\",\"breadcrumb\":{\"@id\":\"https:\\\/\\\/www.ascef.com\\\/es\\\/amadeu-jori-efe-empresas-familiares\\\/#breadcrumb\"},\"inLanguage\":\"es\",\"potentialAction\":[{\"@type\":\"ReadAction\",\"target\":[\"https:\\\/\\\/www.ascef.com\\\/es\\\/amadeu-jori-efe-empresas-familiares\\\/\"]}]},{\"@type\":\"ImageObject\",\"inLanguage\":\"es\",\"@id\":\"https:\\\/\\\/www.ascef.com\\\/es\\\/amadeu-jori-efe-empresas-familiares\\\/#primaryimage\",\"url\":\"https:\\\/\\\/www.ascef.com\\\/wp-content\\\/uploads\\\/2020\\\/11\\\/efe.jpg\",\"contentUrl\":\"https:\\\/\\\/www.ascef.com\\\/wp-content\\\/uploads\\\/2020\\\/11\\\/efe.jpg\",\"width\":1500,\"height\":1000,\"caption\":\"Ress\u00f3 en mitjans de l'entrevista al president de l'ASCEF Amadeu Jori\"},{\"@type\":\"BreadcrumbList\",\"@id\":\"https:\\\/\\\/www.ascef.com\\\/es\\\/amadeu-jori-efe-empresas-familiares\\\/#breadcrumb\",\"itemListElement\":[{\"@type\":\"ListItem\",\"position\":1,\"name\":\"Portada\",\"item\":\"https:\\\/\\\/www.ascef.com\\\/es\\\/\"},{\"@type\":\"ListItem\",\"position\":2,\"name\":\"El 16% de las empresas familiares catalanes est\u00e1n en riesgo de cierre por crisis\"}]},{\"@type\":\"WebSite\",\"@id\":\"https:\\\/\\\/www.ascef.com\\\/es\\\/#website\",\"url\":\"https:\\\/\\\/www.ascef.com\\\/es\\\/\",\"name\":\"ASCEF\",\"description\":\"Associaci\u00f3 Catalana de l\u2019Empresa Familiar\",\"potentialAction\":[{\"@type\":\"SearchAction\",\"target\":{\"@type\":\"EntryPoint\",\"urlTemplate\":\"https:\\\/\\\/www.ascef.com\\\/es\\\/?s={search_term_string}\"},\"query-input\":{\"@type\":\"PropertyValueSpecification\",\"valueRequired\":true,\"valueName\":\"search_term_string\"}}],\"inLanguage\":\"es\"},{\"@type\":\"Person\",\"@id\":\"https:\\\/\\\/www.ascef.com\\\/es\\\/#\\\/schema\\\/person\\\/e0bdccd3e1665871f0e79e3a50ad6b02\",\"name\":\"Borja Igual\",\"url\":\"https:\\\/\\\/www.ascef.com\\\/es\\\/author\\\/bigual1990mcs-com\\\/\"}]}<\/script>\n<!-- \/ Yoast SEO plugin. -->","yoast_head_json":{"title":"El 16% de las empresas familiares catalanes est\u00e1n en riesgo de cierre por crisis - ASCEF","description":"El 16% de las empresas familiares catalanas tienen el riego de tener que cerrar este a\u00f1o 2020 debido a las restricciones de actividad provocadas por la la Covid-19, seg\u00fan estimaciones de la ASCEF en declaraciones de Amadeu Jori a la agencia EFE","robots":{"index":"index","follow":"follow","max-snippet":"max-snippet:-1","max-image-preview":"max-image-preview:large","max-video-preview":"max-video-preview:-1"},"canonical":"https:\/\/www.ascef.com\/es\/amadeu-jori-efe-empresas-familiares\/","og_locale":"es_ES","og_type":"article","og_title":"El 16% de las empresas familiares catalanes est\u00e1n en riesgo de cierre por crisis - ASCEF","og_description":"El 16% de las empresas familiares catalanas tienen el riego de tener que cerrar este a\u00f1o 2020 debido a las restricciones de actividad provocadas por la la Covid-19, seg\u00fan estimaciones de la ASCEF en declaraciones de Amadeu Jori a la agencia EFE","og_url":"https:\/\/www.ascef.com\/es\/amadeu-jori-efe-empresas-familiares\/","og_site_name":"ASCEF","article_published_time":"2020-11-23T17:15:44+00:00","article_modified_time":"2020-11-23T17:17:58+00:00","og_image":[{"width":1500,"height":1000,"url":"https:\/\/www.ascef.com\/wp-content\/uploads\/2020\/11\/efe.jpg","type":"image\/jpeg"}],"author":"Borja Igual","twitter_card":"summary_large_image","twitter_misc":{"Escrito por":"Borja Igual","Tiempo de lectura":"1 minuto"},"schema":{"@context":"https:\/\/schema.org","@graph":[{"@type":"Article","@id":"https:\/\/www.ascef.com\/es\/amadeu-jori-efe-empresas-familiares\/#article","isPartOf":{"@id":"https:\/\/www.ascef.com\/es\/amadeu-jori-efe-empresas-familiares\/"},"author":{"name":"Borja Igual","@id":"https:\/\/www.ascef.com\/es\/#\/schema\/person\/e0bdccd3e1665871f0e79e3a50ad6b02"},"headline":"El 16% de las empresas familiares catalanes est\u00e1n en riesgo de cierre por crisis","datePublished":"2020-11-23T17:15:44+00:00","dateModified":"2020-11-23T17:17:58+00:00","mainEntityOfPage":{"@id":"https:\/\/www.ascef.com\/es\/amadeu-jori-efe-empresas-familiares\/"},"wordCount":194,"commentCount":0,"image":{"@id":"https:\/\/www.ascef.com\/es\/amadeu-jori-efe-empresas-familiares\/#primaryimage"},"thumbnailUrl":"https:\/\/www.ascef.com\/wp-content\/uploads\/2020\/11\/efe.jpg","articleSection":["general"],"inLanguage":"es"},{"@type":"WebPage","@id":"https:\/\/www.ascef.com\/es\/amadeu-jori-efe-empresas-familiares\/","url":"https:\/\/www.ascef.com\/es\/amadeu-jori-efe-empresas-familiares\/","name":"El 16% de las empresas familiares catalanes est\u00e1n en riesgo de cierre por crisis - ASCEF","isPartOf":{"@id":"https:\/\/www.ascef.com\/es\/#website"},"primaryImageOfPage":{"@id":"https:\/\/www.ascef.com\/es\/amadeu-jori-efe-empresas-familiares\/#primaryimage"},"image":{"@id":"https:\/\/www.ascef.com\/es\/amadeu-jori-efe-empresas-familiares\/#primaryimage"},"thumbnailUrl":"https:\/\/www.ascef.com\/wp-content\/uploads\/2020\/11\/efe.jpg","datePublished":"2020-11-23T17:15:44+00:00","dateModified":"2020-11-23T17:17:58+00:00","author":{"@id":"https:\/\/www.ascef.com\/es\/#\/schema\/person\/e0bdccd3e1665871f0e79e3a50ad6b02"},"description":"El 16% de las empresas familiares catalanas tienen el riego de tener que cerrar este a\u00f1o 2020 debido a las restricciones de actividad provocadas por la la Covid-19, seg\u00fan estimaciones de la ASCEF en declaraciones de Amadeu Jori a la agencia EFE","breadcrumb":{"@id":"https:\/\/www.ascef.com\/es\/amadeu-jori-efe-empresas-familiares\/#breadcrumb"},"inLanguage":"es","potentialAction":[{"@type":"ReadAction","target":["https:\/\/www.ascef.com\/es\/amadeu-jori-efe-empresas-familiares\/"]}]},{"@type":"ImageObject","inLanguage":"es","@id":"https:\/\/www.ascef.com\/es\/amadeu-jori-efe-empresas-familiares\/#primaryimage","url":"https:\/\/www.ascef.com\/wp-content\/uploads\/2020\/11\/efe.jpg","contentUrl":"https:\/\/www.ascef.com\/wp-content\/uploads\/2020\/11\/efe.jpg","width":1500,"height":1000,"caption":"Ress\u00f3 en mitjans de l'entrevista al president de l'ASCEF Amadeu Jori"},{"@type":"BreadcrumbList","@id":"https:\/\/www.ascef.com\/es\/amadeu-jori-efe-empresas-familiares\/#breadcrumb","itemListElement":[{"@type":"ListItem","position":1,"name":"Portada","item":"https:\/\/www.ascef.com\/es\/"},{"@type":"ListItem","position":2,"name":"El 16% de las empresas familiares catalanes est\u00e1n en riesgo de cierre por crisis"}]},{"@type":"WebSite","@id":"https:\/\/www.ascef.com\/es\/#website","url":"https:\/\/www.ascef.com\/es\/","name":"ASCEF","description":"Associaci\u00f3 Catalana de l\u2019Empresa Familiar","potentialAction":[{"@type":"SearchAction","target":{"@type":"EntryPoint","urlTemplate":"https:\/\/www.ascef.com\/es\/?s={search_term_string}"},"query-input":{"@type":"PropertyValueSpecification","valueRequired":true,"valueName":"search_term_string"}}],"inLanguage":"es"},{"@type":"Person","@id":"https:\/\/www.ascef.com\/es\/#\/schema\/person\/e0bdccd3e1665871f0e79e3a50ad6b02","name":"Borja Igual","url":"https:\/\/www.ascef.com\/es\/author\/bigual1990mcs-com\/"}]}},"_links":{"self":[{"href":"https:\/\/www.ascef.com\/es\/wp-json\/wp\/v2\/posts\/2606","targetHints":{"allow":["GET"]}}],"collection":[{"href":"https:\/\/www.ascef.com\/es\/wp-json\/wp\/v2\/posts"}],"about":[{"href":"https:\/\/www.ascef.com\/es\/wp-json\/wp\/v2\/types\/post"}],"author":[{"embeddable":true,"href":"https:\/\/www.ascef.com\/es\/wp-json\/wp\/v2\/users\/292"}],"replies":[{"embeddable":true,"href":"https:\/\/www.ascef.com\/es\/wp-json\/wp\/v2\/comments?post=2606"}],"version-history":[{"count":4,"href":"https:\/\/www.ascef.com\/es\/wp-json\/wp\/v2\/posts\/2606\/revisions"}],"predecessor-version":[{"id":2611,"href":"https:\/\/www.ascef.com\/es\/wp-json\/wp\/v2\/posts\/2606\/revisions\/2611"}],"wp:featuredmedia":[{"embeddable":true,"href":"https:\/\/www.ascef.com\/es\/wp-json\/wp\/v2\/media\/2603"}],"wp:attachment":[{"href":"https:\/\/www.ascef.com\/es\/wp-json\/wp\/v2\/media?parent=2606"}],"wp:term":[{"taxonomy":"category","embeddable":true,"href":"https:\/\/www.ascef.com\/es\/wp-json\/wp\/v2\/categories?post=2606"},{"taxonomy":"post_tag","embeddable":true,"href":"https:\/\/www.ascef.com\/es\/wp-json\/wp\/v2\/tags?post=2606"}],"curies":[{"name":"wp","href":"https:\/\/api.w.org\/{rel}","templated":true}]}}