{"id":2486,"date":"2020-10-27T17:32:05","date_gmt":"2020-10-27T17:32:05","guid":{"rendered":"https:\/\/www.ascef.com\/?p=2486"},"modified":"2020-10-27T17:32:05","modified_gmt":"2020-10-27T17:32:05","slug":"congreso-empresa-familiar-2020","status":"publish","type":"post","link":"https:\/\/www.ascef.com\/es\/congreso-empresa-familiar-2020\/","title":{"rendered":"La empresa familiar pide al Gobierno que centre su agenda en superar la crisis: \u00abLos esfuerzos no se pueden diluir en batallas est\u00e9riles\u00bb"},"content":{"rendered":"<ul>\n<li>\u00ab<em>Espa\u00f1a lidera el ranking de los pa\u00edses con m\u00e1s paro de Europa, tanto en periodos de bonanza como en tiempos de crisis; deber\u00edamos preguntarnos por qu\u00e9 y tratar de resolverlo<\/em>\u00ab, reclama el presidente del IEF<\/li>\n<li>Marc Puig recuerda que \u00abt<em>odos nuestros esfuerzos deben estar dirigidos a hacer posible que el m\u00e1ximo n\u00famero de empresas, y en particular las empresas familiares a las que representamos, y que significan un porcentaje muy elevado del empleo de este pa\u00eds, puedan superar esta dif\u00edcil situaci\u00f3n<\/em>\u00ab<\/li>\n<\/ul>\n<p>La vicepresidenta tercera del Gobierno y ministra de Asuntos Econ\u00f3micos y Transformaci\u00f3n Digital, Nadia Calvi\u00f1o, ha clausurado hoy el <u><a href=\"http:\/\/www.iefamiliar.com\/congreso\/#inicio\" target=\"_blank\" rel=\"noopener noreferrer\"><strong>XXIII Congreso Nacional de la Empresa Familiar<\/strong><\/a><\/u>, organizado por el <u><a href=\"http:\/\/www.iefamiliar.com\" target=\"_blank\" rel=\"noopener noreferrer\"><strong>Instituto de la Empresa Familiar (IEF)<\/strong><\/a><\/u>, y en el que <u><a href=\"https:\/\/www.ascef.com\/es\/marc-puig-las-empresas-familiares-somos-imprescindibles-para-llevar-adelante-el-proceso-de-relanzamiento-recuperacion-y-transformacion\/\" target=\"_blank\" rel=\"noopener noreferrer\">desde el lunes han participado<\/a><\/u>, de forma telem\u00e1tica, casi 1.000 empresarios familiares de toda Espa\u00f1a.<\/p>\n<p>En su intervenci\u00f3n ante la vicepresidenta Calvi\u00f1o, el presidente del IEF, Marc Puig, ha recordado que \u00ab<em>en estos momentos, el enemigo contra el que hemos de luchar es el coronavirus y la crisis que conlleva. Cuando una sociedad se enfrenta a un reto de esta magnitud hay que exigir a sus gobernantes que remen en la misma direcci\u00f3n y que a\u00fanen sus fuerzas para combatir a ese enemigo. Los esfuerzos no se pueden diluir en batallas est\u00e9riles<\/em>\u00ab.<\/p>\n<p>Adem\u00e1s del drama humano por la p\u00e9rdida de vidas, una de las consecuencias m\u00e1s graves de esta pandemia ser\u00e1, seg\u00fan Puig, \u00ab<em>la crisis econ\u00f3mica que ya est\u00e1 provocando, crisis que no tiene precedentes. Aunque algunos sectores est\u00e9n a salvo, muchos otros quedar\u00e1n en situaci\u00f3n cr\u00edtica. Quiz\u00e1s no puedan salvarse todas las empresas que exist\u00edan antes de la crisis, pero <strong>muchas de ellas podr\u00edan sobrevivir y muchas otras podr\u00edan mitigar el impacto con una bater\u00eda de medidas adecuadas<\/strong>. Y contamos, adem\u00e1s, con el apoyo, sin precedentes, de los fondos europeos<\/em>\u201d.<\/p>\n<p><strong>Preocupaci\u00f3n por el empleo<\/strong><br \/>\nPara el presidente del Instituto, \u00ab<em>todos nuestros esfuerzos deben estar dirigidos a hacer posible que el m\u00e1ximo n\u00famero de empresas, y en particular las empresas familiares a las que representamos, y que significan un porcentaje muy elevado del empleo de este pa\u00eds, <strong>puedan superar esta dif\u00edcil situaci\u00f3n<\/strong><\/em>\u201d.<\/p>\n<p>Marc Puig se ha preguntado si se deber\u00edan \u00ab<em><strong>crear las condiciones que colocasen a Espa\u00f1a como el pa\u00eds donde m\u00e1s se facilitase el desarrollo de las empresas y m\u00e1s se protegiese al tejido industrial<\/strong><\/em>\u00ab, teniendo en cuenta que \u00ab<em>somos el pa\u00eds que m\u00e1s va a sufrir la crisis y m\u00e1s paro tiene y m\u00e1s paro va a generar<\/em>\u00ab.<\/p>\n<p>De esta manera, \u00ab<em><strong>la agenda del Gobierno deber\u00eda focalizarse en este esfuerzo y dejar otras prioridades para otros momentos<\/strong>. Aparquemos algunas iniciativas legislativas que s\u00f3lo ponen m\u00e1s trabas a la empresa y prioricemos la protecci\u00f3n del tejido empresarial, por lo menos mientras nuestros niveles de desempleo superen ciertos umbrales prestablecidos. De lo contrario seguiremos liderando los rankings de pa\u00eds m\u00e1s afectado y con m\u00e1s paro en Europa, irreversiblemente. Y el paro, entre otras cosas, recordemos, es el principal generador de desigualdad<\/em>\u00ab, ha remarcado el presidente del IEF.<\/p>\n<p><strong>Oportunidad para la modernizaci\u00f3n y el desarrollo<\/strong><br \/>\nPese a lo dram\u00e1tico de la situaci\u00f3n, Puig ha recordado que \u00ab<em><strong>tenemos frente a nosotros una oportunidad de modernizaci\u00f3n, de propiciar el siguiente salto a nuevas cotas de desarrollo tecnol\u00f3gico, ecol\u00f3gico y de productividad<\/strong>. Esa apuesta es, a la vez, una de las claves de la salida a la crisis de la pandemia. La distribuci\u00f3n del Fondo de Recuperaci\u00f3n y Resiliencia de la Uni\u00f3n Europea no va a resolver todos nuestros problemas, pero es un punto de apoyo que no debemos desaprovechar. Los empresarios familiares tenemos mucho que aportar, much\u00edsimo, para garantizar un uso eficaz de esas ayudas que permita que las empresas espa\u00f1olas ganen competitividad y creen nuevos y mejores empleos y podamos salir de esta crisis<\/em>\u00ab.<\/p>\n<p>En este sentido, el presidente del Instituto ha puesto de manifiesto, una vez m\u00e1s, \u00ab<em>el pleno compromiso y la total disponibilidad del IEF para colaborar con el Gobierno en la identificaci\u00f3n de proyectos que encajen en las l\u00edneas definidas en el Plan Espa\u00f1a Puede, garantizando que nuestra colaboraci\u00f3n, institucional y desinteresada, se traducir\u00e1 en realidades tangibles, en empresas m\u00e1s eficientes y competitivas, en empleos de mayor valor a\u00f1adido, en m\u00e1s bienestar para los espa\u00f1oles<\/em>\u00ab.<\/p>\n<p>Puig tambi\u00e9n ha querido dejar claro que pese a todo lo que est\u00e1 ocurriendo, en el transcurso del Congreso que hoy termina \u00ab<em><strong>no hemos o\u00eddo aqu\u00ed la voz del des\u00e1nimo o la tentaci\u00f3n del desistimiento<\/strong>. Lo que hemos palpado aqu\u00ed, lo que tengo la ocasi\u00f3n de comprobar a diario en mis conversaciones con muchos de vosotros, es vuestro innegociable compromiso con el futuro, la irrenunciable voluntad de seguir adelante que mostr\u00e1is todos. Y como hemos demostrado a lo largo de la vida de nuestras empresas las crisis son oportunidades para que con nuestro liderazgo podamos reinventarnos y afrontar el futuro con renovadas energ\u00edas<\/em>\u00ab.<\/p>\n<p><strong>La empresa familiar, a la altura del reto<\/strong><br \/>\n\u00ab<em>Tenemos mucho de lo que sentirnos orgullosos y satisfechos, pero a\u00fan tenemos m\u00e1s que lograr y conseguir. Porque esa ambici\u00f3n de hacer las cosas mejor cada d\u00eda es la fuerza que nos hace ser empresarios. Por eso, por nuestro compromiso permanente con nuestras empresas y con la sociedad es por lo que las empresas familiares somos empresas con futuro. Dentro de unos a\u00f1os, cuando este virus s\u00f3lo sea un mal sue\u00f1o, me gustar\u00eda pensar que la empresa familiar ha estado de nuevo a la altura del reto, ha superado el trance y ha sabido aprovecharlo y reinventarse. <strong>Por eso vamos a ser La Fuerza de la Recuperaci\u00f3n<\/strong><\/em>\u00ab, ha concluido Puig.<\/p>\n","protected":false},"excerpt":{"rendered":"<p>\u00abEspa\u00f1a lidera el ranking de los pa\u00edses con m\u00e1s paro de Europa, tanto en periodos de bonanza como en tiempos de crisis; deber\u00edamos preguntarnos por qu\u00e9 y tratar de resolverlo\u00ab, reclama el presidente del IEF Marc Puig recuerda que \u00abtodos nuestros esfuerzos deben estar dirigidos a hacer posible que el m\u00e1ximo n\u00famero de empresas, y [&hellip;]<\/p>\n","protected":false},"author":292,"featured_media":2513,"comment_status":"open","ping_status":"open","sticky":false,"template":"","format":"standard","meta":{"_acf_changed":false,"footnotes":""},"categories":[185],"tags":[],"class_list":["post-2486","post","type-post","status-publish","format-standard","has-post-thumbnail","hentry","category-general"],"acf":[],"yoast_head":"<!-- This site is optimized with the Yoast SEO plugin v27.5 - https:\/\/yoast.com\/product\/yoast-seo-wordpress\/ -->\n<title>Congreso de la Empresa Familiar: Se pide al Gobierno que centre su agenda en superar la crisis<\/title>\n<meta name=\"description\" content=\"Se ha clausurado el XXIII Congreso de la Empresa Familiar. El presidente del IEF Marc Puig ha pedido centrar los esfuerzos en superar la crisis.\" \/>\n<meta name=\"robots\" content=\"index, follow, max-snippet:-1, max-image-preview:large, max-video-preview:-1\" \/>\n<link rel=\"canonical\" href=\"https:\/\/www.ascef.com\/es\/congreso-empresa-familiar-2020\/\" \/>\n<meta property=\"og:locale\" content=\"es_ES\" \/>\n<meta property=\"og:type\" content=\"article\" \/>\n<meta property=\"og:title\" content=\"Congreso de la Empresa Familiar: Se pide al Gobierno que centre su agenda en superar la crisis\" \/>\n<meta property=\"og:description\" content=\"Se ha clausurado el XXIII Congreso de la Empresa Familiar. El presidente del IEF Marc Puig ha pedido centrar los esfuerzos en superar la crisis.\" \/>\n<meta property=\"og:url\" content=\"https:\/\/www.ascef.com\/es\/congreso-empresa-familiar-2020\/\" \/>\n<meta property=\"og:site_name\" content=\"ASCEF\" \/>\n<meta property=\"article:published_time\" content=\"2020-10-27T17:32:05+00:00\" \/>\n<meta property=\"og:image\" content=\"https:\/\/www.ascef.com\/wp-content\/uploads\/2020\/10\/20201027_ascef_congres.jpg\" \/>\n\t<meta property=\"og:image:width\" content=\"2560\" \/>\n\t<meta property=\"og:image:height\" content=\"1707\" \/>\n\t<meta property=\"og:image:type\" content=\"image\/jpeg\" \/>\n<meta name=\"author\" content=\"Borja Igual\" \/>\n<meta name=\"twitter:card\" content=\"summary_large_image\" \/>\n<meta name=\"twitter:label1\" content=\"Escrito por\" \/>\n\t<meta name=\"twitter:data1\" content=\"Borja Igual\" \/>\n\t<meta name=\"twitter:label2\" content=\"Tiempo de lectura\" \/>\n\t<meta name=\"twitter:data2\" content=\"5 minutos\" \/>\n<script type=\"application\/ld+json\" class=\"yoast-schema-graph\">{\"@context\":\"https:\\\/\\\/schema.org\",\"@graph\":[{\"@type\":\"Article\",\"@id\":\"https:\\\/\\\/www.ascef.com\\\/es\\\/congreso-empresa-familiar-2020\\\/#article\",\"isPartOf\":{\"@id\":\"https:\\\/\\\/www.ascef.com\\\/es\\\/congreso-empresa-familiar-2020\\\/\"},\"author\":{\"name\":\"Borja Igual\",\"@id\":\"https:\\\/\\\/www.ascef.com\\\/es\\\/#\\\/schema\\\/person\\\/e0bdccd3e1665871f0e79e3a50ad6b02\"},\"headline\":\"La empresa familiar pide al Gobierno que centre su agenda en superar la crisis: \u00abLos esfuerzos no se pueden diluir en batallas est\u00e9riles\u00bb\",\"datePublished\":\"2020-10-27T17:32:05+00:00\",\"mainEntityOfPage\":{\"@id\":\"https:\\\/\\\/www.ascef.com\\\/es\\\/congreso-empresa-familiar-2020\\\/\"},\"wordCount\":1032,\"commentCount\":0,\"image\":{\"@id\":\"https:\\\/\\\/www.ascef.com\\\/es\\\/congreso-empresa-familiar-2020\\\/#primaryimage\"},\"thumbnailUrl\":\"https:\\\/\\\/www.ascef.com\\\/wp-content\\\/uploads\\\/2020\\\/10\\\/20201027_ascef_congres.jpg\",\"articleSection\":[\"general\"],\"inLanguage\":\"es\"},{\"@type\":\"WebPage\",\"@id\":\"https:\\\/\\\/www.ascef.com\\\/es\\\/congreso-empresa-familiar-2020\\\/\",\"url\":\"https:\\\/\\\/www.ascef.com\\\/es\\\/congreso-empresa-familiar-2020\\\/\",\"name\":\"Congreso de la Empresa Familiar: Se pide al Gobierno que centre su agenda en superar la crisis\",\"isPartOf\":{\"@id\":\"https:\\\/\\\/www.ascef.com\\\/es\\\/#website\"},\"primaryImageOfPage\":{\"@id\":\"https:\\\/\\\/www.ascef.com\\\/es\\\/congreso-empresa-familiar-2020\\\/#primaryimage\"},\"image\":{\"@id\":\"https:\\\/\\\/www.ascef.com\\\/es\\\/congreso-empresa-familiar-2020\\\/#primaryimage\"},\"thumbnailUrl\":\"https:\\\/\\\/www.ascef.com\\\/wp-content\\\/uploads\\\/2020\\\/10\\\/20201027_ascef_congres.jpg\",\"datePublished\":\"2020-10-27T17:32:05+00:00\",\"author\":{\"@id\":\"https:\\\/\\\/www.ascef.com\\\/es\\\/#\\\/schema\\\/person\\\/e0bdccd3e1665871f0e79e3a50ad6b02\"},\"description\":\"Se ha clausurado el XXIII Congreso de la Empresa Familiar. El presidente del IEF Marc Puig ha pedido centrar los esfuerzos en superar la crisis.\",\"breadcrumb\":{\"@id\":\"https:\\\/\\\/www.ascef.com\\\/es\\\/congreso-empresa-familiar-2020\\\/#breadcrumb\"},\"inLanguage\":\"es\",\"potentialAction\":[{\"@type\":\"ReadAction\",\"target\":[\"https:\\\/\\\/www.ascef.com\\\/es\\\/congreso-empresa-familiar-2020\\\/\"]}]},{\"@type\":\"ImageObject\",\"inLanguage\":\"es\",\"@id\":\"https:\\\/\\\/www.ascef.com\\\/es\\\/congreso-empresa-familiar-2020\\\/#primaryimage\",\"url\":\"https:\\\/\\\/www.ascef.com\\\/wp-content\\\/uploads\\\/2020\\\/10\\\/20201027_ascef_congres.jpg\",\"contentUrl\":\"https:\\\/\\\/www.ascef.com\\\/wp-content\\\/uploads\\\/2020\\\/10\\\/20201027_ascef_congres.jpg\",\"width\":2560,\"height\":1707,\"caption\":\"XXIII\u00e8 Congres Nacional Empresa Familiar\"},{\"@type\":\"BreadcrumbList\",\"@id\":\"https:\\\/\\\/www.ascef.com\\\/es\\\/congreso-empresa-familiar-2020\\\/#breadcrumb\",\"itemListElement\":[{\"@type\":\"ListItem\",\"position\":1,\"name\":\"Portada\",\"item\":\"https:\\\/\\\/www.ascef.com\\\/es\\\/\"},{\"@type\":\"ListItem\",\"position\":2,\"name\":\"La empresa familiar pide al Gobierno que centre su agenda en superar la crisis: \u00abLos esfuerzos no se pueden diluir en batallas est\u00e9riles\u00bb\"}]},{\"@type\":\"WebSite\",\"@id\":\"https:\\\/\\\/www.ascef.com\\\/es\\\/#website\",\"url\":\"https:\\\/\\\/www.ascef.com\\\/es\\\/\",\"name\":\"ASCEF\",\"description\":\"Associaci\u00f3 Catalana de l\u2019Empresa Familiar\",\"potentialAction\":[{\"@type\":\"SearchAction\",\"target\":{\"@type\":\"EntryPoint\",\"urlTemplate\":\"https:\\\/\\\/www.ascef.com\\\/es\\\/?s={search_term_string}\"},\"query-input\":{\"@type\":\"PropertyValueSpecification\",\"valueRequired\":true,\"valueName\":\"search_term_string\"}}],\"inLanguage\":\"es\"},{\"@type\":\"Person\",\"@id\":\"https:\\\/\\\/www.ascef.com\\\/es\\\/#\\\/schema\\\/person\\\/e0bdccd3e1665871f0e79e3a50ad6b02\",\"name\":\"Borja Igual\",\"url\":\"https:\\\/\\\/www.ascef.com\\\/es\\\/author\\\/bigual1990mcs-com\\\/\"}]}<\/script>\n<!-- \/ Yoast SEO plugin. -->","yoast_head_json":{"title":"Congreso de la Empresa Familiar: Se pide al Gobierno que centre su agenda en superar la crisis","description":"Se ha clausurado el XXIII Congreso de la Empresa Familiar. El presidente del IEF Marc Puig ha pedido centrar los esfuerzos en superar la crisis.","robots":{"index":"index","follow":"follow","max-snippet":"max-snippet:-1","max-image-preview":"max-image-preview:large","max-video-preview":"max-video-preview:-1"},"canonical":"https:\/\/www.ascef.com\/es\/congreso-empresa-familiar-2020\/","og_locale":"es_ES","og_type":"article","og_title":"Congreso de la Empresa Familiar: Se pide al Gobierno que centre su agenda en superar la crisis","og_description":"Se ha clausurado el XXIII Congreso de la Empresa Familiar. El presidente del IEF Marc Puig ha pedido centrar los esfuerzos en superar la crisis.","og_url":"https:\/\/www.ascef.com\/es\/congreso-empresa-familiar-2020\/","og_site_name":"ASCEF","article_published_time":"2020-10-27T17:32:05+00:00","og_image":[{"width":2560,"height":1707,"url":"https:\/\/www.ascef.com\/wp-content\/uploads\/2020\/10\/20201027_ascef_congres.jpg","type":"image\/jpeg"}],"author":"Borja Igual","twitter_card":"summary_large_image","twitter_misc":{"Escrito por":"Borja Igual","Tiempo de lectura":"5 minutos"},"schema":{"@context":"https:\/\/schema.org","@graph":[{"@type":"Article","@id":"https:\/\/www.ascef.com\/es\/congreso-empresa-familiar-2020\/#article","isPartOf":{"@id":"https:\/\/www.ascef.com\/es\/congreso-empresa-familiar-2020\/"},"author":{"name":"Borja Igual","@id":"https:\/\/www.ascef.com\/es\/#\/schema\/person\/e0bdccd3e1665871f0e79e3a50ad6b02"},"headline":"La empresa familiar pide al Gobierno que centre su agenda en superar la crisis: \u00abLos esfuerzos no se pueden diluir en batallas est\u00e9riles\u00bb","datePublished":"2020-10-27T17:32:05+00:00","mainEntityOfPage":{"@id":"https:\/\/www.ascef.com\/es\/congreso-empresa-familiar-2020\/"},"wordCount":1032,"commentCount":0,"image":{"@id":"https:\/\/www.ascef.com\/es\/congreso-empresa-familiar-2020\/#primaryimage"},"thumbnailUrl":"https:\/\/www.ascef.com\/wp-content\/uploads\/2020\/10\/20201027_ascef_congres.jpg","articleSection":["general"],"inLanguage":"es"},{"@type":"WebPage","@id":"https:\/\/www.ascef.com\/es\/congreso-empresa-familiar-2020\/","url":"https:\/\/www.ascef.com\/es\/congreso-empresa-familiar-2020\/","name":"Congreso de la Empresa Familiar: Se pide al Gobierno que centre su agenda en superar la crisis","isPartOf":{"@id":"https:\/\/www.ascef.com\/es\/#website"},"primaryImageOfPage":{"@id":"https:\/\/www.ascef.com\/es\/congreso-empresa-familiar-2020\/#primaryimage"},"image":{"@id":"https:\/\/www.ascef.com\/es\/congreso-empresa-familiar-2020\/#primaryimage"},"thumbnailUrl":"https:\/\/www.ascef.com\/wp-content\/uploads\/2020\/10\/20201027_ascef_congres.jpg","datePublished":"2020-10-27T17:32:05+00:00","author":{"@id":"https:\/\/www.ascef.com\/es\/#\/schema\/person\/e0bdccd3e1665871f0e79e3a50ad6b02"},"description":"Se ha clausurado el XXIII Congreso de la Empresa Familiar. El presidente del IEF Marc Puig ha pedido centrar los esfuerzos en superar la crisis.","breadcrumb":{"@id":"https:\/\/www.ascef.com\/es\/congreso-empresa-familiar-2020\/#breadcrumb"},"inLanguage":"es","potentialAction":[{"@type":"ReadAction","target":["https:\/\/www.ascef.com\/es\/congreso-empresa-familiar-2020\/"]}]},{"@type":"ImageObject","inLanguage":"es","@id":"https:\/\/www.ascef.com\/es\/congreso-empresa-familiar-2020\/#primaryimage","url":"https:\/\/www.ascef.com\/wp-content\/uploads\/2020\/10\/20201027_ascef_congres.jpg","contentUrl":"https:\/\/www.ascef.com\/wp-content\/uploads\/2020\/10\/20201027_ascef_congres.jpg","width":2560,"height":1707,"caption":"XXIII\u00e8 Congres Nacional Empresa Familiar"},{"@type":"BreadcrumbList","@id":"https:\/\/www.ascef.com\/es\/congreso-empresa-familiar-2020\/#breadcrumb","itemListElement":[{"@type":"ListItem","position":1,"name":"Portada","item":"https:\/\/www.ascef.com\/es\/"},{"@type":"ListItem","position":2,"name":"La empresa familiar pide al Gobierno que centre su agenda en superar la crisis: \u00abLos esfuerzos no se pueden diluir en batallas est\u00e9riles\u00bb"}]},{"@type":"WebSite","@id":"https:\/\/www.ascef.com\/es\/#website","url":"https:\/\/www.ascef.com\/es\/","name":"ASCEF","description":"Associaci\u00f3 Catalana de l\u2019Empresa Familiar","potentialAction":[{"@type":"SearchAction","target":{"@type":"EntryPoint","urlTemplate":"https:\/\/www.ascef.com\/es\/?s={search_term_string}"},"query-input":{"@type":"PropertyValueSpecification","valueRequired":true,"valueName":"search_term_string"}}],"inLanguage":"es"},{"@type":"Person","@id":"https:\/\/www.ascef.com\/es\/#\/schema\/person\/e0bdccd3e1665871f0e79e3a50ad6b02","name":"Borja Igual","url":"https:\/\/www.ascef.com\/es\/author\/bigual1990mcs-com\/"}]}},"_links":{"self":[{"href":"https:\/\/www.ascef.com\/es\/wp-json\/wp\/v2\/posts\/2486","targetHints":{"allow":["GET"]}}],"collection":[{"href":"https:\/\/www.ascef.com\/es\/wp-json\/wp\/v2\/posts"}],"about":[{"href":"https:\/\/www.ascef.com\/es\/wp-json\/wp\/v2\/types\/post"}],"author":[{"embeddable":true,"href":"https:\/\/www.ascef.com\/es\/wp-json\/wp\/v2\/users\/292"}],"replies":[{"embeddable":true,"href":"https:\/\/www.ascef.com\/es\/wp-json\/wp\/v2\/comments?post=2486"}],"version-history":[{"count":5,"href":"https:\/\/www.ascef.com\/es\/wp-json\/wp\/v2\/posts\/2486\/revisions"}],"predecessor-version":[{"id":2500,"href":"https:\/\/www.ascef.com\/es\/wp-json\/wp\/v2\/posts\/2486\/revisions\/2500"}],"wp:featuredmedia":[{"embeddable":true,"href":"https:\/\/www.ascef.com\/es\/wp-json\/wp\/v2\/media\/2513"}],"wp:attachment":[{"href":"https:\/\/www.ascef.com\/es\/wp-json\/wp\/v2\/media?parent=2486"}],"wp:term":[{"taxonomy":"category","embeddable":true,"href":"https:\/\/www.ascef.com\/es\/wp-json\/wp\/v2\/categories?post=2486"},{"taxonomy":"post_tag","embeddable":true,"href":"https:\/\/www.ascef.com\/es\/wp-json\/wp\/v2\/tags?post=2486"}],"curies":[{"name":"wp","href":"https:\/\/api.w.org\/{rel}","templated":true}]}}