{"id":2480,"date":"2020-10-26T17:20:13","date_gmt":"2020-10-26T17:20:13","guid":{"rendered":"https:\/\/www.ascef.com\/?p=2480"},"modified":"2020-10-27T15:20:48","modified_gmt":"2020-10-27T15:20:48","slug":"marc-puig-las-empresas-familiares-somos-imprescindibles-para-llevar-adelante-el-proceso-de-relanzamiento-recuperacion-y-transformacion","status":"publish","type":"post","link":"https:\/\/www.ascef.com\/es\/marc-puig-las-empresas-familiares-somos-imprescindibles-para-llevar-adelante-el-proceso-de-relanzamiento-recuperacion-y-transformacion\/","title":{"rendered":"Marc Puig: \u00abLas empresas familiares somos imprescindibles para llevar adelante el proceso de relanzamiento, recuperaci\u00f3n y transformaci\u00f3n\u00bb"},"content":{"rendered":"<ul>\n<li>Bajo el lema &#8216;<strong>La fuerza de la recuperaci\u00f3n<\/strong>&#8216;, casi 1.000 empresarios de toda Espa\u00f1a participan en la gran reuni\u00f3n anual de las empresas familiares que, por primera vez y debido a la pandemia, se celebra de forma telem\u00e1tica<\/li>\n<li>Ante la actual situaci\u00f3n, el presidente del IEF recuerda que muchas empresas familiares centenarias han tenido que superar a lo largo de su historia numerosas dificultades. \u00ab<em>Nosotros tambi\u00e9n lo conseguiremos\u00bb<\/em><\/li>\n<\/ul>\n<p>\u00ab<em><strong>Las empresas familiares somos imprescindibles para llevar adelante el proceso de relanzamiento, recuperaci\u00f3n y transformaci\u00f3n que tiene que abordar nuestro pa\u00eds<\/strong>. Por nuestros valores y especialmente por nuestra capacidad de liderazgo<\/em>\u00ab. As\u00ed lo ha asegurado hoy Marc Puig, presidente ejecutivo de <u><a href=\"https:\/\/www.puig.com\/es\" target=\"_blank\" rel=\"noopener noreferrer\"><strong>Puig<\/strong><\/a><\/u> y presidente asimismo del <u><a href=\"http:\/\/www.iefamiliar.com\/\" target=\"_blank\" rel=\"noopener noreferrer\"><strong>Instituto de la Empresa Familiar<\/strong><\/a><\/u>, en la apertura del <u><a href=\"http:\/\/www.iefamiliar.com\/congreso\" target=\"_blank\" rel=\"noopener noreferrer\"><strong>XXIII Congreso Nacional de la Empresa Familiar<\/strong><\/a><\/u>, que debido a la pandemia se est\u00e1 celebrando por primera vezde forma telem\u00e1tica, lo que no ha impedido que la participaci\u00f3n sea hist\u00f3rica, con casi 1.000 empresarios familiares, socios del IEF y de las Asociaciones Territoriales de Empresa Familiar, presentes a trav\u00e9s de la plataforma digital creada a tal efecto.<\/p>\n<p>El Congreso ha sido inaugurado hoy por Su Majestad el Rey Felipe VI, quien en su intervenci\u00f3n ha se\u00f1alado que la crisis generada por el Covid19 \u00ab<em>es un aut\u00e9ntico reto para Espa\u00f1a. Y es en estos momentos dif\u00edciles cuando las familias, las empresas, las instituciones, tenemos que demostrar nuestra capacidad de resistencia, y nuestra voluntad para unir fuerzas y encontrar soluciones que sirvan a corto, medio y largo plazo<\/em>\u00ab.<\/p>\n<p>Por su parte, el presidente del IEF ha agradecido su presencia al Monarca y ha recordado las palabras pronunciadas por Don Felipe en una reciente intervenci\u00f3n, en las que se\u00f1alaba que \u00ab<strong><em>para salir de la crisis provocada por la pandemia estamos obligados a marcar un nuevo rumbo econ\u00f3mico, propiciar un nuevo modelo de desarrollo que tenga como eje la inclusi\u00f3n<\/em><\/strong>\u00ab.<\/p>\n<p>\u00ab<em>\u00c9ste es ya un movimiento global. Lo vimos en su momento con la declaraci\u00f3n del Business Roundtable de Estados Unidos, que propon\u00eda distanciarse de la doctrina de Milton Freadman, resumida en el titular de su famoso art\u00edculo publicado en 1970 que declaraba, como objetivo \u00fanico de la actividad empresarial, la maximizaci\u00f3n del retorno del capital. Pues bien, no todo se reduce \u00fanicamente al beneficio<\/em>\u00ab, ha se\u00f1alado el presidente del IEF.<\/p>\n<p>Por el contrario, seg\u00fan ha asegurado Puig, \u00ab<em>nuestra posici\u00f3n es que la empresa debe crear simult\u00e1neamente prosperidad econ\u00f3mica y valor social\u00bb<\/em>. Esa es, precisamente, \u00ab<em><strong>la caracter\u00edstica propia de la empresa familiar<\/strong>. Su horizonte temporal se cuenta en generaciones, no en trimestres o d\u00edas. Y eso hace que tengamos una forma distinta de gestionar a las personas; con voluntad de que permanezcan largo tiempo en la empresa, impulsando la formaci\u00f3n y la promoci\u00f3n interna; incluso en periodos de crisis, las empresas familiares son m\u00e1s resilientes a la destrucci\u00f3n de empleo; con un sistema de valores propio de la familia, con una forma distinta de establecer relaciones a largo plazo con proveedores y clientes; y tambi\u00e9n una forma de relacionarse con la comunidad en la que operan, con ese af\u00e1n de la familia de proteger la reputaci\u00f3n y el legado, que nos hace estar m\u00e1s arraigados al territorio y a las comunidades en las que operamos. Ypuesto que pensamos en las siguientes generaciones y en el mundo que les vamos a dejar, abrazamos las iniciativas de protecci\u00f3n del medio ambiente y de sostenibilidad<\/em>\u00ab.<\/p>\n<p><strong>Valores y capacidad de liderazgo<\/strong><\/p>\n<p>El presidente del IEF ha explicado que el lema del Congreso de este a\u00f1o, <em><strong>LA FUERZA DE LA RECUPERACI\u00d3N<\/strong><\/em>, se eligi\u00f3 porque \u00ab<em>esa es la idea que queremos transmitir a la sociedad y a las instituciones: que las empresas familiares somos imprescindibles para llevar adelante el proceso de relanzamiento, recuperaci\u00f3n y transformaci\u00f3n que tiene que abordar nuestro pa\u00eds. Por nuestros valores y, especialmente, por nuestra capacidad de liderazgo, acreditada en algunas de las empresas aqu\u00ed representadas, algunas de ellas con m\u00e1s de un siglo de historia<\/em>\u00ab.<\/p>\n<p>Adem\u00e1s de la representaci\u00f3n institucional y pol\u00edtica, el programa del congreso cuenta tambi\u00e9n con la presencia de representantes de la empresa, la ciencia y asociados del IEF para ofrecer una visi\u00f3n afinada del panorama al que nos enfrentamos y un mensaje n\u00edtido de la gran aportaci\u00f3n que las Empresas Familiares est\u00e1n ya haciendo a la resoluci\u00f3n de la crisis en la que nos encontramos.<\/p>\n","protected":false},"excerpt":{"rendered":"<p>Bajo el lema &#8216;La fuerza de la recuperaci\u00f3n&#8216;, casi 1.000 empresarios de toda Espa\u00f1a participan en la gran reuni\u00f3n anual de las empresas familiares que, por primera vez y debido a la pandemia, se celebra de forma telem\u00e1tica Ante la actual situaci\u00f3n, el presidente del IEF recuerda que muchas empresas familiares centenarias han tenido que [&hellip;]<\/p>\n","protected":false},"author":292,"featured_media":2470,"comment_status":"open","ping_status":"open","sticky":false,"template":"","format":"standard","meta":{"_acf_changed":false,"footnotes":""},"categories":[185],"tags":[],"class_list":["post-2480","post","type-post","status-publish","format-standard","has-post-thumbnail","hentry","category-general"],"acf":[],"yoast_head":"<!-- This site is optimized with the Yoast SEO plugin v27.5 - https:\/\/yoast.com\/product\/yoast-seo-wordpress\/ -->\n<title>Marc Puig: &quot;Las empresas familiares somos imprescindibles para llevar adelante el proceso de relanzamiento, recuperaci\u00f3n y transformaci\u00f3n&quot; - ASCEF<\/title>\n<meta name=\"description\" content=\"Bajo el lema &#039;La fuerza de la recuperaci\u00f3n&#039;, se celebra el XXIII Congreso Nacional de la Empresa Familiar, que se organiza este a\u00f1o de manera telem\u00e0tica\" \/>\n<meta name=\"robots\" content=\"index, follow, max-snippet:-1, max-image-preview:large, max-video-preview:-1\" \/>\n<link rel=\"canonical\" href=\"https:\/\/www.ascef.com\/es\/marc-puig-las-empresas-familiares-somos-imprescindibles-para-llevar-adelante-el-proceso-de-relanzamiento-recuperacion-y-transformacion\/\" \/>\n<meta property=\"og:locale\" content=\"es_ES\" \/>\n<meta property=\"og:type\" content=\"article\" \/>\n<meta property=\"og:title\" content=\"Marc Puig: &quot;Las empresas familiares somos imprescindibles para llevar adelante el proceso de relanzamiento, recuperaci\u00f3n y transformaci\u00f3n&quot; - ASCEF\" \/>\n<meta property=\"og:description\" content=\"Bajo el lema &#039;La fuerza de la recuperaci\u00f3n&#039;, se celebra el XXIII Congreso Nacional de la Empresa Familiar, que se organiza este a\u00f1o de manera telem\u00e0tica\" \/>\n<meta property=\"og:url\" content=\"https:\/\/www.ascef.com\/es\/marc-puig-las-empresas-familiares-somos-imprescindibles-para-llevar-adelante-el-proceso-de-relanzamiento-recuperacion-y-transformacion\/\" \/>\n<meta property=\"og:site_name\" content=\"ASCEF\" \/>\n<meta property=\"article:published_time\" content=\"2020-10-26T17:20:13+00:00\" \/>\n<meta property=\"article:modified_time\" content=\"2020-10-27T15:20:48+00:00\" \/>\n<meta property=\"og:image\" content=\"https:\/\/www.ascef.com\/wp-content\/uploads\/2020\/10\/Foto-Marc-Puig.jpg\" \/>\n\t<meta property=\"og:image:width\" content=\"2560\" \/>\n\t<meta property=\"og:image:height\" content=\"1707\" \/>\n\t<meta property=\"og:image:type\" content=\"image\/jpeg\" \/>\n<meta name=\"author\" content=\"Borja Igual\" \/>\n<meta name=\"twitter:card\" content=\"summary_large_image\" \/>\n<meta name=\"twitter:label1\" content=\"Escrito por\" \/>\n\t<meta name=\"twitter:data1\" content=\"Borja Igual\" \/>\n\t<meta name=\"twitter:label2\" content=\"Tiempo de lectura\" \/>\n\t<meta name=\"twitter:data2\" content=\"4 minutos\" \/>\n<script type=\"application\/ld+json\" class=\"yoast-schema-graph\">{\"@context\":\"https:\\\/\\\/schema.org\",\"@graph\":[{\"@type\":\"Article\",\"@id\":\"https:\\\/\\\/www.ascef.com\\\/es\\\/marc-puig-las-empresas-familiares-somos-imprescindibles-para-llevar-adelante-el-proceso-de-relanzamiento-recuperacion-y-transformacion\\\/#article\",\"isPartOf\":{\"@id\":\"https:\\\/\\\/www.ascef.com\\\/es\\\/marc-puig-las-empresas-familiares-somos-imprescindibles-para-llevar-adelante-el-proceso-de-relanzamiento-recuperacion-y-transformacion\\\/\"},\"author\":{\"name\":\"Borja Igual\",\"@id\":\"https:\\\/\\\/www.ascef.com\\\/es\\\/#\\\/schema\\\/person\\\/e0bdccd3e1665871f0e79e3a50ad6b02\"},\"headline\":\"Marc Puig: \u00abLas empresas familiares somos imprescindibles para llevar adelante el proceso de relanzamiento, recuperaci\u00f3n y transformaci\u00f3n\u00bb\",\"datePublished\":\"2020-10-26T17:20:13+00:00\",\"dateModified\":\"2020-10-27T15:20:48+00:00\",\"mainEntityOfPage\":{\"@id\":\"https:\\\/\\\/www.ascef.com\\\/es\\\/marc-puig-las-empresas-familiares-somos-imprescindibles-para-llevar-adelante-el-proceso-de-relanzamiento-recuperacion-y-transformacion\\\/\"},\"wordCount\":788,\"commentCount\":0,\"image\":{\"@id\":\"https:\\\/\\\/www.ascef.com\\\/es\\\/marc-puig-las-empresas-familiares-somos-imprescindibles-para-llevar-adelante-el-proceso-de-relanzamiento-recuperacion-y-transformacion\\\/#primaryimage\"},\"thumbnailUrl\":\"https:\\\/\\\/www.ascef.com\\\/wp-content\\\/uploads\\\/2020\\\/10\\\/Foto-Marc-Puig.jpg\",\"articleSection\":[\"general\"],\"inLanguage\":\"es\"},{\"@type\":\"WebPage\",\"@id\":\"https:\\\/\\\/www.ascef.com\\\/es\\\/marc-puig-las-empresas-familiares-somos-imprescindibles-para-llevar-adelante-el-proceso-de-relanzamiento-recuperacion-y-transformacion\\\/\",\"url\":\"https:\\\/\\\/www.ascef.com\\\/es\\\/marc-puig-las-empresas-familiares-somos-imprescindibles-para-llevar-adelante-el-proceso-de-relanzamiento-recuperacion-y-transformacion\\\/\",\"name\":\"Marc Puig: \\\"Las empresas familiares somos imprescindibles para llevar adelante el proceso de relanzamiento, recuperaci\u00f3n y transformaci\u00f3n\\\" - ASCEF\",\"isPartOf\":{\"@id\":\"https:\\\/\\\/www.ascef.com\\\/es\\\/#website\"},\"primaryImageOfPage\":{\"@id\":\"https:\\\/\\\/www.ascef.com\\\/es\\\/marc-puig-las-empresas-familiares-somos-imprescindibles-para-llevar-adelante-el-proceso-de-relanzamiento-recuperacion-y-transformacion\\\/#primaryimage\"},\"image\":{\"@id\":\"https:\\\/\\\/www.ascef.com\\\/es\\\/marc-puig-las-empresas-familiares-somos-imprescindibles-para-llevar-adelante-el-proceso-de-relanzamiento-recuperacion-y-transformacion\\\/#primaryimage\"},\"thumbnailUrl\":\"https:\\\/\\\/www.ascef.com\\\/wp-content\\\/uploads\\\/2020\\\/10\\\/Foto-Marc-Puig.jpg\",\"datePublished\":\"2020-10-26T17:20:13+00:00\",\"dateModified\":\"2020-10-27T15:20:48+00:00\",\"author\":{\"@id\":\"https:\\\/\\\/www.ascef.com\\\/es\\\/#\\\/schema\\\/person\\\/e0bdccd3e1665871f0e79e3a50ad6b02\"},\"description\":\"Bajo el lema 'La fuerza de la recuperaci\u00f3n', se celebra el XXIII Congreso Nacional de la Empresa Familiar, que se organiza este a\u00f1o de manera telem\u00e0tica\",\"breadcrumb\":{\"@id\":\"https:\\\/\\\/www.ascef.com\\\/es\\\/marc-puig-las-empresas-familiares-somos-imprescindibles-para-llevar-adelante-el-proceso-de-relanzamiento-recuperacion-y-transformacion\\\/#breadcrumb\"},\"inLanguage\":\"es\",\"potentialAction\":[{\"@type\":\"ReadAction\",\"target\":[\"https:\\\/\\\/www.ascef.com\\\/es\\\/marc-puig-las-empresas-familiares-somos-imprescindibles-para-llevar-adelante-el-proceso-de-relanzamiento-recuperacion-y-transformacion\\\/\"]}]},{\"@type\":\"ImageObject\",\"inLanguage\":\"es\",\"@id\":\"https:\\\/\\\/www.ascef.com\\\/es\\\/marc-puig-las-empresas-familiares-somos-imprescindibles-para-llevar-adelante-el-proceso-de-relanzamiento-recuperacion-y-transformacion\\\/#primaryimage\",\"url\":\"https:\\\/\\\/www.ascef.com\\\/wp-content\\\/uploads\\\/2020\\\/10\\\/Foto-Marc-Puig.jpg\",\"contentUrl\":\"https:\\\/\\\/www.ascef.com\\\/wp-content\\\/uploads\\\/2020\\\/10\\\/Foto-Marc-Puig.jpg\",\"width\":2560,\"height\":1707,\"caption\":\"Marc Puig, president de l'IEF\"},{\"@type\":\"BreadcrumbList\",\"@id\":\"https:\\\/\\\/www.ascef.com\\\/es\\\/marc-puig-las-empresas-familiares-somos-imprescindibles-para-llevar-adelante-el-proceso-de-relanzamiento-recuperacion-y-transformacion\\\/#breadcrumb\",\"itemListElement\":[{\"@type\":\"ListItem\",\"position\":1,\"name\":\"Portada\",\"item\":\"https:\\\/\\\/www.ascef.com\\\/es\\\/\"},{\"@type\":\"ListItem\",\"position\":2,\"name\":\"Marc Puig: \u00abLas empresas familiares somos imprescindibles para llevar adelante el proceso de relanzamiento, recuperaci\u00f3n y transformaci\u00f3n\u00bb\"}]},{\"@type\":\"WebSite\",\"@id\":\"https:\\\/\\\/www.ascef.com\\\/es\\\/#website\",\"url\":\"https:\\\/\\\/www.ascef.com\\\/es\\\/\",\"name\":\"ASCEF\",\"description\":\"Associaci\u00f3 Catalana de l\u2019Empresa Familiar\",\"potentialAction\":[{\"@type\":\"SearchAction\",\"target\":{\"@type\":\"EntryPoint\",\"urlTemplate\":\"https:\\\/\\\/www.ascef.com\\\/es\\\/?s={search_term_string}\"},\"query-input\":{\"@type\":\"PropertyValueSpecification\",\"valueRequired\":true,\"valueName\":\"search_term_string\"}}],\"inLanguage\":\"es\"},{\"@type\":\"Person\",\"@id\":\"https:\\\/\\\/www.ascef.com\\\/es\\\/#\\\/schema\\\/person\\\/e0bdccd3e1665871f0e79e3a50ad6b02\",\"name\":\"Borja Igual\",\"url\":\"https:\\\/\\\/www.ascef.com\\\/es\\\/author\\\/bigual1990mcs-com\\\/\"}]}<\/script>\n<!-- \/ Yoast SEO plugin. -->","yoast_head_json":{"title":"Marc Puig: \"Las empresas familiares somos imprescindibles para llevar adelante el proceso de relanzamiento, recuperaci\u00f3n y transformaci\u00f3n\" - ASCEF","description":"Bajo el lema 'La fuerza de la recuperaci\u00f3n', se celebra el XXIII Congreso Nacional de la Empresa Familiar, que se organiza este a\u00f1o de manera telem\u00e0tica","robots":{"index":"index","follow":"follow","max-snippet":"max-snippet:-1","max-image-preview":"max-image-preview:large","max-video-preview":"max-video-preview:-1"},"canonical":"https:\/\/www.ascef.com\/es\/marc-puig-las-empresas-familiares-somos-imprescindibles-para-llevar-adelante-el-proceso-de-relanzamiento-recuperacion-y-transformacion\/","og_locale":"es_ES","og_type":"article","og_title":"Marc Puig: \"Las empresas familiares somos imprescindibles para llevar adelante el proceso de relanzamiento, recuperaci\u00f3n y transformaci\u00f3n\" - ASCEF","og_description":"Bajo el lema 'La fuerza de la recuperaci\u00f3n', se celebra el XXIII Congreso Nacional de la Empresa Familiar, que se organiza este a\u00f1o de manera telem\u00e0tica","og_url":"https:\/\/www.ascef.com\/es\/marc-puig-las-empresas-familiares-somos-imprescindibles-para-llevar-adelante-el-proceso-de-relanzamiento-recuperacion-y-transformacion\/","og_site_name":"ASCEF","article_published_time":"2020-10-26T17:20:13+00:00","article_modified_time":"2020-10-27T15:20:48+00:00","og_image":[{"width":2560,"height":1707,"url":"https:\/\/www.ascef.com\/wp-content\/uploads\/2020\/10\/Foto-Marc-Puig.jpg","type":"image\/jpeg"}],"author":"Borja Igual","twitter_card":"summary_large_image","twitter_misc":{"Escrito por":"Borja Igual","Tiempo de lectura":"4 minutos"},"schema":{"@context":"https:\/\/schema.org","@graph":[{"@type":"Article","@id":"https:\/\/www.ascef.com\/es\/marc-puig-las-empresas-familiares-somos-imprescindibles-para-llevar-adelante-el-proceso-de-relanzamiento-recuperacion-y-transformacion\/#article","isPartOf":{"@id":"https:\/\/www.ascef.com\/es\/marc-puig-las-empresas-familiares-somos-imprescindibles-para-llevar-adelante-el-proceso-de-relanzamiento-recuperacion-y-transformacion\/"},"author":{"name":"Borja Igual","@id":"https:\/\/www.ascef.com\/es\/#\/schema\/person\/e0bdccd3e1665871f0e79e3a50ad6b02"},"headline":"Marc Puig: \u00abLas empresas familiares somos imprescindibles para llevar adelante el proceso de relanzamiento, recuperaci\u00f3n y transformaci\u00f3n\u00bb","datePublished":"2020-10-26T17:20:13+00:00","dateModified":"2020-10-27T15:20:48+00:00","mainEntityOfPage":{"@id":"https:\/\/www.ascef.com\/es\/marc-puig-las-empresas-familiares-somos-imprescindibles-para-llevar-adelante-el-proceso-de-relanzamiento-recuperacion-y-transformacion\/"},"wordCount":788,"commentCount":0,"image":{"@id":"https:\/\/www.ascef.com\/es\/marc-puig-las-empresas-familiares-somos-imprescindibles-para-llevar-adelante-el-proceso-de-relanzamiento-recuperacion-y-transformacion\/#primaryimage"},"thumbnailUrl":"https:\/\/www.ascef.com\/wp-content\/uploads\/2020\/10\/Foto-Marc-Puig.jpg","articleSection":["general"],"inLanguage":"es"},{"@type":"WebPage","@id":"https:\/\/www.ascef.com\/es\/marc-puig-las-empresas-familiares-somos-imprescindibles-para-llevar-adelante-el-proceso-de-relanzamiento-recuperacion-y-transformacion\/","url":"https:\/\/www.ascef.com\/es\/marc-puig-las-empresas-familiares-somos-imprescindibles-para-llevar-adelante-el-proceso-de-relanzamiento-recuperacion-y-transformacion\/","name":"Marc Puig: \"Las empresas familiares somos imprescindibles para llevar adelante el proceso de relanzamiento, recuperaci\u00f3n y transformaci\u00f3n\" - ASCEF","isPartOf":{"@id":"https:\/\/www.ascef.com\/es\/#website"},"primaryImageOfPage":{"@id":"https:\/\/www.ascef.com\/es\/marc-puig-las-empresas-familiares-somos-imprescindibles-para-llevar-adelante-el-proceso-de-relanzamiento-recuperacion-y-transformacion\/#primaryimage"},"image":{"@id":"https:\/\/www.ascef.com\/es\/marc-puig-las-empresas-familiares-somos-imprescindibles-para-llevar-adelante-el-proceso-de-relanzamiento-recuperacion-y-transformacion\/#primaryimage"},"thumbnailUrl":"https:\/\/www.ascef.com\/wp-content\/uploads\/2020\/10\/Foto-Marc-Puig.jpg","datePublished":"2020-10-26T17:20:13+00:00","dateModified":"2020-10-27T15:20:48+00:00","author":{"@id":"https:\/\/www.ascef.com\/es\/#\/schema\/person\/e0bdccd3e1665871f0e79e3a50ad6b02"},"description":"Bajo el lema 'La fuerza de la recuperaci\u00f3n', se celebra el XXIII Congreso Nacional de la Empresa Familiar, que se organiza este a\u00f1o de manera telem\u00e0tica","breadcrumb":{"@id":"https:\/\/www.ascef.com\/es\/marc-puig-las-empresas-familiares-somos-imprescindibles-para-llevar-adelante-el-proceso-de-relanzamiento-recuperacion-y-transformacion\/#breadcrumb"},"inLanguage":"es","potentialAction":[{"@type":"ReadAction","target":["https:\/\/www.ascef.com\/es\/marc-puig-las-empresas-familiares-somos-imprescindibles-para-llevar-adelante-el-proceso-de-relanzamiento-recuperacion-y-transformacion\/"]}]},{"@type":"ImageObject","inLanguage":"es","@id":"https:\/\/www.ascef.com\/es\/marc-puig-las-empresas-familiares-somos-imprescindibles-para-llevar-adelante-el-proceso-de-relanzamiento-recuperacion-y-transformacion\/#primaryimage","url":"https:\/\/www.ascef.com\/wp-content\/uploads\/2020\/10\/Foto-Marc-Puig.jpg","contentUrl":"https:\/\/www.ascef.com\/wp-content\/uploads\/2020\/10\/Foto-Marc-Puig.jpg","width":2560,"height":1707,"caption":"Marc Puig, president de l'IEF"},{"@type":"BreadcrumbList","@id":"https:\/\/www.ascef.com\/es\/marc-puig-las-empresas-familiares-somos-imprescindibles-para-llevar-adelante-el-proceso-de-relanzamiento-recuperacion-y-transformacion\/#breadcrumb","itemListElement":[{"@type":"ListItem","position":1,"name":"Portada","item":"https:\/\/www.ascef.com\/es\/"},{"@type":"ListItem","position":2,"name":"Marc Puig: \u00abLas empresas familiares somos imprescindibles para llevar adelante el proceso de relanzamiento, recuperaci\u00f3n y transformaci\u00f3n\u00bb"}]},{"@type":"WebSite","@id":"https:\/\/www.ascef.com\/es\/#website","url":"https:\/\/www.ascef.com\/es\/","name":"ASCEF","description":"Associaci\u00f3 Catalana de l\u2019Empresa Familiar","potentialAction":[{"@type":"SearchAction","target":{"@type":"EntryPoint","urlTemplate":"https:\/\/www.ascef.com\/es\/?s={search_term_string}"},"query-input":{"@type":"PropertyValueSpecification","valueRequired":true,"valueName":"search_term_string"}}],"inLanguage":"es"},{"@type":"Person","@id":"https:\/\/www.ascef.com\/es\/#\/schema\/person\/e0bdccd3e1665871f0e79e3a50ad6b02","name":"Borja Igual","url":"https:\/\/www.ascef.com\/es\/author\/bigual1990mcs-com\/"}]}},"_links":{"self":[{"href":"https:\/\/www.ascef.com\/es\/wp-json\/wp\/v2\/posts\/2480","targetHints":{"allow":["GET"]}}],"collection":[{"href":"https:\/\/www.ascef.com\/es\/wp-json\/wp\/v2\/posts"}],"about":[{"href":"https:\/\/www.ascef.com\/es\/wp-json\/wp\/v2\/types\/post"}],"author":[{"embeddable":true,"href":"https:\/\/www.ascef.com\/es\/wp-json\/wp\/v2\/users\/292"}],"replies":[{"embeddable":true,"href":"https:\/\/www.ascef.com\/es\/wp-json\/wp\/v2\/comments?post=2480"}],"version-history":[{"count":2,"href":"https:\/\/www.ascef.com\/es\/wp-json\/wp\/v2\/posts\/2480\/revisions"}],"predecessor-version":[{"id":2483,"href":"https:\/\/www.ascef.com\/es\/wp-json\/wp\/v2\/posts\/2480\/revisions\/2483"}],"wp:featuredmedia":[{"embeddable":true,"href":"https:\/\/www.ascef.com\/es\/wp-json\/wp\/v2\/media\/2470"}],"wp:attachment":[{"href":"https:\/\/www.ascef.com\/es\/wp-json\/wp\/v2\/media?parent=2480"}],"wp:term":[{"taxonomy":"category","embeddable":true,"href":"https:\/\/www.ascef.com\/es\/wp-json\/wp\/v2\/categories?post=2480"},{"taxonomy":"post_tag","embeddable":true,"href":"https:\/\/www.ascef.com\/es\/wp-json\/wp\/v2\/tags?post=2480"}],"curies":[{"name":"wp","href":"https:\/\/api.w.org\/{rel}","templated":true}]}}