{"id":2316,"date":"2020-10-07T14:45:37","date_gmt":"2020-10-07T14:45:37","guid":{"rendered":"https:\/\/www.ascef.com\/?p=2316"},"modified":"2020-10-07T14:45:37","modified_gmt":"2020-10-07T14:45:37","slug":"sondeo-ascef-fondos-europeos","status":"publish","type":"post","link":"https:\/\/www.ascef.com\/es\/sondeo-ascef-fondos-europeos\/","title":{"rendered":"El 85% de los empresarios familiares catalanes creen que la falta de acuerdo pol\u00edtico har\u00e1 que los fondos europeos para la recuperaci\u00f3n lleguen m\u00e1s tarde"},"content":{"rendered":"<p><strong>Barcelona, 07 de octubre de 2020.- <\/strong>El 85% de las empresas catalanas familiares consideran dif\u00edcil que los fondos europeos para la recuperaci\u00f3n lleguen r\u00e1pido, principalmente a causa de la falta de acuerdo entre los pol\u00edticos. \u201c<em>No solo por los cambios de opini\u00f3n en el seno de la UE, sino tambi\u00e9n por la falta de consenso de los pol\u00edticos de nuestro pa\u00eds que a nivel internacional genera una imagen negativa que perjudica a nuestra capacidad de influencia<\/em>\u201d, afirma Amadeu Jori, presidente de la <u><a href=\"https:\/\/www.ascef.com\/es\/\" target=\"_blank\" rel=\"noopener noreferrer\"><strong>Asociaci\u00f3n Catalana de la Empresa Familiar (ASCEF)<\/strong><\/a><\/u>. \u201c<strong><em>Estos fondos son un instrumento imprescindible para la recuperaci\u00f3n econ\u00f3mica<\/em><\/strong>\u201d.<\/p>\n<p>En cuanto a la medida anunciada hoy por el presidente del Gobierno Pedro S\u00e1nchez de avanzar una primera anualidad de estos fondos por un importe de 27.436 millones de euros, el presidente de ASCEF considera que es \u201c<em>una buena iniciativa que est\u00e1 en sinton\u00eda con lo que los empresarios pedimos<\/em>\u201d.<\/p>\n<p>En un momento como el actual, los miembros de ASCEF indican que su principal preocupaci\u00f3n es la reducci\u00f3n de las ventas, seguida de la seguridad de los trabajadores y la reforma laboral. En un sondeo de opini\u00f3n realizado a los socios de la entidad catalana, los empresarios afirman que, en paralelo al debate pol\u00edtico, ya est\u00e1n actuando para hacer frente en la crisis. Principalmente, a innovar y crear nuevos productos, reducir costes, mejorar la formaci\u00f3n para incrementar la productividad e impulsar la digitalizaci\u00f3n.<\/p>\n<p>Para el presidente de ASCEF, estas iniciativas solas no son suficientes, sino que tambi\u00e9n <strong>hay que estimular la econom\u00eda desde las administraciones p\u00fablicas y aplicar medidas para proteger la vida de las empresas y los puestos de trabajo<\/strong>.<\/p>\n<p>Como consecuencia de la situaci\u00f3n que est\u00e1n viviendo las empresas, el 68% de los empresarios familiares creen que la econom\u00eda no tendr\u00e1 una recuperaci\u00f3n r\u00e1pida, sino que lo har\u00e1 en forma de K; es decir, primero una fuerte ca\u00edda y despu\u00e9s <strong>una recuperaci\u00f3n progresiva, pero no igual para todos, sino por sectores<\/strong>.<\/p>\n<p>En relaci\u00f3n con la segunda ola de la pandemia, <strong>el 61% de los empresarios catalanes consideran que el gobierno central se ver\u00e1 obligado a escoger entre econom\u00eda y salud<\/strong>, mientras que el 37% cree que depender\u00e1 de la intensidad de los contagios. En este sentido, los empresarios recuerdan la importancia de ser estrictos en la aplicaci\u00f3n las medidas de protecci\u00f3n recomendadas y hacen un llamamiento a la responsabilidad.<\/p>\n<p>Por otra parte, la mitad de los empresarios familiares catalanes (51%) creen que la Covid-19 y las medidas que se han tenido que tomar han tensado las relaciones entre las instituciones auton\u00f3micas y el gobierno central.<\/p>\n<p>La ASCEF es una organizaci\u00f3n de empresarios familiares que aglutina adem\u00e1s de 100 empresas representativas del tejido econ\u00f3mico de Catalu\u00f1a. Las empresas familiares suponen el 88,3% de la totalidad de las empresas privadas, contribuyen el 69% del Valor A\u00f1adido Sucio (VAB) y generan el 76% de los puestos de trabajo privados.<\/p>\n","protected":false},"excerpt":{"rendered":"<p>Barcelona, 07 de octubre de 2020.- El 85% de las empresas catalanas familiares consideran dif\u00edcil que los fondos europeos para la recuperaci\u00f3n lleguen r\u00e1pido, principalmente a causa de la falta de acuerdo entre los pol\u00edticos. \u201cNo solo por los cambios de opini\u00f3n en el seno de la UE, sino tambi\u00e9n por la falta de consenso [&hellip;]<\/p>\n","protected":false},"author":292,"featured_media":2329,"comment_status":"open","ping_status":"open","sticky":false,"template":"","format":"standard","meta":{"_acf_changed":false,"footnotes":""},"categories":[185],"tags":[],"class_list":["post-2316","post","type-post","status-publish","format-standard","has-post-thumbnail","hentry","category-general"],"acf":[],"yoast_head":"<!-- This site is optimized with the Yoast SEO plugin v27.5 - https:\/\/yoast.com\/product\/yoast-seo-wordpress\/ -->\n<title>El 85% de los empresarios familiares catalanes creen que la falta de acuerdo pol\u00edtico har\u00e1 que los fondos europeos para la recuperaci\u00f3n lleguen m\u00e1s tarde - ASCEF<\/title>\n<meta name=\"description\" content=\"El 85% de las empresas catalanas familiares (ASCEF) consideran dif\u00edcil que los fondos europeos para la recuperaci\u00f3n lleguen r\u00e1pido por la falta de acuerdo pol\u00edtico.\" \/>\n<meta name=\"robots\" content=\"index, follow, max-snippet:-1, max-image-preview:large, max-video-preview:-1\" \/>\n<link rel=\"canonical\" href=\"https:\/\/www.ascef.com\/es\/sondeo-ascef-fondos-europeos\/\" \/>\n<meta property=\"og:locale\" content=\"es_ES\" \/>\n<meta property=\"og:type\" content=\"article\" \/>\n<meta property=\"og:title\" content=\"El 85% de los empresarios familiares catalanes creen que la falta de acuerdo pol\u00edtico har\u00e1 que los fondos europeos para la recuperaci\u00f3n lleguen m\u00e1s tarde - ASCEF\" \/>\n<meta property=\"og:description\" content=\"El 85% de las empresas catalanas familiares (ASCEF) consideran dif\u00edcil que los fondos europeos para la recuperaci\u00f3n lleguen r\u00e1pido por la falta de acuerdo pol\u00edtico.\" \/>\n<meta property=\"og:url\" content=\"https:\/\/www.ascef.com\/es\/sondeo-ascef-fondos-europeos\/\" \/>\n<meta property=\"og:site_name\" content=\"ASCEF\" \/>\n<meta property=\"article:published_time\" content=\"2020-10-07T14:45:37+00:00\" \/>\n<meta property=\"og:image\" content=\"https:\/\/www.ascef.com\/wp-content\/uploads\/2020\/10\/eu-5180877_1920-1.jpg\" \/>\n\t<meta property=\"og:image:width\" content=\"1920\" \/>\n\t<meta property=\"og:image:height\" content=\"1201\" \/>\n\t<meta property=\"og:image:type\" content=\"image\/jpeg\" \/>\n<meta name=\"author\" content=\"Borja Igual\" \/>\n<meta name=\"twitter:card\" content=\"summary_large_image\" \/>\n<meta name=\"twitter:label1\" content=\"Escrito por\" \/>\n\t<meta name=\"twitter:data1\" content=\"Borja Igual\" \/>\n\t<meta name=\"twitter:label2\" content=\"Tiempo de lectura\" \/>\n\t<meta name=\"twitter:data2\" content=\"3 minutos\" \/>\n<script type=\"application\/ld+json\" class=\"yoast-schema-graph\">{\"@context\":\"https:\\\/\\\/schema.org\",\"@graph\":[{\"@type\":\"Article\",\"@id\":\"https:\\\/\\\/www.ascef.com\\\/es\\\/sondeo-ascef-fondos-europeos\\\/#article\",\"isPartOf\":{\"@id\":\"https:\\\/\\\/www.ascef.com\\\/es\\\/sondeo-ascef-fondos-europeos\\\/\"},\"author\":{\"name\":\"Borja Igual\",\"@id\":\"https:\\\/\\\/www.ascef.com\\\/es\\\/#\\\/schema\\\/person\\\/e0bdccd3e1665871f0e79e3a50ad6b02\"},\"headline\":\"El 85% de los empresarios familiares catalanes creen que la falta de acuerdo pol\u00edtico har\u00e1 que los fondos europeos para la recuperaci\u00f3n lleguen m\u00e1s tarde\",\"datePublished\":\"2020-10-07T14:45:37+00:00\",\"mainEntityOfPage\":{\"@id\":\"https:\\\/\\\/www.ascef.com\\\/es\\\/sondeo-ascef-fondos-europeos\\\/\"},\"wordCount\":534,\"commentCount\":0,\"image\":{\"@id\":\"https:\\\/\\\/www.ascef.com\\\/es\\\/sondeo-ascef-fondos-europeos\\\/#primaryimage\"},\"thumbnailUrl\":\"https:\\\/\\\/www.ascef.com\\\/wp-content\\\/uploads\\\/2020\\\/10\\\/eu-5180877_1920-1.jpg\",\"articleSection\":[\"general\"],\"inLanguage\":\"es\"},{\"@type\":\"WebPage\",\"@id\":\"https:\\\/\\\/www.ascef.com\\\/es\\\/sondeo-ascef-fondos-europeos\\\/\",\"url\":\"https:\\\/\\\/www.ascef.com\\\/es\\\/sondeo-ascef-fondos-europeos\\\/\",\"name\":\"El 85% de los empresarios familiares catalanes creen que la falta de acuerdo pol\u00edtico har\u00e1 que los fondos europeos para la recuperaci\u00f3n lleguen m\u00e1s tarde - ASCEF\",\"isPartOf\":{\"@id\":\"https:\\\/\\\/www.ascef.com\\\/es\\\/#website\"},\"primaryImageOfPage\":{\"@id\":\"https:\\\/\\\/www.ascef.com\\\/es\\\/sondeo-ascef-fondos-europeos\\\/#primaryimage\"},\"image\":{\"@id\":\"https:\\\/\\\/www.ascef.com\\\/es\\\/sondeo-ascef-fondos-europeos\\\/#primaryimage\"},\"thumbnailUrl\":\"https:\\\/\\\/www.ascef.com\\\/wp-content\\\/uploads\\\/2020\\\/10\\\/eu-5180877_1920-1.jpg\",\"datePublished\":\"2020-10-07T14:45:37+00:00\",\"author\":{\"@id\":\"https:\\\/\\\/www.ascef.com\\\/es\\\/#\\\/schema\\\/person\\\/e0bdccd3e1665871f0e79e3a50ad6b02\"},\"description\":\"El 85% de las empresas catalanas familiares (ASCEF) consideran dif\u00edcil que los fondos europeos para la recuperaci\u00f3n lleguen r\u00e1pido por la falta de acuerdo pol\u00edtico.\",\"breadcrumb\":{\"@id\":\"https:\\\/\\\/www.ascef.com\\\/es\\\/sondeo-ascef-fondos-europeos\\\/#breadcrumb\"},\"inLanguage\":\"es\",\"potentialAction\":[{\"@type\":\"ReadAction\",\"target\":[\"https:\\\/\\\/www.ascef.com\\\/es\\\/sondeo-ascef-fondos-europeos\\\/\"]}]},{\"@type\":\"ImageObject\",\"inLanguage\":\"es\",\"@id\":\"https:\\\/\\\/www.ascef.com\\\/es\\\/sondeo-ascef-fondos-europeos\\\/#primaryimage\",\"url\":\"https:\\\/\\\/www.ascef.com\\\/wp-content\\\/uploads\\\/2020\\\/10\\\/eu-5180877_1920-1.jpg\",\"contentUrl\":\"https:\\\/\\\/www.ascef.com\\\/wp-content\\\/uploads\\\/2020\\\/10\\\/eu-5180877_1920-1.jpg\",\"width\":1920,\"height\":1201},{\"@type\":\"BreadcrumbList\",\"@id\":\"https:\\\/\\\/www.ascef.com\\\/es\\\/sondeo-ascef-fondos-europeos\\\/#breadcrumb\",\"itemListElement\":[{\"@type\":\"ListItem\",\"position\":1,\"name\":\"Portada\",\"item\":\"https:\\\/\\\/www.ascef.com\\\/es\\\/\"},{\"@type\":\"ListItem\",\"position\":2,\"name\":\"El 85% de los empresarios familiares catalanes creen que la falta de acuerdo pol\u00edtico har\u00e1 que los fondos europeos para la recuperaci\u00f3n lleguen m\u00e1s tarde\"}]},{\"@type\":\"WebSite\",\"@id\":\"https:\\\/\\\/www.ascef.com\\\/es\\\/#website\",\"url\":\"https:\\\/\\\/www.ascef.com\\\/es\\\/\",\"name\":\"ASCEF\",\"description\":\"Associaci\u00f3 Catalana de l\u2019Empresa Familiar\",\"potentialAction\":[{\"@type\":\"SearchAction\",\"target\":{\"@type\":\"EntryPoint\",\"urlTemplate\":\"https:\\\/\\\/www.ascef.com\\\/es\\\/?s={search_term_string}\"},\"query-input\":{\"@type\":\"PropertyValueSpecification\",\"valueRequired\":true,\"valueName\":\"search_term_string\"}}],\"inLanguage\":\"es\"},{\"@type\":\"Person\",\"@id\":\"https:\\\/\\\/www.ascef.com\\\/es\\\/#\\\/schema\\\/person\\\/e0bdccd3e1665871f0e79e3a50ad6b02\",\"name\":\"Borja Igual\",\"url\":\"https:\\\/\\\/www.ascef.com\\\/es\\\/author\\\/bigual1990mcs-com\\\/\"}]}<\/script>\n<!-- \/ Yoast SEO plugin. -->","yoast_head_json":{"title":"El 85% de los empresarios familiares catalanes creen que la falta de acuerdo pol\u00edtico har\u00e1 que los fondos europeos para la recuperaci\u00f3n lleguen m\u00e1s tarde - ASCEF","description":"El 85% de las empresas catalanas familiares (ASCEF) consideran dif\u00edcil que los fondos europeos para la recuperaci\u00f3n lleguen r\u00e1pido por la falta de acuerdo pol\u00edtico.","robots":{"index":"index","follow":"follow","max-snippet":"max-snippet:-1","max-image-preview":"max-image-preview:large","max-video-preview":"max-video-preview:-1"},"canonical":"https:\/\/www.ascef.com\/es\/sondeo-ascef-fondos-europeos\/","og_locale":"es_ES","og_type":"article","og_title":"El 85% de los empresarios familiares catalanes creen que la falta de acuerdo pol\u00edtico har\u00e1 que los fondos europeos para la recuperaci\u00f3n lleguen m\u00e1s tarde - ASCEF","og_description":"El 85% de las empresas catalanas familiares (ASCEF) consideran dif\u00edcil que los fondos europeos para la recuperaci\u00f3n lleguen r\u00e1pido por la falta de acuerdo pol\u00edtico.","og_url":"https:\/\/www.ascef.com\/es\/sondeo-ascef-fondos-europeos\/","og_site_name":"ASCEF","article_published_time":"2020-10-07T14:45:37+00:00","og_image":[{"width":1920,"height":1201,"url":"https:\/\/www.ascef.com\/wp-content\/uploads\/2020\/10\/eu-5180877_1920-1.jpg","type":"image\/jpeg"}],"author":"Borja Igual","twitter_card":"summary_large_image","twitter_misc":{"Escrito por":"Borja Igual","Tiempo de lectura":"3 minutos"},"schema":{"@context":"https:\/\/schema.org","@graph":[{"@type":"Article","@id":"https:\/\/www.ascef.com\/es\/sondeo-ascef-fondos-europeos\/#article","isPartOf":{"@id":"https:\/\/www.ascef.com\/es\/sondeo-ascef-fondos-europeos\/"},"author":{"name":"Borja Igual","@id":"https:\/\/www.ascef.com\/es\/#\/schema\/person\/e0bdccd3e1665871f0e79e3a50ad6b02"},"headline":"El 85% de los empresarios familiares catalanes creen que la falta de acuerdo pol\u00edtico har\u00e1 que los fondos europeos para la recuperaci\u00f3n lleguen m\u00e1s tarde","datePublished":"2020-10-07T14:45:37+00:00","mainEntityOfPage":{"@id":"https:\/\/www.ascef.com\/es\/sondeo-ascef-fondos-europeos\/"},"wordCount":534,"commentCount":0,"image":{"@id":"https:\/\/www.ascef.com\/es\/sondeo-ascef-fondos-europeos\/#primaryimage"},"thumbnailUrl":"https:\/\/www.ascef.com\/wp-content\/uploads\/2020\/10\/eu-5180877_1920-1.jpg","articleSection":["general"],"inLanguage":"es"},{"@type":"WebPage","@id":"https:\/\/www.ascef.com\/es\/sondeo-ascef-fondos-europeos\/","url":"https:\/\/www.ascef.com\/es\/sondeo-ascef-fondos-europeos\/","name":"El 85% de los empresarios familiares catalanes creen que la falta de acuerdo pol\u00edtico har\u00e1 que los fondos europeos para la recuperaci\u00f3n lleguen m\u00e1s tarde - ASCEF","isPartOf":{"@id":"https:\/\/www.ascef.com\/es\/#website"},"primaryImageOfPage":{"@id":"https:\/\/www.ascef.com\/es\/sondeo-ascef-fondos-europeos\/#primaryimage"},"image":{"@id":"https:\/\/www.ascef.com\/es\/sondeo-ascef-fondos-europeos\/#primaryimage"},"thumbnailUrl":"https:\/\/www.ascef.com\/wp-content\/uploads\/2020\/10\/eu-5180877_1920-1.jpg","datePublished":"2020-10-07T14:45:37+00:00","author":{"@id":"https:\/\/www.ascef.com\/es\/#\/schema\/person\/e0bdccd3e1665871f0e79e3a50ad6b02"},"description":"El 85% de las empresas catalanas familiares (ASCEF) consideran dif\u00edcil que los fondos europeos para la recuperaci\u00f3n lleguen r\u00e1pido por la falta de acuerdo pol\u00edtico.","breadcrumb":{"@id":"https:\/\/www.ascef.com\/es\/sondeo-ascef-fondos-europeos\/#breadcrumb"},"inLanguage":"es","potentialAction":[{"@type":"ReadAction","target":["https:\/\/www.ascef.com\/es\/sondeo-ascef-fondos-europeos\/"]}]},{"@type":"ImageObject","inLanguage":"es","@id":"https:\/\/www.ascef.com\/es\/sondeo-ascef-fondos-europeos\/#primaryimage","url":"https:\/\/www.ascef.com\/wp-content\/uploads\/2020\/10\/eu-5180877_1920-1.jpg","contentUrl":"https:\/\/www.ascef.com\/wp-content\/uploads\/2020\/10\/eu-5180877_1920-1.jpg","width":1920,"height":1201},{"@type":"BreadcrumbList","@id":"https:\/\/www.ascef.com\/es\/sondeo-ascef-fondos-europeos\/#breadcrumb","itemListElement":[{"@type":"ListItem","position":1,"name":"Portada","item":"https:\/\/www.ascef.com\/es\/"},{"@type":"ListItem","position":2,"name":"El 85% de los empresarios familiares catalanes creen que la falta de acuerdo pol\u00edtico har\u00e1 que los fondos europeos para la recuperaci\u00f3n lleguen m\u00e1s tarde"}]},{"@type":"WebSite","@id":"https:\/\/www.ascef.com\/es\/#website","url":"https:\/\/www.ascef.com\/es\/","name":"ASCEF","description":"Associaci\u00f3 Catalana de l\u2019Empresa Familiar","potentialAction":[{"@type":"SearchAction","target":{"@type":"EntryPoint","urlTemplate":"https:\/\/www.ascef.com\/es\/?s={search_term_string}"},"query-input":{"@type":"PropertyValueSpecification","valueRequired":true,"valueName":"search_term_string"}}],"inLanguage":"es"},{"@type":"Person","@id":"https:\/\/www.ascef.com\/es\/#\/schema\/person\/e0bdccd3e1665871f0e79e3a50ad6b02","name":"Borja Igual","url":"https:\/\/www.ascef.com\/es\/author\/bigual1990mcs-com\/"}]}},"_links":{"self":[{"href":"https:\/\/www.ascef.com\/es\/wp-json\/wp\/v2\/posts\/2316","targetHints":{"allow":["GET"]}}],"collection":[{"href":"https:\/\/www.ascef.com\/es\/wp-json\/wp\/v2\/posts"}],"about":[{"href":"https:\/\/www.ascef.com\/es\/wp-json\/wp\/v2\/types\/post"}],"author":[{"embeddable":true,"href":"https:\/\/www.ascef.com\/es\/wp-json\/wp\/v2\/users\/292"}],"replies":[{"embeddable":true,"href":"https:\/\/www.ascef.com\/es\/wp-json\/wp\/v2\/comments?post=2316"}],"version-history":[{"count":4,"href":"https:\/\/www.ascef.com\/es\/wp-json\/wp\/v2\/posts\/2316\/revisions"}],"predecessor-version":[{"id":2325,"href":"https:\/\/www.ascef.com\/es\/wp-json\/wp\/v2\/posts\/2316\/revisions\/2325"}],"wp:featuredmedia":[{"embeddable":true,"href":"https:\/\/www.ascef.com\/es\/wp-json\/wp\/v2\/media\/2329"}],"wp:attachment":[{"href":"https:\/\/www.ascef.com\/es\/wp-json\/wp\/v2\/media?parent=2316"}],"wp:term":[{"taxonomy":"category","embeddable":true,"href":"https:\/\/www.ascef.com\/es\/wp-json\/wp\/v2\/categories?post=2316"},{"taxonomy":"post_tag","embeddable":true,"href":"https:\/\/www.ascef.com\/es\/wp-json\/wp\/v2\/tags?post=2316"}],"curies":[{"name":"wp","href":"https:\/\/api.w.org\/{rel}","templated":true}]}}