{"id":2311,"date":"2020-10-08T05:00:58","date_gmt":"2020-10-08T05:00:58","guid":{"rendered":"https:\/\/www.ascef.com\/?p=2311"},"modified":"2020-10-08T08:35:24","modified_gmt":"2020-10-08T08:35:24","slug":"nino-becerra-sanchez-llibre-ascef","status":"publish","type":"post","link":"https:\/\/www.ascef.com\/es\/nino-becerra-sanchez-llibre-ascef\/","title":{"rendered":"Ni\u00f1o-Becerra y S\u00e1nchez-Llibre coinciden en destacar el valor de la empresa familiar y la importancia de estar atentos a las oportunidades"},"content":{"rendered":"<p>El Profesor <strong>Santiago Ni\u00f1o-Becerra<\/strong>, Doctor en Econom\u00eda, Catedr\u00e1tico y autor, y <strong>Josep S\u00e1nchez i Llibre<\/strong>, presidente de <u><a href=\"https:\/\/www.foment.com\/es\/\" target=\"_blank\" rel=\"noopener noreferrer\"><strong>Foment del Treball Nacional<\/strong><\/a><\/u>, participaron a la <strong>XXII Asamblea Ordinaria y Extraordinaria de la <u><a href=\"https:\/\/www.ascef.com\/es\/\" target=\"_blank\" rel=\"noopener noreferrer\">Asociaci\u00f3n Catalana de la Empresa Familiar (ASCEF)<\/a><\/u><\/strong>, celebrada el pasado martes 6 de octubre en formato digital.<\/p>\n<p>Ni\u00f1o-Becerra, en su ponencia titulada <em>La rotura de las tendencias: la Nueva Normalidad<\/em>, habl\u00f3 de la situaci\u00f3n provocada por la pandemia, \u201c<em>que <strong>ha roto las tendencias econ\u00f3micas<\/strong><\/em>\u201d. De hecho, asegur\u00f3 que \u201c<em>para ver en Espa\u00f1a una situaci\u00f3n parecida a la vivida entre los meses de diciembre y mayo tenemos que ir a la Guerra Civil<\/em>\u201d.<\/p>\n<p>El profesor explic\u00f3 que el principal problema que tiene Espa\u00f1a \u201c<em>es el fraude fiscal<\/em>\u201d, pero que tambi\u00e9n \u201c<em>tiene un problema de ingresos y gastos, y uno de may\u00fasculo con la productividad<\/em>\u201d. Para Ni\u00f1o-Becerra, el virus de la Covid19 y su consecuente crisis ha afectado mucho m\u00e1s en Espa\u00f1a \u00ab<em>porque su econom\u00eda ya estaba mal antes<\/em>\u201d.<\/p>\n<p>\u201c<em>A esta situaci\u00f3n sobrevivir\u00e1n los que <strong>tengan herramientas de conocimiento para moverse en este mundo complejo, aquellos que dominen herramientas innovadoras, o que tengan un buen coj\u00edn de tesorer\u00eda<\/strong><\/em>\u201d, afirm\u00f3 el economista. \u201c<em>Ser\u00e1 importante <strong>crear valor a\u00f1adido y estar especializado<\/strong>; ser puntero en el sector: estar en la zona alta del valor a\u00f1adir y productividad<\/em>\u201d, remarc\u00f3.<\/p>\n<p><img loading=\"lazy\" decoding=\"async\" class=\"aligncenter wp-image-2307 size-medium\" src=\"https:\/\/www.ascef.com\/wp-content\/uploads\/2020\/10\/image001-3-650x480.jpg\" alt=\"Josep S\u00e1nchez i Llibre, president de Foment del Treball Nacional\" width=\"650\" height=\"480\" \/><\/p>\n<p>La clausura de la XXII Asamblea General y Extraordinaria fue a cargo de Josep S\u00e1nchez i Llibre, presidente de Foment del Trebrall, quien afirm\u00f3 que \u201c<em>los empresarios somos <strong>los \u00fanicos que podemos superar la crisis y salvar la situaci\u00f3n actual<\/strong> porque generamos ocupaci\u00f3n y riqueza<\/em>\u201d.<\/p>\n<p>\u201c<em>La crisis generar\u00e1 nuevas oportunidades que tendr\u00e1n que materializar las empresas familiares<\/em>\u201d, asegur\u00f3 S\u00e1nchez-Llibre, quienes reclam\u00f3 que los presupuestos generales del a\u00f1o 2021 \u201c<em>sean el gran est\u00edmulo para la recuperaci\u00f3n econ\u00f3mica, con mucha inversi\u00f3n p\u00fablica para incrementar la productividad, estimular la demanda y activar la econom\u00eda<\/em>\u201d.<\/p>\n<p>\u201c<em>La situaci\u00f3n econ\u00f3mica de hoy es muy delicada<\/em>\u201d, expres\u00f3 antes de reconocer \u201c<strong><em>el gran esfuerzo que las empresas familiares<\/em><\/strong>\u201d realizan en este contexto.<\/p>\n","protected":false},"excerpt":{"rendered":"<p>El Profesor Santiago Ni\u00f1o-Becerra, Doctor en Econom\u00eda, Catedr\u00e1tico y autor, y Josep S\u00e1nchez i Llibre, presidente de Foment del Treball Nacional, participaron a la XXII Asamblea Ordinaria y Extraordinaria de la Asociaci\u00f3n Catalana de la Empresa Familiar (ASCEF), celebrada el pasado martes 6 de octubre en formato digital. Ni\u00f1o-Becerra, en su ponencia titulada La rotura [&hellip;]<\/p>\n","protected":false},"author":292,"featured_media":2303,"comment_status":"open","ping_status":"open","sticky":false,"template":"","format":"standard","meta":{"_acf_changed":false,"footnotes":""},"categories":[185],"tags":[],"class_list":["post-2311","post","type-post","status-publish","format-standard","has-post-thumbnail","hentry","category-general"],"acf":[],"yoast_head":"<!-- This site is optimized with the Yoast SEO plugin v27.5 - https:\/\/yoast.com\/product\/yoast-seo-wordpress\/ -->\n<title>Ni\u00f1o-Becerra y S\u00e1nchez-Llibre coinciden en destacar el valor de la empresa familiar y la importancia de estar atentos a las oportunidades - ASCEF<\/title>\n<meta name=\"description\" content=\"Santiago Ni\u00f1o-Becerra y Josep S\u00e1nchez-Llibre participaron en la XXII Asamblea Ordinaria y Extraordinaria de la ASCEF, que se celebr\u00f3 el martes 6 de octubre.\" \/>\n<meta name=\"robots\" content=\"index, follow, max-snippet:-1, max-image-preview:large, max-video-preview:-1\" \/>\n<link rel=\"canonical\" href=\"https:\/\/www.ascef.com\/es\/nino-becerra-sanchez-llibre-ascef\/\" \/>\n<meta property=\"og:locale\" content=\"es_ES\" \/>\n<meta property=\"og:type\" content=\"article\" \/>\n<meta property=\"og:title\" content=\"Ni\u00f1o-Becerra y S\u00e1nchez-Llibre coinciden en destacar el valor de la empresa familiar y la importancia de estar atentos a las oportunidades - ASCEF\" \/>\n<meta property=\"og:description\" content=\"Santiago Ni\u00f1o-Becerra y Josep S\u00e1nchez-Llibre participaron en la XXII Asamblea Ordinaria y Extraordinaria de la ASCEF, que se celebr\u00f3 el martes 6 de octubre.\" \/>\n<meta property=\"og:url\" content=\"https:\/\/www.ascef.com\/es\/nino-becerra-sanchez-llibre-ascef\/\" \/>\n<meta property=\"og:site_name\" content=\"ASCEF\" \/>\n<meta property=\"article:published_time\" content=\"2020-10-08T05:00:58+00:00\" \/>\n<meta property=\"article:modified_time\" content=\"2020-10-08T08:35:24+00:00\" \/>\n<meta property=\"og:image\" content=\"https:\/\/www.ascef.com\/wp-content\/uploads\/2020\/10\/IMG-20201006-WA0007.jpg\" \/>\n\t<meta property=\"og:image:width\" content=\"1014\" \/>\n\t<meta property=\"og:image:height\" content=\"590\" \/>\n\t<meta property=\"og:image:type\" content=\"image\/jpeg\" \/>\n<meta name=\"author\" content=\"Borja Igual\" \/>\n<meta name=\"twitter:card\" content=\"summary_large_image\" \/>\n<meta name=\"twitter:label1\" content=\"Escrito por\" \/>\n\t<meta name=\"twitter:data1\" content=\"Borja Igual\" \/>\n\t<meta name=\"twitter:label2\" content=\"Tiempo de lectura\" \/>\n\t<meta name=\"twitter:data2\" content=\"2 minutos\" \/>\n<script type=\"application\/ld+json\" class=\"yoast-schema-graph\">{\"@context\":\"https:\\\/\\\/schema.org\",\"@graph\":[{\"@type\":\"Article\",\"@id\":\"https:\\\/\\\/www.ascef.com\\\/es\\\/nino-becerra-sanchez-llibre-ascef\\\/#article\",\"isPartOf\":{\"@id\":\"https:\\\/\\\/www.ascef.com\\\/es\\\/nino-becerra-sanchez-llibre-ascef\\\/\"},\"author\":{\"name\":\"Borja Igual\",\"@id\":\"https:\\\/\\\/www.ascef.com\\\/es\\\/#\\\/schema\\\/person\\\/e0bdccd3e1665871f0e79e3a50ad6b02\"},\"headline\":\"Ni\u00f1o-Becerra y S\u00e1nchez-Llibre coinciden en destacar el valor de la empresa familiar y la importancia de estar atentos a las oportunidades\",\"datePublished\":\"2020-10-08T05:00:58+00:00\",\"dateModified\":\"2020-10-08T08:35:24+00:00\",\"mainEntityOfPage\":{\"@id\":\"https:\\\/\\\/www.ascef.com\\\/es\\\/nino-becerra-sanchez-llibre-ascef\\\/\"},\"wordCount\":386,\"commentCount\":0,\"image\":{\"@id\":\"https:\\\/\\\/www.ascef.com\\\/es\\\/nino-becerra-sanchez-llibre-ascef\\\/#primaryimage\"},\"thumbnailUrl\":\"https:\\\/\\\/www.ascef.com\\\/wp-content\\\/uploads\\\/2020\\\/10\\\/IMG-20201006-WA0007.jpg\",\"articleSection\":[\"general\"],\"inLanguage\":\"es\"},{\"@type\":\"WebPage\",\"@id\":\"https:\\\/\\\/www.ascef.com\\\/es\\\/nino-becerra-sanchez-llibre-ascef\\\/\",\"url\":\"https:\\\/\\\/www.ascef.com\\\/es\\\/nino-becerra-sanchez-llibre-ascef\\\/\",\"name\":\"Ni\u00f1o-Becerra y S\u00e1nchez-Llibre coinciden en destacar el valor de la empresa familiar y la importancia de estar atentos a las oportunidades - ASCEF\",\"isPartOf\":{\"@id\":\"https:\\\/\\\/www.ascef.com\\\/es\\\/#website\"},\"primaryImageOfPage\":{\"@id\":\"https:\\\/\\\/www.ascef.com\\\/es\\\/nino-becerra-sanchez-llibre-ascef\\\/#primaryimage\"},\"image\":{\"@id\":\"https:\\\/\\\/www.ascef.com\\\/es\\\/nino-becerra-sanchez-llibre-ascef\\\/#primaryimage\"},\"thumbnailUrl\":\"https:\\\/\\\/www.ascef.com\\\/wp-content\\\/uploads\\\/2020\\\/10\\\/IMG-20201006-WA0007.jpg\",\"datePublished\":\"2020-10-08T05:00:58+00:00\",\"dateModified\":\"2020-10-08T08:35:24+00:00\",\"author\":{\"@id\":\"https:\\\/\\\/www.ascef.com\\\/es\\\/#\\\/schema\\\/person\\\/e0bdccd3e1665871f0e79e3a50ad6b02\"},\"description\":\"Santiago Ni\u00f1o-Becerra y Josep S\u00e1nchez-Llibre participaron en la XXII Asamblea Ordinaria y Extraordinaria de la ASCEF, que se celebr\u00f3 el martes 6 de octubre.\",\"breadcrumb\":{\"@id\":\"https:\\\/\\\/www.ascef.com\\\/es\\\/nino-becerra-sanchez-llibre-ascef\\\/#breadcrumb\"},\"inLanguage\":\"es\",\"potentialAction\":[{\"@type\":\"ReadAction\",\"target\":[\"https:\\\/\\\/www.ascef.com\\\/es\\\/nino-becerra-sanchez-llibre-ascef\\\/\"]}]},{\"@type\":\"ImageObject\",\"inLanguage\":\"es\",\"@id\":\"https:\\\/\\\/www.ascef.com\\\/es\\\/nino-becerra-sanchez-llibre-ascef\\\/#primaryimage\",\"url\":\"https:\\\/\\\/www.ascef.com\\\/wp-content\\\/uploads\\\/2020\\\/10\\\/IMG-20201006-WA0007.jpg\",\"contentUrl\":\"https:\\\/\\\/www.ascef.com\\\/wp-content\\\/uploads\\\/2020\\\/10\\\/IMG-20201006-WA0007.jpg\",\"width\":1014,\"height\":590},{\"@type\":\"BreadcrumbList\",\"@id\":\"https:\\\/\\\/www.ascef.com\\\/es\\\/nino-becerra-sanchez-llibre-ascef\\\/#breadcrumb\",\"itemListElement\":[{\"@type\":\"ListItem\",\"position\":1,\"name\":\"Portada\",\"item\":\"https:\\\/\\\/www.ascef.com\\\/es\\\/\"},{\"@type\":\"ListItem\",\"position\":2,\"name\":\"Ni\u00f1o-Becerra y S\u00e1nchez-Llibre coinciden en destacar el valor de la empresa familiar y la importancia de estar atentos a las oportunidades\"}]},{\"@type\":\"WebSite\",\"@id\":\"https:\\\/\\\/www.ascef.com\\\/es\\\/#website\",\"url\":\"https:\\\/\\\/www.ascef.com\\\/es\\\/\",\"name\":\"ASCEF\",\"description\":\"Associaci\u00f3 Catalana de l\u2019Empresa Familiar\",\"potentialAction\":[{\"@type\":\"SearchAction\",\"target\":{\"@type\":\"EntryPoint\",\"urlTemplate\":\"https:\\\/\\\/www.ascef.com\\\/es\\\/?s={search_term_string}\"},\"query-input\":{\"@type\":\"PropertyValueSpecification\",\"valueRequired\":true,\"valueName\":\"search_term_string\"}}],\"inLanguage\":\"es\"},{\"@type\":\"Person\",\"@id\":\"https:\\\/\\\/www.ascef.com\\\/es\\\/#\\\/schema\\\/person\\\/e0bdccd3e1665871f0e79e3a50ad6b02\",\"name\":\"Borja Igual\",\"url\":\"https:\\\/\\\/www.ascef.com\\\/es\\\/author\\\/bigual1990mcs-com\\\/\"}]}<\/script>\n<!-- \/ Yoast SEO plugin. -->","yoast_head_json":{"title":"Ni\u00f1o-Becerra y S\u00e1nchez-Llibre coinciden en destacar el valor de la empresa familiar y la importancia de estar atentos a las oportunidades - ASCEF","description":"Santiago Ni\u00f1o-Becerra y Josep S\u00e1nchez-Llibre participaron en la XXII Asamblea Ordinaria y Extraordinaria de la ASCEF, que se celebr\u00f3 el martes 6 de octubre.","robots":{"index":"index","follow":"follow","max-snippet":"max-snippet:-1","max-image-preview":"max-image-preview:large","max-video-preview":"max-video-preview:-1"},"canonical":"https:\/\/www.ascef.com\/es\/nino-becerra-sanchez-llibre-ascef\/","og_locale":"es_ES","og_type":"article","og_title":"Ni\u00f1o-Becerra y S\u00e1nchez-Llibre coinciden en destacar el valor de la empresa familiar y la importancia de estar atentos a las oportunidades - ASCEF","og_description":"Santiago Ni\u00f1o-Becerra y Josep S\u00e1nchez-Llibre participaron en la XXII Asamblea Ordinaria y Extraordinaria de la ASCEF, que se celebr\u00f3 el martes 6 de octubre.","og_url":"https:\/\/www.ascef.com\/es\/nino-becerra-sanchez-llibre-ascef\/","og_site_name":"ASCEF","article_published_time":"2020-10-08T05:00:58+00:00","article_modified_time":"2020-10-08T08:35:24+00:00","og_image":[{"width":1014,"height":590,"url":"https:\/\/www.ascef.com\/wp-content\/uploads\/2020\/10\/IMG-20201006-WA0007.jpg","type":"image\/jpeg"}],"author":"Borja Igual","twitter_card":"summary_large_image","twitter_misc":{"Escrito por":"Borja Igual","Tiempo de lectura":"2 minutos"},"schema":{"@context":"https:\/\/schema.org","@graph":[{"@type":"Article","@id":"https:\/\/www.ascef.com\/es\/nino-becerra-sanchez-llibre-ascef\/#article","isPartOf":{"@id":"https:\/\/www.ascef.com\/es\/nino-becerra-sanchez-llibre-ascef\/"},"author":{"name":"Borja Igual","@id":"https:\/\/www.ascef.com\/es\/#\/schema\/person\/e0bdccd3e1665871f0e79e3a50ad6b02"},"headline":"Ni\u00f1o-Becerra y S\u00e1nchez-Llibre coinciden en destacar el valor de la empresa familiar y la importancia de estar atentos a las oportunidades","datePublished":"2020-10-08T05:00:58+00:00","dateModified":"2020-10-08T08:35:24+00:00","mainEntityOfPage":{"@id":"https:\/\/www.ascef.com\/es\/nino-becerra-sanchez-llibre-ascef\/"},"wordCount":386,"commentCount":0,"image":{"@id":"https:\/\/www.ascef.com\/es\/nino-becerra-sanchez-llibre-ascef\/#primaryimage"},"thumbnailUrl":"https:\/\/www.ascef.com\/wp-content\/uploads\/2020\/10\/IMG-20201006-WA0007.jpg","articleSection":["general"],"inLanguage":"es"},{"@type":"WebPage","@id":"https:\/\/www.ascef.com\/es\/nino-becerra-sanchez-llibre-ascef\/","url":"https:\/\/www.ascef.com\/es\/nino-becerra-sanchez-llibre-ascef\/","name":"Ni\u00f1o-Becerra y S\u00e1nchez-Llibre coinciden en destacar el valor de la empresa familiar y la importancia de estar atentos a las oportunidades - ASCEF","isPartOf":{"@id":"https:\/\/www.ascef.com\/es\/#website"},"primaryImageOfPage":{"@id":"https:\/\/www.ascef.com\/es\/nino-becerra-sanchez-llibre-ascef\/#primaryimage"},"image":{"@id":"https:\/\/www.ascef.com\/es\/nino-becerra-sanchez-llibre-ascef\/#primaryimage"},"thumbnailUrl":"https:\/\/www.ascef.com\/wp-content\/uploads\/2020\/10\/IMG-20201006-WA0007.jpg","datePublished":"2020-10-08T05:00:58+00:00","dateModified":"2020-10-08T08:35:24+00:00","author":{"@id":"https:\/\/www.ascef.com\/es\/#\/schema\/person\/e0bdccd3e1665871f0e79e3a50ad6b02"},"description":"Santiago Ni\u00f1o-Becerra y Josep S\u00e1nchez-Llibre participaron en la XXII Asamblea Ordinaria y Extraordinaria de la ASCEF, que se celebr\u00f3 el martes 6 de octubre.","breadcrumb":{"@id":"https:\/\/www.ascef.com\/es\/nino-becerra-sanchez-llibre-ascef\/#breadcrumb"},"inLanguage":"es","potentialAction":[{"@type":"ReadAction","target":["https:\/\/www.ascef.com\/es\/nino-becerra-sanchez-llibre-ascef\/"]}]},{"@type":"ImageObject","inLanguage":"es","@id":"https:\/\/www.ascef.com\/es\/nino-becerra-sanchez-llibre-ascef\/#primaryimage","url":"https:\/\/www.ascef.com\/wp-content\/uploads\/2020\/10\/IMG-20201006-WA0007.jpg","contentUrl":"https:\/\/www.ascef.com\/wp-content\/uploads\/2020\/10\/IMG-20201006-WA0007.jpg","width":1014,"height":590},{"@type":"BreadcrumbList","@id":"https:\/\/www.ascef.com\/es\/nino-becerra-sanchez-llibre-ascef\/#breadcrumb","itemListElement":[{"@type":"ListItem","position":1,"name":"Portada","item":"https:\/\/www.ascef.com\/es\/"},{"@type":"ListItem","position":2,"name":"Ni\u00f1o-Becerra y S\u00e1nchez-Llibre coinciden en destacar el valor de la empresa familiar y la importancia de estar atentos a las oportunidades"}]},{"@type":"WebSite","@id":"https:\/\/www.ascef.com\/es\/#website","url":"https:\/\/www.ascef.com\/es\/","name":"ASCEF","description":"Associaci\u00f3 Catalana de l\u2019Empresa Familiar","potentialAction":[{"@type":"SearchAction","target":{"@type":"EntryPoint","urlTemplate":"https:\/\/www.ascef.com\/es\/?s={search_term_string}"},"query-input":{"@type":"PropertyValueSpecification","valueRequired":true,"valueName":"search_term_string"}}],"inLanguage":"es"},{"@type":"Person","@id":"https:\/\/www.ascef.com\/es\/#\/schema\/person\/e0bdccd3e1665871f0e79e3a50ad6b02","name":"Borja Igual","url":"https:\/\/www.ascef.com\/es\/author\/bigual1990mcs-com\/"}]}},"_links":{"self":[{"href":"https:\/\/www.ascef.com\/es\/wp-json\/wp\/v2\/posts\/2311","targetHints":{"allow":["GET"]}}],"collection":[{"href":"https:\/\/www.ascef.com\/es\/wp-json\/wp\/v2\/posts"}],"about":[{"href":"https:\/\/www.ascef.com\/es\/wp-json\/wp\/v2\/types\/post"}],"author":[{"embeddable":true,"href":"https:\/\/www.ascef.com\/es\/wp-json\/wp\/v2\/users\/292"}],"replies":[{"embeddable":true,"href":"https:\/\/www.ascef.com\/es\/wp-json\/wp\/v2\/comments?post=2311"}],"version-history":[{"count":3,"href":"https:\/\/www.ascef.com\/es\/wp-json\/wp\/v2\/posts\/2311\/revisions"}],"predecessor-version":[{"id":2369,"href":"https:\/\/www.ascef.com\/es\/wp-json\/wp\/v2\/posts\/2311\/revisions\/2369"}],"wp:featuredmedia":[{"embeddable":true,"href":"https:\/\/www.ascef.com\/es\/wp-json\/wp\/v2\/media\/2303"}],"wp:attachment":[{"href":"https:\/\/www.ascef.com\/es\/wp-json\/wp\/v2\/media?parent=2311"}],"wp:term":[{"taxonomy":"category","embeddable":true,"href":"https:\/\/www.ascef.com\/es\/wp-json\/wp\/v2\/categories?post=2311"},{"taxonomy":"post_tag","embeddable":true,"href":"https:\/\/www.ascef.com\/es\/wp-json\/wp\/v2\/tags?post=2311"}],"curies":[{"name":"wp","href":"https:\/\/api.w.org\/{rel}","templated":true}]}}