{"id":2289,"date":"2020-10-07T11:20:26","date_gmt":"2020-10-07T11:20:26","guid":{"rendered":"https:\/\/www.ascef.com\/?p=2289"},"modified":"2020-10-16T13:02:46","modified_gmt":"2020-10-16T13:02:46","slug":"junta-directiva-ascef-renovacion","status":"publish","type":"post","link":"https:\/\/www.ascef.com\/es\/junta-directiva-ascef-renovacion\/","title":{"rendered":"La Junta Directiva de ASCEF se renueva"},"content":{"rendered":"<p>La <u><a href=\"https:\/\/www.ascef.com\/es\/\" target=\"_blank\" rel=\"noopener noreferrer\"><strong>Asociaci\u00f3n Catalana de la Empresa Familiar (ASCEF)<\/strong><\/a><\/u> anunci\u00f3 a lo largo de la celebraci\u00f3n de la <strong>XXII Asamblea Ordinaria y Extraordinaria<\/strong> celebrada ayer martes la renovaci\u00f3n de su Junta Directiva, con la incorporaci\u00f3n de cinco asociados para substituir a cuatro miembros que dejan el \u00f3rgano de gobierno de la entidad. A la vez, tambi\u00e9n se anunci\u00f3 un cambio en la presidencia del Comit\u00e9 Ejecutivo del <u><a href=\"https:\/\/www.ascef.com\/es\/ascef\/quien-somos\/\" target=\"_blank\" rel=\"noopener noreferrer\"><strong>F\u00f3rum de ASCEF<\/strong><\/a><\/u>, el grupo que aglutina a los j\u00f3venes integrantes de las familias empresarias.<\/p>\n<p>Siguiendo los Estatutos de la asociaci\u00f3n, cada tres a\u00f1os se renueva la Junta Directiva. <strong>Amadeu Jori, en representaci\u00f3n de Jori Armengol &amp; Associats, mantiene la presidencia<\/strong> del \u00f3rgano de gobierno de ASCEF, donde a partir de ahora se suman <strong>Ricard Aubert<\/strong>, en nombre de Simon Holding, <strong>Ignasi Botet<\/strong>, en representaci\u00f3n de Caboel, <strong>Albert Campabadal<\/strong>, en nombre de Grupo Sifu, <strong>Diana Ganduxer<\/strong>, por parte de Grup Bonanova y <strong>Eva Lluch<\/strong>, representante de Lluch Essence. Los cinco tienen el cargo de vocales de la Junta.<\/p>\n<p>Los miembros salientes de la Junta Directiva son <strong>Immaculada Amat<\/strong>, por parte de Amat Immobiliaris, <strong>Antoni Cammany<\/strong>, en representaci\u00f3n de EPI \u2013 Industries Family of Companies, <strong>Jes\u00fas Mora<\/strong>, en nombre de JEMI, y <strong>Jordi Torres<\/strong>, representante de Santiveri. Desde ASCEF les agradecemos a todos su dedicaci\u00f3n y trabajo realizado durante los \u00faltimos a\u00f1os en representaci\u00f3n de los socios como miembros de la Junta Directiva.<\/p>\n<p>Con los nuevos cambios, la composici\u00f3n de la Junta Directiva es la siguiente:<\/p>\n<ul>\n<li>Presidente:<br \/>\n<a href=\"https:\/\/www.joriarmengol.com\/es\" target=\"_blank\" rel=\"noopener noreferrer\"><u><strong>JORI ARMENGOL &amp; ASSOCIATS<\/strong><\/u><\/a>, representada por Amadeu Jordi Armengol.<\/li>\n<li>Presidente Honorario:<br \/>\n<a href=\"https:\/\/www.almirall.es\/\" target=\"_blank\" rel=\"noopener noreferrer\"><u><strong>ALMIRALL, S.A.<\/strong><\/u><\/a>, representada por Antoni Gallardo Ballart.<\/li>\n<li>Membro Honorari:<br \/>\n<a href=\"https:\/\/www.leti.com\/es\" target=\"_blank\" rel=\"noopener noreferrer\"><u><strong>LABORATORIOS LETI<\/strong><\/u><\/a>, representada por Jaime Grego.<\/li>\n<li>Vicepresidentes:<br \/>\n<a href=\"http:\/\/www.coemba.com\/index.php?l=es&amp;pag=legal\" target=\"_blank\" rel=\"noopener noreferrer\"><u><strong>CORPORACI\u00d3N EMPRESARIAL BARCELONESA, S.A.<\/strong><\/u><\/a>, representada por Javier Riera-Mars\u00e1 Bonmat\u00ed<br \/>\n<a href=\"https:\/\/www.mtg.es\/es\/index.php\" target=\"_blank\" rel=\"noopener noreferrer\"><u><strong>METALOGENIA, S.A.<\/strong><\/u><\/a>, representada por Isabel Triginer Casta\u00f1\u00e9.<\/li>\n<li>Secretario:<br \/>\n<a href=\"https:\/\/www.alsina.com\/\" target=\"_blank\" rel=\"noopener noreferrer\"><u><strong>ENCOFRADOS J. ALSINA, S.A.<\/strong><\/u><\/a>, representada por Jaume Alsina Casalduero.<\/li>\n<li>Vocales:<br \/>\n<a href=\"https:\/\/caboel.es\/\" target=\"_blank\" rel=\"noopener noreferrer\"><u><strong>CABOEL, S.L.<\/strong><\/u><\/a>, representada por Ignasi Botet Cort\u00e9s<br \/>\n<a href=\"https:\/\/grupbonanova.com\/\" target=\"_blank\" rel=\"noopener noreferrer\"><u><strong>GRUP BONANOVA<\/strong><\/u><\/a>, representada por Diana Ganduxer Valldeperas<br \/>\n<a href=\"https:\/\/www.sagales.com\/es\" target=\"_blank\" rel=\"noopener noreferrer\"><u><strong>EMPRESA SAGAL\u00c9S, S.A.<\/strong><\/u><\/a>, representada por Ram\u00f3n Sagal\u00e9s Orteu<br \/>\n<a href=\"https:\/\/www.frapont.es\/\" target=\"_blank\" rel=\"noopener noreferrer\"><u><strong>FRAPONT, S.A.<\/strong><\/u><\/a>, representada por Francisco Pont Sanz<br \/>\n<u><strong><a href=\"https:\/\/www.gruposifu.com\/\" target=\"_blank\" rel=\"noopener noreferrer\">GRUPO SIFU, S.L<\/a>.<\/strong><\/u> representada por Albert Campabadal Blanco<br \/>\n<a href=\"https:\/\/www.lafarga.es\/es\/\" target=\"_blank\" rel=\"noopener noreferrer\"><u><strong>LA FARGA, S.A.<\/strong><\/u><\/a>, representada por Ana Fisas Armengol<br \/>\n<a href=\"http:\/\/www.lluche.com\/es\/Pages\/inicio.aspx\" target=\"_blank\" rel=\"noopener noreferrer\"><u><strong>LLUCH ESSENCE, S.L.<\/strong><\/u><\/a>, representada por Eva Lluch Saunier<br \/>\n<a href=\"http:\/\/www.gruporomeu.com\/\" target=\"_blank\" rel=\"noopener noreferrer\"><u><strong>ROMINVEST, S.L.<\/strong><\/u><\/a>, representada por M\u00edriam F\u00e0bregas Romeu<br \/>\n<a href=\"https:\/\/7portes.com\/es\/\" target=\"_blank\" rel=\"noopener noreferrer\"><u><strong>7 PORTES, S.A.<\/strong><\/u><\/a>. representada por Francisco Sol\u00e9 Parellada<br \/>\n<a href=\"https:\/\/www.simonelectric.com\/corporate\" target=\"_blank\" rel=\"noopener noreferrer\"><u><strong>SIM\u00d3N HOLDING<\/strong><\/u><\/a>, representada por Ricard Aubert Simon<br \/>\n<u><strong>WAVIP GROUP, S.L.<\/strong><\/u>, representada por Pedro Knuth Schultheis<\/li>\n<\/ul>\n<p>Por su parte, tambi\u00e9n durante la Asamblea Ordinaria y Extraordinaria se anunci\u00f3 el cambio de presidencia en el Comit\u00e9 Ejecutivo del F\u00f3rum de ASCEF: <strong>Ricard Oller sustituye a Albert Campabadal<\/strong>, que se mantiene dentro del \u00f3rgano de direcci\u00f3n que aglutina a los j\u00f3venes de entre 18 y 45 a\u00f1os de las familias empresarias catalanas.<\/p>\n<p>El resto de miembros del Comit\u00e9 Ejecutivo del F\u00f3rum son Carlos Alsina, Albert Borr\u00e0s, Olga Carb\u00f3, Anna Guix\u00e0, Marc Morillas, M\u00edriam Pujol, Guillermo Vidal y Juan Enrique Yxart Romeu.<\/p>\n","protected":false},"excerpt":{"rendered":"<p>La Asociaci\u00f3n Catalana de la Empresa Familiar (ASCEF) anunci\u00f3 a lo largo de la celebraci\u00f3n de la XXII Asamblea Ordinaria y Extraordinaria celebrada ayer martes la renovaci\u00f3n de su Junta Directiva, con la incorporaci\u00f3n de cinco asociados para substituir a cuatro miembros que dejan el \u00f3rgano de gobierno de la entidad. A la vez, tambi\u00e9n [&hellip;]<\/p>\n","protected":false},"author":292,"featured_media":2281,"comment_status":"open","ping_status":"closed","sticky":false,"template":"","format":"standard","meta":{"_acf_changed":false,"footnotes":""},"categories":[185],"tags":[],"class_list":["post-2289","post","type-post","status-publish","format-standard","has-post-thumbnail","hentry","category-general"],"acf":[],"yoast_head":"<!-- This site is optimized with the Yoast SEO plugin v27.5 - https:\/\/yoast.com\/product\/yoast-seo-wordpress\/ -->\n<title>La Junta Directiva de ASCEF se renueva - ASCEF<\/title>\n<meta name=\"description\" content=\"Durante la celebraci\u00f3n de la XXII Asamblea Ordinaria y Extraordinaria de ASCEF se anunci\u00f3 la renovaci\u00f3n de la Junta Directiva, con cinco nuevos miembros.\" \/>\n<meta name=\"robots\" content=\"index, follow, max-snippet:-1, max-image-preview:large, max-video-preview:-1\" \/>\n<link rel=\"canonical\" href=\"https:\/\/www.ascef.com\/es\/junta-directiva-ascef-renovacion\/\" \/>\n<meta property=\"og:locale\" content=\"es_ES\" \/>\n<meta property=\"og:type\" content=\"article\" \/>\n<meta property=\"og:title\" content=\"La Junta Directiva de ASCEF se renueva - ASCEF\" \/>\n<meta property=\"og:description\" content=\"Durante la celebraci\u00f3n de la XXII Asamblea Ordinaria y Extraordinaria de ASCEF se anunci\u00f3 la renovaci\u00f3n de la Junta Directiva, con cinco nuevos miembros.\" \/>\n<meta property=\"og:url\" content=\"https:\/\/www.ascef.com\/es\/junta-directiva-ascef-renovacion\/\" \/>\n<meta property=\"og:site_name\" content=\"ASCEF\" \/>\n<meta property=\"article:published_time\" content=\"2020-10-07T11:20:26+00:00\" \/>\n<meta property=\"article:modified_time\" content=\"2020-10-16T13:02:46+00:00\" \/>\n<meta property=\"og:image\" content=\"https:\/\/www.ascef.com\/wp-content\/uploads\/2020\/10\/nousmembres_JD.jpg\" \/>\n\t<meta property=\"og:image:width\" content=\"2480\" \/>\n\t<meta property=\"og:image:height\" content=\"1546\" \/>\n\t<meta property=\"og:image:type\" content=\"image\/jpeg\" \/>\n<meta name=\"author\" content=\"Borja Igual\" \/>\n<meta name=\"twitter:card\" content=\"summary_large_image\" \/>\n<meta name=\"twitter:label1\" content=\"Escrito por\" \/>\n\t<meta name=\"twitter:data1\" content=\"Borja Igual\" \/>\n\t<meta name=\"twitter:label2\" content=\"Tiempo de lectura\" \/>\n\t<meta name=\"twitter:data2\" content=\"3 minutos\" \/>\n<script type=\"application\/ld+json\" class=\"yoast-schema-graph\">{\"@context\":\"https:\\\/\\\/schema.org\",\"@graph\":[{\"@type\":\"Article\",\"@id\":\"https:\\\/\\\/www.ascef.com\\\/es\\\/junta-directiva-ascef-renovacion\\\/#article\",\"isPartOf\":{\"@id\":\"https:\\\/\\\/www.ascef.com\\\/es\\\/junta-directiva-ascef-renovacion\\\/\"},\"author\":{\"name\":\"Borja Igual\",\"@id\":\"https:\\\/\\\/www.ascef.com\\\/es\\\/#\\\/schema\\\/person\\\/e0bdccd3e1665871f0e79e3a50ad6b02\"},\"headline\":\"La Junta Directiva de ASCEF se renueva\",\"datePublished\":\"2020-10-07T11:20:26+00:00\",\"dateModified\":\"2020-10-16T13:02:46+00:00\",\"mainEntityOfPage\":{\"@id\":\"https:\\\/\\\/www.ascef.com\\\/es\\\/junta-directiva-ascef-renovacion\\\/\"},\"wordCount\":511,\"commentCount\":0,\"image\":{\"@id\":\"https:\\\/\\\/www.ascef.com\\\/es\\\/junta-directiva-ascef-renovacion\\\/#primaryimage\"},\"thumbnailUrl\":\"https:\\\/\\\/www.ascef.com\\\/wp-content\\\/uploads\\\/2020\\\/10\\\/nousmembres_JD.jpg\",\"articleSection\":[\"general\"],\"inLanguage\":\"es\"},{\"@type\":\"WebPage\",\"@id\":\"https:\\\/\\\/www.ascef.com\\\/es\\\/junta-directiva-ascef-renovacion\\\/\",\"url\":\"https:\\\/\\\/www.ascef.com\\\/es\\\/junta-directiva-ascef-renovacion\\\/\",\"name\":\"La Junta Directiva de ASCEF se renueva - ASCEF\",\"isPartOf\":{\"@id\":\"https:\\\/\\\/www.ascef.com\\\/es\\\/#website\"},\"primaryImageOfPage\":{\"@id\":\"https:\\\/\\\/www.ascef.com\\\/es\\\/junta-directiva-ascef-renovacion\\\/#primaryimage\"},\"image\":{\"@id\":\"https:\\\/\\\/www.ascef.com\\\/es\\\/junta-directiva-ascef-renovacion\\\/#primaryimage\"},\"thumbnailUrl\":\"https:\\\/\\\/www.ascef.com\\\/wp-content\\\/uploads\\\/2020\\\/10\\\/nousmembres_JD.jpg\",\"datePublished\":\"2020-10-07T11:20:26+00:00\",\"dateModified\":\"2020-10-16T13:02:46+00:00\",\"author\":{\"@id\":\"https:\\\/\\\/www.ascef.com\\\/es\\\/#\\\/schema\\\/person\\\/e0bdccd3e1665871f0e79e3a50ad6b02\"},\"description\":\"Durante la celebraci\u00f3n de la XXII Asamblea Ordinaria y Extraordinaria de ASCEF se anunci\u00f3 la renovaci\u00f3n de la Junta Directiva, con cinco nuevos miembros.\",\"breadcrumb\":{\"@id\":\"https:\\\/\\\/www.ascef.com\\\/es\\\/junta-directiva-ascef-renovacion\\\/#breadcrumb\"},\"inLanguage\":\"es\",\"potentialAction\":[{\"@type\":\"ReadAction\",\"target\":[\"https:\\\/\\\/www.ascef.com\\\/es\\\/junta-directiva-ascef-renovacion\\\/\"]}]},{\"@type\":\"ImageObject\",\"inLanguage\":\"es\",\"@id\":\"https:\\\/\\\/www.ascef.com\\\/es\\\/junta-directiva-ascef-renovacion\\\/#primaryimage\",\"url\":\"https:\\\/\\\/www.ascef.com\\\/wp-content\\\/uploads\\\/2020\\\/10\\\/nousmembres_JD.jpg\",\"contentUrl\":\"https:\\\/\\\/www.ascef.com\\\/wp-content\\\/uploads\\\/2020\\\/10\\\/nousmembres_JD.jpg\",\"width\":2480,\"height\":1546,\"caption\":\"Els nous membres de la Junta Directiva\"},{\"@type\":\"BreadcrumbList\",\"@id\":\"https:\\\/\\\/www.ascef.com\\\/es\\\/junta-directiva-ascef-renovacion\\\/#breadcrumb\",\"itemListElement\":[{\"@type\":\"ListItem\",\"position\":1,\"name\":\"Portada\",\"item\":\"https:\\\/\\\/www.ascef.com\\\/es\\\/\"},{\"@type\":\"ListItem\",\"position\":2,\"name\":\"La Junta Directiva de ASCEF se renueva\"}]},{\"@type\":\"WebSite\",\"@id\":\"https:\\\/\\\/www.ascef.com\\\/es\\\/#website\",\"url\":\"https:\\\/\\\/www.ascef.com\\\/es\\\/\",\"name\":\"ASCEF\",\"description\":\"Associaci\u00f3 Catalana de l\u2019Empresa Familiar\",\"potentialAction\":[{\"@type\":\"SearchAction\",\"target\":{\"@type\":\"EntryPoint\",\"urlTemplate\":\"https:\\\/\\\/www.ascef.com\\\/es\\\/?s={search_term_string}\"},\"query-input\":{\"@type\":\"PropertyValueSpecification\",\"valueRequired\":true,\"valueName\":\"search_term_string\"}}],\"inLanguage\":\"es\"},{\"@type\":\"Person\",\"@id\":\"https:\\\/\\\/www.ascef.com\\\/es\\\/#\\\/schema\\\/person\\\/e0bdccd3e1665871f0e79e3a50ad6b02\",\"name\":\"Borja Igual\",\"url\":\"https:\\\/\\\/www.ascef.com\\\/es\\\/author\\\/bigual1990mcs-com\\\/\"}]}<\/script>\n<!-- \/ Yoast SEO plugin. -->","yoast_head_json":{"title":"La Junta Directiva de ASCEF se renueva - ASCEF","description":"Durante la celebraci\u00f3n de la XXII Asamblea Ordinaria y Extraordinaria de ASCEF se anunci\u00f3 la renovaci\u00f3n de la Junta Directiva, con cinco nuevos miembros.","robots":{"index":"index","follow":"follow","max-snippet":"max-snippet:-1","max-image-preview":"max-image-preview:large","max-video-preview":"max-video-preview:-1"},"canonical":"https:\/\/www.ascef.com\/es\/junta-directiva-ascef-renovacion\/","og_locale":"es_ES","og_type":"article","og_title":"La Junta Directiva de ASCEF se renueva - ASCEF","og_description":"Durante la celebraci\u00f3n de la XXII Asamblea Ordinaria y Extraordinaria de ASCEF se anunci\u00f3 la renovaci\u00f3n de la Junta Directiva, con cinco nuevos miembros.","og_url":"https:\/\/www.ascef.com\/es\/junta-directiva-ascef-renovacion\/","og_site_name":"ASCEF","article_published_time":"2020-10-07T11:20:26+00:00","article_modified_time":"2020-10-16T13:02:46+00:00","og_image":[{"width":2480,"height":1546,"url":"https:\/\/www.ascef.com\/wp-content\/uploads\/2020\/10\/nousmembres_JD.jpg","type":"image\/jpeg"}],"author":"Borja Igual","twitter_card":"summary_large_image","twitter_misc":{"Escrito por":"Borja Igual","Tiempo de lectura":"3 minutos"},"schema":{"@context":"https:\/\/schema.org","@graph":[{"@type":"Article","@id":"https:\/\/www.ascef.com\/es\/junta-directiva-ascef-renovacion\/#article","isPartOf":{"@id":"https:\/\/www.ascef.com\/es\/junta-directiva-ascef-renovacion\/"},"author":{"name":"Borja Igual","@id":"https:\/\/www.ascef.com\/es\/#\/schema\/person\/e0bdccd3e1665871f0e79e3a50ad6b02"},"headline":"La Junta Directiva de ASCEF se renueva","datePublished":"2020-10-07T11:20:26+00:00","dateModified":"2020-10-16T13:02:46+00:00","mainEntityOfPage":{"@id":"https:\/\/www.ascef.com\/es\/junta-directiva-ascef-renovacion\/"},"wordCount":511,"commentCount":0,"image":{"@id":"https:\/\/www.ascef.com\/es\/junta-directiva-ascef-renovacion\/#primaryimage"},"thumbnailUrl":"https:\/\/www.ascef.com\/wp-content\/uploads\/2020\/10\/nousmembres_JD.jpg","articleSection":["general"],"inLanguage":"es"},{"@type":"WebPage","@id":"https:\/\/www.ascef.com\/es\/junta-directiva-ascef-renovacion\/","url":"https:\/\/www.ascef.com\/es\/junta-directiva-ascef-renovacion\/","name":"La Junta Directiva de ASCEF se renueva - ASCEF","isPartOf":{"@id":"https:\/\/www.ascef.com\/es\/#website"},"primaryImageOfPage":{"@id":"https:\/\/www.ascef.com\/es\/junta-directiva-ascef-renovacion\/#primaryimage"},"image":{"@id":"https:\/\/www.ascef.com\/es\/junta-directiva-ascef-renovacion\/#primaryimage"},"thumbnailUrl":"https:\/\/www.ascef.com\/wp-content\/uploads\/2020\/10\/nousmembres_JD.jpg","datePublished":"2020-10-07T11:20:26+00:00","dateModified":"2020-10-16T13:02:46+00:00","author":{"@id":"https:\/\/www.ascef.com\/es\/#\/schema\/person\/e0bdccd3e1665871f0e79e3a50ad6b02"},"description":"Durante la celebraci\u00f3n de la XXII Asamblea Ordinaria y Extraordinaria de ASCEF se anunci\u00f3 la renovaci\u00f3n de la Junta Directiva, con cinco nuevos miembros.","breadcrumb":{"@id":"https:\/\/www.ascef.com\/es\/junta-directiva-ascef-renovacion\/#breadcrumb"},"inLanguage":"es","potentialAction":[{"@type":"ReadAction","target":["https:\/\/www.ascef.com\/es\/junta-directiva-ascef-renovacion\/"]}]},{"@type":"ImageObject","inLanguage":"es","@id":"https:\/\/www.ascef.com\/es\/junta-directiva-ascef-renovacion\/#primaryimage","url":"https:\/\/www.ascef.com\/wp-content\/uploads\/2020\/10\/nousmembres_JD.jpg","contentUrl":"https:\/\/www.ascef.com\/wp-content\/uploads\/2020\/10\/nousmembres_JD.jpg","width":2480,"height":1546,"caption":"Els nous membres de la Junta Directiva"},{"@type":"BreadcrumbList","@id":"https:\/\/www.ascef.com\/es\/junta-directiva-ascef-renovacion\/#breadcrumb","itemListElement":[{"@type":"ListItem","position":1,"name":"Portada","item":"https:\/\/www.ascef.com\/es\/"},{"@type":"ListItem","position":2,"name":"La Junta Directiva de ASCEF se renueva"}]},{"@type":"WebSite","@id":"https:\/\/www.ascef.com\/es\/#website","url":"https:\/\/www.ascef.com\/es\/","name":"ASCEF","description":"Associaci\u00f3 Catalana de l\u2019Empresa Familiar","potentialAction":[{"@type":"SearchAction","target":{"@type":"EntryPoint","urlTemplate":"https:\/\/www.ascef.com\/es\/?s={search_term_string}"},"query-input":{"@type":"PropertyValueSpecification","valueRequired":true,"valueName":"search_term_string"}}],"inLanguage":"es"},{"@type":"Person","@id":"https:\/\/www.ascef.com\/es\/#\/schema\/person\/e0bdccd3e1665871f0e79e3a50ad6b02","name":"Borja Igual","url":"https:\/\/www.ascef.com\/es\/author\/bigual1990mcs-com\/"}]}},"_links":{"self":[{"href":"https:\/\/www.ascef.com\/es\/wp-json\/wp\/v2\/posts\/2289","targetHints":{"allow":["GET"]}}],"collection":[{"href":"https:\/\/www.ascef.com\/es\/wp-json\/wp\/v2\/posts"}],"about":[{"href":"https:\/\/www.ascef.com\/es\/wp-json\/wp\/v2\/types\/post"}],"author":[{"embeddable":true,"href":"https:\/\/www.ascef.com\/es\/wp-json\/wp\/v2\/users\/292"}],"replies":[{"embeddable":true,"href":"https:\/\/www.ascef.com\/es\/wp-json\/wp\/v2\/comments?post=2289"}],"version-history":[{"count":5,"href":"https:\/\/www.ascef.com\/es\/wp-json\/wp\/v2\/posts\/2289\/revisions"}],"predecessor-version":[{"id":2402,"href":"https:\/\/www.ascef.com\/es\/wp-json\/wp\/v2\/posts\/2289\/revisions\/2402"}],"wp:featuredmedia":[{"embeddable":true,"href":"https:\/\/www.ascef.com\/es\/wp-json\/wp\/v2\/media\/2281"}],"wp:attachment":[{"href":"https:\/\/www.ascef.com\/es\/wp-json\/wp\/v2\/media?parent=2289"}],"wp:term":[{"taxonomy":"category","embeddable":true,"href":"https:\/\/www.ascef.com\/es\/wp-json\/wp\/v2\/categories?post=2289"},{"taxonomy":"post_tag","embeddable":true,"href":"https:\/\/www.ascef.com\/es\/wp-json\/wp\/v2\/tags?post=2289"}],"curies":[{"name":"wp","href":"https:\/\/api.w.org\/{rel}","templated":true}]}}