{"id":2240,"date":"2020-09-29T08:33:08","date_gmt":"2020-09-29T08:33:08","guid":{"rendered":"https:\/\/www.ascef.com\/?p=2240"},"modified":"2020-09-29T08:33:08","modified_gmt":"2020-09-29T08:33:08","slug":"ana-fisas-perseverancia-decision-energia-cualidades-mujeres","status":"publish","type":"post","link":"https:\/\/www.ascef.com\/es\/ana-fisas-perseverancia-decision-energia-cualidades-mujeres\/","title":{"rendered":"Ana Fisas: \u201cLa situaci\u00f3n actual requiere perseverancia, decisi\u00f3n y energ\u00eda, tres cualidades que tenemos las mujeres\u201d"},"content":{"rendered":"<p>La nueva normalidad y la segunda ola de la pandemia requieren que el tejido empresarial sea capaz de adaptarse y reaccionar seg\u00fan la evoluci\u00f3n de los eventos. Para Ana Fisas, presidenta del grupo \u00ab<u><a href=\"https:\/\/www.ascef.com\/es\/ascef\/quien-somos\/\" target=\"_blank\" rel=\"noopener noreferrer\"><strong><em>Vamos a Compartir<\/em><\/strong><\/a><\/u>\u00ab, integrado por 30 empresarias y que forma parte de la <u><a href=\"https:\/\/www.ascef.com\/es\/\" target=\"_blank\" rel=\"noopener noreferrer\"><strong>Asociaci\u00f3n Catalana de la Empresa Familiar (ASCEF)<\/strong><\/a><\/u>, el hecho que cada vez haya m\u00e1s mujeres en posiciones directivas es uno valor diferencial para muchas empresas \u00ab<em>ya que <strong>la situaci\u00f3n actual requiere decisi\u00f3n, perseverancia y mucha energ\u00eda, tres cualidades que tenemos las mujeres<\/strong><\/em>\u00ab.<\/p>\n<p>En esta nueva realidad, es importante facilitar la conciliaci\u00f3n laboral tanto para los hombres como para las mujeres con medidas enfocadas a la flexibilidad de los horarios y de la presencia f\u00edsica en las instalaciones de las empresas, \u00ab<em>pero para hacerlo posible <strong>se requiere sensibilidad por parte del empresario<\/strong>, que ha de facilitar estas medidas, y tambi\u00e9n <strong>responsabilidad individual y compromiso por parte del trabajador<\/strong><\/em>\u00ab.<\/p>\n<p>Para Ana Fisas, la sociedad en la que vivimos \u00ab<em>es una sociedad abierta y comprometida<\/em>\u00ab, aunque a\u00fan queda mucho por hacer en el \u00e1mbito de la igualdad de g\u00e9nero, el acceso a un trabajo digno o la pobreza, entre otros problemas.<\/p>\n<p>El grupo \u00ab<em>Vamos a Compartir\u00bb<\/em>\u00a0se ocupa de impulsar el debate sobre temas relacionados con la justicia social y el empoderamiento de la mujer.<\/p>\n","protected":false},"excerpt":{"rendered":"<p>La nueva normalidad y la segunda ola de la pandemia requieren que el tejido empresarial sea capaz de adaptarse y reaccionar seg\u00fan la evoluci\u00f3n de los eventos. Para Ana Fisas, presidenta del grupo \u00abVamos a Compartir\u00ab, integrado por 30 empresarias y que forma parte de la Asociaci\u00f3n Catalana de la Empresa Familiar (ASCEF), el hecho [&hellip;]<\/p>\n","protected":false},"author":292,"featured_media":2237,"comment_status":"open","ping_status":"open","sticky":false,"template":"","format":"standard","meta":{"_acf_changed":false,"footnotes":""},"categories":[185],"tags":[],"class_list":["post-2240","post","type-post","status-publish","format-standard","has-post-thumbnail","hentry","category-general"],"acf":[],"yoast_head":"<!-- This site is optimized with the Yoast SEO plugin v27.5 - https:\/\/yoast.com\/product\/yoast-seo-wordpress\/ -->\n<title>Ana Fisas: \u201cLa situaci\u00f3n actual requiere perseverancia, decisi\u00f3n y energ\u00eda, tres cualidades que tenemos las mujeres\u201d - ASCEF<\/title>\n<meta name=\"description\" content=\"La presidenta del grupo de ASCEF &quot;Vamos a Compartir&quot;, Ana Fisas, habla sobre la situaci\u00f3n actual, la seguinda ola de la Covid-19 y el papel de la mujer.\" \/>\n<meta name=\"robots\" content=\"index, follow, max-snippet:-1, max-image-preview:large, max-video-preview:-1\" \/>\n<link rel=\"canonical\" href=\"https:\/\/www.ascef.com\/es\/ana-fisas-perseverancia-decision-energia-cualidades-mujeres\/\" \/>\n<meta property=\"og:locale\" content=\"es_ES\" \/>\n<meta property=\"og:type\" content=\"article\" \/>\n<meta property=\"og:title\" content=\"Ana Fisas: \u201cLa situaci\u00f3n actual requiere perseverancia, decisi\u00f3n y energ\u00eda, tres cualidades que tenemos las mujeres\u201d - ASCEF\" \/>\n<meta property=\"og:description\" content=\"La presidenta del grupo de ASCEF &quot;Vamos a Compartir&quot;, Ana Fisas, habla sobre la situaci\u00f3n actual, la seguinda ola de la Covid-19 y el papel de la mujer.\" \/>\n<meta property=\"og:url\" content=\"https:\/\/www.ascef.com\/es\/ana-fisas-perseverancia-decision-energia-cualidades-mujeres\/\" \/>\n<meta property=\"og:site_name\" content=\"ASCEF\" \/>\n<meta property=\"article:published_time\" content=\"2020-09-29T08:33:08+00:00\" \/>\n<meta property=\"og:image\" content=\"https:\/\/www.ascef.com\/wp-content\/uploads\/2020\/09\/DSC_7246.jpg\" \/>\n\t<meta property=\"og:image:width\" content=\"1800\" \/>\n\t<meta property=\"og:image:height\" content=\"1197\" \/>\n\t<meta property=\"og:image:type\" content=\"image\/jpeg\" \/>\n<meta name=\"author\" content=\"Borja Igual\" \/>\n<meta name=\"twitter:card\" content=\"summary_large_image\" \/>\n<meta name=\"twitter:label1\" content=\"Escrito por\" \/>\n\t<meta name=\"twitter:data1\" content=\"Borja Igual\" \/>\n\t<meta name=\"twitter:label2\" content=\"Tiempo de lectura\" \/>\n\t<meta name=\"twitter:data2\" content=\"1 minuto\" \/>\n<script type=\"application\/ld+json\" class=\"yoast-schema-graph\">{\"@context\":\"https:\\\/\\\/schema.org\",\"@graph\":[{\"@type\":\"Article\",\"@id\":\"https:\\\/\\\/www.ascef.com\\\/es\\\/ana-fisas-perseverancia-decision-energia-cualidades-mujeres\\\/#article\",\"isPartOf\":{\"@id\":\"https:\\\/\\\/www.ascef.com\\\/es\\\/ana-fisas-perseverancia-decision-energia-cualidades-mujeres\\\/\"},\"author\":{\"name\":\"Borja Igual\",\"@id\":\"https:\\\/\\\/www.ascef.com\\\/es\\\/#\\\/schema\\\/person\\\/e0bdccd3e1665871f0e79e3a50ad6b02\"},\"headline\":\"Ana Fisas: \u201cLa situaci\u00f3n actual requiere perseverancia, decisi\u00f3n y energ\u00eda, tres cualidades que tenemos las mujeres\u201d\",\"datePublished\":\"2020-09-29T08:33:08+00:00\",\"mainEntityOfPage\":{\"@id\":\"https:\\\/\\\/www.ascef.com\\\/es\\\/ana-fisas-perseverancia-decision-energia-cualidades-mujeres\\\/\"},\"wordCount\":248,\"commentCount\":0,\"image\":{\"@id\":\"https:\\\/\\\/www.ascef.com\\\/es\\\/ana-fisas-perseverancia-decision-energia-cualidades-mujeres\\\/#primaryimage\"},\"thumbnailUrl\":\"https:\\\/\\\/www.ascef.com\\\/wp-content\\\/uploads\\\/2020\\\/09\\\/DSC_7246.jpg\",\"articleSection\":[\"general\"],\"inLanguage\":\"es\"},{\"@type\":\"WebPage\",\"@id\":\"https:\\\/\\\/www.ascef.com\\\/es\\\/ana-fisas-perseverancia-decision-energia-cualidades-mujeres\\\/\",\"url\":\"https:\\\/\\\/www.ascef.com\\\/es\\\/ana-fisas-perseverancia-decision-energia-cualidades-mujeres\\\/\",\"name\":\"Ana Fisas: \u201cLa situaci\u00f3n actual requiere perseverancia, decisi\u00f3n y energ\u00eda, tres cualidades que tenemos las mujeres\u201d - ASCEF\",\"isPartOf\":{\"@id\":\"https:\\\/\\\/www.ascef.com\\\/es\\\/#website\"},\"primaryImageOfPage\":{\"@id\":\"https:\\\/\\\/www.ascef.com\\\/es\\\/ana-fisas-perseverancia-decision-energia-cualidades-mujeres\\\/#primaryimage\"},\"image\":{\"@id\":\"https:\\\/\\\/www.ascef.com\\\/es\\\/ana-fisas-perseverancia-decision-energia-cualidades-mujeres\\\/#primaryimage\"},\"thumbnailUrl\":\"https:\\\/\\\/www.ascef.com\\\/wp-content\\\/uploads\\\/2020\\\/09\\\/DSC_7246.jpg\",\"datePublished\":\"2020-09-29T08:33:08+00:00\",\"author\":{\"@id\":\"https:\\\/\\\/www.ascef.com\\\/es\\\/#\\\/schema\\\/person\\\/e0bdccd3e1665871f0e79e3a50ad6b02\"},\"description\":\"La presidenta del grupo de ASCEF \\\"Vamos a Compartir\\\", Ana Fisas, habla sobre la situaci\u00f3n actual, la seguinda ola de la Covid-19 y el papel de la mujer.\",\"breadcrumb\":{\"@id\":\"https:\\\/\\\/www.ascef.com\\\/es\\\/ana-fisas-perseverancia-decision-energia-cualidades-mujeres\\\/#breadcrumb\"},\"inLanguage\":\"es\",\"potentialAction\":[{\"@type\":\"ReadAction\",\"target\":[\"https:\\\/\\\/www.ascef.com\\\/es\\\/ana-fisas-perseverancia-decision-energia-cualidades-mujeres\\\/\"]}]},{\"@type\":\"ImageObject\",\"inLanguage\":\"es\",\"@id\":\"https:\\\/\\\/www.ascef.com\\\/es\\\/ana-fisas-perseverancia-decision-energia-cualidades-mujeres\\\/#primaryimage\",\"url\":\"https:\\\/\\\/www.ascef.com\\\/wp-content\\\/uploads\\\/2020\\\/09\\\/DSC_7246.jpg\",\"contentUrl\":\"https:\\\/\\\/www.ascef.com\\\/wp-content\\\/uploads\\\/2020\\\/09\\\/DSC_7246.jpg\",\"width\":1800,\"height\":1197,\"caption\":\"Ana Fisas\"},{\"@type\":\"BreadcrumbList\",\"@id\":\"https:\\\/\\\/www.ascef.com\\\/es\\\/ana-fisas-perseverancia-decision-energia-cualidades-mujeres\\\/#breadcrumb\",\"itemListElement\":[{\"@type\":\"ListItem\",\"position\":1,\"name\":\"Portada\",\"item\":\"https:\\\/\\\/www.ascef.com\\\/es\\\/\"},{\"@type\":\"ListItem\",\"position\":2,\"name\":\"Ana Fisas: \u201cLa situaci\u00f3n actual requiere perseverancia, decisi\u00f3n y energ\u00eda, tres cualidades que tenemos las mujeres\u201d\"}]},{\"@type\":\"WebSite\",\"@id\":\"https:\\\/\\\/www.ascef.com\\\/es\\\/#website\",\"url\":\"https:\\\/\\\/www.ascef.com\\\/es\\\/\",\"name\":\"ASCEF\",\"description\":\"Associaci\u00f3 Catalana de l\u2019Empresa Familiar\",\"potentialAction\":[{\"@type\":\"SearchAction\",\"target\":{\"@type\":\"EntryPoint\",\"urlTemplate\":\"https:\\\/\\\/www.ascef.com\\\/es\\\/?s={search_term_string}\"},\"query-input\":{\"@type\":\"PropertyValueSpecification\",\"valueRequired\":true,\"valueName\":\"search_term_string\"}}],\"inLanguage\":\"es\"},{\"@type\":\"Person\",\"@id\":\"https:\\\/\\\/www.ascef.com\\\/es\\\/#\\\/schema\\\/person\\\/e0bdccd3e1665871f0e79e3a50ad6b02\",\"name\":\"Borja Igual\",\"url\":\"https:\\\/\\\/www.ascef.com\\\/es\\\/author\\\/bigual1990mcs-com\\\/\"}]}<\/script>\n<!-- \/ Yoast SEO plugin. -->","yoast_head_json":{"title":"Ana Fisas: \u201cLa situaci\u00f3n actual requiere perseverancia, decisi\u00f3n y energ\u00eda, tres cualidades que tenemos las mujeres\u201d - ASCEF","description":"La presidenta del grupo de ASCEF \"Vamos a Compartir\", Ana Fisas, habla sobre la situaci\u00f3n actual, la seguinda ola de la Covid-19 y el papel de la mujer.","robots":{"index":"index","follow":"follow","max-snippet":"max-snippet:-1","max-image-preview":"max-image-preview:large","max-video-preview":"max-video-preview:-1"},"canonical":"https:\/\/www.ascef.com\/es\/ana-fisas-perseverancia-decision-energia-cualidades-mujeres\/","og_locale":"es_ES","og_type":"article","og_title":"Ana Fisas: \u201cLa situaci\u00f3n actual requiere perseverancia, decisi\u00f3n y energ\u00eda, tres cualidades que tenemos las mujeres\u201d - ASCEF","og_description":"La presidenta del grupo de ASCEF \"Vamos a Compartir\", Ana Fisas, habla sobre la situaci\u00f3n actual, la seguinda ola de la Covid-19 y el papel de la mujer.","og_url":"https:\/\/www.ascef.com\/es\/ana-fisas-perseverancia-decision-energia-cualidades-mujeres\/","og_site_name":"ASCEF","article_published_time":"2020-09-29T08:33:08+00:00","og_image":[{"width":1800,"height":1197,"url":"https:\/\/www.ascef.com\/wp-content\/uploads\/2020\/09\/DSC_7246.jpg","type":"image\/jpeg"}],"author":"Borja Igual","twitter_card":"summary_large_image","twitter_misc":{"Escrito por":"Borja Igual","Tiempo de lectura":"1 minuto"},"schema":{"@context":"https:\/\/schema.org","@graph":[{"@type":"Article","@id":"https:\/\/www.ascef.com\/es\/ana-fisas-perseverancia-decision-energia-cualidades-mujeres\/#article","isPartOf":{"@id":"https:\/\/www.ascef.com\/es\/ana-fisas-perseverancia-decision-energia-cualidades-mujeres\/"},"author":{"name":"Borja Igual","@id":"https:\/\/www.ascef.com\/es\/#\/schema\/person\/e0bdccd3e1665871f0e79e3a50ad6b02"},"headline":"Ana Fisas: \u201cLa situaci\u00f3n actual requiere perseverancia, decisi\u00f3n y energ\u00eda, tres cualidades que tenemos las mujeres\u201d","datePublished":"2020-09-29T08:33:08+00:00","mainEntityOfPage":{"@id":"https:\/\/www.ascef.com\/es\/ana-fisas-perseverancia-decision-energia-cualidades-mujeres\/"},"wordCount":248,"commentCount":0,"image":{"@id":"https:\/\/www.ascef.com\/es\/ana-fisas-perseverancia-decision-energia-cualidades-mujeres\/#primaryimage"},"thumbnailUrl":"https:\/\/www.ascef.com\/wp-content\/uploads\/2020\/09\/DSC_7246.jpg","articleSection":["general"],"inLanguage":"es"},{"@type":"WebPage","@id":"https:\/\/www.ascef.com\/es\/ana-fisas-perseverancia-decision-energia-cualidades-mujeres\/","url":"https:\/\/www.ascef.com\/es\/ana-fisas-perseverancia-decision-energia-cualidades-mujeres\/","name":"Ana Fisas: \u201cLa situaci\u00f3n actual requiere perseverancia, decisi\u00f3n y energ\u00eda, tres cualidades que tenemos las mujeres\u201d - ASCEF","isPartOf":{"@id":"https:\/\/www.ascef.com\/es\/#website"},"primaryImageOfPage":{"@id":"https:\/\/www.ascef.com\/es\/ana-fisas-perseverancia-decision-energia-cualidades-mujeres\/#primaryimage"},"image":{"@id":"https:\/\/www.ascef.com\/es\/ana-fisas-perseverancia-decision-energia-cualidades-mujeres\/#primaryimage"},"thumbnailUrl":"https:\/\/www.ascef.com\/wp-content\/uploads\/2020\/09\/DSC_7246.jpg","datePublished":"2020-09-29T08:33:08+00:00","author":{"@id":"https:\/\/www.ascef.com\/es\/#\/schema\/person\/e0bdccd3e1665871f0e79e3a50ad6b02"},"description":"La presidenta del grupo de ASCEF \"Vamos a Compartir\", Ana Fisas, habla sobre la situaci\u00f3n actual, la seguinda ola de la Covid-19 y el papel de la mujer.","breadcrumb":{"@id":"https:\/\/www.ascef.com\/es\/ana-fisas-perseverancia-decision-energia-cualidades-mujeres\/#breadcrumb"},"inLanguage":"es","potentialAction":[{"@type":"ReadAction","target":["https:\/\/www.ascef.com\/es\/ana-fisas-perseverancia-decision-energia-cualidades-mujeres\/"]}]},{"@type":"ImageObject","inLanguage":"es","@id":"https:\/\/www.ascef.com\/es\/ana-fisas-perseverancia-decision-energia-cualidades-mujeres\/#primaryimage","url":"https:\/\/www.ascef.com\/wp-content\/uploads\/2020\/09\/DSC_7246.jpg","contentUrl":"https:\/\/www.ascef.com\/wp-content\/uploads\/2020\/09\/DSC_7246.jpg","width":1800,"height":1197,"caption":"Ana Fisas"},{"@type":"BreadcrumbList","@id":"https:\/\/www.ascef.com\/es\/ana-fisas-perseverancia-decision-energia-cualidades-mujeres\/#breadcrumb","itemListElement":[{"@type":"ListItem","position":1,"name":"Portada","item":"https:\/\/www.ascef.com\/es\/"},{"@type":"ListItem","position":2,"name":"Ana Fisas: \u201cLa situaci\u00f3n actual requiere perseverancia, decisi\u00f3n y energ\u00eda, tres cualidades que tenemos las mujeres\u201d"}]},{"@type":"WebSite","@id":"https:\/\/www.ascef.com\/es\/#website","url":"https:\/\/www.ascef.com\/es\/","name":"ASCEF","description":"Associaci\u00f3 Catalana de l\u2019Empresa Familiar","potentialAction":[{"@type":"SearchAction","target":{"@type":"EntryPoint","urlTemplate":"https:\/\/www.ascef.com\/es\/?s={search_term_string}"},"query-input":{"@type":"PropertyValueSpecification","valueRequired":true,"valueName":"search_term_string"}}],"inLanguage":"es"},{"@type":"Person","@id":"https:\/\/www.ascef.com\/es\/#\/schema\/person\/e0bdccd3e1665871f0e79e3a50ad6b02","name":"Borja Igual","url":"https:\/\/www.ascef.com\/es\/author\/bigual1990mcs-com\/"}]}},"_links":{"self":[{"href":"https:\/\/www.ascef.com\/es\/wp-json\/wp\/v2\/posts\/2240","targetHints":{"allow":["GET"]}}],"collection":[{"href":"https:\/\/www.ascef.com\/es\/wp-json\/wp\/v2\/posts"}],"about":[{"href":"https:\/\/www.ascef.com\/es\/wp-json\/wp\/v2\/types\/post"}],"author":[{"embeddable":true,"href":"https:\/\/www.ascef.com\/es\/wp-json\/wp\/v2\/users\/292"}],"replies":[{"embeddable":true,"href":"https:\/\/www.ascef.com\/es\/wp-json\/wp\/v2\/comments?post=2240"}],"version-history":[{"count":3,"href":"https:\/\/www.ascef.com\/es\/wp-json\/wp\/v2\/posts\/2240\/revisions"}],"predecessor-version":[{"id":2244,"href":"https:\/\/www.ascef.com\/es\/wp-json\/wp\/v2\/posts\/2240\/revisions\/2244"}],"wp:featuredmedia":[{"embeddable":true,"href":"https:\/\/www.ascef.com\/es\/wp-json\/wp\/v2\/media\/2237"}],"wp:attachment":[{"href":"https:\/\/www.ascef.com\/es\/wp-json\/wp\/v2\/media?parent=2240"}],"wp:term":[{"taxonomy":"category","embeddable":true,"href":"https:\/\/www.ascef.com\/es\/wp-json\/wp\/v2\/categories?post=2240"},{"taxonomy":"post_tag","embeddable":true,"href":"https:\/\/www.ascef.com\/es\/wp-json\/wp\/v2\/tags?post=2240"}],"curies":[{"name":"wp","href":"https:\/\/api.w.org\/{rel}","templated":true}]}}