{"id":2185,"date":"2020-09-01T09:51:34","date_gmt":"2020-09-01T09:51:34","guid":{"rendered":"https:\/\/www.ascef.com\/?p=2185"},"modified":"2020-09-01T09:51:34","modified_gmt":"2020-09-01T09:51:34","slug":"puig-movimiento-damoslacara","status":"publish","type":"post","link":"https:\/\/www.ascef.com\/es\/puig-movimiento-damoslacara\/","title":{"rendered":"Puig, con el movimiento #DamosLaCara: \u201cDe la crisis no se puede plantear una salida sin el tejido industrial, y \u00e9ste pasa por la empresa familiar\u201d"},"content":{"rendered":"<p>Los socios de la <a href=\"https:\/\/www.ascef.com\/es\/\" target=\"_blank\" rel=\"noopener noreferrer\"><u><strong>Asociaci\u00f3n Catalana de la Empresa Familiar (ASCEF)<\/strong><\/u><\/a> son un ejemplo de trabajadores y empresarios de toda Espa\u00f1a que est\u00e1n impulsando <a href=\"https:\/\/www.damoslacara.com\/\" target=\"_blank\" rel=\"noopener noreferrer\"><u><strong>el movimiento #DamosLaCara<\/strong><\/u><\/a>, iniciativa que muestra el compromiso de las empresas familiares para superar la actual crisis sanitaria y econ\u00f3mica, atendiendo la contribuci\u00f3n de estas en el empleo y a la reactivaci\u00f3n de la econom\u00eda. <a href=\"https:\/\/www.puig.com\/es\" target=\"_blank\" rel=\"noopener noreferrer\"><u><strong>Puig<\/strong><\/u><\/a>, empresa centenaria de moda y fragancias, es uno de estos ejemplos.<\/p>\n<p>\u201c<em>Una de las caracter\u00edsticas que define una empresa familiar es el planteamiento temporal que se hace<\/em>\u201d, explica Marc Puig, presidente ejecutivo de la compa\u00f1\u00eda. \u201c<em>Lo que nos mueve es: <strong>\u00bfQu\u00e9 hemos de hacer ahora para que esto siga siendo sostenible para dejar el legado a la siguiente generaci\u00f3n?<\/strong> Pero no solo una empresa sostenible, <strong>sino un mundo sostenible: no me quiero cargar el territorio donde tendr\u00e1 que producir<\/strong><\/em>\u201d, a\u00f1ade.<\/p>\n<p>La compa\u00f1\u00eda, hoy en manos de la tercera generaci\u00f3n, fue <a href=\"https:\/\/www.ascef.com\/es\/solidaridad-buenas-pracitcas-socios-ascef-coronavirus\/\" target=\"_blank\" rel=\"noopener noreferrer\"><u><strong>una de las empresas socias que en el momento de la pandemia colabor\u00f3 y se puso al servicio de la sociedad<\/strong><\/u><\/a>, adaptando su l\u00ednea de producci\u00f3n en Vacarisses para confeccionar batas y mascarillas, como tambi\u00e9n para el lanzamiento del gel limpiador de manos, como explica M\u00aa Teresa Valls, directora de las f\u00e1bricas en Barcelona y Vacarisses: \u201c<em>Trabajamos todos juntos, contribuyendo con una donaci\u00f3n de 500.000 geles a hospitales y residencias<\/em>\u201d.<\/p>\n<p>\u201c<em>Nos emocion\u00f3 much\u00edsimo un v\u00eddeo que hicieron los compa\u00f1eros de la planta de Alcal\u00e1, cuando cesaron su actividad porque nos llamaban h\u00e9roes a los que nos qued\u00e1bamos trabajando, como tambi\u00e9n al ver salir los primeros frascos de geles por la l\u00ednea de producci\u00f3n<\/em>\u201d, se\u00f1ala Valls. \u201c<em>Solo recordarlo me emociono otra vez<\/em>\u201d, reconoce.<\/p>\n<p>Marc Puig recuerda que \u201c<em>uno de los primeros env\u00edos que hizo mi abuelo lo hundi\u00f3 un submarino alem\u00e1n, y volvi\u00f3 a comenzar de cero; pero despu\u00e9s llegaron la gripe espa\u00f1ola, las dos guerras mundiales y la guerra civil<\/em>\u201d. \u201c<em>Por eso cuando pensamos que tenemos un problema con el coronavirus, recuerdo que \u00e9l lo tuvo mucho peor y sobrevivi\u00f3, no seremos menos nosotros<\/em>\u201d, a\u00f1ade.<\/p>\n<p>\u201c<em>Pero ahora lo que viene es la crisis econ\u00f3mica, y de la crisis econ\u00f3mica <strong>no se puede plantear una salida sin tener en cuenta el tejido empresarial. Y el tejido empresarial en Espa\u00f1a pasa por la empresa familiar<\/strong><\/em>\u201d, subraya Puig. \u201c<em>Hemos dado la cara, y la seguiremos dando para sacar adelante este pa\u00eds<\/em>\u201d, indica.<\/p>\n<p>La plataforma #DamosLaCara es una iniciativa ciudadana impulsada por trabajadores y empresarios de toda Espa\u00f1a que pone en valor el compromiso de trabajadores y empresarios con toda la sociedad, adem\u00e1s de dar a conocer el esfuerzo e importante trabajo que las empresas est\u00e1n realizando en todo el pa\u00eds por su contribuci\u00f3n desde un punto de vista econ\u00f3mico y social.<\/p>\n<p style=\"text-align: center;\"><iframe loading=\"lazy\" src=\"https:\/\/www.youtube.com\/embed\/yqh-RSfVr1A\" width=\"560\" height=\"315\" frameborder=\"0\" allowfullscreen=\"allowfullscreen\"><\/iframe><\/p>\n","protected":false},"excerpt":{"rendered":"<p>Los socios de la Asociaci\u00f3n Catalana de la Empresa Familiar (ASCEF) son un ejemplo de trabajadores y empresarios de toda Espa\u00f1a que est\u00e1n impulsando el movimiento #DamosLaCara, iniciativa que muestra el compromiso de las empresas familiares para superar la actual crisis sanitaria y econ\u00f3mica, atendiendo la contribuci\u00f3n de estas en el empleo y a la [&hellip;]<\/p>\n","protected":false},"author":292,"featured_media":2189,"comment_status":"open","ping_status":"open","sticky":false,"template":"","format":"standard","meta":{"_acf_changed":false,"footnotes":""},"categories":[185],"tags":[],"class_list":["post-2185","post","type-post","status-publish","format-standard","has-post-thumbnail","hentry","category-general"],"acf":[],"yoast_head":"<!-- This site is optimized with the Yoast SEO plugin v27.5 - https:\/\/yoast.com\/product\/yoast-seo-wordpress\/ -->\n<title>La empresa familiar PUIG colabora con el movimiento #DamosLaCara<\/title>\n<meta name=\"description\" content=\"Puig participa en el movimiento #DamosLaCara, iniciativa impulsada por trabajadores y empresarios que muestra el compromiso de las empresas familiares\" \/>\n<meta name=\"robots\" content=\"index, follow, max-snippet:-1, max-image-preview:large, max-video-preview:-1\" \/>\n<link rel=\"canonical\" href=\"https:\/\/www.ascef.com\/es\/puig-movimiento-damoslacara\/\" \/>\n<meta property=\"og:locale\" content=\"es_ES\" \/>\n<meta property=\"og:type\" content=\"article\" \/>\n<meta property=\"og:title\" content=\"La empresa familiar PUIG colabora con el movimiento #DamosLaCara\" \/>\n<meta property=\"og:description\" content=\"Puig participa en el movimiento #DamosLaCara, iniciativa impulsada por trabajadores y empresarios que muestra el compromiso de las empresas familiares\" \/>\n<meta property=\"og:url\" content=\"https:\/\/www.ascef.com\/es\/puig-movimiento-damoslacara\/\" \/>\n<meta property=\"og:site_name\" content=\"ASCEF\" \/>\n<meta property=\"article:published_time\" content=\"2020-09-01T09:51:34+00:00\" \/>\n<meta property=\"og:image\" content=\"https:\/\/www.ascef.com\/wp-content\/uploads\/2020\/09\/20200901_ASCEF_puig.jpg\" \/>\n\t<meta property=\"og:image:width\" content=\"833\" \/>\n\t<meta property=\"og:image:height\" content=\"555\" \/>\n\t<meta property=\"og:image:type\" content=\"image\/jpeg\" \/>\n<meta name=\"author\" content=\"Borja Igual\" \/>\n<meta name=\"twitter:card\" content=\"summary_large_image\" \/>\n<meta name=\"twitter:label1\" content=\"Escrito por\" \/>\n\t<meta name=\"twitter:data1\" content=\"Borja Igual\" \/>\n\t<meta name=\"twitter:label2\" content=\"Tiempo de lectura\" \/>\n\t<meta name=\"twitter:data2\" content=\"2 minutos\" \/>\n<script type=\"application\/ld+json\" class=\"yoast-schema-graph\">{\"@context\":\"https:\\\/\\\/schema.org\",\"@graph\":[{\"@type\":\"Article\",\"@id\":\"https:\\\/\\\/www.ascef.com\\\/es\\\/puig-movimiento-damoslacara\\\/#article\",\"isPartOf\":{\"@id\":\"https:\\\/\\\/www.ascef.com\\\/es\\\/puig-movimiento-damoslacara\\\/\"},\"author\":{\"name\":\"Borja Igual\",\"@id\":\"https:\\\/\\\/www.ascef.com\\\/es\\\/#\\\/schema\\\/person\\\/e0bdccd3e1665871f0e79e3a50ad6b02\"},\"headline\":\"Puig, con el movimiento #DamosLaCara: \u201cDe la crisis no se puede plantear una salida sin el tejido industrial, y \u00e9ste pasa por la empresa familiar\u201d\",\"datePublished\":\"2020-09-01T09:51:34+00:00\",\"mainEntityOfPage\":{\"@id\":\"https:\\\/\\\/www.ascef.com\\\/es\\\/puig-movimiento-damoslacara\\\/\"},\"wordCount\":514,\"commentCount\":0,\"image\":{\"@id\":\"https:\\\/\\\/www.ascef.com\\\/es\\\/puig-movimiento-damoslacara\\\/#primaryimage\"},\"thumbnailUrl\":\"https:\\\/\\\/www.ascef.com\\\/wp-content\\\/uploads\\\/2020\\\/09\\\/20200901_ASCEF_puig.jpg\",\"articleSection\":[\"general\"],\"inLanguage\":\"es\"},{\"@type\":\"WebPage\",\"@id\":\"https:\\\/\\\/www.ascef.com\\\/es\\\/puig-movimiento-damoslacara\\\/\",\"url\":\"https:\\\/\\\/www.ascef.com\\\/es\\\/puig-movimiento-damoslacara\\\/\",\"name\":\"La empresa familiar PUIG colabora con el movimiento #DamosLaCara\",\"isPartOf\":{\"@id\":\"https:\\\/\\\/www.ascef.com\\\/es\\\/#website\"},\"primaryImageOfPage\":{\"@id\":\"https:\\\/\\\/www.ascef.com\\\/es\\\/puig-movimiento-damoslacara\\\/#primaryimage\"},\"image\":{\"@id\":\"https:\\\/\\\/www.ascef.com\\\/es\\\/puig-movimiento-damoslacara\\\/#primaryimage\"},\"thumbnailUrl\":\"https:\\\/\\\/www.ascef.com\\\/wp-content\\\/uploads\\\/2020\\\/09\\\/20200901_ASCEF_puig.jpg\",\"datePublished\":\"2020-09-01T09:51:34+00:00\",\"author\":{\"@id\":\"https:\\\/\\\/www.ascef.com\\\/es\\\/#\\\/schema\\\/person\\\/e0bdccd3e1665871f0e79e3a50ad6b02\"},\"description\":\"Puig participa en el movimiento #DamosLaCara, iniciativa impulsada por trabajadores y empresarios que muestra el compromiso de las empresas familiares\",\"breadcrumb\":{\"@id\":\"https:\\\/\\\/www.ascef.com\\\/es\\\/puig-movimiento-damoslacara\\\/#breadcrumb\"},\"inLanguage\":\"es\",\"potentialAction\":[{\"@type\":\"ReadAction\",\"target\":[\"https:\\\/\\\/www.ascef.com\\\/es\\\/puig-movimiento-damoslacara\\\/\"]}]},{\"@type\":\"ImageObject\",\"inLanguage\":\"es\",\"@id\":\"https:\\\/\\\/www.ascef.com\\\/es\\\/puig-movimiento-damoslacara\\\/#primaryimage\",\"url\":\"https:\\\/\\\/www.ascef.com\\\/wp-content\\\/uploads\\\/2020\\\/09\\\/20200901_ASCEF_puig.jpg\",\"contentUrl\":\"https:\\\/\\\/www.ascef.com\\\/wp-content\\\/uploads\\\/2020\\\/09\\\/20200901_ASCEF_puig.jpg\",\"width\":833,\"height\":555,\"caption\":\"Puig, amb #DamosLaCara\"},{\"@type\":\"BreadcrumbList\",\"@id\":\"https:\\\/\\\/www.ascef.com\\\/es\\\/puig-movimiento-damoslacara\\\/#breadcrumb\",\"itemListElement\":[{\"@type\":\"ListItem\",\"position\":1,\"name\":\"Portada\",\"item\":\"https:\\\/\\\/www.ascef.com\\\/es\\\/\"},{\"@type\":\"ListItem\",\"position\":2,\"name\":\"Puig, con el movimiento #DamosLaCara: \u201cDe la crisis no se puede plantear una salida sin el tejido industrial, y \u00e9ste pasa por la empresa familiar\u201d\"}]},{\"@type\":\"WebSite\",\"@id\":\"https:\\\/\\\/www.ascef.com\\\/es\\\/#website\",\"url\":\"https:\\\/\\\/www.ascef.com\\\/es\\\/\",\"name\":\"ASCEF\",\"description\":\"Associaci\u00f3 Catalana de l\u2019Empresa Familiar\",\"potentialAction\":[{\"@type\":\"SearchAction\",\"target\":{\"@type\":\"EntryPoint\",\"urlTemplate\":\"https:\\\/\\\/www.ascef.com\\\/es\\\/?s={search_term_string}\"},\"query-input\":{\"@type\":\"PropertyValueSpecification\",\"valueRequired\":true,\"valueName\":\"search_term_string\"}}],\"inLanguage\":\"es\"},{\"@type\":\"Person\",\"@id\":\"https:\\\/\\\/www.ascef.com\\\/es\\\/#\\\/schema\\\/person\\\/e0bdccd3e1665871f0e79e3a50ad6b02\",\"name\":\"Borja Igual\",\"url\":\"https:\\\/\\\/www.ascef.com\\\/es\\\/author\\\/bigual1990mcs-com\\\/\"}]}<\/script>\n<!-- \/ Yoast SEO plugin. -->","yoast_head_json":{"title":"La empresa familiar PUIG colabora con el movimiento #DamosLaCara","description":"Puig participa en el movimiento #DamosLaCara, iniciativa impulsada por trabajadores y empresarios que muestra el compromiso de las empresas familiares","robots":{"index":"index","follow":"follow","max-snippet":"max-snippet:-1","max-image-preview":"max-image-preview:large","max-video-preview":"max-video-preview:-1"},"canonical":"https:\/\/www.ascef.com\/es\/puig-movimiento-damoslacara\/","og_locale":"es_ES","og_type":"article","og_title":"La empresa familiar PUIG colabora con el movimiento #DamosLaCara","og_description":"Puig participa en el movimiento #DamosLaCara, iniciativa impulsada por trabajadores y empresarios que muestra el compromiso de las empresas familiares","og_url":"https:\/\/www.ascef.com\/es\/puig-movimiento-damoslacara\/","og_site_name":"ASCEF","article_published_time":"2020-09-01T09:51:34+00:00","og_image":[{"width":833,"height":555,"url":"https:\/\/www.ascef.com\/wp-content\/uploads\/2020\/09\/20200901_ASCEF_puig.jpg","type":"image\/jpeg"}],"author":"Borja Igual","twitter_card":"summary_large_image","twitter_misc":{"Escrito por":"Borja Igual","Tiempo de lectura":"2 minutos"},"schema":{"@context":"https:\/\/schema.org","@graph":[{"@type":"Article","@id":"https:\/\/www.ascef.com\/es\/puig-movimiento-damoslacara\/#article","isPartOf":{"@id":"https:\/\/www.ascef.com\/es\/puig-movimiento-damoslacara\/"},"author":{"name":"Borja Igual","@id":"https:\/\/www.ascef.com\/es\/#\/schema\/person\/e0bdccd3e1665871f0e79e3a50ad6b02"},"headline":"Puig, con el movimiento #DamosLaCara: \u201cDe la crisis no se puede plantear una salida sin el tejido industrial, y \u00e9ste pasa por la empresa familiar\u201d","datePublished":"2020-09-01T09:51:34+00:00","mainEntityOfPage":{"@id":"https:\/\/www.ascef.com\/es\/puig-movimiento-damoslacara\/"},"wordCount":514,"commentCount":0,"image":{"@id":"https:\/\/www.ascef.com\/es\/puig-movimiento-damoslacara\/#primaryimage"},"thumbnailUrl":"https:\/\/www.ascef.com\/wp-content\/uploads\/2020\/09\/20200901_ASCEF_puig.jpg","articleSection":["general"],"inLanguage":"es"},{"@type":"WebPage","@id":"https:\/\/www.ascef.com\/es\/puig-movimiento-damoslacara\/","url":"https:\/\/www.ascef.com\/es\/puig-movimiento-damoslacara\/","name":"La empresa familiar PUIG colabora con el movimiento #DamosLaCara","isPartOf":{"@id":"https:\/\/www.ascef.com\/es\/#website"},"primaryImageOfPage":{"@id":"https:\/\/www.ascef.com\/es\/puig-movimiento-damoslacara\/#primaryimage"},"image":{"@id":"https:\/\/www.ascef.com\/es\/puig-movimiento-damoslacara\/#primaryimage"},"thumbnailUrl":"https:\/\/www.ascef.com\/wp-content\/uploads\/2020\/09\/20200901_ASCEF_puig.jpg","datePublished":"2020-09-01T09:51:34+00:00","author":{"@id":"https:\/\/www.ascef.com\/es\/#\/schema\/person\/e0bdccd3e1665871f0e79e3a50ad6b02"},"description":"Puig participa en el movimiento #DamosLaCara, iniciativa impulsada por trabajadores y empresarios que muestra el compromiso de las empresas familiares","breadcrumb":{"@id":"https:\/\/www.ascef.com\/es\/puig-movimiento-damoslacara\/#breadcrumb"},"inLanguage":"es","potentialAction":[{"@type":"ReadAction","target":["https:\/\/www.ascef.com\/es\/puig-movimiento-damoslacara\/"]}]},{"@type":"ImageObject","inLanguage":"es","@id":"https:\/\/www.ascef.com\/es\/puig-movimiento-damoslacara\/#primaryimage","url":"https:\/\/www.ascef.com\/wp-content\/uploads\/2020\/09\/20200901_ASCEF_puig.jpg","contentUrl":"https:\/\/www.ascef.com\/wp-content\/uploads\/2020\/09\/20200901_ASCEF_puig.jpg","width":833,"height":555,"caption":"Puig, amb #DamosLaCara"},{"@type":"BreadcrumbList","@id":"https:\/\/www.ascef.com\/es\/puig-movimiento-damoslacara\/#breadcrumb","itemListElement":[{"@type":"ListItem","position":1,"name":"Portada","item":"https:\/\/www.ascef.com\/es\/"},{"@type":"ListItem","position":2,"name":"Puig, con el movimiento #DamosLaCara: \u201cDe la crisis no se puede plantear una salida sin el tejido industrial, y \u00e9ste pasa por la empresa familiar\u201d"}]},{"@type":"WebSite","@id":"https:\/\/www.ascef.com\/es\/#website","url":"https:\/\/www.ascef.com\/es\/","name":"ASCEF","description":"Associaci\u00f3 Catalana de l\u2019Empresa Familiar","potentialAction":[{"@type":"SearchAction","target":{"@type":"EntryPoint","urlTemplate":"https:\/\/www.ascef.com\/es\/?s={search_term_string}"},"query-input":{"@type":"PropertyValueSpecification","valueRequired":true,"valueName":"search_term_string"}}],"inLanguage":"es"},{"@type":"Person","@id":"https:\/\/www.ascef.com\/es\/#\/schema\/person\/e0bdccd3e1665871f0e79e3a50ad6b02","name":"Borja Igual","url":"https:\/\/www.ascef.com\/es\/author\/bigual1990mcs-com\/"}]}},"_links":{"self":[{"href":"https:\/\/www.ascef.com\/es\/wp-json\/wp\/v2\/posts\/2185","targetHints":{"allow":["GET"]}}],"collection":[{"href":"https:\/\/www.ascef.com\/es\/wp-json\/wp\/v2\/posts"}],"about":[{"href":"https:\/\/www.ascef.com\/es\/wp-json\/wp\/v2\/types\/post"}],"author":[{"embeddable":true,"href":"https:\/\/www.ascef.com\/es\/wp-json\/wp\/v2\/users\/292"}],"replies":[{"embeddable":true,"href":"https:\/\/www.ascef.com\/es\/wp-json\/wp\/v2\/comments?post=2185"}],"version-history":[{"count":2,"href":"https:\/\/www.ascef.com\/es\/wp-json\/wp\/v2\/posts\/2185\/revisions"}],"predecessor-version":[{"id":2190,"href":"https:\/\/www.ascef.com\/es\/wp-json\/wp\/v2\/posts\/2185\/revisions\/2190"}],"wp:featuredmedia":[{"embeddable":true,"href":"https:\/\/www.ascef.com\/es\/wp-json\/wp\/v2\/media\/2189"}],"wp:attachment":[{"href":"https:\/\/www.ascef.com\/es\/wp-json\/wp\/v2\/media?parent=2185"}],"wp:term":[{"taxonomy":"category","embeddable":true,"href":"https:\/\/www.ascef.com\/es\/wp-json\/wp\/v2\/categories?post=2185"},{"taxonomy":"post_tag","embeddable":true,"href":"https:\/\/www.ascef.com\/es\/wp-json\/wp\/v2\/tags?post=2185"}],"curies":[{"name":"wp","href":"https:\/\/api.w.org\/{rel}","templated":true}]}}