{"id":2165,"date":"2020-07-31T10:35:22","date_gmt":"2020-07-31T10:35:22","guid":{"rendered":"https:\/\/www.ascef.com\/?p=2165"},"modified":"2020-07-31T10:35:22","modified_gmt":"2020-07-31T10:35:22","slug":"simon-movimiento-damoslacara","status":"publish","type":"post","link":"https:\/\/www.ascef.com\/es\/simon-movimiento-damoslacara\/","title":{"rendered":"Simon, con el movimiento #DamosLaCara: \u201cEs muy importante mantenerse tranquilos, porque nos permite transmitir confianza al equipo\u201d"},"content":{"rendered":"<p>Las empresas miembros de la <a href=\"https:\/\/www.ascef.com\/es\/\" target=\"_blank\" rel=\"noopener noreferrer\"><u><strong>Asociaci\u00f3n Catalana de la Empresa Familiar (ASCEF)<\/strong><\/u><\/a> forman parte del grupo de trabajadores y empresarios alrededor de Espa\u00f1a que est\u00e1n impulsando <a href=\"https:\/\/www.damoslacara.com\/\" target=\"_blank\" rel=\"noopener noreferrer\"><u><strong>el movimiento #DamosLaCara<\/strong><\/u><\/a>. <a href=\"https:\/\/www.simonelectric.com\/#\" target=\"_blank\" rel=\"noopener noreferrer\"><u><strong>Simon<\/strong><\/u><\/a>, empresa especialista en soluciones tecnol\u00f3gicas de iluminaci\u00f3n desde 1916, es un ejemplo m\u00e1s de esta colaboraci\u00f3n. Esteban Bretcha, CEO, y Emili Trunica, Chief Human Resources Officer, explican en un video c\u00f3mo han vivido la situaci\u00f3n derivada por la crisis sanitaria y econ\u00f3micas.<\/p>\n<p>\u201c<em>Pensamos en aprovechar este tiempo bien, ordenarnos internamente. Porque <strong>este virus, esta crisis, ser\u00e1 temporal y cuando salgamos hemos de estar bien preparados<\/strong><\/em>\u201d, explica Esteban Bretcha. \u201c<em>Consideramos que <strong>era muy importante mantenerse tranquilos, porque esto nos permite transmitir confianza en el futuro a todo el equipo<\/strong><\/em>\u201d, a\u00f1ade.<\/p>\n<p>El director general de la empresa familiar centenaria, hoy en d\u00eda en manos de la cuarta generaci\u00f3n, explica que \u201c<em>nos reunimos en un principio la direcci\u00f3n y decidimos hacer una lista de todas aquellas cosas pendientes del d\u00eda a d\u00eda y para las cuales nunca tenemos tiempo<\/em>\u201d. \u201c<em>Esto le dio un sentido al tiempo, a nuestra gente, que entendi\u00f3 que estaba haciendo una cosa \u00fatil; y <strong>ahora que todo se va reactivando vemos que estamos mejor preparados<\/strong><\/em>\u201d, a\u00f1ade Bretcha.<\/p>\n<p>Por su parte, Emili Tunica detalla temas m\u00e1s directos con los trabajadores y su d\u00eda a d\u00eda: \u201c<em>Lo m\u00e1s importante siempre ha sido proteger la salud de todos, as\u00ed como acompa\u00f1arlos en la gesti\u00f3n de esta complicada situaci\u00f3n. Creamos un portal exclusivo sobre el coronavirus donde, adem\u00e1s de explicar que suced\u00eda, permit\u00eda a los trabajadores compartir experiencias solidarias, innovadoras, de formaci\u00f3n; y esto nos hac\u00eda mantenernos a\u00fan m\u00e1s juntos<\/em>\u201d.<\/p>\n<p>\u201c<em>Acompa\u00f1amos a m\u00e1s de 400 trabajadores en los centros productivos que, con un alto nivel de compromiso, cada d\u00eda aseguraban que nuestros productos llegaran a los clientes, y especialmente a los hospitales de campa\u00f1a que se crearon<\/em>\u201d, prosigue Tunica.<\/p>\n<p>\u201c<strong><em>Quiero poner en valor todos los ejemplos de compromiso, de solidaridad, de trabajo en equipo y de adaptaci\u00f3n que han tenido nuestros trabajadores estos meses<\/em><\/strong>\u201d, subraya Emili Tunica.<\/p>\n<p>La plataforma #DamosLaCara es una iniciativa ciudadana impulsada por trabajadores y empresarios de toda Espa\u00f1a que pone en valor el compromiso de trabajadores y empresarios con toda la sociedad, adem\u00e1s de dar a conocer el esfuerzo e importante trabajo que las empresas familiares est\u00e1n realizando en todo el pa\u00eds por su contribuci\u00f3n desde un punto de vista econ\u00f3mico y social.<\/p>\n<p style=\"text-align: center;\"><iframe loading=\"lazy\" src=\"https:\/\/www.youtube.com\/embed\/6LKek4leY8o\" width=\"560\" height=\"315\" frameborder=\"0\" allowfullscreen=\"allowfullscreen\"><\/iframe><\/p>\n","protected":false},"excerpt":{"rendered":"<p>Las empresas miembros de la Asociaci\u00f3n Catalana de la Empresa Familiar (ASCEF) forman parte del grupo de trabajadores y empresarios alrededor de Espa\u00f1a que est\u00e1n impulsando el movimiento #DamosLaCara. Simon, empresa especialista en soluciones tecnol\u00f3gicas de iluminaci\u00f3n desde 1916, es un ejemplo m\u00e1s de esta colaboraci\u00f3n. Esteban Bretcha, CEO, y Emili Trunica, Chief Human Resources [&hellip;]<\/p>\n","protected":false},"author":292,"featured_media":2170,"comment_status":"open","ping_status":"open","sticky":false,"template":"","format":"standard","meta":{"_acf_changed":false,"footnotes":""},"categories":[185],"tags":[],"class_list":["post-2165","post","type-post","status-publish","format-standard","has-post-thumbnail","hentry","category-general"],"acf":[],"yoast_head":"<!-- This site is optimized with the Yoast SEO plugin v27.5 - https:\/\/yoast.com\/product\/yoast-seo-wordpress\/ -->\n<title>Simon, con el movimiento #DamosLaCara: \u201cEs muy importante mantenerse tranquilos, porque nos permite transmitir confianza al equipo\u201d - ASCEF<\/title>\n<meta name=\"description\" content=\"Simon participa en el movimiento #DamosLaCara, iniciativa impulsada por trabajadores y empresarios que muestra el compromiso de las empresas familiares\" \/>\n<meta name=\"robots\" content=\"index, follow, max-snippet:-1, max-image-preview:large, max-video-preview:-1\" \/>\n<link rel=\"canonical\" href=\"https:\/\/www.ascef.com\/es\/simon-movimiento-damoslacara\/\" \/>\n<meta property=\"og:locale\" content=\"es_ES\" \/>\n<meta property=\"og:type\" content=\"article\" \/>\n<meta property=\"og:title\" content=\"Simon, con el movimiento #DamosLaCara: \u201cEs muy importante mantenerse tranquilos, porque nos permite transmitir confianza al equipo\u201d - ASCEF\" \/>\n<meta property=\"og:description\" content=\"Simon participa en el movimiento #DamosLaCara, iniciativa impulsada por trabajadores y empresarios que muestra el compromiso de las empresas familiares\" \/>\n<meta property=\"og:url\" content=\"https:\/\/www.ascef.com\/es\/simon-movimiento-damoslacara\/\" \/>\n<meta property=\"og:site_name\" content=\"ASCEF\" \/>\n<meta property=\"article:published_time\" content=\"2020-07-31T10:35:22+00:00\" \/>\n<meta property=\"og:image\" content=\"https:\/\/www.ascef.com\/wp-content\/uploads\/2020\/07\/202008xx_ASCEF_simon.jpg\" \/>\n\t<meta property=\"og:image:width\" content=\"833\" \/>\n\t<meta property=\"og:image:height\" content=\"555\" \/>\n\t<meta property=\"og:image:type\" content=\"image\/jpeg\" \/>\n<meta name=\"author\" content=\"Borja Igual\" \/>\n<meta name=\"twitter:card\" content=\"summary_large_image\" \/>\n<meta name=\"twitter:label1\" content=\"Escrito por\" \/>\n\t<meta name=\"twitter:data1\" content=\"Borja Igual\" \/>\n\t<meta name=\"twitter:label2\" content=\"Tiempo de lectura\" \/>\n\t<meta name=\"twitter:data2\" content=\"2 minutos\" \/>\n<script type=\"application\/ld+json\" class=\"yoast-schema-graph\">{\"@context\":\"https:\\\/\\\/schema.org\",\"@graph\":[{\"@type\":\"Article\",\"@id\":\"https:\\\/\\\/www.ascef.com\\\/es\\\/simon-movimiento-damoslacara\\\/#article\",\"isPartOf\":{\"@id\":\"https:\\\/\\\/www.ascef.com\\\/es\\\/simon-movimiento-damoslacara\\\/\"},\"author\":{\"name\":\"Borja Igual\",\"@id\":\"https:\\\/\\\/www.ascef.com\\\/es\\\/#\\\/schema\\\/person\\\/e0bdccd3e1665871f0e79e3a50ad6b02\"},\"headline\":\"Simon, con el movimiento #DamosLaCara: \u201cEs muy importante mantenerse tranquilos, porque nos permite transmitir confianza al equipo\u201d\",\"datePublished\":\"2020-07-31T10:35:22+00:00\",\"mainEntityOfPage\":{\"@id\":\"https:\\\/\\\/www.ascef.com\\\/es\\\/simon-movimiento-damoslacara\\\/\"},\"wordCount\":451,\"commentCount\":0,\"image\":{\"@id\":\"https:\\\/\\\/www.ascef.com\\\/es\\\/simon-movimiento-damoslacara\\\/#primaryimage\"},\"thumbnailUrl\":\"https:\\\/\\\/www.ascef.com\\\/wp-content\\\/uploads\\\/2020\\\/07\\\/202008xx_ASCEF_simon.jpg\",\"articleSection\":[\"general\"],\"inLanguage\":\"es\"},{\"@type\":\"WebPage\",\"@id\":\"https:\\\/\\\/www.ascef.com\\\/es\\\/simon-movimiento-damoslacara\\\/\",\"url\":\"https:\\\/\\\/www.ascef.com\\\/es\\\/simon-movimiento-damoslacara\\\/\",\"name\":\"Simon, con el movimiento #DamosLaCara: \u201cEs muy importante mantenerse tranquilos, porque nos permite transmitir confianza al equipo\u201d - ASCEF\",\"isPartOf\":{\"@id\":\"https:\\\/\\\/www.ascef.com\\\/es\\\/#website\"},\"primaryImageOfPage\":{\"@id\":\"https:\\\/\\\/www.ascef.com\\\/es\\\/simon-movimiento-damoslacara\\\/#primaryimage\"},\"image\":{\"@id\":\"https:\\\/\\\/www.ascef.com\\\/es\\\/simon-movimiento-damoslacara\\\/#primaryimage\"},\"thumbnailUrl\":\"https:\\\/\\\/www.ascef.com\\\/wp-content\\\/uploads\\\/2020\\\/07\\\/202008xx_ASCEF_simon.jpg\",\"datePublished\":\"2020-07-31T10:35:22+00:00\",\"author\":{\"@id\":\"https:\\\/\\\/www.ascef.com\\\/es\\\/#\\\/schema\\\/person\\\/e0bdccd3e1665871f0e79e3a50ad6b02\"},\"description\":\"Simon participa en el movimiento #DamosLaCara, iniciativa impulsada por trabajadores y empresarios que muestra el compromiso de las empresas familiares\",\"breadcrumb\":{\"@id\":\"https:\\\/\\\/www.ascef.com\\\/es\\\/simon-movimiento-damoslacara\\\/#breadcrumb\"},\"inLanguage\":\"es\",\"potentialAction\":[{\"@type\":\"ReadAction\",\"target\":[\"https:\\\/\\\/www.ascef.com\\\/es\\\/simon-movimiento-damoslacara\\\/\"]}]},{\"@type\":\"ImageObject\",\"inLanguage\":\"es\",\"@id\":\"https:\\\/\\\/www.ascef.com\\\/es\\\/simon-movimiento-damoslacara\\\/#primaryimage\",\"url\":\"https:\\\/\\\/www.ascef.com\\\/wp-content\\\/uploads\\\/2020\\\/07\\\/202008xx_ASCEF_simon.jpg\",\"contentUrl\":\"https:\\\/\\\/www.ascef.com\\\/wp-content\\\/uploads\\\/2020\\\/07\\\/202008xx_ASCEF_simon.jpg\",\"width\":833,\"height\":555,\"caption\":\"Simon #DamosLaCara\"},{\"@type\":\"BreadcrumbList\",\"@id\":\"https:\\\/\\\/www.ascef.com\\\/es\\\/simon-movimiento-damoslacara\\\/#breadcrumb\",\"itemListElement\":[{\"@type\":\"ListItem\",\"position\":1,\"name\":\"Portada\",\"item\":\"https:\\\/\\\/www.ascef.com\\\/es\\\/\"},{\"@type\":\"ListItem\",\"position\":2,\"name\":\"Simon, con el movimiento #DamosLaCara: \u201cEs muy importante mantenerse tranquilos, porque nos permite transmitir confianza al equipo\u201d\"}]},{\"@type\":\"WebSite\",\"@id\":\"https:\\\/\\\/www.ascef.com\\\/es\\\/#website\",\"url\":\"https:\\\/\\\/www.ascef.com\\\/es\\\/\",\"name\":\"ASCEF\",\"description\":\"Associaci\u00f3 Catalana de l\u2019Empresa Familiar\",\"potentialAction\":[{\"@type\":\"SearchAction\",\"target\":{\"@type\":\"EntryPoint\",\"urlTemplate\":\"https:\\\/\\\/www.ascef.com\\\/es\\\/?s={search_term_string}\"},\"query-input\":{\"@type\":\"PropertyValueSpecification\",\"valueRequired\":true,\"valueName\":\"search_term_string\"}}],\"inLanguage\":\"es\"},{\"@type\":\"Person\",\"@id\":\"https:\\\/\\\/www.ascef.com\\\/es\\\/#\\\/schema\\\/person\\\/e0bdccd3e1665871f0e79e3a50ad6b02\",\"name\":\"Borja Igual\",\"url\":\"https:\\\/\\\/www.ascef.com\\\/es\\\/author\\\/bigual1990mcs-com\\\/\"}]}<\/script>\n<!-- \/ Yoast SEO plugin. -->","yoast_head_json":{"title":"Simon, con el movimiento #DamosLaCara: \u201cEs muy importante mantenerse tranquilos, porque nos permite transmitir confianza al equipo\u201d - ASCEF","description":"Simon participa en el movimiento #DamosLaCara, iniciativa impulsada por trabajadores y empresarios que muestra el compromiso de las empresas familiares","robots":{"index":"index","follow":"follow","max-snippet":"max-snippet:-1","max-image-preview":"max-image-preview:large","max-video-preview":"max-video-preview:-1"},"canonical":"https:\/\/www.ascef.com\/es\/simon-movimiento-damoslacara\/","og_locale":"es_ES","og_type":"article","og_title":"Simon, con el movimiento #DamosLaCara: \u201cEs muy importante mantenerse tranquilos, porque nos permite transmitir confianza al equipo\u201d - ASCEF","og_description":"Simon participa en el movimiento #DamosLaCara, iniciativa impulsada por trabajadores y empresarios que muestra el compromiso de las empresas familiares","og_url":"https:\/\/www.ascef.com\/es\/simon-movimiento-damoslacara\/","og_site_name":"ASCEF","article_published_time":"2020-07-31T10:35:22+00:00","og_image":[{"width":833,"height":555,"url":"https:\/\/www.ascef.com\/wp-content\/uploads\/2020\/07\/202008xx_ASCEF_simon.jpg","type":"image\/jpeg"}],"author":"Borja Igual","twitter_card":"summary_large_image","twitter_misc":{"Escrito por":"Borja Igual","Tiempo de lectura":"2 minutos"},"schema":{"@context":"https:\/\/schema.org","@graph":[{"@type":"Article","@id":"https:\/\/www.ascef.com\/es\/simon-movimiento-damoslacara\/#article","isPartOf":{"@id":"https:\/\/www.ascef.com\/es\/simon-movimiento-damoslacara\/"},"author":{"name":"Borja Igual","@id":"https:\/\/www.ascef.com\/es\/#\/schema\/person\/e0bdccd3e1665871f0e79e3a50ad6b02"},"headline":"Simon, con el movimiento #DamosLaCara: \u201cEs muy importante mantenerse tranquilos, porque nos permite transmitir confianza al equipo\u201d","datePublished":"2020-07-31T10:35:22+00:00","mainEntityOfPage":{"@id":"https:\/\/www.ascef.com\/es\/simon-movimiento-damoslacara\/"},"wordCount":451,"commentCount":0,"image":{"@id":"https:\/\/www.ascef.com\/es\/simon-movimiento-damoslacara\/#primaryimage"},"thumbnailUrl":"https:\/\/www.ascef.com\/wp-content\/uploads\/2020\/07\/202008xx_ASCEF_simon.jpg","articleSection":["general"],"inLanguage":"es"},{"@type":"WebPage","@id":"https:\/\/www.ascef.com\/es\/simon-movimiento-damoslacara\/","url":"https:\/\/www.ascef.com\/es\/simon-movimiento-damoslacara\/","name":"Simon, con el movimiento #DamosLaCara: \u201cEs muy importante mantenerse tranquilos, porque nos permite transmitir confianza al equipo\u201d - ASCEF","isPartOf":{"@id":"https:\/\/www.ascef.com\/es\/#website"},"primaryImageOfPage":{"@id":"https:\/\/www.ascef.com\/es\/simon-movimiento-damoslacara\/#primaryimage"},"image":{"@id":"https:\/\/www.ascef.com\/es\/simon-movimiento-damoslacara\/#primaryimage"},"thumbnailUrl":"https:\/\/www.ascef.com\/wp-content\/uploads\/2020\/07\/202008xx_ASCEF_simon.jpg","datePublished":"2020-07-31T10:35:22+00:00","author":{"@id":"https:\/\/www.ascef.com\/es\/#\/schema\/person\/e0bdccd3e1665871f0e79e3a50ad6b02"},"description":"Simon participa en el movimiento #DamosLaCara, iniciativa impulsada por trabajadores y empresarios que muestra el compromiso de las empresas familiares","breadcrumb":{"@id":"https:\/\/www.ascef.com\/es\/simon-movimiento-damoslacara\/#breadcrumb"},"inLanguage":"es","potentialAction":[{"@type":"ReadAction","target":["https:\/\/www.ascef.com\/es\/simon-movimiento-damoslacara\/"]}]},{"@type":"ImageObject","inLanguage":"es","@id":"https:\/\/www.ascef.com\/es\/simon-movimiento-damoslacara\/#primaryimage","url":"https:\/\/www.ascef.com\/wp-content\/uploads\/2020\/07\/202008xx_ASCEF_simon.jpg","contentUrl":"https:\/\/www.ascef.com\/wp-content\/uploads\/2020\/07\/202008xx_ASCEF_simon.jpg","width":833,"height":555,"caption":"Simon #DamosLaCara"},{"@type":"BreadcrumbList","@id":"https:\/\/www.ascef.com\/es\/simon-movimiento-damoslacara\/#breadcrumb","itemListElement":[{"@type":"ListItem","position":1,"name":"Portada","item":"https:\/\/www.ascef.com\/es\/"},{"@type":"ListItem","position":2,"name":"Simon, con el movimiento #DamosLaCara: \u201cEs muy importante mantenerse tranquilos, porque nos permite transmitir confianza al equipo\u201d"}]},{"@type":"WebSite","@id":"https:\/\/www.ascef.com\/es\/#website","url":"https:\/\/www.ascef.com\/es\/","name":"ASCEF","description":"Associaci\u00f3 Catalana de l\u2019Empresa Familiar","potentialAction":[{"@type":"SearchAction","target":{"@type":"EntryPoint","urlTemplate":"https:\/\/www.ascef.com\/es\/?s={search_term_string}"},"query-input":{"@type":"PropertyValueSpecification","valueRequired":true,"valueName":"search_term_string"}}],"inLanguage":"es"},{"@type":"Person","@id":"https:\/\/www.ascef.com\/es\/#\/schema\/person\/e0bdccd3e1665871f0e79e3a50ad6b02","name":"Borja Igual","url":"https:\/\/www.ascef.com\/es\/author\/bigual1990mcs-com\/"}]}},"_links":{"self":[{"href":"https:\/\/www.ascef.com\/es\/wp-json\/wp\/v2\/posts\/2165","targetHints":{"allow":["GET"]}}],"collection":[{"href":"https:\/\/www.ascef.com\/es\/wp-json\/wp\/v2\/posts"}],"about":[{"href":"https:\/\/www.ascef.com\/es\/wp-json\/wp\/v2\/types\/post"}],"author":[{"embeddable":true,"href":"https:\/\/www.ascef.com\/es\/wp-json\/wp\/v2\/users\/292"}],"replies":[{"embeddable":true,"href":"https:\/\/www.ascef.com\/es\/wp-json\/wp\/v2\/comments?post=2165"}],"version-history":[{"count":1,"href":"https:\/\/www.ascef.com\/es\/wp-json\/wp\/v2\/posts\/2165\/revisions"}],"predecessor-version":[{"id":2167,"href":"https:\/\/www.ascef.com\/es\/wp-json\/wp\/v2\/posts\/2165\/revisions\/2167"}],"wp:featuredmedia":[{"embeddable":true,"href":"https:\/\/www.ascef.com\/es\/wp-json\/wp\/v2\/media\/2170"}],"wp:attachment":[{"href":"https:\/\/www.ascef.com\/es\/wp-json\/wp\/v2\/media?parent=2165"}],"wp:term":[{"taxonomy":"category","embeddable":true,"href":"https:\/\/www.ascef.com\/es\/wp-json\/wp\/v2\/categories?post=2165"},{"taxonomy":"post_tag","embeddable":true,"href":"https:\/\/www.ascef.com\/es\/wp-json\/wp\/v2\/tags?post=2165"}],"curies":[{"name":"wp","href":"https:\/\/api.w.org\/{rel}","templated":true}]}}