{"id":2140,"date":"2020-08-24T09:00:16","date_gmt":"2020-08-24T09:00:16","guid":{"rendered":"https:\/\/www.ascef.com\/?p=2140"},"modified":"2020-07-31T10:27:41","modified_gmt":"2020-07-31T10:27:41","slug":"catedras-empresa-familiar-gestion-empresarial","status":"publish","type":"post","link":"https:\/\/www.ascef.com\/es\/catedras-empresa-familiar-gestion-empresarial\/","title":{"rendered":"Las c\u00e1tedras de empresa familiar abordar\u00e1n las nuevas formas de gesti\u00f3n empresarial post-pandemia"},"content":{"rendered":"<p>Las c\u00e1tedras de empresa familiar tienen como objetivo fomentar y promover la creaci\u00f3n de empresas y el emprendimiento, as\u00ed como la gesti\u00f3n de conocimiento. Adem\u00e1s, trabajan para aproximar los centros universitarios a la realidad del tejido empresarial catal\u00e1n. Es por este motivo que el contexto actual derivado de la pandemia de la Covid-19 afectar\u00e1 el pr\u00f3ximo curso 2020-21.<\/p>\n<p>Fernando \u00c1lvarez, subdirector de la C\u00e1tedra de Empresa Familiar y Creaci\u00f3n de Empresas de la <a href=\"https:\/\/www.uaoceu.es\/\" target=\"_blank\" rel=\"noopener noreferrer\"><u><strong>Universitat Abat Oliba CEU<\/strong><\/u><\/a>, asegura que \u201c<em>ser\u00e1 necesario, entre muchos otros contenidos, <strong>explicar las nuevas formas de gesti\u00f3n empresarial, las nuevas necesidades de liderazgo, los cambios en el modelo de globalizaci\u00f3n y las cadenas de valor<\/strong><\/em>\u201d.<\/p>\n<p>Adem\u00e1s, \u00c1lvarez considera que durante el curso 20-21, las c\u00e1tedras de empresa familiar deber\u00e1n exponer \u201c<strong><em>la importancia de conceptos que se han convertido en imprescindibles, como confianza, sostenibilidad o responsabilidad<\/em><\/strong>\u201d.<\/p>\n<p>Tambi\u00e9n, expresa, se deber\u00e1 tratar \u201c<em>la necesidad de dominar los instrumentos de evaluaci\u00f3n de pol\u00edticas p\u00fablicas que permiten mejorar su gesti\u00f3n y eficiencia<\/em>\u201d.<\/p>\n<p>De cara al futuro, Fernando \u00c1lvarez afirma que \u201c<em>las empresas familiares representan la mayor\u00eda de los valores que la sociedad est\u00e1 reclamando al tejido empresarial, lo cual es una responsabilidad muy grande, pero tambi\u00e9n un reto que estoy seguro aceptar\u00e1n con mucho gusto<\/em>\u201d.<\/p>\n<p>\u201c<em>Existen muchos ejemplos de empresas familiares que se han volcado para superar la situaci\u00f3n excepcional que hemos vivido, aportando su conocimiento y recursos de forma generosa y desinteresada, y demostrando su compromiso con el entorno. <strong>Deberemos seguir poniendo en valor los elementos diferenciadores y necesarios de las empresas familiares<\/strong><\/em>\u201d, subraya.<\/p>\n<p>En Catalunya, la <strong><a href=\"https:\/\/www.ascef.com\/es\/\" target=\"_blank\" rel=\"noopener noreferrer\"><u>Asociaci\u00f3n Catalana de la Empresa Familiar<\/u><\/a> (ASCEF)<\/strong> <a href=\"https:\/\/www.ascef.com\/es\/catedras\/\" target=\"_blank\" rel=\"noopener noreferrer\"><u><strong>impulsa cinco c\u00e1tedras<\/strong><\/u><\/a> en la <a href=\"https:\/\/www.ub.edu\/business-school\/es\/\" target=\"_blank\" rel=\"noopener noreferrer\"><u><strong>Universitat de Barcelona<\/strong><\/u><\/a>, la <a href=\"https:\/\/www.udg.edu\/es\/catedres\/Cambra-de-lEmpresa-Familiar\" target=\"_blank\" rel=\"noopener noreferrer\"><u><strong>Universitat de Girona<\/strong><\/u><\/a>, la <a href=\"http:\/\/www.catedraef.udl.cat\/es\/\" target=\"_blank\" rel=\"noopener noreferrer\"><u><strong>Universitat de Lleida<\/strong><\/u><\/a>, la <a href=\"http:\/\/www.uic.es\/es\/innovacion-y-empresa\/catedras-empresa\" target=\"_blank\" rel=\"noopener noreferrer\"><u><strong>Universitat Internacional de Catalunya<\/strong><\/u><\/a> y la <a href=\"https:\/\/www.uaoceu.es\/\" target=\"_blank\" rel=\"noopener noreferrer\"><u><strong>Universitat Abat Oliba CEU<\/strong><\/u><\/a>. En estas c\u00e1tedras, la primera de las cuales naci\u00f3 en 1998, se encuentran implicados m\u00e1s de 25 docentes y ya se han formado m\u00e1s de 400 alumnos.<\/p>\n","protected":false},"excerpt":{"rendered":"<p>Las c\u00e1tedras de empresa familiar tienen como objetivo fomentar y promover la creaci\u00f3n de empresas y el emprendimiento, as\u00ed como la gesti\u00f3n de conocimiento. Adem\u00e1s, trabajan para aproximar los centros universitarios a la realidad del tejido empresarial catal\u00e1n. Es por este motivo que el contexto actual derivado de la pandemia de la Covid-19 afectar\u00e1 el [&hellip;]<\/p>\n","protected":false},"author":292,"featured_media":2137,"comment_status":"open","ping_status":"open","sticky":false,"template":"","format":"standard","meta":{"_acf_changed":false,"footnotes":""},"categories":[185],"tags":[],"class_list":["post-2140","post","type-post","status-publish","format-standard","has-post-thumbnail","hentry","category-general"],"acf":[],"yoast_head":"<!-- This site is optimized with the Yoast SEO plugin v27.5 - https:\/\/yoast.com\/product\/yoast-seo-wordpress\/ -->\n<title>C\u00e1tedras de empresa familiar: abordar\u00e1n las formas de gesti\u00f3n empresarial post-pandemia<\/title>\n<meta name=\"description\" content=\"El contexto derivado de la pandemia de la Covid-19 afectar\u00e1 a las c\u00e1tedras de empresa familiar, que abordar\u00e1n las nuevas formas de gesti\u00f3n empresarial\" \/>\n<meta name=\"robots\" content=\"index, follow, max-snippet:-1, max-image-preview:large, max-video-preview:-1\" \/>\n<link rel=\"canonical\" href=\"https:\/\/www.ascef.com\/es\/catedras-empresa-familiar-gestion-empresarial\/\" \/>\n<meta property=\"og:locale\" content=\"es_ES\" \/>\n<meta property=\"og:type\" content=\"article\" \/>\n<meta property=\"og:title\" content=\"C\u00e1tedras de empresa familiar: abordar\u00e1n las formas de gesti\u00f3n empresarial post-pandemia\" \/>\n<meta property=\"og:description\" content=\"El contexto derivado de la pandemia de la Covid-19 afectar\u00e1 a las c\u00e1tedras de empresa familiar, que abordar\u00e1n las nuevas formas de gesti\u00f3n empresarial\" \/>\n<meta property=\"og:url\" content=\"https:\/\/www.ascef.com\/es\/catedras-empresa-familiar-gestion-empresarial\/\" \/>\n<meta property=\"og:site_name\" content=\"ASCEF\" \/>\n<meta property=\"article:published_time\" content=\"2020-08-24T09:00:16+00:00\" \/>\n<meta property=\"og:image\" content=\"https:\/\/www.ascef.com\/wp-content\/uploads\/2020\/07\/202008XX_catedra_noticia-1024x682.jpg\" \/>\n\t<meta property=\"og:image:width\" content=\"1024\" \/>\n\t<meta property=\"og:image:height\" content=\"682\" \/>\n\t<meta property=\"og:image:type\" content=\"image\/jpeg\" \/>\n<meta name=\"author\" content=\"Borja Igual\" \/>\n<meta name=\"twitter:card\" content=\"summary_large_image\" \/>\n<meta name=\"twitter:label1\" content=\"Escrito por\" \/>\n\t<meta name=\"twitter:data1\" content=\"Borja Igual\" \/>\n\t<meta name=\"twitter:label2\" content=\"Tiempo de lectura\" \/>\n\t<meta name=\"twitter:data2\" content=\"2 minutos\" \/>\n<script type=\"application\/ld+json\" class=\"yoast-schema-graph\">{\"@context\":\"https:\\\/\\\/schema.org\",\"@graph\":[{\"@type\":\"Article\",\"@id\":\"https:\\\/\\\/www.ascef.com\\\/es\\\/catedras-empresa-familiar-gestion-empresarial\\\/#article\",\"isPartOf\":{\"@id\":\"https:\\\/\\\/www.ascef.com\\\/es\\\/catedras-empresa-familiar-gestion-empresarial\\\/\"},\"author\":{\"name\":\"Borja Igual\",\"@id\":\"https:\\\/\\\/www.ascef.com\\\/es\\\/#\\\/schema\\\/person\\\/e0bdccd3e1665871f0e79e3a50ad6b02\"},\"headline\":\"Las c\u00e1tedras de empresa familiar abordar\u00e1n las nuevas formas de gesti\u00f3n empresarial post-pandemia\",\"datePublished\":\"2020-08-24T09:00:16+00:00\",\"mainEntityOfPage\":{\"@id\":\"https:\\\/\\\/www.ascef.com\\\/es\\\/catedras-empresa-familiar-gestion-empresarial\\\/\"},\"wordCount\":359,\"commentCount\":0,\"image\":{\"@id\":\"https:\\\/\\\/www.ascef.com\\\/es\\\/catedras-empresa-familiar-gestion-empresarial\\\/#primaryimage\"},\"thumbnailUrl\":\"https:\\\/\\\/www.ascef.com\\\/wp-content\\\/uploads\\\/2020\\\/07\\\/202008XX_catedra_noticia.jpg\",\"articleSection\":[\"general\"],\"inLanguage\":\"es\"},{\"@type\":\"WebPage\",\"@id\":\"https:\\\/\\\/www.ascef.com\\\/es\\\/catedras-empresa-familiar-gestion-empresarial\\\/\",\"url\":\"https:\\\/\\\/www.ascef.com\\\/es\\\/catedras-empresa-familiar-gestion-empresarial\\\/\",\"name\":\"C\u00e1tedras de empresa familiar: abordar\u00e1n las formas de gesti\u00f3n empresarial post-pandemia\",\"isPartOf\":{\"@id\":\"https:\\\/\\\/www.ascef.com\\\/es\\\/#website\"},\"primaryImageOfPage\":{\"@id\":\"https:\\\/\\\/www.ascef.com\\\/es\\\/catedras-empresa-familiar-gestion-empresarial\\\/#primaryimage\"},\"image\":{\"@id\":\"https:\\\/\\\/www.ascef.com\\\/es\\\/catedras-empresa-familiar-gestion-empresarial\\\/#primaryimage\"},\"thumbnailUrl\":\"https:\\\/\\\/www.ascef.com\\\/wp-content\\\/uploads\\\/2020\\\/07\\\/202008XX_catedra_noticia.jpg\",\"datePublished\":\"2020-08-24T09:00:16+00:00\",\"author\":{\"@id\":\"https:\\\/\\\/www.ascef.com\\\/es\\\/#\\\/schema\\\/person\\\/e0bdccd3e1665871f0e79e3a50ad6b02\"},\"description\":\"El contexto derivado de la pandemia de la Covid-19 afectar\u00e1 a las c\u00e1tedras de empresa familiar, que abordar\u00e1n las nuevas formas de gesti\u00f3n empresarial\",\"breadcrumb\":{\"@id\":\"https:\\\/\\\/www.ascef.com\\\/es\\\/catedras-empresa-familiar-gestion-empresarial\\\/#breadcrumb\"},\"inLanguage\":\"es\",\"potentialAction\":[{\"@type\":\"ReadAction\",\"target\":[\"https:\\\/\\\/www.ascef.com\\\/es\\\/catedras-empresa-familiar-gestion-empresarial\\\/\"]}]},{\"@type\":\"ImageObject\",\"inLanguage\":\"es\",\"@id\":\"https:\\\/\\\/www.ascef.com\\\/es\\\/catedras-empresa-familiar-gestion-empresarial\\\/#primaryimage\",\"url\":\"https:\\\/\\\/www.ascef.com\\\/wp-content\\\/uploads\\\/2020\\\/07\\\/202008XX_catedra_noticia.jpg\",\"contentUrl\":\"https:\\\/\\\/www.ascef.com\\\/wp-content\\\/uploads\\\/2020\\\/07\\\/202008XX_catedra_noticia.jpg\",\"width\":2560,\"height\":1705,\"caption\":\"Open blank screen laptop with a pile of book in comfortable room\"},{\"@type\":\"BreadcrumbList\",\"@id\":\"https:\\\/\\\/www.ascef.com\\\/es\\\/catedras-empresa-familiar-gestion-empresarial\\\/#breadcrumb\",\"itemListElement\":[{\"@type\":\"ListItem\",\"position\":1,\"name\":\"Portada\",\"item\":\"https:\\\/\\\/www.ascef.com\\\/es\\\/\"},{\"@type\":\"ListItem\",\"position\":2,\"name\":\"Las c\u00e1tedras de empresa familiar abordar\u00e1n las nuevas formas de gesti\u00f3n empresarial post-pandemia\"}]},{\"@type\":\"WebSite\",\"@id\":\"https:\\\/\\\/www.ascef.com\\\/es\\\/#website\",\"url\":\"https:\\\/\\\/www.ascef.com\\\/es\\\/\",\"name\":\"ASCEF\",\"description\":\"Associaci\u00f3 Catalana de l\u2019Empresa Familiar\",\"potentialAction\":[{\"@type\":\"SearchAction\",\"target\":{\"@type\":\"EntryPoint\",\"urlTemplate\":\"https:\\\/\\\/www.ascef.com\\\/es\\\/?s={search_term_string}\"},\"query-input\":{\"@type\":\"PropertyValueSpecification\",\"valueRequired\":true,\"valueName\":\"search_term_string\"}}],\"inLanguage\":\"es\"},{\"@type\":\"Person\",\"@id\":\"https:\\\/\\\/www.ascef.com\\\/es\\\/#\\\/schema\\\/person\\\/e0bdccd3e1665871f0e79e3a50ad6b02\",\"name\":\"Borja Igual\",\"url\":\"https:\\\/\\\/www.ascef.com\\\/es\\\/author\\\/bigual1990mcs-com\\\/\"}]}<\/script>\n<!-- \/ Yoast SEO plugin. -->","yoast_head_json":{"title":"C\u00e1tedras de empresa familiar: abordar\u00e1n las formas de gesti\u00f3n empresarial post-pandemia","description":"El contexto derivado de la pandemia de la Covid-19 afectar\u00e1 a las c\u00e1tedras de empresa familiar, que abordar\u00e1n las nuevas formas de gesti\u00f3n empresarial","robots":{"index":"index","follow":"follow","max-snippet":"max-snippet:-1","max-image-preview":"max-image-preview:large","max-video-preview":"max-video-preview:-1"},"canonical":"https:\/\/www.ascef.com\/es\/catedras-empresa-familiar-gestion-empresarial\/","og_locale":"es_ES","og_type":"article","og_title":"C\u00e1tedras de empresa familiar: abordar\u00e1n las formas de gesti\u00f3n empresarial post-pandemia","og_description":"El contexto derivado de la pandemia de la Covid-19 afectar\u00e1 a las c\u00e1tedras de empresa familiar, que abordar\u00e1n las nuevas formas de gesti\u00f3n empresarial","og_url":"https:\/\/www.ascef.com\/es\/catedras-empresa-familiar-gestion-empresarial\/","og_site_name":"ASCEF","article_published_time":"2020-08-24T09:00:16+00:00","og_image":[{"width":1024,"height":682,"url":"https:\/\/www.ascef.com\/wp-content\/uploads\/2020\/07\/202008XX_catedra_noticia-1024x682.jpg","type":"image\/jpeg"}],"author":"Borja Igual","twitter_card":"summary_large_image","twitter_misc":{"Escrito por":"Borja Igual","Tiempo de lectura":"2 minutos"},"schema":{"@context":"https:\/\/schema.org","@graph":[{"@type":"Article","@id":"https:\/\/www.ascef.com\/es\/catedras-empresa-familiar-gestion-empresarial\/#article","isPartOf":{"@id":"https:\/\/www.ascef.com\/es\/catedras-empresa-familiar-gestion-empresarial\/"},"author":{"name":"Borja Igual","@id":"https:\/\/www.ascef.com\/es\/#\/schema\/person\/e0bdccd3e1665871f0e79e3a50ad6b02"},"headline":"Las c\u00e1tedras de empresa familiar abordar\u00e1n las nuevas formas de gesti\u00f3n empresarial post-pandemia","datePublished":"2020-08-24T09:00:16+00:00","mainEntityOfPage":{"@id":"https:\/\/www.ascef.com\/es\/catedras-empresa-familiar-gestion-empresarial\/"},"wordCount":359,"commentCount":0,"image":{"@id":"https:\/\/www.ascef.com\/es\/catedras-empresa-familiar-gestion-empresarial\/#primaryimage"},"thumbnailUrl":"https:\/\/www.ascef.com\/wp-content\/uploads\/2020\/07\/202008XX_catedra_noticia.jpg","articleSection":["general"],"inLanguage":"es"},{"@type":"WebPage","@id":"https:\/\/www.ascef.com\/es\/catedras-empresa-familiar-gestion-empresarial\/","url":"https:\/\/www.ascef.com\/es\/catedras-empresa-familiar-gestion-empresarial\/","name":"C\u00e1tedras de empresa familiar: abordar\u00e1n las formas de gesti\u00f3n empresarial post-pandemia","isPartOf":{"@id":"https:\/\/www.ascef.com\/es\/#website"},"primaryImageOfPage":{"@id":"https:\/\/www.ascef.com\/es\/catedras-empresa-familiar-gestion-empresarial\/#primaryimage"},"image":{"@id":"https:\/\/www.ascef.com\/es\/catedras-empresa-familiar-gestion-empresarial\/#primaryimage"},"thumbnailUrl":"https:\/\/www.ascef.com\/wp-content\/uploads\/2020\/07\/202008XX_catedra_noticia.jpg","datePublished":"2020-08-24T09:00:16+00:00","author":{"@id":"https:\/\/www.ascef.com\/es\/#\/schema\/person\/e0bdccd3e1665871f0e79e3a50ad6b02"},"description":"El contexto derivado de la pandemia de la Covid-19 afectar\u00e1 a las c\u00e1tedras de empresa familiar, que abordar\u00e1n las nuevas formas de gesti\u00f3n empresarial","breadcrumb":{"@id":"https:\/\/www.ascef.com\/es\/catedras-empresa-familiar-gestion-empresarial\/#breadcrumb"},"inLanguage":"es","potentialAction":[{"@type":"ReadAction","target":["https:\/\/www.ascef.com\/es\/catedras-empresa-familiar-gestion-empresarial\/"]}]},{"@type":"ImageObject","inLanguage":"es","@id":"https:\/\/www.ascef.com\/es\/catedras-empresa-familiar-gestion-empresarial\/#primaryimage","url":"https:\/\/www.ascef.com\/wp-content\/uploads\/2020\/07\/202008XX_catedra_noticia.jpg","contentUrl":"https:\/\/www.ascef.com\/wp-content\/uploads\/2020\/07\/202008XX_catedra_noticia.jpg","width":2560,"height":1705,"caption":"Open blank screen laptop with a pile of book in comfortable room"},{"@type":"BreadcrumbList","@id":"https:\/\/www.ascef.com\/es\/catedras-empresa-familiar-gestion-empresarial\/#breadcrumb","itemListElement":[{"@type":"ListItem","position":1,"name":"Portada","item":"https:\/\/www.ascef.com\/es\/"},{"@type":"ListItem","position":2,"name":"Las c\u00e1tedras de empresa familiar abordar\u00e1n las nuevas formas de gesti\u00f3n empresarial post-pandemia"}]},{"@type":"WebSite","@id":"https:\/\/www.ascef.com\/es\/#website","url":"https:\/\/www.ascef.com\/es\/","name":"ASCEF","description":"Associaci\u00f3 Catalana de l\u2019Empresa Familiar","potentialAction":[{"@type":"SearchAction","target":{"@type":"EntryPoint","urlTemplate":"https:\/\/www.ascef.com\/es\/?s={search_term_string}"},"query-input":{"@type":"PropertyValueSpecification","valueRequired":true,"valueName":"search_term_string"}}],"inLanguage":"es"},{"@type":"Person","@id":"https:\/\/www.ascef.com\/es\/#\/schema\/person\/e0bdccd3e1665871f0e79e3a50ad6b02","name":"Borja Igual","url":"https:\/\/www.ascef.com\/es\/author\/bigual1990mcs-com\/"}]}},"_links":{"self":[{"href":"https:\/\/www.ascef.com\/es\/wp-json\/wp\/v2\/posts\/2140","targetHints":{"allow":["GET"]}}],"collection":[{"href":"https:\/\/www.ascef.com\/es\/wp-json\/wp\/v2\/posts"}],"about":[{"href":"https:\/\/www.ascef.com\/es\/wp-json\/wp\/v2\/types\/post"}],"author":[{"embeddable":true,"href":"https:\/\/www.ascef.com\/es\/wp-json\/wp\/v2\/users\/292"}],"replies":[{"embeddable":true,"href":"https:\/\/www.ascef.com\/es\/wp-json\/wp\/v2\/comments?post=2140"}],"version-history":[{"count":1,"href":"https:\/\/www.ascef.com\/es\/wp-json\/wp\/v2\/posts\/2140\/revisions"}],"predecessor-version":[{"id":2141,"href":"https:\/\/www.ascef.com\/es\/wp-json\/wp\/v2\/posts\/2140\/revisions\/2141"}],"wp:featuredmedia":[{"embeddable":true,"href":"https:\/\/www.ascef.com\/es\/wp-json\/wp\/v2\/media\/2137"}],"wp:attachment":[{"href":"https:\/\/www.ascef.com\/es\/wp-json\/wp\/v2\/media?parent=2140"}],"wp:term":[{"taxonomy":"category","embeddable":true,"href":"https:\/\/www.ascef.com\/es\/wp-json\/wp\/v2\/categories?post=2140"},{"taxonomy":"post_tag","embeddable":true,"href":"https:\/\/www.ascef.com\/es\/wp-json\/wp\/v2\/tags?post=2140"}],"curies":[{"name":"wp","href":"https:\/\/api.w.org\/{rel}","templated":true}]}}