{"id":2065,"date":"2020-07-17T07:30:45","date_gmt":"2020-07-17T07:30:45","guid":{"rendered":"https:\/\/www.ascef.com\/?p=2065"},"modified":"2020-07-16T08:57:06","modified_gmt":"2020-07-16T08:57:06","slug":"apoyar-empresas-responsables-catedra","status":"publish","type":"post","link":"https:\/\/www.ascef.com\/es\/apoyar-empresas-responsables-catedra\/","title":{"rendered":"\u201cEs fundamental potenciar, cuidar y apoyar las empresas responsables con el entorno y comprometidas con el empleo\u201d"},"content":{"rendered":"<p>La pandemia de la Covid-19 ha derivado en una crisis ante la cual las empresas familiares tendr\u00e1n un papel clave dada su importancia en la econom\u00eda, ya que suponen el 88% de la totalidad de las empresas privadas, contribuyen en el 69% del Valor A\u00f1adido Bruto (VAB) y generan el 76% de los puestos de trabajo privados.<\/p>\n<p>\u201c<em>El estado de alarma puso de manifiesto la importancia de potenciar, cuidar y apoyar aquellas empresas responsables, que generan entornos de confianza, comprometidas con el empleo y el entorno, y orientadas a la continuidad del negocio<\/em>\u201d, explica Fernando \u00c1lvarez, subdirector de la <strong>C\u00e1tedra de Empresa Familiar y Creaci\u00f3n de Empresas<\/strong> de la <a href=\"https:\/\/www.uaoceu.es\/\" target=\"_blank\" rel=\"noopener noreferrer\"><u><strong>Universitat Abat Oliba CEU<\/strong><\/u><\/a>, <a href=\"https:\/\/www.ascef.com\/es\/catedras\/\" target=\"_blank\" rel=\"noopener noreferrer\"><u><strong>una de las cinco c\u00e1tedras en Catalunya impulsadas<\/strong><\/u><\/a> por la <a href=\"https:\/\/www.ascef.com\/es\/\" target=\"_blank\" rel=\"noopener noreferrer\"><u><strong>ASCEF<\/strong><\/u><\/a>. \u201c<strong>No es casualidad que \u00e9stas sean las caracter\u00edsticas m\u00e1s habituales de las empresas familiares<\/strong>\u201d, a\u00f1ade.<\/p>\n<p>Una vez superado el estado de alarma, pero todav\u00eda en el contexto de la Covid-19, Fernando \u00c1lvarez asegura que \u201c<em><strong>la clave de la continuidad empresarial estar\u00e1 en abordar el futuro incierto que nos espera<\/strong>, con capacidad para transmitir sensaci\u00f3n de confianza y control de la situaci\u00f3n a los grupos de inter\u00e9s<\/em>\u201d.<\/p>\n<p>\u00c1lvarez afirma que las empresas deber\u00e1n saber \u201c<em>generar y comunicar experiencias a los consumidores; tener equipos de trabajo comprometidos; y disponer de liquidez suficiente para lo que queda de a\u00f1o, con reducido endeudamiento o sin necesidad de generar nuevo endeudamiento<\/em>\u201d.<\/p>\n<p>Ante el contexto actual, tambi\u00e9n <strong>ser\u00e1 fundamental que la empresa tenga \u201c<\/strong><em><strong>habilidad para adaptarse a las circunstancias y los cambios normativos<\/strong> que se vayan introduciendo, siendo gestionada con un liderazgo visionario y emp\u00e1tico<\/em>\u201d.<\/p>\n<p>En esta situaci\u00f3n, Fernando \u00c1lvarez considera que \u201c<em>la universidad debe seguir generando y compartiendo conocimiento orientado a la mejora de la sociedad, formando nuevas generaciones con capacidad de tomar decisiones en situaciones de incertidumbre<\/em>\u201d.<\/p>\n<p>\u201c<em><strong>Se debe poner en valor el importante papel que juegan las empresas en la creaci\u00f3n de empleo y la cohesi\u00f3n social<\/strong>; y el imprescindible papel que tiene asignado el sector p\u00fablico en establecer las reglas de juego que permitan lograr un crecimiento competitivo e inclusivo de su econom\u00eda. El sector p\u00fablico y el sector privado se necesitan y deben potenciar su entendimiento<\/em>\u201d.<\/p>\n<p>\u201c<em><strong>El futuro pasa por la necesidad de potenciar un tejido empresarial responsable y sostenible<\/strong>, que d\u00e9 respuestas a un consumidor cada vez m\u00e1s consciente y exigente. Estamos ante un cambio de paradigma al que hay que dar respuesta, y la Universidad tiene mucho que decir en este sentido<\/em>\u201d, concluye \u00c1lvarez.<\/p>\n","protected":false},"excerpt":{"rendered":"<p>La pandemia de la Covid-19 ha derivado en una crisis ante la cual las empresas familiares tendr\u00e1n un papel clave dada su importancia en la econom\u00eda, ya que suponen el 88% de la totalidad de las empresas privadas, contribuyen en el 69% del Valor A\u00f1adido Bruto (VAB) y generan el 76% de los puestos de [&hellip;]<\/p>\n","protected":false},"author":292,"featured_media":2063,"comment_status":"open","ping_status":"open","sticky":false,"template":"","format":"standard","meta":{"_acf_changed":false,"footnotes":""},"categories":[185],"tags":[],"class_list":["post-2065","post","type-post","status-publish","format-standard","has-post-thumbnail","hentry","category-general"],"acf":[],"yoast_head":"<!-- This site is optimized with the Yoast SEO plugin v27.5 - https:\/\/yoast.com\/product\/yoast-seo-wordpress\/ -->\n<title>\u201cEs fundamental potenciar, cuidar y apoyar las empresas responsables con el entorno y comprometidas con el empleo\u201d - ASCEF<\/title>\n<meta name=\"description\" content=\"El estado de alarma puso de manifiesto la importancia de potenciar, cuidar y apoyar aquellas empresas responsables, que generan entornos de confianza, comprometidas con el empleo y el entorno, y orientadas a la continuidad del negocio\" \/>\n<meta name=\"robots\" content=\"index, follow, max-snippet:-1, max-image-preview:large, max-video-preview:-1\" \/>\n<link rel=\"canonical\" href=\"https:\/\/www.ascef.com\/es\/apoyar-empresas-responsables-catedra\/\" \/>\n<meta property=\"og:locale\" content=\"es_ES\" \/>\n<meta property=\"og:type\" content=\"article\" \/>\n<meta property=\"og:title\" content=\"\u201cEs fundamental potenciar, cuidar y apoyar las empresas responsables con el entorno y comprometidas con el empleo\u201d - ASCEF\" \/>\n<meta property=\"og:description\" content=\"El estado de alarma puso de manifiesto la importancia de potenciar, cuidar y apoyar aquellas empresas responsables, que generan entornos de confianza, comprometidas con el empleo y el entorno, y orientadas a la continuidad del negocio\" \/>\n<meta property=\"og:url\" content=\"https:\/\/www.ascef.com\/es\/apoyar-empresas-responsables-catedra\/\" \/>\n<meta property=\"og:site_name\" content=\"ASCEF\" \/>\n<meta property=\"article:published_time\" content=\"2020-07-17T07:30:45+00:00\" \/>\n<meta property=\"og:image\" content=\"https:\/\/www.ascef.com\/wp-content\/uploads\/2020\/07\/20200717_catedra-1024x683.jpg\" \/>\n\t<meta property=\"og:image:width\" content=\"1024\" \/>\n\t<meta property=\"og:image:height\" content=\"683\" \/>\n\t<meta property=\"og:image:type\" content=\"image\/jpeg\" \/>\n<meta name=\"author\" content=\"Borja Igual\" \/>\n<meta name=\"twitter:card\" content=\"summary_large_image\" \/>\n<meta name=\"twitter:label1\" content=\"Escrito por\" \/>\n\t<meta name=\"twitter:data1\" content=\"Borja Igual\" \/>\n\t<meta name=\"twitter:label2\" content=\"Tiempo de lectura\" \/>\n\t<meta name=\"twitter:data2\" content=\"2 minutos\" \/>\n<script type=\"application\/ld+json\" class=\"yoast-schema-graph\">{\"@context\":\"https:\\\/\\\/schema.org\",\"@graph\":[{\"@type\":\"Article\",\"@id\":\"https:\\\/\\\/www.ascef.com\\\/es\\\/apoyar-empresas-responsables-catedra\\\/#article\",\"isPartOf\":{\"@id\":\"https:\\\/\\\/www.ascef.com\\\/es\\\/apoyar-empresas-responsables-catedra\\\/\"},\"author\":{\"name\":\"Borja Igual\",\"@id\":\"https:\\\/\\\/www.ascef.com\\\/es\\\/#\\\/schema\\\/person\\\/e0bdccd3e1665871f0e79e3a50ad6b02\"},\"headline\":\"\u201cEs fundamental potenciar, cuidar y apoyar las empresas responsables con el entorno y comprometidas con el empleo\u201d\",\"datePublished\":\"2020-07-17T07:30:45+00:00\",\"mainEntityOfPage\":{\"@id\":\"https:\\\/\\\/www.ascef.com\\\/es\\\/apoyar-empresas-responsables-catedra\\\/\"},\"wordCount\":447,\"commentCount\":0,\"image\":{\"@id\":\"https:\\\/\\\/www.ascef.com\\\/es\\\/apoyar-empresas-responsables-catedra\\\/#primaryimage\"},\"thumbnailUrl\":\"https:\\\/\\\/www.ascef.com\\\/wp-content\\\/uploads\\\/2020\\\/07\\\/20200717_catedra.jpg\",\"articleSection\":[\"general\"],\"inLanguage\":\"es\"},{\"@type\":\"WebPage\",\"@id\":\"https:\\\/\\\/www.ascef.com\\\/es\\\/apoyar-empresas-responsables-catedra\\\/\",\"url\":\"https:\\\/\\\/www.ascef.com\\\/es\\\/apoyar-empresas-responsables-catedra\\\/\",\"name\":\"\u201cEs fundamental potenciar, cuidar y apoyar las empresas responsables con el entorno y comprometidas con el empleo\u201d - ASCEF\",\"isPartOf\":{\"@id\":\"https:\\\/\\\/www.ascef.com\\\/es\\\/#website\"},\"primaryImageOfPage\":{\"@id\":\"https:\\\/\\\/www.ascef.com\\\/es\\\/apoyar-empresas-responsables-catedra\\\/#primaryimage\"},\"image\":{\"@id\":\"https:\\\/\\\/www.ascef.com\\\/es\\\/apoyar-empresas-responsables-catedra\\\/#primaryimage\"},\"thumbnailUrl\":\"https:\\\/\\\/www.ascef.com\\\/wp-content\\\/uploads\\\/2020\\\/07\\\/20200717_catedra.jpg\",\"datePublished\":\"2020-07-17T07:30:45+00:00\",\"author\":{\"@id\":\"https:\\\/\\\/www.ascef.com\\\/es\\\/#\\\/schema\\\/person\\\/e0bdccd3e1665871f0e79e3a50ad6b02\"},\"description\":\"El estado de alarma puso de manifiesto la importancia de potenciar, cuidar y apoyar aquellas empresas responsables, que generan entornos de confianza, comprometidas con el empleo y el entorno, y orientadas a la continuidad del negocio\",\"breadcrumb\":{\"@id\":\"https:\\\/\\\/www.ascef.com\\\/es\\\/apoyar-empresas-responsables-catedra\\\/#breadcrumb\"},\"inLanguage\":\"es\",\"potentialAction\":[{\"@type\":\"ReadAction\",\"target\":[\"https:\\\/\\\/www.ascef.com\\\/es\\\/apoyar-empresas-responsables-catedra\\\/\"]}]},{\"@type\":\"ImageObject\",\"inLanguage\":\"es\",\"@id\":\"https:\\\/\\\/www.ascef.com\\\/es\\\/apoyar-empresas-responsables-catedra\\\/#primaryimage\",\"url\":\"https:\\\/\\\/www.ascef.com\\\/wp-content\\\/uploads\\\/2020\\\/07\\\/20200717_catedra.jpg\",\"contentUrl\":\"https:\\\/\\\/www.ascef.com\\\/wp-content\\\/uploads\\\/2020\\\/07\\\/20200717_catedra.jpg\",\"width\":2560,\"height\":1707},{\"@type\":\"BreadcrumbList\",\"@id\":\"https:\\\/\\\/www.ascef.com\\\/es\\\/apoyar-empresas-responsables-catedra\\\/#breadcrumb\",\"itemListElement\":[{\"@type\":\"ListItem\",\"position\":1,\"name\":\"Portada\",\"item\":\"https:\\\/\\\/www.ascef.com\\\/es\\\/\"},{\"@type\":\"ListItem\",\"position\":2,\"name\":\"\u201cEs fundamental potenciar, cuidar y apoyar las empresas responsables con el entorno y comprometidas con el empleo\u201d\"}]},{\"@type\":\"WebSite\",\"@id\":\"https:\\\/\\\/www.ascef.com\\\/es\\\/#website\",\"url\":\"https:\\\/\\\/www.ascef.com\\\/es\\\/\",\"name\":\"ASCEF\",\"description\":\"Associaci\u00f3 Catalana de l\u2019Empresa Familiar\",\"potentialAction\":[{\"@type\":\"SearchAction\",\"target\":{\"@type\":\"EntryPoint\",\"urlTemplate\":\"https:\\\/\\\/www.ascef.com\\\/es\\\/?s={search_term_string}\"},\"query-input\":{\"@type\":\"PropertyValueSpecification\",\"valueRequired\":true,\"valueName\":\"search_term_string\"}}],\"inLanguage\":\"es\"},{\"@type\":\"Person\",\"@id\":\"https:\\\/\\\/www.ascef.com\\\/es\\\/#\\\/schema\\\/person\\\/e0bdccd3e1665871f0e79e3a50ad6b02\",\"name\":\"Borja Igual\",\"url\":\"https:\\\/\\\/www.ascef.com\\\/es\\\/author\\\/bigual1990mcs-com\\\/\"}]}<\/script>\n<!-- \/ Yoast SEO plugin. -->","yoast_head_json":{"title":"\u201cEs fundamental potenciar, cuidar y apoyar las empresas responsables con el entorno y comprometidas con el empleo\u201d - ASCEF","description":"El estado de alarma puso de manifiesto la importancia de potenciar, cuidar y apoyar aquellas empresas responsables, que generan entornos de confianza, comprometidas con el empleo y el entorno, y orientadas a la continuidad del negocio","robots":{"index":"index","follow":"follow","max-snippet":"max-snippet:-1","max-image-preview":"max-image-preview:large","max-video-preview":"max-video-preview:-1"},"canonical":"https:\/\/www.ascef.com\/es\/apoyar-empresas-responsables-catedra\/","og_locale":"es_ES","og_type":"article","og_title":"\u201cEs fundamental potenciar, cuidar y apoyar las empresas responsables con el entorno y comprometidas con el empleo\u201d - ASCEF","og_description":"El estado de alarma puso de manifiesto la importancia de potenciar, cuidar y apoyar aquellas empresas responsables, que generan entornos de confianza, comprometidas con el empleo y el entorno, y orientadas a la continuidad del negocio","og_url":"https:\/\/www.ascef.com\/es\/apoyar-empresas-responsables-catedra\/","og_site_name":"ASCEF","article_published_time":"2020-07-17T07:30:45+00:00","og_image":[{"width":1024,"height":683,"url":"https:\/\/www.ascef.com\/wp-content\/uploads\/2020\/07\/20200717_catedra-1024x683.jpg","type":"image\/jpeg"}],"author":"Borja Igual","twitter_card":"summary_large_image","twitter_misc":{"Escrito por":"Borja Igual","Tiempo de lectura":"2 minutos"},"schema":{"@context":"https:\/\/schema.org","@graph":[{"@type":"Article","@id":"https:\/\/www.ascef.com\/es\/apoyar-empresas-responsables-catedra\/#article","isPartOf":{"@id":"https:\/\/www.ascef.com\/es\/apoyar-empresas-responsables-catedra\/"},"author":{"name":"Borja Igual","@id":"https:\/\/www.ascef.com\/es\/#\/schema\/person\/e0bdccd3e1665871f0e79e3a50ad6b02"},"headline":"\u201cEs fundamental potenciar, cuidar y apoyar las empresas responsables con el entorno y comprometidas con el empleo\u201d","datePublished":"2020-07-17T07:30:45+00:00","mainEntityOfPage":{"@id":"https:\/\/www.ascef.com\/es\/apoyar-empresas-responsables-catedra\/"},"wordCount":447,"commentCount":0,"image":{"@id":"https:\/\/www.ascef.com\/es\/apoyar-empresas-responsables-catedra\/#primaryimage"},"thumbnailUrl":"https:\/\/www.ascef.com\/wp-content\/uploads\/2020\/07\/20200717_catedra.jpg","articleSection":["general"],"inLanguage":"es"},{"@type":"WebPage","@id":"https:\/\/www.ascef.com\/es\/apoyar-empresas-responsables-catedra\/","url":"https:\/\/www.ascef.com\/es\/apoyar-empresas-responsables-catedra\/","name":"\u201cEs fundamental potenciar, cuidar y apoyar las empresas responsables con el entorno y comprometidas con el empleo\u201d - ASCEF","isPartOf":{"@id":"https:\/\/www.ascef.com\/es\/#website"},"primaryImageOfPage":{"@id":"https:\/\/www.ascef.com\/es\/apoyar-empresas-responsables-catedra\/#primaryimage"},"image":{"@id":"https:\/\/www.ascef.com\/es\/apoyar-empresas-responsables-catedra\/#primaryimage"},"thumbnailUrl":"https:\/\/www.ascef.com\/wp-content\/uploads\/2020\/07\/20200717_catedra.jpg","datePublished":"2020-07-17T07:30:45+00:00","author":{"@id":"https:\/\/www.ascef.com\/es\/#\/schema\/person\/e0bdccd3e1665871f0e79e3a50ad6b02"},"description":"El estado de alarma puso de manifiesto la importancia de potenciar, cuidar y apoyar aquellas empresas responsables, que generan entornos de confianza, comprometidas con el empleo y el entorno, y orientadas a la continuidad del negocio","breadcrumb":{"@id":"https:\/\/www.ascef.com\/es\/apoyar-empresas-responsables-catedra\/#breadcrumb"},"inLanguage":"es","potentialAction":[{"@type":"ReadAction","target":["https:\/\/www.ascef.com\/es\/apoyar-empresas-responsables-catedra\/"]}]},{"@type":"ImageObject","inLanguage":"es","@id":"https:\/\/www.ascef.com\/es\/apoyar-empresas-responsables-catedra\/#primaryimage","url":"https:\/\/www.ascef.com\/wp-content\/uploads\/2020\/07\/20200717_catedra.jpg","contentUrl":"https:\/\/www.ascef.com\/wp-content\/uploads\/2020\/07\/20200717_catedra.jpg","width":2560,"height":1707},{"@type":"BreadcrumbList","@id":"https:\/\/www.ascef.com\/es\/apoyar-empresas-responsables-catedra\/#breadcrumb","itemListElement":[{"@type":"ListItem","position":1,"name":"Portada","item":"https:\/\/www.ascef.com\/es\/"},{"@type":"ListItem","position":2,"name":"\u201cEs fundamental potenciar, cuidar y apoyar las empresas responsables con el entorno y comprometidas con el empleo\u201d"}]},{"@type":"WebSite","@id":"https:\/\/www.ascef.com\/es\/#website","url":"https:\/\/www.ascef.com\/es\/","name":"ASCEF","description":"Associaci\u00f3 Catalana de l\u2019Empresa Familiar","potentialAction":[{"@type":"SearchAction","target":{"@type":"EntryPoint","urlTemplate":"https:\/\/www.ascef.com\/es\/?s={search_term_string}"},"query-input":{"@type":"PropertyValueSpecification","valueRequired":true,"valueName":"search_term_string"}}],"inLanguage":"es"},{"@type":"Person","@id":"https:\/\/www.ascef.com\/es\/#\/schema\/person\/e0bdccd3e1665871f0e79e3a50ad6b02","name":"Borja Igual","url":"https:\/\/www.ascef.com\/es\/author\/bigual1990mcs-com\/"}]}},"_links":{"self":[{"href":"https:\/\/www.ascef.com\/es\/wp-json\/wp\/v2\/posts\/2065","targetHints":{"allow":["GET"]}}],"collection":[{"href":"https:\/\/www.ascef.com\/es\/wp-json\/wp\/v2\/posts"}],"about":[{"href":"https:\/\/www.ascef.com\/es\/wp-json\/wp\/v2\/types\/post"}],"author":[{"embeddable":true,"href":"https:\/\/www.ascef.com\/es\/wp-json\/wp\/v2\/users\/292"}],"replies":[{"embeddable":true,"href":"https:\/\/www.ascef.com\/es\/wp-json\/wp\/v2\/comments?post=2065"}],"version-history":[{"count":2,"href":"https:\/\/www.ascef.com\/es\/wp-json\/wp\/v2\/posts\/2065\/revisions"}],"predecessor-version":[{"id":2067,"href":"https:\/\/www.ascef.com\/es\/wp-json\/wp\/v2\/posts\/2065\/revisions\/2067"}],"wp:featuredmedia":[{"embeddable":true,"href":"https:\/\/www.ascef.com\/es\/wp-json\/wp\/v2\/media\/2063"}],"wp:attachment":[{"href":"https:\/\/www.ascef.com\/es\/wp-json\/wp\/v2\/media?parent=2065"}],"wp:term":[{"taxonomy":"category","embeddable":true,"href":"https:\/\/www.ascef.com\/es\/wp-json\/wp\/v2\/categories?post=2065"},{"taxonomy":"post_tag","embeddable":true,"href":"https:\/\/www.ascef.com\/es\/wp-json\/wp\/v2\/tags?post=2065"}],"curies":[{"name":"wp","href":"https:\/\/api.w.org\/{rel}","templated":true}]}}