{"id":2024,"date":"2020-07-01T10:28:20","date_gmt":"2020-07-01T10:28:20","guid":{"rendered":"https:\/\/www.ascef.com\/?p=2024"},"modified":"2020-07-01T10:28:20","modified_gmt":"2020-07-01T10:28:20","slug":"covid19-innovacion-oportunidades","status":"publish","type":"post","link":"https:\/\/www.ascef.com\/es\/covid19-innovacion-oportunidades\/","title":{"rendered":"\u201cCon la COVID-19 no pasar\u00e1n cosas nuevas, sino que se acelerar\u00e1n muchas tendencias que ya estaban incub\u00e1ndose en el sistema\u201d"},"content":{"rendered":"<p>Xavier Ferr\u00e0s, profesor de Direcci\u00f3n de Operaciones, Innovaci\u00f3n y Data Sciences de <a href=\"https:\/\/www.esade.edu\/es\/\" target=\"_blank\" rel=\"noopener noreferrer\"><u><strong>ESADE<\/strong><\/u><\/a>, ofreci\u00f3 el pasado 26 de junio una conferencia virtual para los <a href=\"https:\/\/www.ascef.com\/es\/ascef\/quien-somos\/\" target=\"_blank\" rel=\"noopener noreferrer\"><u><strong>miembros del F\u00f3rum<\/strong><\/u><\/a> de la <a href=\"https:\/\/www.ascef.com\/es\/\" target=\"_blank\" rel=\"noopener noreferrer\"><u><strong>Asociaci\u00f3n Catalana de la Empresa Familiar (ASCEF)<\/strong><\/u><\/a> bajo el t\u00edtulo \u201c<em>\u00bfApocalipsis u oasis? Oportunidades en un mundo incierto. El camino post-pandemia<\/em>\u201d. A lo largo de la sesi\u00f3n el ponente trat\u00f3 sobre industria, innovaci\u00f3n y competitividad en la era post-Covi, y tambi\u00e9n ofreci\u00f3 consejos para la empresa familiar de cara al nuevo escenario.<\/p>\n<p>\u201c<strong><em>Con la COVID-19 no pasar\u00e1n cosas nuevas, sino que se acelerar\u00e1n muchas tendencias que ya estaban incub\u00e1ndose en el sistema<\/em><\/strong>\u201d, se\u00f1al\u00f3 Xavier Ferr\u00e0s en el inicio de la ponencia. Considera que la pandemia ser\u00e1 el <em>momento Sputnik<\/em>, en referencia a la respuesta de los Estados Unidos al lanzamiento del sat\u00e9lite Sputnik por parte de la URSS el a\u00f1o 1958 que situ\u00f3 la ciencia y la tecnolog\u00eda en el centro de la r\u00e9plica norteamericana.<\/p>\n<p>El profesor de ESADE remarc\u00f3 que \u201c<em>est\u00e1n pasando muchas cosas en el \u00e1mbito cient\u00edfico que dar\u00e1n para mucho<\/em>\u201d. \u201c<strong><em>Algunas son ahora muy embrionarias, pero abrir\u00e1n campos de negocio impresionantes<\/em><\/strong>\u201d, a\u00f1adi\u00f3 en la conferenciar realizada en el F\u00f3rum de ASCEF.<\/p>\n<p>A lo largo de la ponencia, Xavier Ferr\u00e0s subray\u00f3 la importancia de aumentar la inversi\u00f3n en I+D+i, recordando que en la Uni\u00f3n Europea \u201c<em>el objetivo es una inversi\u00f3n del 3% del presupuesto, pero ahora en Catalunya est\u00e1 en el 1,5%<\/em>\u201d. \u201c<em>Hemos de doblar la inversi\u00f3n, y haciendo n\u00fameros tampoco es tan complicado, porque tenemos las bases construidas<\/em>\u201d, a\u00f1adi\u00f3.<\/p>\n<p>\u201c<em>El futuro que viene es un futuro de guerra tecnol\u00f3gica<\/em>\u201d, augur\u00f3. \u201c<em>Nosotros no tenemos esta conciencia, pero muchos pa\u00edses, corporaciones, est\u00e1n construyendo, orientando, generando alrededor de diferentes tecnolog\u00edas, como por ejemplo la Inteligencia Artificial<\/em>\u201d, a\u00f1adi\u00f3 antes de avisar que \u201c<em>Europa no tiene ninguna estrategia de datos: nuestros datos ahora est\u00e1n en manos de empresas americanas<\/em>\u201d. Adem\u00e1s, en un mundo \u201c<em>donde se intensificar\u00e1 la rivalidad China-EE.UU., la UE tiene la misi\u00f3n urgente de posicionarse en este mundo bipolar<\/em>\u201d.<\/p>\n<p>Xavier Ferr\u00e0s considera que <strong>con la pandemia de la COVID-19 la industria tecnol\u00f3gica saldr\u00e1 reforzada<\/strong> al situarnos en un mundo cada vez m\u00e1s digitalizado. Adem\u00e1s, \u201c<em>con la pandemia nos hemos dado cuenta de la importancia de tener algunas industrias estrat\u00e9gicas, o tecnolog\u00edas estrat\u00e9gicas, como por ejemplo la impresi\u00f3n 3D<\/em>\u201d, explic\u00f3.<\/p>\n<p>Antes de finalizar la sesi\u00f3n, Xavier Ferr\u00e0s envi\u00f3 un mensaje a los j\u00f3venes empresarios catalanes: \u201c<em>Vuestro reto es conseguir que Catalunya se sit\u00fae en este nivel de competitividad \u2018gama alta\u2019, y que con esto nos podamos plantear un estado del bienestar tambi\u00e9n \u2018gama alta\u2019<\/em>\u201d.<\/p>\n<p>El profesor de ESADE concluy\u00f3 con una serie de consejos para la empresa familiar de cara a este nuevo escenario post-pandemia: \u201c<strong><em>Es importante preparar la empresa para la agilidad en la toma de decisiones, atraer y retener el talento, como tambi\u00e9n tener un cierto proceso de innovaci\u00f3n<\/em><\/strong>\u201d. En este sentido, Xavier Ferr\u00e0s detall\u00f3 que \u201c<em>es importante proteger y operar con excelencia el &#8216;core business&#8217;, pero tambi\u00e9n dedicar una peque\u00f1a parte para explorar el ecosistema, a lo largo plazo, que ahora pueda ser embrionario del modelo de negocio del futuro<\/em>\u201d.<\/p>\n<p>Esta sesi\u00f3n se realiz\u00f3 en el marco del F\u00f3rum, el grupo dentro de ASCEF que aglutina a m\u00e1s de 190 integrantes de familias empresarias entre 18 y 45 a\u00f1os, y que tiene como objetivo acercar la asociaci\u00f3n a los m\u00e1s j\u00f3venes dedicando especial atenci\u00f3n a los temas que les preocupan.<\/p>\n","protected":false},"excerpt":{"rendered":"<p>Xavier Ferr\u00e0s, profesor de Direcci\u00f3n de Operaciones, Innovaci\u00f3n y Data Sciences de ESADE, ofreci\u00f3 el pasado 26 de junio una conferencia virtual para los miembros del F\u00f3rum de la Asociaci\u00f3n Catalana de la Empresa Familiar (ASCEF) bajo el t\u00edtulo \u201c\u00bfApocalipsis u oasis? Oportunidades en un mundo incierto. El camino post-pandemia\u201d. A lo largo de la [&hellip;]<\/p>\n","protected":false},"author":292,"featured_media":2022,"comment_status":"open","ping_status":"open","sticky":false,"template":"","format":"standard","meta":{"_acf_changed":false,"footnotes":""},"categories":[185],"tags":[],"class_list":["post-2024","post","type-post","status-publish","format-standard","has-post-thumbnail","hentry","category-general"],"acf":[],"yoast_head":"<!-- This site is optimized with the Yoast SEO plugin v27.5 - https:\/\/yoast.com\/product\/yoast-seo-wordpress\/ -->\n<title>Innovaci\u00f3n: \u201cCon la COVID-19 se acelerar\u00e1n muchas tendencias que ya estaban incub\u00e1ndose&quot;<\/title>\n<meta name=\"description\" content=\"El profesor de ESADE Xavier Ferr\u00e0s ofreci\u00f3 una ponencia en el F\u00f3rum de ASCEF donde trat\u00f3 sobre industria, innovaci\u00f3n y competitividad en la era post-Covid\" \/>\n<meta name=\"robots\" content=\"index, follow, max-snippet:-1, max-image-preview:large, max-video-preview:-1\" \/>\n<link rel=\"canonical\" href=\"https:\/\/www.ascef.com\/es\/covid19-innovacion-oportunidades\/\" \/>\n<meta property=\"og:locale\" content=\"es_ES\" \/>\n<meta property=\"og:type\" content=\"article\" \/>\n<meta property=\"og:title\" content=\"Innovaci\u00f3n: \u201cCon la COVID-19 se acelerar\u00e1n muchas tendencias que ya estaban incub\u00e1ndose&quot;\" \/>\n<meta property=\"og:description\" content=\"El profesor de ESADE Xavier Ferr\u00e0s ofreci\u00f3 una ponencia en el F\u00f3rum de ASCEF donde trat\u00f3 sobre industria, innovaci\u00f3n y competitividad en la era post-Covid\" \/>\n<meta property=\"og:url\" content=\"https:\/\/www.ascef.com\/es\/covid19-innovacion-oportunidades\/\" \/>\n<meta property=\"og:site_name\" content=\"ASCEF\" \/>\n<meta property=\"article:published_time\" content=\"2020-07-01T10:28:20+00:00\" \/>\n<meta property=\"og:image\" content=\"https:\/\/www.ascef.com\/wp-content\/uploads\/2020\/07\/20200701_web_activitatforum.jpg\" \/>\n\t<meta property=\"og:image:width\" content=\"1317\" \/>\n\t<meta property=\"og:image:height\" content=\"879\" \/>\n\t<meta property=\"og:image:type\" content=\"image\/jpeg\" \/>\n<meta name=\"author\" content=\"Borja Igual\" \/>\n<meta name=\"twitter:card\" content=\"summary_large_image\" \/>\n<meta name=\"twitter:label1\" content=\"Escrito por\" \/>\n\t<meta name=\"twitter:data1\" content=\"Borja Igual\" \/>\n\t<meta name=\"twitter:label2\" content=\"Tiempo de lectura\" \/>\n\t<meta name=\"twitter:data2\" content=\"3 minutos\" \/>\n<script type=\"application\/ld+json\" class=\"yoast-schema-graph\">{\"@context\":\"https:\\\/\\\/schema.org\",\"@graph\":[{\"@type\":\"Article\",\"@id\":\"https:\\\/\\\/www.ascef.com\\\/es\\\/covid19-innovacion-oportunidades\\\/#article\",\"isPartOf\":{\"@id\":\"https:\\\/\\\/www.ascef.com\\\/es\\\/covid19-innovacion-oportunidades\\\/\"},\"author\":{\"name\":\"Borja Igual\",\"@id\":\"https:\\\/\\\/www.ascef.com\\\/es\\\/#\\\/schema\\\/person\\\/e0bdccd3e1665871f0e79e3a50ad6b02\"},\"headline\":\"\u201cCon la COVID-19 no pasar\u00e1n cosas nuevas, sino que se acelerar\u00e1n muchas tendencias que ya estaban incub\u00e1ndose en el sistema\u201d\",\"datePublished\":\"2020-07-01T10:28:20+00:00\",\"mainEntityOfPage\":{\"@id\":\"https:\\\/\\\/www.ascef.com\\\/es\\\/covid19-innovacion-oportunidades\\\/\"},\"wordCount\":645,\"commentCount\":0,\"image\":{\"@id\":\"https:\\\/\\\/www.ascef.com\\\/es\\\/covid19-innovacion-oportunidades\\\/#primaryimage\"},\"thumbnailUrl\":\"https:\\\/\\\/www.ascef.com\\\/wp-content\\\/uploads\\\/2020\\\/07\\\/20200701_web_activitatforum.jpg\",\"articleSection\":[\"general\"],\"inLanguage\":\"es\"},{\"@type\":\"WebPage\",\"@id\":\"https:\\\/\\\/www.ascef.com\\\/es\\\/covid19-innovacion-oportunidades\\\/\",\"url\":\"https:\\\/\\\/www.ascef.com\\\/es\\\/covid19-innovacion-oportunidades\\\/\",\"name\":\"Innovaci\u00f3n: \u201cCon la COVID-19 se acelerar\u00e1n muchas tendencias que ya estaban incub\u00e1ndose\\\"\",\"isPartOf\":{\"@id\":\"https:\\\/\\\/www.ascef.com\\\/es\\\/#website\"},\"primaryImageOfPage\":{\"@id\":\"https:\\\/\\\/www.ascef.com\\\/es\\\/covid19-innovacion-oportunidades\\\/#primaryimage\"},\"image\":{\"@id\":\"https:\\\/\\\/www.ascef.com\\\/es\\\/covid19-innovacion-oportunidades\\\/#primaryimage\"},\"thumbnailUrl\":\"https:\\\/\\\/www.ascef.com\\\/wp-content\\\/uploads\\\/2020\\\/07\\\/20200701_web_activitatforum.jpg\",\"datePublished\":\"2020-07-01T10:28:20+00:00\",\"author\":{\"@id\":\"https:\\\/\\\/www.ascef.com\\\/es\\\/#\\\/schema\\\/person\\\/e0bdccd3e1665871f0e79e3a50ad6b02\"},\"description\":\"El profesor de ESADE Xavier Ferr\u00e0s ofreci\u00f3 una ponencia en el F\u00f3rum de ASCEF donde trat\u00f3 sobre industria, innovaci\u00f3n y competitividad en la era post-Covid\",\"breadcrumb\":{\"@id\":\"https:\\\/\\\/www.ascef.com\\\/es\\\/covid19-innovacion-oportunidades\\\/#breadcrumb\"},\"inLanguage\":\"es\",\"potentialAction\":[{\"@type\":\"ReadAction\",\"target\":[\"https:\\\/\\\/www.ascef.com\\\/es\\\/covid19-innovacion-oportunidades\\\/\"]}]},{\"@type\":\"ImageObject\",\"inLanguage\":\"es\",\"@id\":\"https:\\\/\\\/www.ascef.com\\\/es\\\/covid19-innovacion-oportunidades\\\/#primaryimage\",\"url\":\"https:\\\/\\\/www.ascef.com\\\/wp-content\\\/uploads\\\/2020\\\/07\\\/20200701_web_activitatforum.jpg\",\"contentUrl\":\"https:\\\/\\\/www.ascef.com\\\/wp-content\\\/uploads\\\/2020\\\/07\\\/20200701_web_activitatforum.jpg\",\"width\":1317,\"height\":879,\"caption\":\"Sessi\u00f3 F\u00f2rum ASCEF\"},{\"@type\":\"BreadcrumbList\",\"@id\":\"https:\\\/\\\/www.ascef.com\\\/es\\\/covid19-innovacion-oportunidades\\\/#breadcrumb\",\"itemListElement\":[{\"@type\":\"ListItem\",\"position\":1,\"name\":\"Portada\",\"item\":\"https:\\\/\\\/www.ascef.com\\\/es\\\/\"},{\"@type\":\"ListItem\",\"position\":2,\"name\":\"\u201cCon la COVID-19 no pasar\u00e1n cosas nuevas, sino que se acelerar\u00e1n muchas tendencias que ya estaban incub\u00e1ndose en el sistema\u201d\"}]},{\"@type\":\"WebSite\",\"@id\":\"https:\\\/\\\/www.ascef.com\\\/es\\\/#website\",\"url\":\"https:\\\/\\\/www.ascef.com\\\/es\\\/\",\"name\":\"ASCEF\",\"description\":\"Associaci\u00f3 Catalana de l\u2019Empresa Familiar\",\"potentialAction\":[{\"@type\":\"SearchAction\",\"target\":{\"@type\":\"EntryPoint\",\"urlTemplate\":\"https:\\\/\\\/www.ascef.com\\\/es\\\/?s={search_term_string}\"},\"query-input\":{\"@type\":\"PropertyValueSpecification\",\"valueRequired\":true,\"valueName\":\"search_term_string\"}}],\"inLanguage\":\"es\"},{\"@type\":\"Person\",\"@id\":\"https:\\\/\\\/www.ascef.com\\\/es\\\/#\\\/schema\\\/person\\\/e0bdccd3e1665871f0e79e3a50ad6b02\",\"name\":\"Borja Igual\",\"url\":\"https:\\\/\\\/www.ascef.com\\\/es\\\/author\\\/bigual1990mcs-com\\\/\"}]}<\/script>\n<!-- \/ Yoast SEO plugin. -->","yoast_head_json":{"title":"Innovaci\u00f3n: \u201cCon la COVID-19 se acelerar\u00e1n muchas tendencias que ya estaban incub\u00e1ndose\"","description":"El profesor de ESADE Xavier Ferr\u00e0s ofreci\u00f3 una ponencia en el F\u00f3rum de ASCEF donde trat\u00f3 sobre industria, innovaci\u00f3n y competitividad en la era post-Covid","robots":{"index":"index","follow":"follow","max-snippet":"max-snippet:-1","max-image-preview":"max-image-preview:large","max-video-preview":"max-video-preview:-1"},"canonical":"https:\/\/www.ascef.com\/es\/covid19-innovacion-oportunidades\/","og_locale":"es_ES","og_type":"article","og_title":"Innovaci\u00f3n: \u201cCon la COVID-19 se acelerar\u00e1n muchas tendencias que ya estaban incub\u00e1ndose\"","og_description":"El profesor de ESADE Xavier Ferr\u00e0s ofreci\u00f3 una ponencia en el F\u00f3rum de ASCEF donde trat\u00f3 sobre industria, innovaci\u00f3n y competitividad en la era post-Covid","og_url":"https:\/\/www.ascef.com\/es\/covid19-innovacion-oportunidades\/","og_site_name":"ASCEF","article_published_time":"2020-07-01T10:28:20+00:00","og_image":[{"width":1317,"height":879,"url":"https:\/\/www.ascef.com\/wp-content\/uploads\/2020\/07\/20200701_web_activitatforum.jpg","type":"image\/jpeg"}],"author":"Borja Igual","twitter_card":"summary_large_image","twitter_misc":{"Escrito por":"Borja Igual","Tiempo de lectura":"3 minutos"},"schema":{"@context":"https:\/\/schema.org","@graph":[{"@type":"Article","@id":"https:\/\/www.ascef.com\/es\/covid19-innovacion-oportunidades\/#article","isPartOf":{"@id":"https:\/\/www.ascef.com\/es\/covid19-innovacion-oportunidades\/"},"author":{"name":"Borja Igual","@id":"https:\/\/www.ascef.com\/es\/#\/schema\/person\/e0bdccd3e1665871f0e79e3a50ad6b02"},"headline":"\u201cCon la COVID-19 no pasar\u00e1n cosas nuevas, sino que se acelerar\u00e1n muchas tendencias que ya estaban incub\u00e1ndose en el sistema\u201d","datePublished":"2020-07-01T10:28:20+00:00","mainEntityOfPage":{"@id":"https:\/\/www.ascef.com\/es\/covid19-innovacion-oportunidades\/"},"wordCount":645,"commentCount":0,"image":{"@id":"https:\/\/www.ascef.com\/es\/covid19-innovacion-oportunidades\/#primaryimage"},"thumbnailUrl":"https:\/\/www.ascef.com\/wp-content\/uploads\/2020\/07\/20200701_web_activitatforum.jpg","articleSection":["general"],"inLanguage":"es"},{"@type":"WebPage","@id":"https:\/\/www.ascef.com\/es\/covid19-innovacion-oportunidades\/","url":"https:\/\/www.ascef.com\/es\/covid19-innovacion-oportunidades\/","name":"Innovaci\u00f3n: \u201cCon la COVID-19 se acelerar\u00e1n muchas tendencias que ya estaban incub\u00e1ndose\"","isPartOf":{"@id":"https:\/\/www.ascef.com\/es\/#website"},"primaryImageOfPage":{"@id":"https:\/\/www.ascef.com\/es\/covid19-innovacion-oportunidades\/#primaryimage"},"image":{"@id":"https:\/\/www.ascef.com\/es\/covid19-innovacion-oportunidades\/#primaryimage"},"thumbnailUrl":"https:\/\/www.ascef.com\/wp-content\/uploads\/2020\/07\/20200701_web_activitatforum.jpg","datePublished":"2020-07-01T10:28:20+00:00","author":{"@id":"https:\/\/www.ascef.com\/es\/#\/schema\/person\/e0bdccd3e1665871f0e79e3a50ad6b02"},"description":"El profesor de ESADE Xavier Ferr\u00e0s ofreci\u00f3 una ponencia en el F\u00f3rum de ASCEF donde trat\u00f3 sobre industria, innovaci\u00f3n y competitividad en la era post-Covid","breadcrumb":{"@id":"https:\/\/www.ascef.com\/es\/covid19-innovacion-oportunidades\/#breadcrumb"},"inLanguage":"es","potentialAction":[{"@type":"ReadAction","target":["https:\/\/www.ascef.com\/es\/covid19-innovacion-oportunidades\/"]}]},{"@type":"ImageObject","inLanguage":"es","@id":"https:\/\/www.ascef.com\/es\/covid19-innovacion-oportunidades\/#primaryimage","url":"https:\/\/www.ascef.com\/wp-content\/uploads\/2020\/07\/20200701_web_activitatforum.jpg","contentUrl":"https:\/\/www.ascef.com\/wp-content\/uploads\/2020\/07\/20200701_web_activitatforum.jpg","width":1317,"height":879,"caption":"Sessi\u00f3 F\u00f2rum ASCEF"},{"@type":"BreadcrumbList","@id":"https:\/\/www.ascef.com\/es\/covid19-innovacion-oportunidades\/#breadcrumb","itemListElement":[{"@type":"ListItem","position":1,"name":"Portada","item":"https:\/\/www.ascef.com\/es\/"},{"@type":"ListItem","position":2,"name":"\u201cCon la COVID-19 no pasar\u00e1n cosas nuevas, sino que se acelerar\u00e1n muchas tendencias que ya estaban incub\u00e1ndose en el sistema\u201d"}]},{"@type":"WebSite","@id":"https:\/\/www.ascef.com\/es\/#website","url":"https:\/\/www.ascef.com\/es\/","name":"ASCEF","description":"Associaci\u00f3 Catalana de l\u2019Empresa Familiar","potentialAction":[{"@type":"SearchAction","target":{"@type":"EntryPoint","urlTemplate":"https:\/\/www.ascef.com\/es\/?s={search_term_string}"},"query-input":{"@type":"PropertyValueSpecification","valueRequired":true,"valueName":"search_term_string"}}],"inLanguage":"es"},{"@type":"Person","@id":"https:\/\/www.ascef.com\/es\/#\/schema\/person\/e0bdccd3e1665871f0e79e3a50ad6b02","name":"Borja Igual","url":"https:\/\/www.ascef.com\/es\/author\/bigual1990mcs-com\/"}]}},"_links":{"self":[{"href":"https:\/\/www.ascef.com\/es\/wp-json\/wp\/v2\/posts\/2024","targetHints":{"allow":["GET"]}}],"collection":[{"href":"https:\/\/www.ascef.com\/es\/wp-json\/wp\/v2\/posts"}],"about":[{"href":"https:\/\/www.ascef.com\/es\/wp-json\/wp\/v2\/types\/post"}],"author":[{"embeddable":true,"href":"https:\/\/www.ascef.com\/es\/wp-json\/wp\/v2\/users\/292"}],"replies":[{"embeddable":true,"href":"https:\/\/www.ascef.com\/es\/wp-json\/wp\/v2\/comments?post=2024"}],"version-history":[{"count":1,"href":"https:\/\/www.ascef.com\/es\/wp-json\/wp\/v2\/posts\/2024\/revisions"}],"predecessor-version":[{"id":2025,"href":"https:\/\/www.ascef.com\/es\/wp-json\/wp\/v2\/posts\/2024\/revisions\/2025"}],"wp:featuredmedia":[{"embeddable":true,"href":"https:\/\/www.ascef.com\/es\/wp-json\/wp\/v2\/media\/2022"}],"wp:attachment":[{"href":"https:\/\/www.ascef.com\/es\/wp-json\/wp\/v2\/media?parent=2024"}],"wp:term":[{"taxonomy":"category","embeddable":true,"href":"https:\/\/www.ascef.com\/es\/wp-json\/wp\/v2\/categories?post=2024"},{"taxonomy":"post_tag","embeddable":true,"href":"https:\/\/www.ascef.com\/es\/wp-json\/wp\/v2\/tags?post=2024"}],"curies":[{"name":"wp","href":"https:\/\/api.w.org\/{rel}","templated":true}]}}