{"id":1970,"date":"2020-06-22T09:00:03","date_gmt":"2020-06-22T09:00:03","guid":{"rendered":"https:\/\/www.ascef.com\/?p=1970"},"modified":"2020-06-19T10:50:23","modified_gmt":"2020-06-19T10:50:23","slug":"carinsa-movimiento-damoslacara","status":"publish","type":"post","link":"https:\/\/www.ascef.com\/es\/carinsa-movimiento-damoslacara\/","title":{"rendered":"Grupo Carinsa con el movimiento #DamosLaCara: \u201cEntre todos nos podemos apoyar y tenemos que generar valor\u201d"},"content":{"rendered":"<p><u><a href=\"https:\/\/www.carinsa.com\/\" target=\"_blank\" rel=\"noopener noreferrer\"><strong>Grupo Carinsa<\/strong><\/a><\/u>, empresa miembro de la <a href=\"https:\/\/www.ascef.com\/es\/\" target=\"_blank\" rel=\"noopener noreferrer\"><u><strong>Asociaci\u00f3n Catalana de la Empresa Familiar (ASCEF)<\/strong><\/u><\/a>, es un grupo industrial con una trayectoria de m\u00e1s de 25 a\u00f1os la actividad de la cual se centra en la creaci\u00f3n, producci\u00f3n y comercializaci\u00f3n de aromas para alimentaci\u00f3n humana y bebidas, alimentaci\u00f3n animal y fragancias para cosm\u00e9tica, productos de limpieza y detergencia. La empresa ha participado en <a href=\"https:\/\/www.damoslacara.com\/\" target=\"_blank\" rel=\"noopener noreferrer\"><u><strong>el movimiento #DamosLaCara<\/strong><\/u><\/a>, donde explica su experiencia ante la situaci\u00f3n actual causada por la Covid-19.<\/p>\n<p>Vanesa Mart\u00ednez y Denia Mart\u00ednez, CEO y vicepresidenta del Grupo Carinsa respectivamente, consideran que \u201c<strong><em>es muy importante para nosotros que nuestros trabajadores se sientan acompa\u00f1ados en todo momento por la empresa<\/em><\/strong>\u201d. Es por esto que, cuando se decret\u00f3 el estado de alarma y el consiguiente confinamiento, \u201c<em>decidimos preguntar a todas las familias con hijos, una a una, si necesitaban a alguien que fuera a cuidar a sus hijos a casa<\/em>\u201d. \u201c<em>Era un tema que nos preocupaba mucho, porque no solo pensamos en la compa\u00f1\u00eda, sino en que todos los hijos de nuestros trabajadores estuvieran atendidos<\/em>\u201d, subrayan.<\/p>\n<p>Por otro lado, recalcan que asegurar la salud del trabajador es un eje vital para la empresa. En el inicio de la crisis sanitaria decidieron realizar test PCR a todos los trabajadores para detectar los casos positivos y evitar contagios dentro de la compa\u00f1\u00eda. Estas pruebas se han continuado haciendo de manera reiterada durante los \u00faltimos meses, <strong>creando as\u00ed un entorno seguro y libre de virus en sus instalaciones<\/strong>.<\/p>\n<p>Adem\u00e1s, Grupo Carinsa ha consolidado su posici\u00f3n como partner consistente, ya que, a pesar de las dificultades, supieron anticiparse a la situaci\u00f3n provision\u00e1ndose de materias primas y avanz\u00e1ndose los env\u00edos con tal que \u00e9stos llegaran a tiempo, asegurando as\u00ed que todos los clientes recibieran sus pedidos sin problemas.<\/p>\n<p>\u201c<em>\u00bfC\u00f3mo podemos contribuir a largo plazo a la sociedad?<\/em>\u201d, se preguntaron en un inicio de la crisis sanitaria. \u201c<em>Generando ocupaci\u00f3n<\/em>\u201d, se responden. \u201c<strong><em>Desde el 14 de marzo llevamos 12 incorporaciones y necesitamos incorporar m\u00e1s gente a la compa\u00f1\u00eda<\/em><\/strong>\u201d, aseguran.<\/p>\n<p>\u201c<strong><em>En momentos de crisis es cuando te das cuenta que, realmente, las personas son maravillosas<\/em><\/strong>\u201d, afirman. \u201c<em>Y no podemos fallar, <strong>ni queremos fallar<\/strong><\/em>\u201d, a\u00f1aden. \u201c<em><strong>Y damos la cara para que nadie se desanime. Que entre todos nos podemos apoyar y tenemos que generar valor<\/strong>, hacer que la gente sea feliz. Y esta contribuci\u00f3n la hemos de hacer entre todos<\/em>\u201d, concluyen.<\/p>\n<p>La plataforma #DamosLaCara es un movimiento ciudadano impulsado por trabajadores y empresarios de toda Espa\u00f1a, una iniciativa que muestra el compromiso de las empresas familiares para superar la actual crisis sanitaria y econ\u00f3mica, teniendo en cuenta la contribuci\u00f3n de \u00e9stas en el empleo y la reactivaci\u00f3n de la econom\u00eda.<\/p>\n<p style=\"text-align: center;\"><iframe loading=\"lazy\" src=\"https:\/\/www.youtube.com\/embed\/f_pTGCIana8\" width=\"560\" height=\"315\" frameborder=\"0\" allowfullscreen=\"allowfullscreen\"><\/iframe><\/p>\n","protected":false},"excerpt":{"rendered":"<p>Grupo Carinsa, empresa miembro de la Asociaci\u00f3n Catalana de la Empresa Familiar (ASCEF), es un grupo industrial con una trayectoria de m\u00e1s de 25 a\u00f1os la actividad de la cual se centra en la creaci\u00f3n, producci\u00f3n y comercializaci\u00f3n de aromas para alimentaci\u00f3n humana y bebidas, alimentaci\u00f3n animal y fragancias para cosm\u00e9tica, productos de limpieza y [&hellip;]<\/p>\n","protected":false},"author":292,"featured_media":1975,"comment_status":"open","ping_status":"open","sticky":false,"template":"","format":"standard","meta":{"_acf_changed":false,"footnotes":""},"categories":[185],"tags":[],"class_list":["post-1970","post","type-post","status-publish","format-standard","has-post-thumbnail","hentry","category-general"],"acf":[],"yoast_head":"<!-- This site is optimized with the Yoast SEO plugin v27.5 - https:\/\/yoast.com\/product\/yoast-seo-wordpress\/ -->\n<title>Grupo Carinsa con el movimiento #DamosLaCara: \u201cEntre todos nos podemos apoyar y tenemos que generar valor\u201d<\/title>\n<meta name=\"description\" content=\"Grupo Carinsa participa con el movimiento #DamosLaCara, impulsado por trabajadores y empresarios que muestra el compromiso de las empresas familiares\" \/>\n<meta name=\"robots\" content=\"index, follow, max-snippet:-1, max-image-preview:large, max-video-preview:-1\" \/>\n<link rel=\"canonical\" href=\"https:\/\/www.ascef.com\/es\/carinsa-movimiento-damoslacara\/\" \/>\n<meta property=\"og:locale\" content=\"es_ES\" \/>\n<meta property=\"og:type\" content=\"article\" \/>\n<meta property=\"og:title\" content=\"Grupo Carinsa con el movimiento #DamosLaCara: \u201cEntre todos nos podemos apoyar y tenemos que generar valor\u201d\" \/>\n<meta property=\"og:description\" content=\"Grupo Carinsa participa con el movimiento #DamosLaCara, impulsado por trabajadores y empresarios que muestra el compromiso de las empresas familiares\" \/>\n<meta property=\"og:url\" content=\"https:\/\/www.ascef.com\/es\/carinsa-movimiento-damoslacara\/\" \/>\n<meta property=\"og:site_name\" content=\"ASCEF\" \/>\n<meta property=\"article:published_time\" content=\"2020-06-22T09:00:03+00:00\" \/>\n<meta property=\"og:image\" content=\"https:\/\/www.ascef.com\/wp-content\/uploads\/2020\/06\/20200620_ASCEF_carinsa.jpg\" \/>\n\t<meta property=\"og:image:width\" content=\"833\" \/>\n\t<meta property=\"og:image:height\" content=\"555\" \/>\n\t<meta property=\"og:image:type\" content=\"image\/jpeg\" \/>\n<meta name=\"author\" content=\"Borja Igual\" \/>\n<meta name=\"twitter:card\" content=\"summary_large_image\" \/>\n<meta name=\"twitter:label1\" content=\"Escrito por\" \/>\n\t<meta name=\"twitter:data1\" content=\"Borja Igual\" \/>\n\t<meta name=\"twitter:label2\" content=\"Tiempo de lectura\" \/>\n\t<meta name=\"twitter:data2\" content=\"2 minutos\" \/>\n<script type=\"application\/ld+json\" class=\"yoast-schema-graph\">{\"@context\":\"https:\\\/\\\/schema.org\",\"@graph\":[{\"@type\":\"Article\",\"@id\":\"https:\\\/\\\/www.ascef.com\\\/es\\\/carinsa-movimiento-damoslacara\\\/#article\",\"isPartOf\":{\"@id\":\"https:\\\/\\\/www.ascef.com\\\/es\\\/carinsa-movimiento-damoslacara\\\/\"},\"author\":{\"name\":\"Borja Igual\",\"@id\":\"https:\\\/\\\/www.ascef.com\\\/es\\\/#\\\/schema\\\/person\\\/e0bdccd3e1665871f0e79e3a50ad6b02\"},\"headline\":\"Grupo Carinsa con el movimiento #DamosLaCara: \u201cEntre todos nos podemos apoyar y tenemos que generar valor\u201d\",\"datePublished\":\"2020-06-22T09:00:03+00:00\",\"mainEntityOfPage\":{\"@id\":\"https:\\\/\\\/www.ascef.com\\\/es\\\/carinsa-movimiento-damoslacara\\\/\"},\"wordCount\":482,\"commentCount\":0,\"image\":{\"@id\":\"https:\\\/\\\/www.ascef.com\\\/es\\\/carinsa-movimiento-damoslacara\\\/#primaryimage\"},\"thumbnailUrl\":\"https:\\\/\\\/www.ascef.com\\\/wp-content\\\/uploads\\\/2020\\\/06\\\/20200620_ASCEF_carinsa.jpg\",\"articleSection\":[\"general\"],\"inLanguage\":\"es\"},{\"@type\":\"WebPage\",\"@id\":\"https:\\\/\\\/www.ascef.com\\\/es\\\/carinsa-movimiento-damoslacara\\\/\",\"url\":\"https:\\\/\\\/www.ascef.com\\\/es\\\/carinsa-movimiento-damoslacara\\\/\",\"name\":\"Grupo Carinsa con el movimiento #DamosLaCara: \u201cEntre todos nos podemos apoyar y tenemos que generar valor\u201d\",\"isPartOf\":{\"@id\":\"https:\\\/\\\/www.ascef.com\\\/es\\\/#website\"},\"primaryImageOfPage\":{\"@id\":\"https:\\\/\\\/www.ascef.com\\\/es\\\/carinsa-movimiento-damoslacara\\\/#primaryimage\"},\"image\":{\"@id\":\"https:\\\/\\\/www.ascef.com\\\/es\\\/carinsa-movimiento-damoslacara\\\/#primaryimage\"},\"thumbnailUrl\":\"https:\\\/\\\/www.ascef.com\\\/wp-content\\\/uploads\\\/2020\\\/06\\\/20200620_ASCEF_carinsa.jpg\",\"datePublished\":\"2020-06-22T09:00:03+00:00\",\"author\":{\"@id\":\"https:\\\/\\\/www.ascef.com\\\/es\\\/#\\\/schema\\\/person\\\/e0bdccd3e1665871f0e79e3a50ad6b02\"},\"description\":\"Grupo Carinsa participa con el movimiento #DamosLaCara, impulsado por trabajadores y empresarios que muestra el compromiso de las empresas familiares\",\"breadcrumb\":{\"@id\":\"https:\\\/\\\/www.ascef.com\\\/es\\\/carinsa-movimiento-damoslacara\\\/#breadcrumb\"},\"inLanguage\":\"es\",\"potentialAction\":[{\"@type\":\"ReadAction\",\"target\":[\"https:\\\/\\\/www.ascef.com\\\/es\\\/carinsa-movimiento-damoslacara\\\/\"]}]},{\"@type\":\"ImageObject\",\"inLanguage\":\"es\",\"@id\":\"https:\\\/\\\/www.ascef.com\\\/es\\\/carinsa-movimiento-damoslacara\\\/#primaryimage\",\"url\":\"https:\\\/\\\/www.ascef.com\\\/wp-content\\\/uploads\\\/2020\\\/06\\\/20200620_ASCEF_carinsa.jpg\",\"contentUrl\":\"https:\\\/\\\/www.ascef.com\\\/wp-content\\\/uploads\\\/2020\\\/06\\\/20200620_ASCEF_carinsa.jpg\",\"width\":833,\"height\":555},{\"@type\":\"BreadcrumbList\",\"@id\":\"https:\\\/\\\/www.ascef.com\\\/es\\\/carinsa-movimiento-damoslacara\\\/#breadcrumb\",\"itemListElement\":[{\"@type\":\"ListItem\",\"position\":1,\"name\":\"Portada\",\"item\":\"https:\\\/\\\/www.ascef.com\\\/es\\\/\"},{\"@type\":\"ListItem\",\"position\":2,\"name\":\"Grupo Carinsa con el movimiento #DamosLaCara: \u201cEntre todos nos podemos apoyar y tenemos que generar valor\u201d\"}]},{\"@type\":\"WebSite\",\"@id\":\"https:\\\/\\\/www.ascef.com\\\/es\\\/#website\",\"url\":\"https:\\\/\\\/www.ascef.com\\\/es\\\/\",\"name\":\"ASCEF\",\"description\":\"Associaci\u00f3 Catalana de l\u2019Empresa Familiar\",\"potentialAction\":[{\"@type\":\"SearchAction\",\"target\":{\"@type\":\"EntryPoint\",\"urlTemplate\":\"https:\\\/\\\/www.ascef.com\\\/es\\\/?s={search_term_string}\"},\"query-input\":{\"@type\":\"PropertyValueSpecification\",\"valueRequired\":true,\"valueName\":\"search_term_string\"}}],\"inLanguage\":\"es\"},{\"@type\":\"Person\",\"@id\":\"https:\\\/\\\/www.ascef.com\\\/es\\\/#\\\/schema\\\/person\\\/e0bdccd3e1665871f0e79e3a50ad6b02\",\"name\":\"Borja Igual\",\"url\":\"https:\\\/\\\/www.ascef.com\\\/es\\\/author\\\/bigual1990mcs-com\\\/\"}]}<\/script>\n<!-- \/ Yoast SEO plugin. -->","yoast_head_json":{"title":"Grupo Carinsa con el movimiento #DamosLaCara: \u201cEntre todos nos podemos apoyar y tenemos que generar valor\u201d","description":"Grupo Carinsa participa con el movimiento #DamosLaCara, impulsado por trabajadores y empresarios que muestra el compromiso de las empresas familiares","robots":{"index":"index","follow":"follow","max-snippet":"max-snippet:-1","max-image-preview":"max-image-preview:large","max-video-preview":"max-video-preview:-1"},"canonical":"https:\/\/www.ascef.com\/es\/carinsa-movimiento-damoslacara\/","og_locale":"es_ES","og_type":"article","og_title":"Grupo Carinsa con el movimiento #DamosLaCara: \u201cEntre todos nos podemos apoyar y tenemos que generar valor\u201d","og_description":"Grupo Carinsa participa con el movimiento #DamosLaCara, impulsado por trabajadores y empresarios que muestra el compromiso de las empresas familiares","og_url":"https:\/\/www.ascef.com\/es\/carinsa-movimiento-damoslacara\/","og_site_name":"ASCEF","article_published_time":"2020-06-22T09:00:03+00:00","og_image":[{"width":833,"height":555,"url":"https:\/\/www.ascef.com\/wp-content\/uploads\/2020\/06\/20200620_ASCEF_carinsa.jpg","type":"image\/jpeg"}],"author":"Borja Igual","twitter_card":"summary_large_image","twitter_misc":{"Escrito por":"Borja Igual","Tiempo de lectura":"2 minutos"},"schema":{"@context":"https:\/\/schema.org","@graph":[{"@type":"Article","@id":"https:\/\/www.ascef.com\/es\/carinsa-movimiento-damoslacara\/#article","isPartOf":{"@id":"https:\/\/www.ascef.com\/es\/carinsa-movimiento-damoslacara\/"},"author":{"name":"Borja Igual","@id":"https:\/\/www.ascef.com\/es\/#\/schema\/person\/e0bdccd3e1665871f0e79e3a50ad6b02"},"headline":"Grupo Carinsa con el movimiento #DamosLaCara: \u201cEntre todos nos podemos apoyar y tenemos que generar valor\u201d","datePublished":"2020-06-22T09:00:03+00:00","mainEntityOfPage":{"@id":"https:\/\/www.ascef.com\/es\/carinsa-movimiento-damoslacara\/"},"wordCount":482,"commentCount":0,"image":{"@id":"https:\/\/www.ascef.com\/es\/carinsa-movimiento-damoslacara\/#primaryimage"},"thumbnailUrl":"https:\/\/www.ascef.com\/wp-content\/uploads\/2020\/06\/20200620_ASCEF_carinsa.jpg","articleSection":["general"],"inLanguage":"es"},{"@type":"WebPage","@id":"https:\/\/www.ascef.com\/es\/carinsa-movimiento-damoslacara\/","url":"https:\/\/www.ascef.com\/es\/carinsa-movimiento-damoslacara\/","name":"Grupo Carinsa con el movimiento #DamosLaCara: \u201cEntre todos nos podemos apoyar y tenemos que generar valor\u201d","isPartOf":{"@id":"https:\/\/www.ascef.com\/es\/#website"},"primaryImageOfPage":{"@id":"https:\/\/www.ascef.com\/es\/carinsa-movimiento-damoslacara\/#primaryimage"},"image":{"@id":"https:\/\/www.ascef.com\/es\/carinsa-movimiento-damoslacara\/#primaryimage"},"thumbnailUrl":"https:\/\/www.ascef.com\/wp-content\/uploads\/2020\/06\/20200620_ASCEF_carinsa.jpg","datePublished":"2020-06-22T09:00:03+00:00","author":{"@id":"https:\/\/www.ascef.com\/es\/#\/schema\/person\/e0bdccd3e1665871f0e79e3a50ad6b02"},"description":"Grupo Carinsa participa con el movimiento #DamosLaCara, impulsado por trabajadores y empresarios que muestra el compromiso de las empresas familiares","breadcrumb":{"@id":"https:\/\/www.ascef.com\/es\/carinsa-movimiento-damoslacara\/#breadcrumb"},"inLanguage":"es","potentialAction":[{"@type":"ReadAction","target":["https:\/\/www.ascef.com\/es\/carinsa-movimiento-damoslacara\/"]}]},{"@type":"ImageObject","inLanguage":"es","@id":"https:\/\/www.ascef.com\/es\/carinsa-movimiento-damoslacara\/#primaryimage","url":"https:\/\/www.ascef.com\/wp-content\/uploads\/2020\/06\/20200620_ASCEF_carinsa.jpg","contentUrl":"https:\/\/www.ascef.com\/wp-content\/uploads\/2020\/06\/20200620_ASCEF_carinsa.jpg","width":833,"height":555},{"@type":"BreadcrumbList","@id":"https:\/\/www.ascef.com\/es\/carinsa-movimiento-damoslacara\/#breadcrumb","itemListElement":[{"@type":"ListItem","position":1,"name":"Portada","item":"https:\/\/www.ascef.com\/es\/"},{"@type":"ListItem","position":2,"name":"Grupo Carinsa con el movimiento #DamosLaCara: \u201cEntre todos nos podemos apoyar y tenemos que generar valor\u201d"}]},{"@type":"WebSite","@id":"https:\/\/www.ascef.com\/es\/#website","url":"https:\/\/www.ascef.com\/es\/","name":"ASCEF","description":"Associaci\u00f3 Catalana de l\u2019Empresa Familiar","potentialAction":[{"@type":"SearchAction","target":{"@type":"EntryPoint","urlTemplate":"https:\/\/www.ascef.com\/es\/?s={search_term_string}"},"query-input":{"@type":"PropertyValueSpecification","valueRequired":true,"valueName":"search_term_string"}}],"inLanguage":"es"},{"@type":"Person","@id":"https:\/\/www.ascef.com\/es\/#\/schema\/person\/e0bdccd3e1665871f0e79e3a50ad6b02","name":"Borja Igual","url":"https:\/\/www.ascef.com\/es\/author\/bigual1990mcs-com\/"}]}},"_links":{"self":[{"href":"https:\/\/www.ascef.com\/es\/wp-json\/wp\/v2\/posts\/1970","targetHints":{"allow":["GET"]}}],"collection":[{"href":"https:\/\/www.ascef.com\/es\/wp-json\/wp\/v2\/posts"}],"about":[{"href":"https:\/\/www.ascef.com\/es\/wp-json\/wp\/v2\/types\/post"}],"author":[{"embeddable":true,"href":"https:\/\/www.ascef.com\/es\/wp-json\/wp\/v2\/users\/292"}],"replies":[{"embeddable":true,"href":"https:\/\/www.ascef.com\/es\/wp-json\/wp\/v2\/comments?post=1970"}],"version-history":[{"count":2,"href":"https:\/\/www.ascef.com\/es\/wp-json\/wp\/v2\/posts\/1970\/revisions"}],"predecessor-version":[{"id":1972,"href":"https:\/\/www.ascef.com\/es\/wp-json\/wp\/v2\/posts\/1970\/revisions\/1972"}],"wp:featuredmedia":[{"embeddable":true,"href":"https:\/\/www.ascef.com\/es\/wp-json\/wp\/v2\/media\/1975"}],"wp:attachment":[{"href":"https:\/\/www.ascef.com\/es\/wp-json\/wp\/v2\/media?parent=1970"}],"wp:term":[{"taxonomy":"category","embeddable":true,"href":"https:\/\/www.ascef.com\/es\/wp-json\/wp\/v2\/categories?post=1970"},{"taxonomy":"post_tag","embeddable":true,"href":"https:\/\/www.ascef.com\/es\/wp-json\/wp\/v2\/tags?post=1970"}],"curies":[{"name":"wp","href":"https:\/\/api.w.org\/{rel}","templated":true}]}}