{"id":1928,"date":"2020-06-09T14:46:59","date_gmt":"2020-06-09T14:46:59","guid":{"rendered":"https:\/\/www.ascef.com\/?p=1928"},"modified":"2020-06-22T09:40:53","modified_gmt":"2020-06-22T09:40:53","slug":"jori-armengol-asociados-damoslacara","status":"publish","type":"post","link":"https:\/\/www.ascef.com\/es\/jori-armengol-asociados-damoslacara\/","title":{"rendered":"Jori Armengol &#038; Asociados participa en el movimiento #DamosLaCara: \u201cComo empresa familiar, tiraremos adelante y saldremos m\u00e1s fuertes de lo que antes \u00e9ramos\u201d"},"content":{"rendered":"<p><a href=\"https:\/\/www.joriarmengol.com\/es\" target=\"_blank\" rel=\"noopener noreferrer\"><u><strong>Jori Armengol &amp; Asociados<\/strong><\/u><\/a>, empresa socia de la <a href=\"https:\/\/www.ascef.com\/es\/\" target=\"_blank\" rel=\"noopener noreferrer\"><strong><u>Asociaci\u00f3n Catalana de la Empresa Familiar (ASCEF)<\/u><\/strong><\/a>, ha participado <a href=\"https:\/\/www.damoslacara.com\/\" target=\"_blank\" rel=\"noopener noreferrer\"><u><strong>en el movimiento ciudadano #DamosLaCara<\/strong><\/u><\/a>, movimiento que pone en valor el compromiso de trabajadores y empresarios con toda la sociedad, adem\u00e1s de dar a conocer el esfuerzo e importante tarea que las empresas familiares est\u00e1n realizando en todo el pa\u00eds por su contribuci\u00f3n desde un punto de vista econ\u00f3mico y social.<\/p>\n<p>El CEO y Presidente Ejecutivo de la corredur\u00eda de seguros, Ferran Jori, tiene muy claro el mensaje ante la situaci\u00f3n actual causada por la pandemia del Covid-19: \u201c<em>Como empresa familiar, <strong>tiraremos adelante y saldremos a\u00fan m\u00e1s fuertes de lo que antes \u00e9ramos<\/strong>. A largo plazo, adelante, todos a dar el m\u00e1ximo<\/em>\u201d.<\/p>\n<p>Jori ha explicado que en la empresa, fundada hace 130 a\u00f1os y ahora con la quinta generaci\u00f3n al frente, \u201c<em>hemos aguantado guerras, guerras mundiales, otras pandemias\u2026, gracias a un equipo muy fuerte<\/em>\u201d. De esta crisis sanitaria, Ferran Jori revela que \u201c<em>el momento m\u00e1s complicado que hemos tenido ha sido que en nuestro equipo fallecieron tres padres y esto ha afectado bastante a nuestro equipo; y desde recursos humanos han hecho un trabajo muy importante de apoyo y acompa\u00f1amiento<\/em>\u201d.<\/p>\n<p>De cara al futuro, Ferran Jori asegura que \u201c<em>un suceso como este genera inquietud en la gente<\/em>\u201d. \u201c<em>Ahora cualquier actividad, en un momento dado, se puede ver parada por otra pandemia, y \u00e9sta genera riesgos financieros y econ\u00f3micos a los que el sector asegurador deber\u00e1 encontrar soluciones<\/em>\u201d, a\u00f1ade. No obstante, no duda en subrayar que <strong>en la empresa familiar \u201c<em>daremos la cara<\/em>\u201d<\/strong>.<\/p>\n<p style=\"text-align: center;\"><iframe loading=\"lazy\" src=\"https:\/\/www.youtube.com\/embed\/5gR61BDBAIY\" width=\"560\" height=\"315\" frameborder=\"0\" allowfullscreen=\"allowfullscreen\"><\/iframe><\/p>\n","protected":false},"excerpt":{"rendered":"<p>Jori Armengol &amp; Asociados, empresa socia de la Asociaci\u00f3n Catalana de la Empresa Familiar (ASCEF), ha participado en el movimiento ciudadano #DamosLaCara, movimiento que pone en valor el compromiso de trabajadores y empresarios con toda la sociedad, adem\u00e1s de dar a conocer el esfuerzo e importante tarea que las empresas familiares est\u00e1n realizando en todo [&hellip;]<\/p>\n","protected":false},"author":292,"featured_media":1926,"comment_status":"open","ping_status":"open","sticky":false,"template":"","format":"standard","meta":{"_acf_changed":false,"footnotes":""},"categories":[185],"tags":[],"class_list":["post-1928","post","type-post","status-publish","format-standard","has-post-thumbnail","hentry","category-general"],"acf":[],"yoast_head":"<!-- This site is optimized with the Yoast SEO plugin v27.5 - https:\/\/yoast.com\/product\/yoast-seo-wordpress\/ -->\n<title>Jori Armengol &amp; Asociados participa en el movimiento #DamosLaCara: \u201cComo empresa familiar, tiraremos adelante y saldremos m\u00e1s fuertes de lo que antes \u00e9ramos\u201d<\/title>\n<meta name=\"description\" content=\"Jori Armengol &amp; Associats participa con el movimiento #DamosLaCara, impulsado por trabajadores y empresarios que muestra el compromiso de las empresas familiares\" \/>\n<meta name=\"robots\" content=\"index, follow, max-snippet:-1, max-image-preview:large, max-video-preview:-1\" \/>\n<link rel=\"canonical\" href=\"https:\/\/www.ascef.com\/es\/jori-armengol-asociados-damoslacara\/\" \/>\n<meta property=\"og:locale\" content=\"es_ES\" \/>\n<meta property=\"og:type\" content=\"article\" \/>\n<meta property=\"og:title\" content=\"Jori Armengol &amp; Asociados participa en el movimiento #DamosLaCara: \u201cComo empresa familiar, tiraremos adelante y saldremos m\u00e1s fuertes de lo que antes \u00e9ramos\u201d\" \/>\n<meta property=\"og:description\" content=\"Jori Armengol &amp; Associats participa con el movimiento #DamosLaCara, impulsado por trabajadores y empresarios que muestra el compromiso de las empresas familiares\" \/>\n<meta property=\"og:url\" content=\"https:\/\/www.ascef.com\/es\/jori-armengol-asociados-damoslacara\/\" \/>\n<meta property=\"og:site_name\" content=\"ASCEF\" \/>\n<meta property=\"article:published_time\" content=\"2020-06-09T14:46:59+00:00\" \/>\n<meta property=\"article:modified_time\" content=\"2020-06-22T09:40:53+00:00\" \/>\n<meta property=\"og:image\" content=\"https:\/\/www.ascef.com\/wp-content\/uploads\/2020\/06\/20200609_ASCEF_jori.jpg\" \/>\n\t<meta property=\"og:image:width\" content=\"833\" \/>\n\t<meta property=\"og:image:height\" content=\"555\" \/>\n\t<meta property=\"og:image:type\" content=\"image\/jpeg\" \/>\n<meta name=\"author\" content=\"Borja Igual\" \/>\n<meta name=\"twitter:card\" content=\"summary_large_image\" \/>\n<meta name=\"twitter:label1\" content=\"Escrito por\" \/>\n\t<meta name=\"twitter:data1\" content=\"Borja Igual\" \/>\n\t<meta name=\"twitter:label2\" content=\"Tiempo de lectura\" \/>\n\t<meta name=\"twitter:data2\" content=\"1 minuto\" \/>\n<script type=\"application\/ld+json\" class=\"yoast-schema-graph\">{\"@context\":\"https:\\\/\\\/schema.org\",\"@graph\":[{\"@type\":\"Article\",\"@id\":\"https:\\\/\\\/www.ascef.com\\\/es\\\/jori-armengol-asociados-damoslacara\\\/#article\",\"isPartOf\":{\"@id\":\"https:\\\/\\\/www.ascef.com\\\/es\\\/jori-armengol-asociados-damoslacara\\\/\"},\"author\":{\"name\":\"Borja Igual\",\"@id\":\"https:\\\/\\\/www.ascef.com\\\/es\\\/#\\\/schema\\\/person\\\/e0bdccd3e1665871f0e79e3a50ad6b02\"},\"headline\":\"Jori Armengol &#038; Asociados participa en el movimiento #DamosLaCara: \u201cComo empresa familiar, tiraremos adelante y saldremos m\u00e1s fuertes de lo que antes \u00e9ramos\u201d\",\"datePublished\":\"2020-06-09T14:46:59+00:00\",\"dateModified\":\"2020-06-22T09:40:53+00:00\",\"mainEntityOfPage\":{\"@id\":\"https:\\\/\\\/www.ascef.com\\\/es\\\/jori-armengol-asociados-damoslacara\\\/\"},\"wordCount\":298,\"commentCount\":0,\"image\":{\"@id\":\"https:\\\/\\\/www.ascef.com\\\/es\\\/jori-armengol-asociados-damoslacara\\\/#primaryimage\"},\"thumbnailUrl\":\"https:\\\/\\\/www.ascef.com\\\/wp-content\\\/uploads\\\/2020\\\/06\\\/20200609_ASCEF_jori.jpg\",\"articleSection\":[\"general\"],\"inLanguage\":\"es\"},{\"@type\":\"WebPage\",\"@id\":\"https:\\\/\\\/www.ascef.com\\\/es\\\/jori-armengol-asociados-damoslacara\\\/\",\"url\":\"https:\\\/\\\/www.ascef.com\\\/es\\\/jori-armengol-asociados-damoslacara\\\/\",\"name\":\"Jori Armengol & Asociados participa en el movimiento #DamosLaCara: \u201cComo empresa familiar, tiraremos adelante y saldremos m\u00e1s fuertes de lo que antes \u00e9ramos\u201d\",\"isPartOf\":{\"@id\":\"https:\\\/\\\/www.ascef.com\\\/es\\\/#website\"},\"primaryImageOfPage\":{\"@id\":\"https:\\\/\\\/www.ascef.com\\\/es\\\/jori-armengol-asociados-damoslacara\\\/#primaryimage\"},\"image\":{\"@id\":\"https:\\\/\\\/www.ascef.com\\\/es\\\/jori-armengol-asociados-damoslacara\\\/#primaryimage\"},\"thumbnailUrl\":\"https:\\\/\\\/www.ascef.com\\\/wp-content\\\/uploads\\\/2020\\\/06\\\/20200609_ASCEF_jori.jpg\",\"datePublished\":\"2020-06-09T14:46:59+00:00\",\"dateModified\":\"2020-06-22T09:40:53+00:00\",\"author\":{\"@id\":\"https:\\\/\\\/www.ascef.com\\\/es\\\/#\\\/schema\\\/person\\\/e0bdccd3e1665871f0e79e3a50ad6b02\"},\"description\":\"Jori Armengol & Associats participa con el movimiento #DamosLaCara, impulsado por trabajadores y empresarios que muestra el compromiso de las empresas familiares\",\"breadcrumb\":{\"@id\":\"https:\\\/\\\/www.ascef.com\\\/es\\\/jori-armengol-asociados-damoslacara\\\/#breadcrumb\"},\"inLanguage\":\"es\",\"potentialAction\":[{\"@type\":\"ReadAction\",\"target\":[\"https:\\\/\\\/www.ascef.com\\\/es\\\/jori-armengol-asociados-damoslacara\\\/\"]}]},{\"@type\":\"ImageObject\",\"inLanguage\":\"es\",\"@id\":\"https:\\\/\\\/www.ascef.com\\\/es\\\/jori-armengol-asociados-damoslacara\\\/#primaryimage\",\"url\":\"https:\\\/\\\/www.ascef.com\\\/wp-content\\\/uploads\\\/2020\\\/06\\\/20200609_ASCEF_jori.jpg\",\"contentUrl\":\"https:\\\/\\\/www.ascef.com\\\/wp-content\\\/uploads\\\/2020\\\/06\\\/20200609_ASCEF_jori.jpg\",\"width\":833,\"height\":555},{\"@type\":\"BreadcrumbList\",\"@id\":\"https:\\\/\\\/www.ascef.com\\\/es\\\/jori-armengol-asociados-damoslacara\\\/#breadcrumb\",\"itemListElement\":[{\"@type\":\"ListItem\",\"position\":1,\"name\":\"Portada\",\"item\":\"https:\\\/\\\/www.ascef.com\\\/es\\\/\"},{\"@type\":\"ListItem\",\"position\":2,\"name\":\"Jori Armengol &#038; Asociados participa en el movimiento #DamosLaCara: \u201cComo empresa familiar, tiraremos adelante y saldremos m\u00e1s fuertes de lo que antes \u00e9ramos\u201d\"}]},{\"@type\":\"WebSite\",\"@id\":\"https:\\\/\\\/www.ascef.com\\\/es\\\/#website\",\"url\":\"https:\\\/\\\/www.ascef.com\\\/es\\\/\",\"name\":\"ASCEF\",\"description\":\"Associaci\u00f3 Catalana de l\u2019Empresa Familiar\",\"potentialAction\":[{\"@type\":\"SearchAction\",\"target\":{\"@type\":\"EntryPoint\",\"urlTemplate\":\"https:\\\/\\\/www.ascef.com\\\/es\\\/?s={search_term_string}\"},\"query-input\":{\"@type\":\"PropertyValueSpecification\",\"valueRequired\":true,\"valueName\":\"search_term_string\"}}],\"inLanguage\":\"es\"},{\"@type\":\"Person\",\"@id\":\"https:\\\/\\\/www.ascef.com\\\/es\\\/#\\\/schema\\\/person\\\/e0bdccd3e1665871f0e79e3a50ad6b02\",\"name\":\"Borja Igual\",\"url\":\"https:\\\/\\\/www.ascef.com\\\/es\\\/author\\\/bigual1990mcs-com\\\/\"}]}<\/script>\n<!-- \/ Yoast SEO plugin. -->","yoast_head_json":{"title":"Jori Armengol & Asociados participa en el movimiento #DamosLaCara: \u201cComo empresa familiar, tiraremos adelante y saldremos m\u00e1s fuertes de lo que antes \u00e9ramos\u201d","description":"Jori Armengol & Associats participa con el movimiento #DamosLaCara, impulsado por trabajadores y empresarios que muestra el compromiso de las empresas familiares","robots":{"index":"index","follow":"follow","max-snippet":"max-snippet:-1","max-image-preview":"max-image-preview:large","max-video-preview":"max-video-preview:-1"},"canonical":"https:\/\/www.ascef.com\/es\/jori-armengol-asociados-damoslacara\/","og_locale":"es_ES","og_type":"article","og_title":"Jori Armengol & Asociados participa en el movimiento #DamosLaCara: \u201cComo empresa familiar, tiraremos adelante y saldremos m\u00e1s fuertes de lo que antes \u00e9ramos\u201d","og_description":"Jori Armengol & Associats participa con el movimiento #DamosLaCara, impulsado por trabajadores y empresarios que muestra el compromiso de las empresas familiares","og_url":"https:\/\/www.ascef.com\/es\/jori-armengol-asociados-damoslacara\/","og_site_name":"ASCEF","article_published_time":"2020-06-09T14:46:59+00:00","article_modified_time":"2020-06-22T09:40:53+00:00","og_image":[{"width":833,"height":555,"url":"https:\/\/www.ascef.com\/wp-content\/uploads\/2020\/06\/20200609_ASCEF_jori.jpg","type":"image\/jpeg"}],"author":"Borja Igual","twitter_card":"summary_large_image","twitter_misc":{"Escrito por":"Borja Igual","Tiempo de lectura":"1 minuto"},"schema":{"@context":"https:\/\/schema.org","@graph":[{"@type":"Article","@id":"https:\/\/www.ascef.com\/es\/jori-armengol-asociados-damoslacara\/#article","isPartOf":{"@id":"https:\/\/www.ascef.com\/es\/jori-armengol-asociados-damoslacara\/"},"author":{"name":"Borja Igual","@id":"https:\/\/www.ascef.com\/es\/#\/schema\/person\/e0bdccd3e1665871f0e79e3a50ad6b02"},"headline":"Jori Armengol &#038; Asociados participa en el movimiento #DamosLaCara: \u201cComo empresa familiar, tiraremos adelante y saldremos m\u00e1s fuertes de lo que antes \u00e9ramos\u201d","datePublished":"2020-06-09T14:46:59+00:00","dateModified":"2020-06-22T09:40:53+00:00","mainEntityOfPage":{"@id":"https:\/\/www.ascef.com\/es\/jori-armengol-asociados-damoslacara\/"},"wordCount":298,"commentCount":0,"image":{"@id":"https:\/\/www.ascef.com\/es\/jori-armengol-asociados-damoslacara\/#primaryimage"},"thumbnailUrl":"https:\/\/www.ascef.com\/wp-content\/uploads\/2020\/06\/20200609_ASCEF_jori.jpg","articleSection":["general"],"inLanguage":"es"},{"@type":"WebPage","@id":"https:\/\/www.ascef.com\/es\/jori-armengol-asociados-damoslacara\/","url":"https:\/\/www.ascef.com\/es\/jori-armengol-asociados-damoslacara\/","name":"Jori Armengol & Asociados participa en el movimiento #DamosLaCara: \u201cComo empresa familiar, tiraremos adelante y saldremos m\u00e1s fuertes de lo que antes \u00e9ramos\u201d","isPartOf":{"@id":"https:\/\/www.ascef.com\/es\/#website"},"primaryImageOfPage":{"@id":"https:\/\/www.ascef.com\/es\/jori-armengol-asociados-damoslacara\/#primaryimage"},"image":{"@id":"https:\/\/www.ascef.com\/es\/jori-armengol-asociados-damoslacara\/#primaryimage"},"thumbnailUrl":"https:\/\/www.ascef.com\/wp-content\/uploads\/2020\/06\/20200609_ASCEF_jori.jpg","datePublished":"2020-06-09T14:46:59+00:00","dateModified":"2020-06-22T09:40:53+00:00","author":{"@id":"https:\/\/www.ascef.com\/es\/#\/schema\/person\/e0bdccd3e1665871f0e79e3a50ad6b02"},"description":"Jori Armengol & Associats participa con el movimiento #DamosLaCara, impulsado por trabajadores y empresarios que muestra el compromiso de las empresas familiares","breadcrumb":{"@id":"https:\/\/www.ascef.com\/es\/jori-armengol-asociados-damoslacara\/#breadcrumb"},"inLanguage":"es","potentialAction":[{"@type":"ReadAction","target":["https:\/\/www.ascef.com\/es\/jori-armengol-asociados-damoslacara\/"]}]},{"@type":"ImageObject","inLanguage":"es","@id":"https:\/\/www.ascef.com\/es\/jori-armengol-asociados-damoslacara\/#primaryimage","url":"https:\/\/www.ascef.com\/wp-content\/uploads\/2020\/06\/20200609_ASCEF_jori.jpg","contentUrl":"https:\/\/www.ascef.com\/wp-content\/uploads\/2020\/06\/20200609_ASCEF_jori.jpg","width":833,"height":555},{"@type":"BreadcrumbList","@id":"https:\/\/www.ascef.com\/es\/jori-armengol-asociados-damoslacara\/#breadcrumb","itemListElement":[{"@type":"ListItem","position":1,"name":"Portada","item":"https:\/\/www.ascef.com\/es\/"},{"@type":"ListItem","position":2,"name":"Jori Armengol &#038; Asociados participa en el movimiento #DamosLaCara: \u201cComo empresa familiar, tiraremos adelante y saldremos m\u00e1s fuertes de lo que antes \u00e9ramos\u201d"}]},{"@type":"WebSite","@id":"https:\/\/www.ascef.com\/es\/#website","url":"https:\/\/www.ascef.com\/es\/","name":"ASCEF","description":"Associaci\u00f3 Catalana de l\u2019Empresa Familiar","potentialAction":[{"@type":"SearchAction","target":{"@type":"EntryPoint","urlTemplate":"https:\/\/www.ascef.com\/es\/?s={search_term_string}"},"query-input":{"@type":"PropertyValueSpecification","valueRequired":true,"valueName":"search_term_string"}}],"inLanguage":"es"},{"@type":"Person","@id":"https:\/\/www.ascef.com\/es\/#\/schema\/person\/e0bdccd3e1665871f0e79e3a50ad6b02","name":"Borja Igual","url":"https:\/\/www.ascef.com\/es\/author\/bigual1990mcs-com\/"}]}},"_links":{"self":[{"href":"https:\/\/www.ascef.com\/es\/wp-json\/wp\/v2\/posts\/1928","targetHints":{"allow":["GET"]}}],"collection":[{"href":"https:\/\/www.ascef.com\/es\/wp-json\/wp\/v2\/posts"}],"about":[{"href":"https:\/\/www.ascef.com\/es\/wp-json\/wp\/v2\/types\/post"}],"author":[{"embeddable":true,"href":"https:\/\/www.ascef.com\/es\/wp-json\/wp\/v2\/users\/292"}],"replies":[{"embeddable":true,"href":"https:\/\/www.ascef.com\/es\/wp-json\/wp\/v2\/comments?post=1928"}],"version-history":[{"count":2,"href":"https:\/\/www.ascef.com\/es\/wp-json\/wp\/v2\/posts\/1928\/revisions"}],"predecessor-version":[{"id":1930,"href":"https:\/\/www.ascef.com\/es\/wp-json\/wp\/v2\/posts\/1928\/revisions\/1930"}],"wp:featuredmedia":[{"embeddable":true,"href":"https:\/\/www.ascef.com\/es\/wp-json\/wp\/v2\/media\/1926"}],"wp:attachment":[{"href":"https:\/\/www.ascef.com\/es\/wp-json\/wp\/v2\/media?parent=1928"}],"wp:term":[{"taxonomy":"category","embeddable":true,"href":"https:\/\/www.ascef.com\/es\/wp-json\/wp\/v2\/categories?post=1928"},{"taxonomy":"post_tag","embeddable":true,"href":"https:\/\/www.ascef.com\/es\/wp-json\/wp\/v2\/tags?post=1928"}],"curies":[{"name":"wp","href":"https:\/\/api.w.org\/{rel}","templated":true}]}}