{"id":1702,"date":"2020-05-11T10:27:39","date_gmt":"2020-05-11T10:27:39","guid":{"rendered":"https:\/\/www.ascef.com\/?p=1702"},"modified":"2020-06-22T10:23:02","modified_gmt":"2020-06-22T10:23:02","slug":"covid-19-empresarios-familiares-confian-nuevas-oportunidades","status":"publish","type":"post","link":"https:\/\/www.ascef.com\/es\/covid-19-empresarios-familiares-confian-nuevas-oportunidades\/","title":{"rendered":"Ante la crisis, 8 de cada 10 empresarios familiares conf\u00edan en su capacidad para crear nuevas oportunidades"},"content":{"rendered":"<p>Manuel Bermejo, reconocido experto en empresa familiar y fundador de <a href=\"https:\/\/tfab.es\/\" target=\"_blank\" rel=\"noopener noreferrer\"><strong><u>The Family Advisory Board (TFAB)<\/u><\/strong><\/a>, present\u00f3 la semana pasada los resultados de una encuesta realizada a m\u00e1s de cien empresas familiares en un encuentro online organizado por <a href=\"https:\/\/www.ascef.com\/es\/\" target=\"_blank\" rel=\"noopener noreferrer\"><strong><u>ASCEF<\/u><\/strong><\/a> con los empresarios de las asociaciones de Catalunya, Baleares, Asturias y Navarra. En este sondeo, <strong>el 81% de los encuestados manifest\u00f3 su confianza en tener capacidad para crear nuevas oportunidades y el 54% afirm\u00f3 haber modificado sus pol\u00edticas a largo plazo ante la crisis econ\u00f3mica generada por el Covid-19<\/strong>.<\/p>\n<p>En este estudio tambi\u00e9n se refleja que el 44% es consciente de la necesidad de redefinir sus escenarios de crisis, al tiempo que el 38% cree que debe analizar mejor su mapa de posibles riesgos futuros.<\/p>\n<p>En cuanto a la vuelta a la normalidad, <strong>el 46% de los encuestados creen que la recuperar\u00e1n en un periodo que oscila entre 2 y 3 meses<\/strong>, mientras que el 29% cree que tardar\u00e1 por lo menos un semestre.<\/p>\n<p>En este contexto, Bermejo recomienda a los empresarios que empiecen a <strong>identificar aquellas acciones que les puedan permitir salir fortalecidos en la crisis actual<\/strong> y les anima a que sean capaces de repensar la estrategia corporativa para esa nueva normalidad, evolucionando el modelo de negocio y preparando ya un escenario de cierre del ejercicio 2020.<\/p>\n<p>Para Bermejo, el empresario familiar debe tambi\u00e9n mejorar el gobierno corporativo de sus empresas y reforzar el consejo de familia para asegurar la cohesi\u00f3n ante la toma de decisiones dif\u00edciles, cuidando tambi\u00e9n la colaboraci\u00f3n multigeneracional.<\/p>\n<p>El fundador de TFAB, ante la situaci\u00f3n actual, se\u00f1ala <strong>la importancia de potenciar y cuidar al equipo humano de las empresas<\/strong>, tanto en la aplicaci\u00f3n de medidas higi\u00e9nico-sanitarias como en practicar pol\u00edticas de salud entre los trabajadores y ser emp\u00e1ticos con la situaci\u00f3n.<\/p>\n<p>En opini\u00f3n de Manuel Bermejo, \u201c<em>es tiempo de personas, de valores y de organizaciones comprometidas<\/em>\u201d.<\/p>\n","protected":false},"excerpt":{"rendered":"<p>Manuel Bermejo, reconocido experto en empresa familiar y fundador de The Family Advisory Board (TFAB), present\u00f3 la semana pasada los resultados de una encuesta realizada a m\u00e1s de cien empresas familiares en un encuentro online organizado por ASCEF con los empresarios de las asociaciones de Catalunya, Baleares, Asturias y Navarra. En este sondeo, el 81% [&hellip;]<\/p>\n","protected":false},"author":292,"featured_media":1704,"comment_status":"open","ping_status":"open","sticky":false,"template":"","format":"standard","meta":{"_acf_changed":false,"footnotes":""},"categories":[185],"tags":[],"class_list":["post-1702","post","type-post","status-publish","format-standard","has-post-thumbnail","hentry","category-general"],"acf":[],"yoast_head":"<!-- This site is optimized with the Yoast SEO plugin v27.5 - https:\/\/yoast.com\/product\/yoast-seo-wordpress\/ -->\n<title>Ocho de cada 10 empresarios familiares conf\u00edan en su capacidad para crear nuevas oportunidades - ASCEF<\/title>\n<meta name=\"description\" content=\"Empresa familiar: ante la crisis, 8 de cada 10 empresarios familiares conf\u00edan en su capacidad para crear nuevas oportunidades\" \/>\n<meta name=\"robots\" content=\"index, follow, max-snippet:-1, max-image-preview:large, max-video-preview:-1\" \/>\n<link rel=\"canonical\" href=\"https:\/\/www.ascef.com\/es\/covid-19-empresarios-familiares-confian-nuevas-oportunidades\/\" \/>\n<meta property=\"og:locale\" content=\"es_ES\" \/>\n<meta property=\"og:type\" content=\"article\" \/>\n<meta property=\"og:title\" content=\"Ocho de cada 10 empresarios familiares conf\u00edan en su capacidad para crear nuevas oportunidades - ASCEF\" \/>\n<meta property=\"og:description\" content=\"Empresa familiar: ante la crisis, 8 de cada 10 empresarios familiares conf\u00edan en su capacidad para crear nuevas oportunidades\" \/>\n<meta property=\"og:url\" content=\"https:\/\/www.ascef.com\/es\/covid-19-empresarios-familiares-confian-nuevas-oportunidades\/\" \/>\n<meta property=\"og:site_name\" content=\"ASCEF\" \/>\n<meta property=\"article:published_time\" content=\"2020-05-11T10:27:39+00:00\" \/>\n<meta property=\"article:modified_time\" content=\"2020-06-22T10:23:02+00:00\" \/>\n<meta property=\"og:image\" content=\"https:\/\/www.ascef.com\/wp-content\/uploads\/2020\/05\/tree-8810_1920.jpg\" \/>\n\t<meta property=\"og:image:width\" content=\"1920\" \/>\n\t<meta property=\"og:image:height\" content=\"1440\" \/>\n\t<meta property=\"og:image:type\" content=\"image\/jpeg\" \/>\n<meta name=\"author\" content=\"Borja Igual\" \/>\n<meta name=\"twitter:card\" content=\"summary_large_image\" \/>\n<meta name=\"twitter:label1\" content=\"Escrito por\" \/>\n\t<meta name=\"twitter:data1\" content=\"Borja Igual\" \/>\n\t<meta name=\"twitter:label2\" content=\"Tiempo de lectura\" \/>\n\t<meta name=\"twitter:data2\" content=\"2 minutos\" \/>\n<script type=\"application\/ld+json\" class=\"yoast-schema-graph\">{\"@context\":\"https:\\\/\\\/schema.org\",\"@graph\":[{\"@type\":\"Article\",\"@id\":\"https:\\\/\\\/www.ascef.com\\\/es\\\/covid-19-empresarios-familiares-confian-nuevas-oportunidades\\\/#article\",\"isPartOf\":{\"@id\":\"https:\\\/\\\/www.ascef.com\\\/es\\\/covid-19-empresarios-familiares-confian-nuevas-oportunidades\\\/\"},\"author\":{\"name\":\"Borja Igual\",\"@id\":\"https:\\\/\\\/www.ascef.com\\\/es\\\/#\\\/schema\\\/person\\\/e0bdccd3e1665871f0e79e3a50ad6b02\"},\"headline\":\"Ante la crisis, 8 de cada 10 empresarios familiares conf\u00edan en su capacidad para crear nuevas oportunidades\",\"datePublished\":\"2020-05-11T10:27:39+00:00\",\"dateModified\":\"2020-06-22T10:23:02+00:00\",\"mainEntityOfPage\":{\"@id\":\"https:\\\/\\\/www.ascef.com\\\/es\\\/covid-19-empresarios-familiares-confian-nuevas-oportunidades\\\/\"},\"wordCount\":335,\"commentCount\":0,\"image\":{\"@id\":\"https:\\\/\\\/www.ascef.com\\\/es\\\/covid-19-empresarios-familiares-confian-nuevas-oportunidades\\\/#primaryimage\"},\"thumbnailUrl\":\"https:\\\/\\\/www.ascef.com\\\/wp-content\\\/uploads\\\/2020\\\/05\\\/tree-8810_1920.jpg\",\"articleSection\":[\"general\"],\"inLanguage\":\"es\"},{\"@type\":\"WebPage\",\"@id\":\"https:\\\/\\\/www.ascef.com\\\/es\\\/covid-19-empresarios-familiares-confian-nuevas-oportunidades\\\/\",\"url\":\"https:\\\/\\\/www.ascef.com\\\/es\\\/covid-19-empresarios-familiares-confian-nuevas-oportunidades\\\/\",\"name\":\"Ocho de cada 10 empresarios familiares conf\u00edan en su capacidad para crear nuevas oportunidades - ASCEF\",\"isPartOf\":{\"@id\":\"https:\\\/\\\/www.ascef.com\\\/es\\\/#website\"},\"primaryImageOfPage\":{\"@id\":\"https:\\\/\\\/www.ascef.com\\\/es\\\/covid-19-empresarios-familiares-confian-nuevas-oportunidades\\\/#primaryimage\"},\"image\":{\"@id\":\"https:\\\/\\\/www.ascef.com\\\/es\\\/covid-19-empresarios-familiares-confian-nuevas-oportunidades\\\/#primaryimage\"},\"thumbnailUrl\":\"https:\\\/\\\/www.ascef.com\\\/wp-content\\\/uploads\\\/2020\\\/05\\\/tree-8810_1920.jpg\",\"datePublished\":\"2020-05-11T10:27:39+00:00\",\"dateModified\":\"2020-06-22T10:23:02+00:00\",\"author\":{\"@id\":\"https:\\\/\\\/www.ascef.com\\\/es\\\/#\\\/schema\\\/person\\\/e0bdccd3e1665871f0e79e3a50ad6b02\"},\"description\":\"Empresa familiar: ante la crisis, 8 de cada 10 empresarios familiares conf\u00edan en su capacidad para crear nuevas oportunidades\",\"breadcrumb\":{\"@id\":\"https:\\\/\\\/www.ascef.com\\\/es\\\/covid-19-empresarios-familiares-confian-nuevas-oportunidades\\\/#breadcrumb\"},\"inLanguage\":\"es\",\"potentialAction\":[{\"@type\":\"ReadAction\",\"target\":[\"https:\\\/\\\/www.ascef.com\\\/es\\\/covid-19-empresarios-familiares-confian-nuevas-oportunidades\\\/\"]}]},{\"@type\":\"ImageObject\",\"inLanguage\":\"es\",\"@id\":\"https:\\\/\\\/www.ascef.com\\\/es\\\/covid-19-empresarios-familiares-confian-nuevas-oportunidades\\\/#primaryimage\",\"url\":\"https:\\\/\\\/www.ascef.com\\\/wp-content\\\/uploads\\\/2020\\\/05\\\/tree-8810_1920.jpg\",\"contentUrl\":\"https:\\\/\\\/www.ascef.com\\\/wp-content\\\/uploads\\\/2020\\\/05\\\/tree-8810_1920.jpg\",\"width\":1920,\"height\":1440},{\"@type\":\"BreadcrumbList\",\"@id\":\"https:\\\/\\\/www.ascef.com\\\/es\\\/covid-19-empresarios-familiares-confian-nuevas-oportunidades\\\/#breadcrumb\",\"itemListElement\":[{\"@type\":\"ListItem\",\"position\":1,\"name\":\"Portada\",\"item\":\"https:\\\/\\\/www.ascef.com\\\/es\\\/\"},{\"@type\":\"ListItem\",\"position\":2,\"name\":\"Ante la crisis, 8 de cada 10 empresarios familiares conf\u00edan en su capacidad para crear nuevas oportunidades\"}]},{\"@type\":\"WebSite\",\"@id\":\"https:\\\/\\\/www.ascef.com\\\/es\\\/#website\",\"url\":\"https:\\\/\\\/www.ascef.com\\\/es\\\/\",\"name\":\"ASCEF\",\"description\":\"Associaci\u00f3 Catalana de l\u2019Empresa Familiar\",\"potentialAction\":[{\"@type\":\"SearchAction\",\"target\":{\"@type\":\"EntryPoint\",\"urlTemplate\":\"https:\\\/\\\/www.ascef.com\\\/es\\\/?s={search_term_string}\"},\"query-input\":{\"@type\":\"PropertyValueSpecification\",\"valueRequired\":true,\"valueName\":\"search_term_string\"}}],\"inLanguage\":\"es\"},{\"@type\":\"Person\",\"@id\":\"https:\\\/\\\/www.ascef.com\\\/es\\\/#\\\/schema\\\/person\\\/e0bdccd3e1665871f0e79e3a50ad6b02\",\"name\":\"Borja Igual\",\"url\":\"https:\\\/\\\/www.ascef.com\\\/es\\\/author\\\/bigual1990mcs-com\\\/\"}]}<\/script>\n<!-- \/ Yoast SEO plugin. -->","yoast_head_json":{"title":"Ocho de cada 10 empresarios familiares conf\u00edan en su capacidad para crear nuevas oportunidades - ASCEF","description":"Empresa familiar: ante la crisis, 8 de cada 10 empresarios familiares conf\u00edan en su capacidad para crear nuevas oportunidades","robots":{"index":"index","follow":"follow","max-snippet":"max-snippet:-1","max-image-preview":"max-image-preview:large","max-video-preview":"max-video-preview:-1"},"canonical":"https:\/\/www.ascef.com\/es\/covid-19-empresarios-familiares-confian-nuevas-oportunidades\/","og_locale":"es_ES","og_type":"article","og_title":"Ocho de cada 10 empresarios familiares conf\u00edan en su capacidad para crear nuevas oportunidades - ASCEF","og_description":"Empresa familiar: ante la crisis, 8 de cada 10 empresarios familiares conf\u00edan en su capacidad para crear nuevas oportunidades","og_url":"https:\/\/www.ascef.com\/es\/covid-19-empresarios-familiares-confian-nuevas-oportunidades\/","og_site_name":"ASCEF","article_published_time":"2020-05-11T10:27:39+00:00","article_modified_time":"2020-06-22T10:23:02+00:00","og_image":[{"width":1920,"height":1440,"url":"https:\/\/www.ascef.com\/wp-content\/uploads\/2020\/05\/tree-8810_1920.jpg","type":"image\/jpeg"}],"author":"Borja Igual","twitter_card":"summary_large_image","twitter_misc":{"Escrito por":"Borja Igual","Tiempo de lectura":"2 minutos"},"schema":{"@context":"https:\/\/schema.org","@graph":[{"@type":"Article","@id":"https:\/\/www.ascef.com\/es\/covid-19-empresarios-familiares-confian-nuevas-oportunidades\/#article","isPartOf":{"@id":"https:\/\/www.ascef.com\/es\/covid-19-empresarios-familiares-confian-nuevas-oportunidades\/"},"author":{"name":"Borja Igual","@id":"https:\/\/www.ascef.com\/es\/#\/schema\/person\/e0bdccd3e1665871f0e79e3a50ad6b02"},"headline":"Ante la crisis, 8 de cada 10 empresarios familiares conf\u00edan en su capacidad para crear nuevas oportunidades","datePublished":"2020-05-11T10:27:39+00:00","dateModified":"2020-06-22T10:23:02+00:00","mainEntityOfPage":{"@id":"https:\/\/www.ascef.com\/es\/covid-19-empresarios-familiares-confian-nuevas-oportunidades\/"},"wordCount":335,"commentCount":0,"image":{"@id":"https:\/\/www.ascef.com\/es\/covid-19-empresarios-familiares-confian-nuevas-oportunidades\/#primaryimage"},"thumbnailUrl":"https:\/\/www.ascef.com\/wp-content\/uploads\/2020\/05\/tree-8810_1920.jpg","articleSection":["general"],"inLanguage":"es"},{"@type":"WebPage","@id":"https:\/\/www.ascef.com\/es\/covid-19-empresarios-familiares-confian-nuevas-oportunidades\/","url":"https:\/\/www.ascef.com\/es\/covid-19-empresarios-familiares-confian-nuevas-oportunidades\/","name":"Ocho de cada 10 empresarios familiares conf\u00edan en su capacidad para crear nuevas oportunidades - ASCEF","isPartOf":{"@id":"https:\/\/www.ascef.com\/es\/#website"},"primaryImageOfPage":{"@id":"https:\/\/www.ascef.com\/es\/covid-19-empresarios-familiares-confian-nuevas-oportunidades\/#primaryimage"},"image":{"@id":"https:\/\/www.ascef.com\/es\/covid-19-empresarios-familiares-confian-nuevas-oportunidades\/#primaryimage"},"thumbnailUrl":"https:\/\/www.ascef.com\/wp-content\/uploads\/2020\/05\/tree-8810_1920.jpg","datePublished":"2020-05-11T10:27:39+00:00","dateModified":"2020-06-22T10:23:02+00:00","author":{"@id":"https:\/\/www.ascef.com\/es\/#\/schema\/person\/e0bdccd3e1665871f0e79e3a50ad6b02"},"description":"Empresa familiar: ante la crisis, 8 de cada 10 empresarios familiares conf\u00edan en su capacidad para crear nuevas oportunidades","breadcrumb":{"@id":"https:\/\/www.ascef.com\/es\/covid-19-empresarios-familiares-confian-nuevas-oportunidades\/#breadcrumb"},"inLanguage":"es","potentialAction":[{"@type":"ReadAction","target":["https:\/\/www.ascef.com\/es\/covid-19-empresarios-familiares-confian-nuevas-oportunidades\/"]}]},{"@type":"ImageObject","inLanguage":"es","@id":"https:\/\/www.ascef.com\/es\/covid-19-empresarios-familiares-confian-nuevas-oportunidades\/#primaryimage","url":"https:\/\/www.ascef.com\/wp-content\/uploads\/2020\/05\/tree-8810_1920.jpg","contentUrl":"https:\/\/www.ascef.com\/wp-content\/uploads\/2020\/05\/tree-8810_1920.jpg","width":1920,"height":1440},{"@type":"BreadcrumbList","@id":"https:\/\/www.ascef.com\/es\/covid-19-empresarios-familiares-confian-nuevas-oportunidades\/#breadcrumb","itemListElement":[{"@type":"ListItem","position":1,"name":"Portada","item":"https:\/\/www.ascef.com\/es\/"},{"@type":"ListItem","position":2,"name":"Ante la crisis, 8 de cada 10 empresarios familiares conf\u00edan en su capacidad para crear nuevas oportunidades"}]},{"@type":"WebSite","@id":"https:\/\/www.ascef.com\/es\/#website","url":"https:\/\/www.ascef.com\/es\/","name":"ASCEF","description":"Associaci\u00f3 Catalana de l\u2019Empresa Familiar","potentialAction":[{"@type":"SearchAction","target":{"@type":"EntryPoint","urlTemplate":"https:\/\/www.ascef.com\/es\/?s={search_term_string}"},"query-input":{"@type":"PropertyValueSpecification","valueRequired":true,"valueName":"search_term_string"}}],"inLanguage":"es"},{"@type":"Person","@id":"https:\/\/www.ascef.com\/es\/#\/schema\/person\/e0bdccd3e1665871f0e79e3a50ad6b02","name":"Borja Igual","url":"https:\/\/www.ascef.com\/es\/author\/bigual1990mcs-com\/"}]}},"_links":{"self":[{"href":"https:\/\/www.ascef.com\/es\/wp-json\/wp\/v2\/posts\/1702","targetHints":{"allow":["GET"]}}],"collection":[{"href":"https:\/\/www.ascef.com\/es\/wp-json\/wp\/v2\/posts"}],"about":[{"href":"https:\/\/www.ascef.com\/es\/wp-json\/wp\/v2\/types\/post"}],"author":[{"embeddable":true,"href":"https:\/\/www.ascef.com\/es\/wp-json\/wp\/v2\/users\/292"}],"replies":[{"embeddable":true,"href":"https:\/\/www.ascef.com\/es\/wp-json\/wp\/v2\/comments?post=1702"}],"version-history":[{"count":1,"href":"https:\/\/www.ascef.com\/es\/wp-json\/wp\/v2\/posts\/1702\/revisions"}],"predecessor-version":[{"id":1703,"href":"https:\/\/www.ascef.com\/es\/wp-json\/wp\/v2\/posts\/1702\/revisions\/1703"}],"wp:featuredmedia":[{"embeddable":true,"href":"https:\/\/www.ascef.com\/es\/wp-json\/wp\/v2\/media\/1704"}],"wp:attachment":[{"href":"https:\/\/www.ascef.com\/es\/wp-json\/wp\/v2\/media?parent=1702"}],"wp:term":[{"taxonomy":"category","embeddable":true,"href":"https:\/\/www.ascef.com\/es\/wp-json\/wp\/v2\/categories?post=1702"},{"taxonomy":"post_tag","embeddable":true,"href":"https:\/\/www.ascef.com\/es\/wp-json\/wp\/v2\/tags?post=1702"}],"curies":[{"name":"wp","href":"https:\/\/api.w.org\/{rel}","templated":true}]}}