{"id":1688,"date":"2020-05-05T15:02:51","date_gmt":"2020-05-05T15:02:51","guid":{"rendered":"https:\/\/www.ascef.com\/?p=1688"},"modified":"2020-06-22T10:15:42","modified_gmt":"2020-06-22T10:15:42","slug":"ascef-compromiso-empleo-sostenibilidad-bienestar","status":"publish","type":"post","link":"https:\/\/www.ascef.com\/es\/ascef-compromiso-empleo-sostenibilidad-bienestar\/","title":{"rendered":"La ASCEF y el Instituto de Empresa Familiar reiteran su compromiso con el empleo, la sostenibilidad y el bienestar"},"content":{"rendered":"<p>La <a href=\"https:\/\/www.ascef.com\/es\/\" target=\"_blank\" rel=\"noopener noreferrer\"><strong><u>ASCEF<\/u><\/strong><\/a>, una entidad constituida en 1998 vinculada al <a href=\"http:\/\/www.iefamiliar.com\/\" target=\"_blank\" rel=\"noopener noreferrer\"><strong><u>Instituto de la Empresa Familiar (IEF)<\/u><\/strong><\/a> y formada por m\u00e1s de 100 empresas representativas del tejido empresarial catal\u00e1n, <strong>reitera su compromiso con el empleo, la sostenibilidad y el bienestar de la sociedad en esta crisis a causa del COVID-19<\/strong>. En un v\u00eddeo institucional se pone de relieve el papel de la empresa familiar ante la pandemia manteniendo la actividad siempre que ha sido posible y aplicando las medidas de seguridad necesarias para proteger a los trabajadores; poniendo su capacidad productiva al servicio del gobierno y utilizando sus redes internacionales y capacidad log\u00edstica para el transporte de materiales m\u00e9dicos. <strong>Las empresas familiares han llevado a cabo tambi\u00e9n donaciones altruistas para intentar paliar algunas de las dificultades sobrevenidas en todo este proceso<\/strong>.<\/p>\n<p>Las empresas familiares del conjunto del pa\u00eds que forman parte de las diferentes territoriales vinculadas al IEF han expresado tambi\u00e9n su voluntad de reinventarse y adaptarse a esta nueva normalidad con el objetivo de<strong> mantener y recuperar el empleo y de seguir contribuyendo a la mejora de la situaci\u00f3n general<\/strong>.<\/p>\n<div style=\"width: 640px;\" class=\"wp-video\"><!--[if lt IE 9]><script>document.createElement('video');<\/script><![endif]-->\n<video class=\"wp-video-shortcode\" id=\"video-1688-1\" width=\"640\" height=\"360\" preload=\"metadata\" controls=\"controls\"><source type=\"video\/mp4\" src=\"https:\/\/www.ascef.com\/wp-content\/uploads\/2020\/05\/MASTER_WHATSAPP_4_IEF_COVID.mp4?_=1\" \/><a href=\"https:\/\/www.ascef.com\/wp-content\/uploads\/2020\/05\/MASTER_WHATSAPP_4_IEF_COVID.mp4\">https:\/\/www.ascef.com\/wp-content\/uploads\/2020\/05\/MASTER_WHATSAPP_4_IEF_COVID.mp4<\/a><\/video><\/div>\n","protected":false},"excerpt":{"rendered":"<p>La ASCEF, una entidad constituida en 1998 vinculada al Instituto de la Empresa Familiar (IEF) y formada por m\u00e1s de 100 empresas representativas del tejido empresarial catal\u00e1n, reitera su compromiso con el empleo, la sostenibilidad y el bienestar de la sociedad en esta crisis a causa del COVID-19. En un v\u00eddeo institucional se pone de [&hellip;]<\/p>\n","protected":false},"author":292,"featured_media":1696,"comment_status":"open","ping_status":"open","sticky":false,"template":"","format":"standard","meta":{"_acf_changed":false,"footnotes":""},"categories":[185],"tags":[],"class_list":["post-1688","post","type-post","status-publish","format-standard","has-post-thumbnail","hentry","category-general"],"acf":[],"yoast_head":"<!-- This site is optimized with the Yoast SEO plugin v27.5 - https:\/\/yoast.com\/product\/yoast-seo-wordpress\/ -->\n<title>La ASCEF y el IEF reiteran su compromiso con el empleo, la sostenibilidad y el bienestar<\/title>\n<meta name=\"description\" content=\"La ASCEF reitera su compromiso con el empleo, la sostenibilidad y el bienestar de la sociedad en esta crisis a causa del COVID-19\" \/>\n<meta name=\"robots\" content=\"index, follow, max-snippet:-1, max-image-preview:large, max-video-preview:-1\" \/>\n<link rel=\"canonical\" href=\"https:\/\/www.ascef.com\/es\/ascef-compromiso-empleo-sostenibilidad-bienestar\/\" \/>\n<meta property=\"og:locale\" content=\"es_ES\" \/>\n<meta property=\"og:type\" content=\"article\" \/>\n<meta property=\"og:title\" content=\"La ASCEF y el IEF reiteran su compromiso con el empleo, la sostenibilidad y el bienestar\" \/>\n<meta property=\"og:description\" content=\"La ASCEF reitera su compromiso con el empleo, la sostenibilidad y el bienestar de la sociedad en esta crisis a causa del COVID-19\" \/>\n<meta property=\"og:url\" content=\"https:\/\/www.ascef.com\/es\/ascef-compromiso-empleo-sostenibilidad-bienestar\/\" \/>\n<meta property=\"og:site_name\" content=\"ASCEF\" \/>\n<meta property=\"article:published_time\" content=\"2020-05-05T15:02:51+00:00\" \/>\n<meta property=\"article:modified_time\" content=\"2020-06-22T10:15:42+00:00\" \/>\n<meta property=\"og:image\" content=\"https:\/\/www.ascef.com\/wp-content\/uploads\/2020\/05\/ascef_video-1.jpg\" \/>\n\t<meta property=\"og:image:width\" content=\"753\" \/>\n\t<meta property=\"og:image:height\" content=\"498\" \/>\n\t<meta property=\"og:image:type\" content=\"image\/jpeg\" \/>\n<meta name=\"author\" content=\"Borja Igual\" \/>\n<meta name=\"twitter:card\" content=\"summary_large_image\" \/>\n<meta name=\"twitter:label1\" content=\"Escrito por\" \/>\n\t<meta name=\"twitter:data1\" content=\"Borja Igual\" \/>\n\t<meta name=\"twitter:label2\" content=\"Tiempo de lectura\" \/>\n\t<meta name=\"twitter:data2\" content=\"1 minuto\" \/>\n<script type=\"application\/ld+json\" class=\"yoast-schema-graph\">{\"@context\":\"https:\\\/\\\/schema.org\",\"@graph\":[{\"@type\":\"Article\",\"@id\":\"https:\\\/\\\/www.ascef.com\\\/es\\\/ascef-compromiso-empleo-sostenibilidad-bienestar\\\/#article\",\"isPartOf\":{\"@id\":\"https:\\\/\\\/www.ascef.com\\\/es\\\/ascef-compromiso-empleo-sostenibilidad-bienestar\\\/\"},\"author\":{\"name\":\"Borja Igual\",\"@id\":\"https:\\\/\\\/www.ascef.com\\\/es\\\/#\\\/schema\\\/person\\\/e0bdccd3e1665871f0e79e3a50ad6b02\"},\"headline\":\"La ASCEF y el Instituto de Empresa Familiar reiteran su compromiso con el empleo, la sostenibilidad y el bienestar\",\"datePublished\":\"2020-05-05T15:02:51+00:00\",\"dateModified\":\"2020-06-22T10:15:42+00:00\",\"mainEntityOfPage\":{\"@id\":\"https:\\\/\\\/www.ascef.com\\\/es\\\/ascef-compromiso-empleo-sostenibilidad-bienestar\\\/\"},\"wordCount\":221,\"commentCount\":0,\"image\":{\"@id\":\"https:\\\/\\\/www.ascef.com\\\/es\\\/ascef-compromiso-empleo-sostenibilidad-bienestar\\\/#primaryimage\"},\"thumbnailUrl\":\"https:\\\/\\\/www.ascef.com\\\/wp-content\\\/uploads\\\/2020\\\/05\\\/ascef_video-1.jpg\",\"articleSection\":[\"general\"],\"inLanguage\":\"es\"},{\"@type\":\"WebPage\",\"@id\":\"https:\\\/\\\/www.ascef.com\\\/es\\\/ascef-compromiso-empleo-sostenibilidad-bienestar\\\/\",\"url\":\"https:\\\/\\\/www.ascef.com\\\/es\\\/ascef-compromiso-empleo-sostenibilidad-bienestar\\\/\",\"name\":\"La ASCEF y el IEF reiteran su compromiso con el empleo, la sostenibilidad y el bienestar\",\"isPartOf\":{\"@id\":\"https:\\\/\\\/www.ascef.com\\\/es\\\/#website\"},\"primaryImageOfPage\":{\"@id\":\"https:\\\/\\\/www.ascef.com\\\/es\\\/ascef-compromiso-empleo-sostenibilidad-bienestar\\\/#primaryimage\"},\"image\":{\"@id\":\"https:\\\/\\\/www.ascef.com\\\/es\\\/ascef-compromiso-empleo-sostenibilidad-bienestar\\\/#primaryimage\"},\"thumbnailUrl\":\"https:\\\/\\\/www.ascef.com\\\/wp-content\\\/uploads\\\/2020\\\/05\\\/ascef_video-1.jpg\",\"datePublished\":\"2020-05-05T15:02:51+00:00\",\"dateModified\":\"2020-06-22T10:15:42+00:00\",\"author\":{\"@id\":\"https:\\\/\\\/www.ascef.com\\\/es\\\/#\\\/schema\\\/person\\\/e0bdccd3e1665871f0e79e3a50ad6b02\"},\"description\":\"La ASCEF reitera su compromiso con el empleo, la sostenibilidad y el bienestar de la sociedad en esta crisis a causa del COVID-19\",\"breadcrumb\":{\"@id\":\"https:\\\/\\\/www.ascef.com\\\/es\\\/ascef-compromiso-empleo-sostenibilidad-bienestar\\\/#breadcrumb\"},\"inLanguage\":\"es\",\"potentialAction\":[{\"@type\":\"ReadAction\",\"target\":[\"https:\\\/\\\/www.ascef.com\\\/es\\\/ascef-compromiso-empleo-sostenibilidad-bienestar\\\/\"]}]},{\"@type\":\"ImageObject\",\"inLanguage\":\"es\",\"@id\":\"https:\\\/\\\/www.ascef.com\\\/es\\\/ascef-compromiso-empleo-sostenibilidad-bienestar\\\/#primaryimage\",\"url\":\"https:\\\/\\\/www.ascef.com\\\/wp-content\\\/uploads\\\/2020\\\/05\\\/ascef_video-1.jpg\",\"contentUrl\":\"https:\\\/\\\/www.ascef.com\\\/wp-content\\\/uploads\\\/2020\\\/05\\\/ascef_video-1.jpg\",\"width\":753,\"height\":498},{\"@type\":\"BreadcrumbList\",\"@id\":\"https:\\\/\\\/www.ascef.com\\\/es\\\/ascef-compromiso-empleo-sostenibilidad-bienestar\\\/#breadcrumb\",\"itemListElement\":[{\"@type\":\"ListItem\",\"position\":1,\"name\":\"Portada\",\"item\":\"https:\\\/\\\/www.ascef.com\\\/es\\\/\"},{\"@type\":\"ListItem\",\"position\":2,\"name\":\"La ASCEF y el Instituto de Empresa Familiar reiteran su compromiso con el empleo, la sostenibilidad y el bienestar\"}]},{\"@type\":\"WebSite\",\"@id\":\"https:\\\/\\\/www.ascef.com\\\/es\\\/#website\",\"url\":\"https:\\\/\\\/www.ascef.com\\\/es\\\/\",\"name\":\"ASCEF\",\"description\":\"Associaci\u00f3 Catalana de l\u2019Empresa Familiar\",\"potentialAction\":[{\"@type\":\"SearchAction\",\"target\":{\"@type\":\"EntryPoint\",\"urlTemplate\":\"https:\\\/\\\/www.ascef.com\\\/es\\\/?s={search_term_string}\"},\"query-input\":{\"@type\":\"PropertyValueSpecification\",\"valueRequired\":true,\"valueName\":\"search_term_string\"}}],\"inLanguage\":\"es\"},{\"@type\":\"Person\",\"@id\":\"https:\\\/\\\/www.ascef.com\\\/es\\\/#\\\/schema\\\/person\\\/e0bdccd3e1665871f0e79e3a50ad6b02\",\"name\":\"Borja Igual\",\"url\":\"https:\\\/\\\/www.ascef.com\\\/es\\\/author\\\/bigual1990mcs-com\\\/\"}]}<\/script>\n<!-- \/ Yoast SEO plugin. -->","yoast_head_json":{"title":"La ASCEF y el IEF reiteran su compromiso con el empleo, la sostenibilidad y el bienestar","description":"La ASCEF reitera su compromiso con el empleo, la sostenibilidad y el bienestar de la sociedad en esta crisis a causa del COVID-19","robots":{"index":"index","follow":"follow","max-snippet":"max-snippet:-1","max-image-preview":"max-image-preview:large","max-video-preview":"max-video-preview:-1"},"canonical":"https:\/\/www.ascef.com\/es\/ascef-compromiso-empleo-sostenibilidad-bienestar\/","og_locale":"es_ES","og_type":"article","og_title":"La ASCEF y el IEF reiteran su compromiso con el empleo, la sostenibilidad y el bienestar","og_description":"La ASCEF reitera su compromiso con el empleo, la sostenibilidad y el bienestar de la sociedad en esta crisis a causa del COVID-19","og_url":"https:\/\/www.ascef.com\/es\/ascef-compromiso-empleo-sostenibilidad-bienestar\/","og_site_name":"ASCEF","article_published_time":"2020-05-05T15:02:51+00:00","article_modified_time":"2020-06-22T10:15:42+00:00","og_image":[{"width":753,"height":498,"url":"https:\/\/www.ascef.com\/wp-content\/uploads\/2020\/05\/ascef_video-1.jpg","type":"image\/jpeg"}],"author":"Borja Igual","twitter_card":"summary_large_image","twitter_misc":{"Escrito por":"Borja Igual","Tiempo de lectura":"1 minuto"},"schema":{"@context":"https:\/\/schema.org","@graph":[{"@type":"Article","@id":"https:\/\/www.ascef.com\/es\/ascef-compromiso-empleo-sostenibilidad-bienestar\/#article","isPartOf":{"@id":"https:\/\/www.ascef.com\/es\/ascef-compromiso-empleo-sostenibilidad-bienestar\/"},"author":{"name":"Borja Igual","@id":"https:\/\/www.ascef.com\/es\/#\/schema\/person\/e0bdccd3e1665871f0e79e3a50ad6b02"},"headline":"La ASCEF y el Instituto de Empresa Familiar reiteran su compromiso con el empleo, la sostenibilidad y el bienestar","datePublished":"2020-05-05T15:02:51+00:00","dateModified":"2020-06-22T10:15:42+00:00","mainEntityOfPage":{"@id":"https:\/\/www.ascef.com\/es\/ascef-compromiso-empleo-sostenibilidad-bienestar\/"},"wordCount":221,"commentCount":0,"image":{"@id":"https:\/\/www.ascef.com\/es\/ascef-compromiso-empleo-sostenibilidad-bienestar\/#primaryimage"},"thumbnailUrl":"https:\/\/www.ascef.com\/wp-content\/uploads\/2020\/05\/ascef_video-1.jpg","articleSection":["general"],"inLanguage":"es"},{"@type":"WebPage","@id":"https:\/\/www.ascef.com\/es\/ascef-compromiso-empleo-sostenibilidad-bienestar\/","url":"https:\/\/www.ascef.com\/es\/ascef-compromiso-empleo-sostenibilidad-bienestar\/","name":"La ASCEF y el IEF reiteran su compromiso con el empleo, la sostenibilidad y el bienestar","isPartOf":{"@id":"https:\/\/www.ascef.com\/es\/#website"},"primaryImageOfPage":{"@id":"https:\/\/www.ascef.com\/es\/ascef-compromiso-empleo-sostenibilidad-bienestar\/#primaryimage"},"image":{"@id":"https:\/\/www.ascef.com\/es\/ascef-compromiso-empleo-sostenibilidad-bienestar\/#primaryimage"},"thumbnailUrl":"https:\/\/www.ascef.com\/wp-content\/uploads\/2020\/05\/ascef_video-1.jpg","datePublished":"2020-05-05T15:02:51+00:00","dateModified":"2020-06-22T10:15:42+00:00","author":{"@id":"https:\/\/www.ascef.com\/es\/#\/schema\/person\/e0bdccd3e1665871f0e79e3a50ad6b02"},"description":"La ASCEF reitera su compromiso con el empleo, la sostenibilidad y el bienestar de la sociedad en esta crisis a causa del COVID-19","breadcrumb":{"@id":"https:\/\/www.ascef.com\/es\/ascef-compromiso-empleo-sostenibilidad-bienestar\/#breadcrumb"},"inLanguage":"es","potentialAction":[{"@type":"ReadAction","target":["https:\/\/www.ascef.com\/es\/ascef-compromiso-empleo-sostenibilidad-bienestar\/"]}]},{"@type":"ImageObject","inLanguage":"es","@id":"https:\/\/www.ascef.com\/es\/ascef-compromiso-empleo-sostenibilidad-bienestar\/#primaryimage","url":"https:\/\/www.ascef.com\/wp-content\/uploads\/2020\/05\/ascef_video-1.jpg","contentUrl":"https:\/\/www.ascef.com\/wp-content\/uploads\/2020\/05\/ascef_video-1.jpg","width":753,"height":498},{"@type":"BreadcrumbList","@id":"https:\/\/www.ascef.com\/es\/ascef-compromiso-empleo-sostenibilidad-bienestar\/#breadcrumb","itemListElement":[{"@type":"ListItem","position":1,"name":"Portada","item":"https:\/\/www.ascef.com\/es\/"},{"@type":"ListItem","position":2,"name":"La ASCEF y el Instituto de Empresa Familiar reiteran su compromiso con el empleo, la sostenibilidad y el bienestar"}]},{"@type":"WebSite","@id":"https:\/\/www.ascef.com\/es\/#website","url":"https:\/\/www.ascef.com\/es\/","name":"ASCEF","description":"Associaci\u00f3 Catalana de l\u2019Empresa Familiar","potentialAction":[{"@type":"SearchAction","target":{"@type":"EntryPoint","urlTemplate":"https:\/\/www.ascef.com\/es\/?s={search_term_string}"},"query-input":{"@type":"PropertyValueSpecification","valueRequired":true,"valueName":"search_term_string"}}],"inLanguage":"es"},{"@type":"Person","@id":"https:\/\/www.ascef.com\/es\/#\/schema\/person\/e0bdccd3e1665871f0e79e3a50ad6b02","name":"Borja Igual","url":"https:\/\/www.ascef.com\/es\/author\/bigual1990mcs-com\/"}]}},"_links":{"self":[{"href":"https:\/\/www.ascef.com\/es\/wp-json\/wp\/v2\/posts\/1688","targetHints":{"allow":["GET"]}}],"collection":[{"href":"https:\/\/www.ascef.com\/es\/wp-json\/wp\/v2\/posts"}],"about":[{"href":"https:\/\/www.ascef.com\/es\/wp-json\/wp\/v2\/types\/post"}],"author":[{"embeddable":true,"href":"https:\/\/www.ascef.com\/es\/wp-json\/wp\/v2\/users\/292"}],"replies":[{"embeddable":true,"href":"https:\/\/www.ascef.com\/es\/wp-json\/wp\/v2\/comments?post=1688"}],"version-history":[{"count":3,"href":"https:\/\/www.ascef.com\/es\/wp-json\/wp\/v2\/posts\/1688\/revisions"}],"predecessor-version":[{"id":1978,"href":"https:\/\/www.ascef.com\/es\/wp-json\/wp\/v2\/posts\/1688\/revisions\/1978"}],"wp:featuredmedia":[{"embeddable":true,"href":"https:\/\/www.ascef.com\/es\/wp-json\/wp\/v2\/media\/1696"}],"wp:attachment":[{"href":"https:\/\/www.ascef.com\/es\/wp-json\/wp\/v2\/media?parent=1688"}],"wp:term":[{"taxonomy":"category","embeddable":true,"href":"https:\/\/www.ascef.com\/es\/wp-json\/wp\/v2\/categories?post=1688"},{"taxonomy":"post_tag","embeddable":true,"href":"https:\/\/www.ascef.com\/es\/wp-json\/wp\/v2\/tags?post=1688"}],"curies":[{"name":"wp","href":"https:\/\/api.w.org\/{rel}","templated":true}]}}