{"id":1397,"date":"2020-04-09T16:15:31","date_gmt":"2020-04-09T16:15:31","guid":{"rendered":"https:\/\/www.ascef.com\/?p=1397"},"modified":"2020-04-19T00:18:57","modified_gmt":"2020-04-19T00:18:57","slug":"ante-las-crisis-las-empresas-familiares-tienen-mas-capacidad-de-adaptarse-y-demuestran-la-fuerza-de-un-liderazgo-unido","status":"publish","type":"post","link":"https:\/\/www.ascef.com\/es\/ante-las-crisis-las-empresas-familiares-tienen-mas-capacidad-de-adaptarse-y-demuestran-la-fuerza-de-un-liderazgo-unido\/","title":{"rendered":"Ante las crisis, las empresas familiares tienen m\u00e1s capacidad de adaptarse y demuestran la fuerza de un liderazgo unido"},"content":{"rendered":"<p><strong>Abril de 2020.-<\/strong> La pandemia del Covid-19 est\u00e1 derivando en <strong>una crisis ante la cual las empresas familiares tendr\u00e1n un papel clave<\/strong> dada la importancia cuantitativa en la econom\u00eda, ya que suponen el 88% de la totalidad de las empresas privadas, contribuyen en el 69% del Valor A\u00f1adido Bruto (VAB) y generan el 76% de los puestos de trabajo. Ante la coyuntura actual, las empresas familiares toman decisiones para adaptarse y pivotar sus negocios en este contexto.<\/p>\n<p>El esp\u00edritu familiar de las empresas, seg\u00fan Pilar Marqu\u00e8s, directora de la <a href=\"https:\/\/www.udg.edu\/ca\/catedres\/Cambra-de-lEmpresa-Familiar\" target=\"_blank\" rel=\"noopener noreferrer\"><strong><u>C\u00e1tedra C\u00e1mara de la Empresa Familiar<\/u><\/strong><\/a> en la <a href=\"https:\/\/www.udg.edu\/es\/\" target=\"_blank\" rel=\"noopener noreferrer\"><strong><u>Universitat de Girona<\/u><\/strong><\/a>, <a href=\"https:\/\/www.ascef.com\/es\/catedras\/\" target=\"_blank\" rel=\"noopener noreferrer\"><strong><u>una de las cinco c\u00e1tedras en Catalunya impulsadas<\/u><\/strong><\/a> por la <a href=\"https:\/\/www.ascef.com\/es\/\" target=\"_blank\" rel=\"noopener noreferrer\"><strong><u>ASCEF<\/u><\/strong><\/a>, aporta unas caracter\u00edsticas que no se dan en otras empresas como la unidad de liderazgo, la experiencia acumulada por los a\u00f1os y las generaciones anteriores y la capacidad de adaptarse y de encontrar recursos ante los problemas.<\/p>\n<p>Ante las circunstancias actuales, la dificultad del entorno reduce las diferencias posibles entre los miembros de las familias y moviliza a los propietarios familiares hacia cambios en la empresa para soportar los obst\u00e1culos. \u201c<em>Los propietarios consideran su empresa como m\u00e1s que una inversi\u00f3n, y son capaces de tomar decisiones que financieramente no son las \u00f3ptimas, pero social y emocionalmente son las que mantienen su responsabilidad y su orgullo de ser empresarios<\/em>\u201d, explica Marqu\u00e8s.<\/p>\n<p>\u201c<em>En la empresa familiar, los propietarios perciben m\u00e1s personalmente la responsabilidad de sus decisiones<\/em>\u201d, a\u00f1ade, a la vez que \u201c<em>las dificultades despiertan m\u00e1s el esp\u00edritu de lucha y de resiliencia que en las empresas no familiares<\/em>\u201d.<\/p>\n<p>La experiencia acumulada en las empresas familiares a lo largo de diversas generaciones proporciona una buena detecci\u00f3n estrat\u00e9gica: ayuda a entender mejor el entorno y la magnitud ala que se enfrentan, como tambi\u00e9n las posibles soluciones. La empresa familiar, adem\u00e1s, es capaz de encontrar soluciones a sus limitaciones y tienen ventajas para mover sus recursos para asignarlos a nuevas funciones.<\/p>\n","protected":false},"excerpt":{"rendered":"<p>Abril de 2020.- La pandemia del Covid-19 est\u00e1 derivando en una crisis ante la cual las empresas familiares tendr\u00e1n un papel clave dada la importancia cuantitativa en la econom\u00eda, ya que suponen el 88% de la totalidad de las empresas privadas, contribuyen en el 69% del Valor A\u00f1adido Bruto (VAB) y generan el 76% de [&hellip;]<\/p>\n","protected":false},"author":292,"featured_media":1622,"comment_status":"open","ping_status":"open","sticky":false,"template":"","format":"standard","meta":{"_acf_changed":false,"footnotes":""},"categories":[185],"tags":[],"class_list":["post-1397","post","type-post","status-publish","format-standard","has-post-thumbnail","hentry","category-general"],"acf":[],"yoast_head":"<!-- This site is optimized with the Yoast SEO plugin v27.5 - https:\/\/yoast.com\/product\/yoast-seo-wordpress\/ -->\n<title>Ante las crisis, las empresas familiares tienen m\u00e1s capacidad de adaptarse y demuestran la fuerza de un liderazgo unido - ASCEF<\/title>\n<meta name=\"robots\" content=\"index, follow, max-snippet:-1, max-image-preview:large, max-video-preview:-1\" \/>\n<link rel=\"canonical\" href=\"https:\/\/www.ascef.com\/es\/ante-las-crisis-las-empresas-familiares-tienen-mas-capacidad-de-adaptarse-y-demuestran-la-fuerza-de-un-liderazgo-unido\/\" \/>\n<meta property=\"og:locale\" content=\"es_ES\" \/>\n<meta property=\"og:type\" content=\"article\" \/>\n<meta property=\"og:title\" content=\"Ante las crisis, las empresas familiares tienen m\u00e1s capacidad de adaptarse y demuestran la fuerza de un liderazgo unido - ASCEF\" \/>\n<meta property=\"og:description\" content=\"Abril de 2020.- La pandemia del Covid-19 est\u00e1 derivando en una crisis ante la cual las empresas familiares tendr\u00e1n un papel clave dada la importancia cuantitativa en la econom\u00eda, ya que suponen el 88% de la totalidad de las empresas privadas, contribuyen en el 69% del Valor A\u00f1adido Bruto (VAB) y generan el 76% de [&hellip;]\" \/>\n<meta property=\"og:url\" content=\"https:\/\/www.ascef.com\/es\/ante-las-crisis-las-empresas-familiares-tienen-mas-capacidad-de-adaptarse-y-demuestran-la-fuerza-de-un-liderazgo-unido\/\" \/>\n<meta property=\"og:site_name\" content=\"ASCEF\" \/>\n<meta property=\"article:published_time\" content=\"2020-04-09T16:15:31+00:00\" \/>\n<meta property=\"article:modified_time\" content=\"2020-04-19T00:18:57+00:00\" \/>\n<meta property=\"og:image\" content=\"https:\/\/www.ascef.com\/wp-content\/uploads\/2020\/04\/meadow-680607_1920-e1587253750937-1.jpg\" \/>\n\t<meta property=\"og:image:width\" content=\"723\" \/>\n\t<meta property=\"og:image:height\" content=\"447\" \/>\n\t<meta property=\"og:image:type\" content=\"image\/jpeg\" \/>\n<meta name=\"author\" content=\"Borja Igual\" \/>\n<meta name=\"twitter:card\" content=\"summary_large_image\" \/>\n<meta name=\"twitter:label1\" content=\"Escrito por\" \/>\n\t<meta name=\"twitter:data1\" content=\"Borja Igual\" \/>\n\t<meta name=\"twitter:label2\" content=\"Tiempo de lectura\" \/>\n\t<meta name=\"twitter:data2\" content=\"2 minutos\" \/>\n<script type=\"application\/ld+json\" class=\"yoast-schema-graph\">{\"@context\":\"https:\\\/\\\/schema.org\",\"@graph\":[{\"@type\":\"Article\",\"@id\":\"https:\\\/\\\/www.ascef.com\\\/es\\\/ante-las-crisis-las-empresas-familiares-tienen-mas-capacidad-de-adaptarse-y-demuestran-la-fuerza-de-un-liderazgo-unido\\\/#article\",\"isPartOf\":{\"@id\":\"https:\\\/\\\/www.ascef.com\\\/es\\\/ante-las-crisis-las-empresas-familiares-tienen-mas-capacidad-de-adaptarse-y-demuestran-la-fuerza-de-un-liderazgo-unido\\\/\"},\"author\":{\"name\":\"Borja Igual\",\"@id\":\"https:\\\/\\\/www.ascef.com\\\/es\\\/#\\\/schema\\\/person\\\/e0bdccd3e1665871f0e79e3a50ad6b02\"},\"headline\":\"Ante las crisis, las empresas familiares tienen m\u00e1s capacidad de adaptarse y demuestran la fuerza de un liderazgo unido\",\"datePublished\":\"2020-04-09T16:15:31+00:00\",\"dateModified\":\"2020-04-19T00:18:57+00:00\",\"mainEntityOfPage\":{\"@id\":\"https:\\\/\\\/www.ascef.com\\\/es\\\/ante-las-crisis-las-empresas-familiares-tienen-mas-capacidad-de-adaptarse-y-demuestran-la-fuerza-de-un-liderazgo-unido\\\/\"},\"wordCount\":357,\"commentCount\":0,\"image\":{\"@id\":\"https:\\\/\\\/www.ascef.com\\\/es\\\/ante-las-crisis-las-empresas-familiares-tienen-mas-capacidad-de-adaptarse-y-demuestran-la-fuerza-de-un-liderazgo-unido\\\/#primaryimage\"},\"thumbnailUrl\":\"https:\\\/\\\/www.ascef.com\\\/wp-content\\\/uploads\\\/2020\\\/04\\\/meadow-680607_1920-e1587253750937-1.jpg\",\"articleSection\":[\"general\"],\"inLanguage\":\"es\"},{\"@type\":\"WebPage\",\"@id\":\"https:\\\/\\\/www.ascef.com\\\/es\\\/ante-las-crisis-las-empresas-familiares-tienen-mas-capacidad-de-adaptarse-y-demuestran-la-fuerza-de-un-liderazgo-unido\\\/\",\"url\":\"https:\\\/\\\/www.ascef.com\\\/es\\\/ante-las-crisis-las-empresas-familiares-tienen-mas-capacidad-de-adaptarse-y-demuestran-la-fuerza-de-un-liderazgo-unido\\\/\",\"name\":\"Ante las crisis, las empresas familiares tienen m\u00e1s capacidad de adaptarse y demuestran la fuerza de un liderazgo unido - ASCEF\",\"isPartOf\":{\"@id\":\"https:\\\/\\\/www.ascef.com\\\/es\\\/#website\"},\"primaryImageOfPage\":{\"@id\":\"https:\\\/\\\/www.ascef.com\\\/es\\\/ante-las-crisis-las-empresas-familiares-tienen-mas-capacidad-de-adaptarse-y-demuestran-la-fuerza-de-un-liderazgo-unido\\\/#primaryimage\"},\"image\":{\"@id\":\"https:\\\/\\\/www.ascef.com\\\/es\\\/ante-las-crisis-las-empresas-familiares-tienen-mas-capacidad-de-adaptarse-y-demuestran-la-fuerza-de-un-liderazgo-unido\\\/#primaryimage\"},\"thumbnailUrl\":\"https:\\\/\\\/www.ascef.com\\\/wp-content\\\/uploads\\\/2020\\\/04\\\/meadow-680607_1920-e1587253750937-1.jpg\",\"datePublished\":\"2020-04-09T16:15:31+00:00\",\"dateModified\":\"2020-04-19T00:18:57+00:00\",\"author\":{\"@id\":\"https:\\\/\\\/www.ascef.com\\\/es\\\/#\\\/schema\\\/person\\\/e0bdccd3e1665871f0e79e3a50ad6b02\"},\"breadcrumb\":{\"@id\":\"https:\\\/\\\/www.ascef.com\\\/es\\\/ante-las-crisis-las-empresas-familiares-tienen-mas-capacidad-de-adaptarse-y-demuestran-la-fuerza-de-un-liderazgo-unido\\\/#breadcrumb\"},\"inLanguage\":\"es\",\"potentialAction\":[{\"@type\":\"ReadAction\",\"target\":[\"https:\\\/\\\/www.ascef.com\\\/es\\\/ante-las-crisis-las-empresas-familiares-tienen-mas-capacidad-de-adaptarse-y-demuestran-la-fuerza-de-un-liderazgo-unido\\\/\"]}]},{\"@type\":\"ImageObject\",\"inLanguage\":\"es\",\"@id\":\"https:\\\/\\\/www.ascef.com\\\/es\\\/ante-las-crisis-las-empresas-familiares-tienen-mas-capacidad-de-adaptarse-y-demuestran-la-fuerza-de-un-liderazgo-unido\\\/#primaryimage\",\"url\":\"https:\\\/\\\/www.ascef.com\\\/wp-content\\\/uploads\\\/2020\\\/04\\\/meadow-680607_1920-e1587253750937-1.jpg\",\"contentUrl\":\"https:\\\/\\\/www.ascef.com\\\/wp-content\\\/uploads\\\/2020\\\/04\\\/meadow-680607_1920-e1587253750937-1.jpg\",\"width\":723,\"height\":447},{\"@type\":\"BreadcrumbList\",\"@id\":\"https:\\\/\\\/www.ascef.com\\\/es\\\/ante-las-crisis-las-empresas-familiares-tienen-mas-capacidad-de-adaptarse-y-demuestran-la-fuerza-de-un-liderazgo-unido\\\/#breadcrumb\",\"itemListElement\":[{\"@type\":\"ListItem\",\"position\":1,\"name\":\"Portada\",\"item\":\"https:\\\/\\\/www.ascef.com\\\/es\\\/\"},{\"@type\":\"ListItem\",\"position\":2,\"name\":\"Ante las crisis, las empresas familiares tienen m\u00e1s capacidad de adaptarse y demuestran la fuerza de un liderazgo unido\"}]},{\"@type\":\"WebSite\",\"@id\":\"https:\\\/\\\/www.ascef.com\\\/es\\\/#website\",\"url\":\"https:\\\/\\\/www.ascef.com\\\/es\\\/\",\"name\":\"ASCEF\",\"description\":\"Associaci\u00f3 Catalana de l\u2019Empresa Familiar\",\"potentialAction\":[{\"@type\":\"SearchAction\",\"target\":{\"@type\":\"EntryPoint\",\"urlTemplate\":\"https:\\\/\\\/www.ascef.com\\\/es\\\/?s={search_term_string}\"},\"query-input\":{\"@type\":\"PropertyValueSpecification\",\"valueRequired\":true,\"valueName\":\"search_term_string\"}}],\"inLanguage\":\"es\"},{\"@type\":\"Person\",\"@id\":\"https:\\\/\\\/www.ascef.com\\\/es\\\/#\\\/schema\\\/person\\\/e0bdccd3e1665871f0e79e3a50ad6b02\",\"name\":\"Borja Igual\",\"url\":\"https:\\\/\\\/www.ascef.com\\\/es\\\/author\\\/bigual1990mcs-com\\\/\"}]}<\/script>\n<!-- \/ Yoast SEO plugin. -->","yoast_head_json":{"title":"Ante las crisis, las empresas familiares tienen m\u00e1s capacidad de adaptarse y demuestran la fuerza de un liderazgo unido - ASCEF","robots":{"index":"index","follow":"follow","max-snippet":"max-snippet:-1","max-image-preview":"max-image-preview:large","max-video-preview":"max-video-preview:-1"},"canonical":"https:\/\/www.ascef.com\/es\/ante-las-crisis-las-empresas-familiares-tienen-mas-capacidad-de-adaptarse-y-demuestran-la-fuerza-de-un-liderazgo-unido\/","og_locale":"es_ES","og_type":"article","og_title":"Ante las crisis, las empresas familiares tienen m\u00e1s capacidad de adaptarse y demuestran la fuerza de un liderazgo unido - ASCEF","og_description":"Abril de 2020.- La pandemia del Covid-19 est\u00e1 derivando en una crisis ante la cual las empresas familiares tendr\u00e1n un papel clave dada la importancia cuantitativa en la econom\u00eda, ya que suponen el 88% de la totalidad de las empresas privadas, contribuyen en el 69% del Valor A\u00f1adido Bruto (VAB) y generan el 76% de [&hellip;]","og_url":"https:\/\/www.ascef.com\/es\/ante-las-crisis-las-empresas-familiares-tienen-mas-capacidad-de-adaptarse-y-demuestran-la-fuerza-de-un-liderazgo-unido\/","og_site_name":"ASCEF","article_published_time":"2020-04-09T16:15:31+00:00","article_modified_time":"2020-04-19T00:18:57+00:00","og_image":[{"width":723,"height":447,"url":"https:\/\/www.ascef.com\/wp-content\/uploads\/2020\/04\/meadow-680607_1920-e1587253750937-1.jpg","type":"image\/jpeg"}],"author":"Borja Igual","twitter_card":"summary_large_image","twitter_misc":{"Escrito por":"Borja Igual","Tiempo de lectura":"2 minutos"},"schema":{"@context":"https:\/\/schema.org","@graph":[{"@type":"Article","@id":"https:\/\/www.ascef.com\/es\/ante-las-crisis-las-empresas-familiares-tienen-mas-capacidad-de-adaptarse-y-demuestran-la-fuerza-de-un-liderazgo-unido\/#article","isPartOf":{"@id":"https:\/\/www.ascef.com\/es\/ante-las-crisis-las-empresas-familiares-tienen-mas-capacidad-de-adaptarse-y-demuestran-la-fuerza-de-un-liderazgo-unido\/"},"author":{"name":"Borja Igual","@id":"https:\/\/www.ascef.com\/es\/#\/schema\/person\/e0bdccd3e1665871f0e79e3a50ad6b02"},"headline":"Ante las crisis, las empresas familiares tienen m\u00e1s capacidad de adaptarse y demuestran la fuerza de un liderazgo unido","datePublished":"2020-04-09T16:15:31+00:00","dateModified":"2020-04-19T00:18:57+00:00","mainEntityOfPage":{"@id":"https:\/\/www.ascef.com\/es\/ante-las-crisis-las-empresas-familiares-tienen-mas-capacidad-de-adaptarse-y-demuestran-la-fuerza-de-un-liderazgo-unido\/"},"wordCount":357,"commentCount":0,"image":{"@id":"https:\/\/www.ascef.com\/es\/ante-las-crisis-las-empresas-familiares-tienen-mas-capacidad-de-adaptarse-y-demuestran-la-fuerza-de-un-liderazgo-unido\/#primaryimage"},"thumbnailUrl":"https:\/\/www.ascef.com\/wp-content\/uploads\/2020\/04\/meadow-680607_1920-e1587253750937-1.jpg","articleSection":["general"],"inLanguage":"es"},{"@type":"WebPage","@id":"https:\/\/www.ascef.com\/es\/ante-las-crisis-las-empresas-familiares-tienen-mas-capacidad-de-adaptarse-y-demuestran-la-fuerza-de-un-liderazgo-unido\/","url":"https:\/\/www.ascef.com\/es\/ante-las-crisis-las-empresas-familiares-tienen-mas-capacidad-de-adaptarse-y-demuestran-la-fuerza-de-un-liderazgo-unido\/","name":"Ante las crisis, las empresas familiares tienen m\u00e1s capacidad de adaptarse y demuestran la fuerza de un liderazgo unido - ASCEF","isPartOf":{"@id":"https:\/\/www.ascef.com\/es\/#website"},"primaryImageOfPage":{"@id":"https:\/\/www.ascef.com\/es\/ante-las-crisis-las-empresas-familiares-tienen-mas-capacidad-de-adaptarse-y-demuestran-la-fuerza-de-un-liderazgo-unido\/#primaryimage"},"image":{"@id":"https:\/\/www.ascef.com\/es\/ante-las-crisis-las-empresas-familiares-tienen-mas-capacidad-de-adaptarse-y-demuestran-la-fuerza-de-un-liderazgo-unido\/#primaryimage"},"thumbnailUrl":"https:\/\/www.ascef.com\/wp-content\/uploads\/2020\/04\/meadow-680607_1920-e1587253750937-1.jpg","datePublished":"2020-04-09T16:15:31+00:00","dateModified":"2020-04-19T00:18:57+00:00","author":{"@id":"https:\/\/www.ascef.com\/es\/#\/schema\/person\/e0bdccd3e1665871f0e79e3a50ad6b02"},"breadcrumb":{"@id":"https:\/\/www.ascef.com\/es\/ante-las-crisis-las-empresas-familiares-tienen-mas-capacidad-de-adaptarse-y-demuestran-la-fuerza-de-un-liderazgo-unido\/#breadcrumb"},"inLanguage":"es","potentialAction":[{"@type":"ReadAction","target":["https:\/\/www.ascef.com\/es\/ante-las-crisis-las-empresas-familiares-tienen-mas-capacidad-de-adaptarse-y-demuestran-la-fuerza-de-un-liderazgo-unido\/"]}]},{"@type":"ImageObject","inLanguage":"es","@id":"https:\/\/www.ascef.com\/es\/ante-las-crisis-las-empresas-familiares-tienen-mas-capacidad-de-adaptarse-y-demuestran-la-fuerza-de-un-liderazgo-unido\/#primaryimage","url":"https:\/\/www.ascef.com\/wp-content\/uploads\/2020\/04\/meadow-680607_1920-e1587253750937-1.jpg","contentUrl":"https:\/\/www.ascef.com\/wp-content\/uploads\/2020\/04\/meadow-680607_1920-e1587253750937-1.jpg","width":723,"height":447},{"@type":"BreadcrumbList","@id":"https:\/\/www.ascef.com\/es\/ante-las-crisis-las-empresas-familiares-tienen-mas-capacidad-de-adaptarse-y-demuestran-la-fuerza-de-un-liderazgo-unido\/#breadcrumb","itemListElement":[{"@type":"ListItem","position":1,"name":"Portada","item":"https:\/\/www.ascef.com\/es\/"},{"@type":"ListItem","position":2,"name":"Ante las crisis, las empresas familiares tienen m\u00e1s capacidad de adaptarse y demuestran la fuerza de un liderazgo unido"}]},{"@type":"WebSite","@id":"https:\/\/www.ascef.com\/es\/#website","url":"https:\/\/www.ascef.com\/es\/","name":"ASCEF","description":"Associaci\u00f3 Catalana de l\u2019Empresa Familiar","potentialAction":[{"@type":"SearchAction","target":{"@type":"EntryPoint","urlTemplate":"https:\/\/www.ascef.com\/es\/?s={search_term_string}"},"query-input":{"@type":"PropertyValueSpecification","valueRequired":true,"valueName":"search_term_string"}}],"inLanguage":"es"},{"@type":"Person","@id":"https:\/\/www.ascef.com\/es\/#\/schema\/person\/e0bdccd3e1665871f0e79e3a50ad6b02","name":"Borja Igual","url":"https:\/\/www.ascef.com\/es\/author\/bigual1990mcs-com\/"}]}},"_links":{"self":[{"href":"https:\/\/www.ascef.com\/es\/wp-json\/wp\/v2\/posts\/1397","targetHints":{"allow":["GET"]}}],"collection":[{"href":"https:\/\/www.ascef.com\/es\/wp-json\/wp\/v2\/posts"}],"about":[{"href":"https:\/\/www.ascef.com\/es\/wp-json\/wp\/v2\/types\/post"}],"author":[{"embeddable":true,"href":"https:\/\/www.ascef.com\/es\/wp-json\/wp\/v2\/users\/292"}],"replies":[{"embeddable":true,"href":"https:\/\/www.ascef.com\/es\/wp-json\/wp\/v2\/comments?post=1397"}],"version-history":[{"count":1,"href":"https:\/\/www.ascef.com\/es\/wp-json\/wp\/v2\/posts\/1397\/revisions"}],"predecessor-version":[{"id":1400,"href":"https:\/\/www.ascef.com\/es\/wp-json\/wp\/v2\/posts\/1397\/revisions\/1400"}],"wp:featuredmedia":[{"embeddable":true,"href":"https:\/\/www.ascef.com\/es\/wp-json\/wp\/v2\/media\/1622"}],"wp:attachment":[{"href":"https:\/\/www.ascef.com\/es\/wp-json\/wp\/v2\/media?parent=1397"}],"wp:term":[{"taxonomy":"category","embeddable":true,"href":"https:\/\/www.ascef.com\/es\/wp-json\/wp\/v2\/categories?post=1397"},{"taxonomy":"post_tag","embeddable":true,"href":"https:\/\/www.ascef.com\/es\/wp-json\/wp\/v2\/tags?post=1397"}],"curies":[{"name":"wp","href":"https:\/\/api.w.org\/{rel}","templated":true}]}}