{"id":10391,"date":"2026-03-05T09:34:19","date_gmt":"2026-03-05T09:34:19","guid":{"rendered":"https:\/\/www.ascef.com\/?p=10391"},"modified":"2026-03-11T09:39:33","modified_gmt":"2026-03-11T09:39:33","slug":"visita-a-la-empresa-bonarea-agrupa","status":"publish","type":"post","link":"https:\/\/www.ascef.com\/es\/visita-a-la-empresa-bonarea-agrupa\/","title":{"rendered":"Visita a la empresa Bon\u00c0rea Agrupa"},"content":{"rendered":"<p>En la visita que realizada el pasado martes 3 de marzo a bon\u00c0rea Agrupa aprendimos muchas cosas interesantes sobre su modelo de integraci\u00f3n vertical, que abarca desde el campo hasta el consumidor final, garantizando calidad, trazabilidad y eficiencia en todo el proceso.<br \/>\nProducci\u00f3n agroalimentaria, log\u00edstica integral y distribuci\u00f3n directa a trav\u00e9s de su red de tiendas bon\u00c0rea y un gran compromiso social con las personas y el territorio.<\/p>\n","protected":false},"excerpt":{"rendered":"<p>En la visita que realizada el pasado martes 3 de marzo a bon\u00c0rea Agrupa aprendimos muchas cosas interesantes sobre su modelo de integraci\u00f3n vertical, que abarca desde el campo hasta el consumidor final, garantizando calidad, trazabilidad y eficiencia en todo el proceso. Producci\u00f3n agroalimentaria, log\u00edstica integral y distribuci\u00f3n directa a trav\u00e9s de su red de [&hellip;]<\/p>\n","protected":false},"author":311,"featured_media":10392,"comment_status":"closed","ping_status":"closed","sticky":false,"template":"","format":"standard","meta":{"_acf_changed":false,"footnotes":""},"categories":[185],"tags":[],"class_list":["post-10391","post","type-post","status-publish","format-standard","has-post-thumbnail","hentry","category-general"],"acf":[],"yoast_head":"<!-- This site is optimized with the Yoast SEO plugin v27.5 - https:\/\/yoast.com\/product\/yoast-seo-wordpress\/ -->\n<title>Visita a la empresa Bon\u00c0rea Agrupa - ASCEF<\/title>\n<meta name=\"robots\" content=\"index, follow, max-snippet:-1, max-image-preview:large, max-video-preview:-1\" \/>\n<link rel=\"canonical\" href=\"https:\/\/www.ascef.com\/es\/visita-a-la-empresa-bonarea-agrupa\/\" \/>\n<meta property=\"og:locale\" content=\"es_ES\" \/>\n<meta property=\"og:type\" content=\"article\" \/>\n<meta property=\"og:title\" content=\"Visita a la empresa Bon\u00c0rea Agrupa - ASCEF\" \/>\n<meta property=\"og:description\" content=\"En la visita que realizada el pasado martes 3 de marzo a bon\u00c0rea Agrupa aprendimos muchas cosas interesantes sobre su modelo de integraci\u00f3n vertical, que abarca desde el campo hasta el consumidor final, garantizando calidad, trazabilidad y eficiencia en todo el proceso. Producci\u00f3n agroalimentaria, log\u00edstica integral y distribuci\u00f3n directa a trav\u00e9s de su red de [&hellip;]\" \/>\n<meta property=\"og:url\" content=\"https:\/\/www.ascef.com\/es\/visita-a-la-empresa-bonarea-agrupa\/\" \/>\n<meta property=\"og:site_name\" content=\"ASCEF\" \/>\n<meta property=\"article:published_time\" content=\"2026-03-05T09:34:19+00:00\" \/>\n<meta property=\"article:modified_time\" content=\"2026-03-11T09:39:33+00:00\" \/>\n<meta property=\"og:image\" content=\"https:\/\/www.ascef.com\/wp-content\/uploads\/2026\/03\/Visita-Corporacio-Alimentaria-Guissona-ok.jpg\" \/>\n\t<meta property=\"og:image:width\" content=\"583\" \/>\n\t<meta property=\"og:image:height\" content=\"311\" \/>\n\t<meta property=\"og:image:type\" content=\"image\/jpeg\" \/>\n<meta name=\"author\" content=\"usuari_ascef_admin\" \/>\n<meta name=\"twitter:card\" content=\"summary_large_image\" \/>\n<meta name=\"twitter:label1\" content=\"Escrito por\" \/>\n\t<meta name=\"twitter:data1\" content=\"usuari_ascef_admin\" \/>\n\t<meta name=\"twitter:label2\" content=\"Tiempo de lectura\" \/>\n\t<meta name=\"twitter:data2\" content=\"1 minuto\" \/>\n<script type=\"application\/ld+json\" class=\"yoast-schema-graph\">{\"@context\":\"https:\\\/\\\/schema.org\",\"@graph\":[{\"@type\":\"Article\",\"@id\":\"https:\\\/\\\/www.ascef.com\\\/es\\\/visita-a-la-empresa-bonarea-agrupa\\\/#article\",\"isPartOf\":{\"@id\":\"https:\\\/\\\/www.ascef.com\\\/es\\\/visita-a-la-empresa-bonarea-agrupa\\\/\"},\"author\":{\"name\":\"usuari_ascef_admin\",\"@id\":\"https:\\\/\\\/www.ascef.com\\\/es\\\/#\\\/schema\\\/person\\\/818edf5b5f3a1179bca4deca82c739f5\"},\"headline\":\"Visita a la empresa Bon\u00c0rea Agrupa\",\"datePublished\":\"2026-03-05T09:34:19+00:00\",\"dateModified\":\"2026-03-11T09:39:33+00:00\",\"mainEntityOfPage\":{\"@id\":\"https:\\\/\\\/www.ascef.com\\\/es\\\/visita-a-la-empresa-bonarea-agrupa\\\/\"},\"wordCount\":81,\"image\":{\"@id\":\"https:\\\/\\\/www.ascef.com\\\/es\\\/visita-a-la-empresa-bonarea-agrupa\\\/#primaryimage\"},\"thumbnailUrl\":\"https:\\\/\\\/www.ascef.com\\\/wp-content\\\/uploads\\\/2026\\\/03\\\/Visita-Corporacio-Alimentaria-Guissona-ok.jpg\",\"articleSection\":[\"general\"],\"inLanguage\":\"es\"},{\"@type\":\"WebPage\",\"@id\":\"https:\\\/\\\/www.ascef.com\\\/es\\\/visita-a-la-empresa-bonarea-agrupa\\\/\",\"url\":\"https:\\\/\\\/www.ascef.com\\\/es\\\/visita-a-la-empresa-bonarea-agrupa\\\/\",\"name\":\"Visita a la empresa Bon\u00c0rea Agrupa - ASCEF\",\"isPartOf\":{\"@id\":\"https:\\\/\\\/www.ascef.com\\\/es\\\/#website\"},\"primaryImageOfPage\":{\"@id\":\"https:\\\/\\\/www.ascef.com\\\/es\\\/visita-a-la-empresa-bonarea-agrupa\\\/#primaryimage\"},\"image\":{\"@id\":\"https:\\\/\\\/www.ascef.com\\\/es\\\/visita-a-la-empresa-bonarea-agrupa\\\/#primaryimage\"},\"thumbnailUrl\":\"https:\\\/\\\/www.ascef.com\\\/wp-content\\\/uploads\\\/2026\\\/03\\\/Visita-Corporacio-Alimentaria-Guissona-ok.jpg\",\"datePublished\":\"2026-03-05T09:34:19+00:00\",\"dateModified\":\"2026-03-11T09:39:33+00:00\",\"author\":{\"@id\":\"https:\\\/\\\/www.ascef.com\\\/es\\\/#\\\/schema\\\/person\\\/818edf5b5f3a1179bca4deca82c739f5\"},\"breadcrumb\":{\"@id\":\"https:\\\/\\\/www.ascef.com\\\/es\\\/visita-a-la-empresa-bonarea-agrupa\\\/#breadcrumb\"},\"inLanguage\":\"es\",\"potentialAction\":[{\"@type\":\"ReadAction\",\"target\":[\"https:\\\/\\\/www.ascef.com\\\/es\\\/visita-a-la-empresa-bonarea-agrupa\\\/\"]}]},{\"@type\":\"ImageObject\",\"inLanguage\":\"es\",\"@id\":\"https:\\\/\\\/www.ascef.com\\\/es\\\/visita-a-la-empresa-bonarea-agrupa\\\/#primaryimage\",\"url\":\"https:\\\/\\\/www.ascef.com\\\/wp-content\\\/uploads\\\/2026\\\/03\\\/Visita-Corporacio-Alimentaria-Guissona-ok.jpg\",\"contentUrl\":\"https:\\\/\\\/www.ascef.com\\\/wp-content\\\/uploads\\\/2026\\\/03\\\/Visita-Corporacio-Alimentaria-Guissona-ok.jpg\",\"width\":583,\"height\":311},{\"@type\":\"BreadcrumbList\",\"@id\":\"https:\\\/\\\/www.ascef.com\\\/es\\\/visita-a-la-empresa-bonarea-agrupa\\\/#breadcrumb\",\"itemListElement\":[{\"@type\":\"ListItem\",\"position\":1,\"name\":\"Portada\",\"item\":\"https:\\\/\\\/www.ascef.com\\\/es\\\/\"},{\"@type\":\"ListItem\",\"position\":2,\"name\":\"Visita a la empresa Bon\u00c0rea Agrupa\"}]},{\"@type\":\"WebSite\",\"@id\":\"https:\\\/\\\/www.ascef.com\\\/es\\\/#website\",\"url\":\"https:\\\/\\\/www.ascef.com\\\/es\\\/\",\"name\":\"ASCEF\",\"description\":\"Associaci\u00f3 Catalana de l\u2019Empresa Familiar\",\"potentialAction\":[{\"@type\":\"SearchAction\",\"target\":{\"@type\":\"EntryPoint\",\"urlTemplate\":\"https:\\\/\\\/www.ascef.com\\\/es\\\/?s={search_term_string}\"},\"query-input\":{\"@type\":\"PropertyValueSpecification\",\"valueRequired\":true,\"valueName\":\"search_term_string\"}}],\"inLanguage\":\"es\"},{\"@type\":\"Person\",\"@id\":\"https:\\\/\\\/www.ascef.com\\\/es\\\/#\\\/schema\\\/person\\\/818edf5b5f3a1179bca4deca82c739f5\",\"name\":\"usuari_ascef_admin\",\"url\":\"https:\\\/\\\/www.ascef.com\\\/es\\\/author\\\/usuari_ascef_admin\\\/\"}]}<\/script>\n<!-- \/ Yoast SEO plugin. -->","yoast_head_json":{"title":"Visita a la empresa Bon\u00c0rea Agrupa - ASCEF","robots":{"index":"index","follow":"follow","max-snippet":"max-snippet:-1","max-image-preview":"max-image-preview:large","max-video-preview":"max-video-preview:-1"},"canonical":"https:\/\/www.ascef.com\/es\/visita-a-la-empresa-bonarea-agrupa\/","og_locale":"es_ES","og_type":"article","og_title":"Visita a la empresa Bon\u00c0rea Agrupa - ASCEF","og_description":"En la visita que realizada el pasado martes 3 de marzo a bon\u00c0rea Agrupa aprendimos muchas cosas interesantes sobre su modelo de integraci\u00f3n vertical, que abarca desde el campo hasta el consumidor final, garantizando calidad, trazabilidad y eficiencia en todo el proceso. Producci\u00f3n agroalimentaria, log\u00edstica integral y distribuci\u00f3n directa a trav\u00e9s de su red de [&hellip;]","og_url":"https:\/\/www.ascef.com\/es\/visita-a-la-empresa-bonarea-agrupa\/","og_site_name":"ASCEF","article_published_time":"2026-03-05T09:34:19+00:00","article_modified_time":"2026-03-11T09:39:33+00:00","og_image":[{"width":583,"height":311,"url":"https:\/\/www.ascef.com\/wp-content\/uploads\/2026\/03\/Visita-Corporacio-Alimentaria-Guissona-ok.jpg","type":"image\/jpeg"}],"author":"usuari_ascef_admin","twitter_card":"summary_large_image","twitter_misc":{"Escrito por":"usuari_ascef_admin","Tiempo de lectura":"1 minuto"},"schema":{"@context":"https:\/\/schema.org","@graph":[{"@type":"Article","@id":"https:\/\/www.ascef.com\/es\/visita-a-la-empresa-bonarea-agrupa\/#article","isPartOf":{"@id":"https:\/\/www.ascef.com\/es\/visita-a-la-empresa-bonarea-agrupa\/"},"author":{"name":"usuari_ascef_admin","@id":"https:\/\/www.ascef.com\/es\/#\/schema\/person\/818edf5b5f3a1179bca4deca82c739f5"},"headline":"Visita a la empresa Bon\u00c0rea Agrupa","datePublished":"2026-03-05T09:34:19+00:00","dateModified":"2026-03-11T09:39:33+00:00","mainEntityOfPage":{"@id":"https:\/\/www.ascef.com\/es\/visita-a-la-empresa-bonarea-agrupa\/"},"wordCount":81,"image":{"@id":"https:\/\/www.ascef.com\/es\/visita-a-la-empresa-bonarea-agrupa\/#primaryimage"},"thumbnailUrl":"https:\/\/www.ascef.com\/wp-content\/uploads\/2026\/03\/Visita-Corporacio-Alimentaria-Guissona-ok.jpg","articleSection":["general"],"inLanguage":"es"},{"@type":"WebPage","@id":"https:\/\/www.ascef.com\/es\/visita-a-la-empresa-bonarea-agrupa\/","url":"https:\/\/www.ascef.com\/es\/visita-a-la-empresa-bonarea-agrupa\/","name":"Visita a la empresa Bon\u00c0rea Agrupa - ASCEF","isPartOf":{"@id":"https:\/\/www.ascef.com\/es\/#website"},"primaryImageOfPage":{"@id":"https:\/\/www.ascef.com\/es\/visita-a-la-empresa-bonarea-agrupa\/#primaryimage"},"image":{"@id":"https:\/\/www.ascef.com\/es\/visita-a-la-empresa-bonarea-agrupa\/#primaryimage"},"thumbnailUrl":"https:\/\/www.ascef.com\/wp-content\/uploads\/2026\/03\/Visita-Corporacio-Alimentaria-Guissona-ok.jpg","datePublished":"2026-03-05T09:34:19+00:00","dateModified":"2026-03-11T09:39:33+00:00","author":{"@id":"https:\/\/www.ascef.com\/es\/#\/schema\/person\/818edf5b5f3a1179bca4deca82c739f5"},"breadcrumb":{"@id":"https:\/\/www.ascef.com\/es\/visita-a-la-empresa-bonarea-agrupa\/#breadcrumb"},"inLanguage":"es","potentialAction":[{"@type":"ReadAction","target":["https:\/\/www.ascef.com\/es\/visita-a-la-empresa-bonarea-agrupa\/"]}]},{"@type":"ImageObject","inLanguage":"es","@id":"https:\/\/www.ascef.com\/es\/visita-a-la-empresa-bonarea-agrupa\/#primaryimage","url":"https:\/\/www.ascef.com\/wp-content\/uploads\/2026\/03\/Visita-Corporacio-Alimentaria-Guissona-ok.jpg","contentUrl":"https:\/\/www.ascef.com\/wp-content\/uploads\/2026\/03\/Visita-Corporacio-Alimentaria-Guissona-ok.jpg","width":583,"height":311},{"@type":"BreadcrumbList","@id":"https:\/\/www.ascef.com\/es\/visita-a-la-empresa-bonarea-agrupa\/#breadcrumb","itemListElement":[{"@type":"ListItem","position":1,"name":"Portada","item":"https:\/\/www.ascef.com\/es\/"},{"@type":"ListItem","position":2,"name":"Visita a la empresa Bon\u00c0rea Agrupa"}]},{"@type":"WebSite","@id":"https:\/\/www.ascef.com\/es\/#website","url":"https:\/\/www.ascef.com\/es\/","name":"ASCEF","description":"Associaci\u00f3 Catalana de l\u2019Empresa Familiar","potentialAction":[{"@type":"SearchAction","target":{"@type":"EntryPoint","urlTemplate":"https:\/\/www.ascef.com\/es\/?s={search_term_string}"},"query-input":{"@type":"PropertyValueSpecification","valueRequired":true,"valueName":"search_term_string"}}],"inLanguage":"es"},{"@type":"Person","@id":"https:\/\/www.ascef.com\/es\/#\/schema\/person\/818edf5b5f3a1179bca4deca82c739f5","name":"usuari_ascef_admin","url":"https:\/\/www.ascef.com\/es\/author\/usuari_ascef_admin\/"}]}},"_links":{"self":[{"href":"https:\/\/www.ascef.com\/es\/wp-json\/wp\/v2\/posts\/10391","targetHints":{"allow":["GET"]}}],"collection":[{"href":"https:\/\/www.ascef.com\/es\/wp-json\/wp\/v2\/posts"}],"about":[{"href":"https:\/\/www.ascef.com\/es\/wp-json\/wp\/v2\/types\/post"}],"author":[{"embeddable":true,"href":"https:\/\/www.ascef.com\/es\/wp-json\/wp\/v2\/users\/311"}],"replies":[{"embeddable":true,"href":"https:\/\/www.ascef.com\/es\/wp-json\/wp\/v2\/comments?post=10391"}],"version-history":[{"count":1,"href":"https:\/\/www.ascef.com\/es\/wp-json\/wp\/v2\/posts\/10391\/revisions"}],"predecessor-version":[{"id":10395,"href":"https:\/\/www.ascef.com\/es\/wp-json\/wp\/v2\/posts\/10391\/revisions\/10395"}],"wp:featuredmedia":[{"embeddable":true,"href":"https:\/\/www.ascef.com\/es\/wp-json\/wp\/v2\/media\/10392"}],"wp:attachment":[{"href":"https:\/\/www.ascef.com\/es\/wp-json\/wp\/v2\/media?parent=10391"}],"wp:term":[{"taxonomy":"category","embeddable":true,"href":"https:\/\/www.ascef.com\/es\/wp-json\/wp\/v2\/categories?post=10391"},{"taxonomy":"post_tag","embeddable":true,"href":"https:\/\/www.ascef.com\/es\/wp-json\/wp\/v2\/tags?post=10391"}],"curies":[{"name":"wp","href":"https:\/\/api.w.org\/{rel}","templated":true}]}}