{"id":10163,"date":"2025-11-30T11:11:56","date_gmt":"2025-11-30T11:11:56","guid":{"rendered":"https:\/\/www.ascef.com\/?p=10163"},"modified":"2025-11-30T11:12:25","modified_gmt":"2025-11-30T11:12:25","slug":"jornada-ascef-con-r4s-las-empresas-familiares-por-naturaleza-tienen-un-alto-potencial-de-impacte-social-positivo","status":"publish","type":"post","link":"https:\/\/www.ascef.com\/es\/jornada-ascef-con-r4s-las-empresas-familiares-por-naturaleza-tienen-un-alto-potencial-de-impacte-social-positivo\/","title":{"rendered":"Jornada ASCEF con R4S: \u00abLas empresas familiares, por naturaleza, tienen un alto potencial de impacte social positivo\u00bb"},"content":{"rendered":"<p>Una decena de empresas familiares catalanas de 2.\u00aa, 3.\u00aa y 4.\u00aa generaci\u00f3n, socias de ASCEF, participaron en una sesi\u00f3n de trabajo con R4S para reflexionar sobre como ampliar su contribuci\u00f3n social y transformarla en un activo estrat\u00e9gico.<br \/>\nEl encuentro evidenci\u00f3 que las empresas familiares, por naturaleza, tienen un alto potencial de impacto social positivo: una visi\u00f3n de largo plazo basada en el legado, la proximidad de la propiedad en el d\u00eda a d\u00eda, unos valores que nacen a la familia e impregnan el negocio, y unos \u00f3rganos de gobierno que velan de forma org\u00e1nica por este impacto.<br \/>\nDurante la sesi\u00f3n, R4S destac\u00f3 cuatro motivos por los cuales la dimensi\u00f3n social es un elemento clave para la competitividad y sostenibilidad de este tipo de organizaciones:<br \/>\n<strong>1. Ventaja competitiva:<\/strong> la \u201cS\u201d no es solo \u00e9tica o <em>compliance<\/em>; impacta la sucesi\u00f3n generacional, el acceso a mercados, la atracci\u00f3n de talento y el resultado econ\u00f3mico.<br \/>\n<strong>2. Reputaci\u00f3n y resiliencia:<\/strong> una buena gesti\u00f3n social protege de riesgos y fortalece la continuidad del proyecto familiar.<br \/>\n<strong>3. Construcci\u00f3n de legado<\/strong>: priorizar el bienestar, la diversidad y el impacto social convierte la empresa en un referente para las nuevas generaciones.<br \/>\n<strong>4. Gobernanza efectiva:<\/strong> cuando Consejo de Familia, Consejo de Administraci\u00f3n y Direcci\u00f3n asumen roles claros, la \u201cS\u201d se traduce en acci\u00f3n real y no solo en declaraciones.<br \/>\nLas empresas participantes coincidieron que su identidad las lleva, de manera natural, a \u201cver las personas como personas\u201d y a cultivar relaciones de largo recorrido con el territorio, con un fuerte compromiso de preservaci\u00f3n del proyecto empresarial y de las personas que forman parte.<br \/>\nLa sesi\u00f3n cerr\u00f3 con una pregunta clave para cualquier empresa familiar:<br \/>\n<strong>\u00bfEst\u00e1is gestionando la dimensi\u00f3n social como un tema t\u00e1ctico\u2026 o como un pilar de vuestro legado familiar?<\/strong><\/p>\n","protected":false},"excerpt":{"rendered":"<p>Una decena de empresas familiares catalanas de 2.\u00aa, 3.\u00aa y 4.\u00aa generaci\u00f3n, socias de ASCEF, participaron en una sesi\u00f3n de trabajo con R4S para reflexionar sobre como ampliar su contribuci\u00f3n social y transformarla en un activo estrat\u00e9gico. El encuentro evidenci\u00f3 que las empresas familiares, por naturaleza, tienen un alto potencial de impacto social positivo: una [&hellip;]<\/p>\n","protected":false},"author":311,"featured_media":10161,"comment_status":"closed","ping_status":"closed","sticky":false,"template":"","format":"standard","meta":{"_acf_changed":false,"footnotes":""},"categories":[185],"tags":[],"class_list":["post-10163","post","type-post","status-publish","format-standard","has-post-thumbnail","hentry","category-general"],"acf":[],"yoast_head":"<!-- This site is optimized with the Yoast SEO plugin v27.5 - https:\/\/yoast.com\/product\/yoast-seo-wordpress\/ -->\n<title>Jornada ASCEF con R4S: &quot;Las empresas familiares, por naturaleza, tienen un alto potencial de impacte social positivo&quot; - ASCEF<\/title>\n<meta name=\"robots\" content=\"index, follow, max-snippet:-1, max-image-preview:large, max-video-preview:-1\" \/>\n<link rel=\"canonical\" href=\"https:\/\/www.ascef.com\/es\/jornada-ascef-con-r4s-las-empresas-familiares-por-naturaleza-tienen-un-alto-potencial-de-impacte-social-positivo\/\" \/>\n<meta property=\"og:locale\" content=\"es_ES\" \/>\n<meta property=\"og:type\" content=\"article\" \/>\n<meta property=\"og:title\" content=\"Jornada ASCEF con R4S: &quot;Las empresas familiares, por naturaleza, tienen un alto potencial de impacte social positivo&quot; - ASCEF\" \/>\n<meta property=\"og:description\" content=\"Una decena de empresas familiares catalanas de 2.\u00aa, 3.\u00aa y 4.\u00aa generaci\u00f3n, socias de ASCEF, participaron en una sesi\u00f3n de trabajo con R4S para reflexionar sobre como ampliar su contribuci\u00f3n social y transformarla en un activo estrat\u00e9gico. El encuentro evidenci\u00f3 que las empresas familiares, por naturaleza, tienen un alto potencial de impacto social positivo: una [&hellip;]\" \/>\n<meta property=\"og:url\" content=\"https:\/\/www.ascef.com\/es\/jornada-ascef-con-r4s-las-empresas-familiares-por-naturaleza-tienen-un-alto-potencial-de-impacte-social-positivo\/\" \/>\n<meta property=\"og:site_name\" content=\"ASCEF\" \/>\n<meta property=\"article:published_time\" content=\"2025-11-30T11:11:56+00:00\" \/>\n<meta property=\"article:modified_time\" content=\"2025-11-30T11:12:25+00:00\" \/>\n<meta property=\"og:image\" content=\"https:\/\/www.ascef.com\/wp-content\/uploads\/2025\/11\/Impacte-Social-scaled.jpg\" \/>\n\t<meta property=\"og:image:width\" content=\"2560\" \/>\n\t<meta property=\"og:image:height\" content=\"1920\" \/>\n\t<meta property=\"og:image:type\" content=\"image\/jpeg\" \/>\n<meta name=\"author\" content=\"usuari_ascef_admin\" \/>\n<meta name=\"twitter:card\" content=\"summary_large_image\" \/>\n<meta name=\"twitter:label1\" content=\"Escrito por\" \/>\n\t<meta name=\"twitter:data1\" content=\"usuari_ascef_admin\" \/>\n\t<meta name=\"twitter:label2\" content=\"Tiempo de lectura\" \/>\n\t<meta name=\"twitter:data2\" content=\"2 minutos\" \/>\n<script type=\"application\/ld+json\" class=\"yoast-schema-graph\">{\"@context\":\"https:\\\/\\\/schema.org\",\"@graph\":[{\"@type\":\"Article\",\"@id\":\"https:\\\/\\\/www.ascef.com\\\/es\\\/jornada-ascef-con-r4s-las-empresas-familiares-por-naturaleza-tienen-un-alto-potencial-de-impacte-social-positivo\\\/#article\",\"isPartOf\":{\"@id\":\"https:\\\/\\\/www.ascef.com\\\/es\\\/jornada-ascef-con-r4s-las-empresas-familiares-por-naturaleza-tienen-un-alto-potencial-de-impacte-social-positivo\\\/\"},\"author\":{\"name\":\"usuari_ascef_admin\",\"@id\":\"https:\\\/\\\/www.ascef.com\\\/es\\\/#\\\/schema\\\/person\\\/818edf5b5f3a1179bca4deca82c739f5\"},\"headline\":\"Jornada ASCEF con R4S: \u00abLas empresas familiares, por naturaleza, tienen un alto potencial de impacte social positivo\u00bb\",\"datePublished\":\"2025-11-30T11:11:56+00:00\",\"dateModified\":\"2025-11-30T11:12:25+00:00\",\"mainEntityOfPage\":{\"@id\":\"https:\\\/\\\/www.ascef.com\\\/es\\\/jornada-ascef-con-r4s-las-empresas-familiares-por-naturaleza-tienen-un-alto-potencial-de-impacte-social-positivo\\\/\"},\"wordCount\":328,\"image\":{\"@id\":\"https:\\\/\\\/www.ascef.com\\\/es\\\/jornada-ascef-con-r4s-las-empresas-familiares-por-naturaleza-tienen-un-alto-potencial-de-impacte-social-positivo\\\/#primaryimage\"},\"thumbnailUrl\":\"https:\\\/\\\/www.ascef.com\\\/wp-content\\\/uploads\\\/2025\\\/11\\\/Impacte-Social-scaled.jpg\",\"articleSection\":[\"general\"],\"inLanguage\":\"es\"},{\"@type\":\"WebPage\",\"@id\":\"https:\\\/\\\/www.ascef.com\\\/es\\\/jornada-ascef-con-r4s-las-empresas-familiares-por-naturaleza-tienen-un-alto-potencial-de-impacte-social-positivo\\\/\",\"url\":\"https:\\\/\\\/www.ascef.com\\\/es\\\/jornada-ascef-con-r4s-las-empresas-familiares-por-naturaleza-tienen-un-alto-potencial-de-impacte-social-positivo\\\/\",\"name\":\"Jornada ASCEF con R4S: \\\"Las empresas familiares, por naturaleza, tienen un alto potencial de impacte social positivo\\\" - ASCEF\",\"isPartOf\":{\"@id\":\"https:\\\/\\\/www.ascef.com\\\/es\\\/#website\"},\"primaryImageOfPage\":{\"@id\":\"https:\\\/\\\/www.ascef.com\\\/es\\\/jornada-ascef-con-r4s-las-empresas-familiares-por-naturaleza-tienen-un-alto-potencial-de-impacte-social-positivo\\\/#primaryimage\"},\"image\":{\"@id\":\"https:\\\/\\\/www.ascef.com\\\/es\\\/jornada-ascef-con-r4s-las-empresas-familiares-por-naturaleza-tienen-un-alto-potencial-de-impacte-social-positivo\\\/#primaryimage\"},\"thumbnailUrl\":\"https:\\\/\\\/www.ascef.com\\\/wp-content\\\/uploads\\\/2025\\\/11\\\/Impacte-Social-scaled.jpg\",\"datePublished\":\"2025-11-30T11:11:56+00:00\",\"dateModified\":\"2025-11-30T11:12:25+00:00\",\"author\":{\"@id\":\"https:\\\/\\\/www.ascef.com\\\/es\\\/#\\\/schema\\\/person\\\/818edf5b5f3a1179bca4deca82c739f5\"},\"breadcrumb\":{\"@id\":\"https:\\\/\\\/www.ascef.com\\\/es\\\/jornada-ascef-con-r4s-las-empresas-familiares-por-naturaleza-tienen-un-alto-potencial-de-impacte-social-positivo\\\/#breadcrumb\"},\"inLanguage\":\"es\",\"potentialAction\":[{\"@type\":\"ReadAction\",\"target\":[\"https:\\\/\\\/www.ascef.com\\\/es\\\/jornada-ascef-con-r4s-las-empresas-familiares-por-naturaleza-tienen-un-alto-potencial-de-impacte-social-positivo\\\/\"]}]},{\"@type\":\"ImageObject\",\"inLanguage\":\"es\",\"@id\":\"https:\\\/\\\/www.ascef.com\\\/es\\\/jornada-ascef-con-r4s-las-empresas-familiares-por-naturaleza-tienen-un-alto-potencial-de-impacte-social-positivo\\\/#primaryimage\",\"url\":\"https:\\\/\\\/www.ascef.com\\\/wp-content\\\/uploads\\\/2025\\\/11\\\/Impacte-Social-scaled.jpg\",\"contentUrl\":\"https:\\\/\\\/www.ascef.com\\\/wp-content\\\/uploads\\\/2025\\\/11\\\/Impacte-Social-scaled.jpg\",\"width\":2560,\"height\":1920},{\"@type\":\"BreadcrumbList\",\"@id\":\"https:\\\/\\\/www.ascef.com\\\/es\\\/jornada-ascef-con-r4s-las-empresas-familiares-por-naturaleza-tienen-un-alto-potencial-de-impacte-social-positivo\\\/#breadcrumb\",\"itemListElement\":[{\"@type\":\"ListItem\",\"position\":1,\"name\":\"Portada\",\"item\":\"https:\\\/\\\/www.ascef.com\\\/es\\\/\"},{\"@type\":\"ListItem\",\"position\":2,\"name\":\"Jornada ASCEF con R4S: &#8220;Las empresas familiares, por naturaleza, tienen un alto potencial de impacte social positivo&#8221;\"}]},{\"@type\":\"WebSite\",\"@id\":\"https:\\\/\\\/www.ascef.com\\\/es\\\/#website\",\"url\":\"https:\\\/\\\/www.ascef.com\\\/es\\\/\",\"name\":\"ASCEF\",\"description\":\"Associaci\u00f3 Catalana de l\u2019Empresa Familiar\",\"potentialAction\":[{\"@type\":\"SearchAction\",\"target\":{\"@type\":\"EntryPoint\",\"urlTemplate\":\"https:\\\/\\\/www.ascef.com\\\/es\\\/?s={search_term_string}\"},\"query-input\":{\"@type\":\"PropertyValueSpecification\",\"valueRequired\":true,\"valueName\":\"search_term_string\"}}],\"inLanguage\":\"es\"},{\"@type\":\"Person\",\"@id\":\"https:\\\/\\\/www.ascef.com\\\/es\\\/#\\\/schema\\\/person\\\/818edf5b5f3a1179bca4deca82c739f5\",\"name\":\"usuari_ascef_admin\",\"url\":\"https:\\\/\\\/www.ascef.com\\\/es\\\/author\\\/usuari_ascef_admin\\\/\"}]}<\/script>\n<!-- \/ Yoast SEO plugin. -->","yoast_head_json":{"title":"Jornada ASCEF con R4S: \"Las empresas familiares, por naturaleza, tienen un alto potencial de impacte social positivo\" - ASCEF","robots":{"index":"index","follow":"follow","max-snippet":"max-snippet:-1","max-image-preview":"max-image-preview:large","max-video-preview":"max-video-preview:-1"},"canonical":"https:\/\/www.ascef.com\/es\/jornada-ascef-con-r4s-las-empresas-familiares-por-naturaleza-tienen-un-alto-potencial-de-impacte-social-positivo\/","og_locale":"es_ES","og_type":"article","og_title":"Jornada ASCEF con R4S: \"Las empresas familiares, por naturaleza, tienen un alto potencial de impacte social positivo\" - ASCEF","og_description":"Una decena de empresas familiares catalanas de 2.\u00aa, 3.\u00aa y 4.\u00aa generaci\u00f3n, socias de ASCEF, participaron en una sesi\u00f3n de trabajo con R4S para reflexionar sobre como ampliar su contribuci\u00f3n social y transformarla en un activo estrat\u00e9gico. El encuentro evidenci\u00f3 que las empresas familiares, por naturaleza, tienen un alto potencial de impacto social positivo: una [&hellip;]","og_url":"https:\/\/www.ascef.com\/es\/jornada-ascef-con-r4s-las-empresas-familiares-por-naturaleza-tienen-un-alto-potencial-de-impacte-social-positivo\/","og_site_name":"ASCEF","article_published_time":"2025-11-30T11:11:56+00:00","article_modified_time":"2025-11-30T11:12:25+00:00","og_image":[{"width":2560,"height":1920,"url":"https:\/\/www.ascef.com\/wp-content\/uploads\/2025\/11\/Impacte-Social-scaled.jpg","type":"image\/jpeg"}],"author":"usuari_ascef_admin","twitter_card":"summary_large_image","twitter_misc":{"Escrito por":"usuari_ascef_admin","Tiempo de lectura":"2 minutos"},"schema":{"@context":"https:\/\/schema.org","@graph":[{"@type":"Article","@id":"https:\/\/www.ascef.com\/es\/jornada-ascef-con-r4s-las-empresas-familiares-por-naturaleza-tienen-un-alto-potencial-de-impacte-social-positivo\/#article","isPartOf":{"@id":"https:\/\/www.ascef.com\/es\/jornada-ascef-con-r4s-las-empresas-familiares-por-naturaleza-tienen-un-alto-potencial-de-impacte-social-positivo\/"},"author":{"name":"usuari_ascef_admin","@id":"https:\/\/www.ascef.com\/es\/#\/schema\/person\/818edf5b5f3a1179bca4deca82c739f5"},"headline":"Jornada ASCEF con R4S: \u00abLas empresas familiares, por naturaleza, tienen un alto potencial de impacte social positivo\u00bb","datePublished":"2025-11-30T11:11:56+00:00","dateModified":"2025-11-30T11:12:25+00:00","mainEntityOfPage":{"@id":"https:\/\/www.ascef.com\/es\/jornada-ascef-con-r4s-las-empresas-familiares-por-naturaleza-tienen-un-alto-potencial-de-impacte-social-positivo\/"},"wordCount":328,"image":{"@id":"https:\/\/www.ascef.com\/es\/jornada-ascef-con-r4s-las-empresas-familiares-por-naturaleza-tienen-un-alto-potencial-de-impacte-social-positivo\/#primaryimage"},"thumbnailUrl":"https:\/\/www.ascef.com\/wp-content\/uploads\/2025\/11\/Impacte-Social-scaled.jpg","articleSection":["general"],"inLanguage":"es"},{"@type":"WebPage","@id":"https:\/\/www.ascef.com\/es\/jornada-ascef-con-r4s-las-empresas-familiares-por-naturaleza-tienen-un-alto-potencial-de-impacte-social-positivo\/","url":"https:\/\/www.ascef.com\/es\/jornada-ascef-con-r4s-las-empresas-familiares-por-naturaleza-tienen-un-alto-potencial-de-impacte-social-positivo\/","name":"Jornada ASCEF con R4S: \"Las empresas familiares, por naturaleza, tienen un alto potencial de impacte social positivo\" - ASCEF","isPartOf":{"@id":"https:\/\/www.ascef.com\/es\/#website"},"primaryImageOfPage":{"@id":"https:\/\/www.ascef.com\/es\/jornada-ascef-con-r4s-las-empresas-familiares-por-naturaleza-tienen-un-alto-potencial-de-impacte-social-positivo\/#primaryimage"},"image":{"@id":"https:\/\/www.ascef.com\/es\/jornada-ascef-con-r4s-las-empresas-familiares-por-naturaleza-tienen-un-alto-potencial-de-impacte-social-positivo\/#primaryimage"},"thumbnailUrl":"https:\/\/www.ascef.com\/wp-content\/uploads\/2025\/11\/Impacte-Social-scaled.jpg","datePublished":"2025-11-30T11:11:56+00:00","dateModified":"2025-11-30T11:12:25+00:00","author":{"@id":"https:\/\/www.ascef.com\/es\/#\/schema\/person\/818edf5b5f3a1179bca4deca82c739f5"},"breadcrumb":{"@id":"https:\/\/www.ascef.com\/es\/jornada-ascef-con-r4s-las-empresas-familiares-por-naturaleza-tienen-un-alto-potencial-de-impacte-social-positivo\/#breadcrumb"},"inLanguage":"es","potentialAction":[{"@type":"ReadAction","target":["https:\/\/www.ascef.com\/es\/jornada-ascef-con-r4s-las-empresas-familiares-por-naturaleza-tienen-un-alto-potencial-de-impacte-social-positivo\/"]}]},{"@type":"ImageObject","inLanguage":"es","@id":"https:\/\/www.ascef.com\/es\/jornada-ascef-con-r4s-las-empresas-familiares-por-naturaleza-tienen-un-alto-potencial-de-impacte-social-positivo\/#primaryimage","url":"https:\/\/www.ascef.com\/wp-content\/uploads\/2025\/11\/Impacte-Social-scaled.jpg","contentUrl":"https:\/\/www.ascef.com\/wp-content\/uploads\/2025\/11\/Impacte-Social-scaled.jpg","width":2560,"height":1920},{"@type":"BreadcrumbList","@id":"https:\/\/www.ascef.com\/es\/jornada-ascef-con-r4s-las-empresas-familiares-por-naturaleza-tienen-un-alto-potencial-de-impacte-social-positivo\/#breadcrumb","itemListElement":[{"@type":"ListItem","position":1,"name":"Portada","item":"https:\/\/www.ascef.com\/es\/"},{"@type":"ListItem","position":2,"name":"Jornada ASCEF con R4S: &#8220;Las empresas familiares, por naturaleza, tienen un alto potencial de impacte social positivo&#8221;"}]},{"@type":"WebSite","@id":"https:\/\/www.ascef.com\/es\/#website","url":"https:\/\/www.ascef.com\/es\/","name":"ASCEF","description":"Associaci\u00f3 Catalana de l\u2019Empresa Familiar","potentialAction":[{"@type":"SearchAction","target":{"@type":"EntryPoint","urlTemplate":"https:\/\/www.ascef.com\/es\/?s={search_term_string}"},"query-input":{"@type":"PropertyValueSpecification","valueRequired":true,"valueName":"search_term_string"}}],"inLanguage":"es"},{"@type":"Person","@id":"https:\/\/www.ascef.com\/es\/#\/schema\/person\/818edf5b5f3a1179bca4deca82c739f5","name":"usuari_ascef_admin","url":"https:\/\/www.ascef.com\/es\/author\/usuari_ascef_admin\/"}]}},"_links":{"self":[{"href":"https:\/\/www.ascef.com\/es\/wp-json\/wp\/v2\/posts\/10163","targetHints":{"allow":["GET"]}}],"collection":[{"href":"https:\/\/www.ascef.com\/es\/wp-json\/wp\/v2\/posts"}],"about":[{"href":"https:\/\/www.ascef.com\/es\/wp-json\/wp\/v2\/types\/post"}],"author":[{"embeddable":true,"href":"https:\/\/www.ascef.com\/es\/wp-json\/wp\/v2\/users\/311"}],"replies":[{"embeddable":true,"href":"https:\/\/www.ascef.com\/es\/wp-json\/wp\/v2\/comments?post=10163"}],"version-history":[{"count":2,"href":"https:\/\/www.ascef.com\/es\/wp-json\/wp\/v2\/posts\/10163\/revisions"}],"predecessor-version":[{"id":10165,"href":"https:\/\/www.ascef.com\/es\/wp-json\/wp\/v2\/posts\/10163\/revisions\/10165"}],"wp:featuredmedia":[{"embeddable":true,"href":"https:\/\/www.ascef.com\/es\/wp-json\/wp\/v2\/media\/10161"}],"wp:attachment":[{"href":"https:\/\/www.ascef.com\/es\/wp-json\/wp\/v2\/media?parent=10163"}],"wp:term":[{"taxonomy":"category","embeddable":true,"href":"https:\/\/www.ascef.com\/es\/wp-json\/wp\/v2\/categories?post=10163"},{"taxonomy":"post_tag","embeddable":true,"href":"https:\/\/www.ascef.com\/es\/wp-json\/wp\/v2\/tags?post=10163"}],"curies":[{"name":"wp","href":"https:\/\/api.w.org\/{rel}","templated":true}]}}