{"id":3522,"date":"2021-05-31T11:26:19","date_gmt":"2021-05-31T11:26:19","guid":{"rendered":"https:\/\/www.ascef.com\/?p=3522"},"modified":"2021-06-03T10:44:21","modified_gmt":"2021-06-03T10:44:21","slug":"family-business-credit-suisse","status":"publish","type":"post","link":"https:\/\/www.ascef.com\/en\/family-business-credit-suisse\/","title":{"rendered":"Family Business Regional Associations subscribe an agreement with Credit Suisse to promote a new edition of &#8220;The Family Business Shares&#8221;"},"content":{"rendered":"<ul>\n<li>The financial institution will sponsor a new edition of this initiative bringing together family businesses from all over Spain to share their experiences and strategies<\/li>\n<\/ul>\n<p>The network of <u><a href=\"https:\/\/www.iefamiliar.com\/asociaciones-territoriales\/\" target=\"_blank\" rel=\"noopener noreferrer\"><strong>Family Business Regional Associations<\/strong><\/a><\/u> made up of 18 organizations, including the <u><a href=\"https:\/\/www.ascef.com\/en\/\" target=\"_blank\" rel=\"noopener noreferrer\"><strong>Catalonian Family Business Association (ASCEF)<\/strong><\/a><\/u> has subscribed an agreement with <strong>Credit Suisse<\/strong> by which this financial institution commits to sponsor the organization of a new series of conferences entitled &#8220;<em>The Family Business Shares<\/em>&#8220;.<\/p>\n<p>In this way, an initiative born a year ago just after the Covid-19 pandemic was declared will be extended through 2021. This initiative has allowed family business entrepreneurs from all over Spain and a wide variety of industries, to share experiences and strategies to address this situation.<\/p>\n<p>The new edition of &#8220;<em>The Family Business Shares<\/em>&#8221; consists of four sessions to be held online between May and November this year.<\/p>\n<p>The associations involved in this project cover all Spanish autonomous communities and include 1,200 companies from all industries representing 10% of the GDP.<\/p>\n<p>Their mission is to advocate for the Spanish family business as driving force for the productive economy and job creation in the region, as well as to further entrepreneurial culture and promote the continuity of this kind of enterprise.<\/p>\n<p>The agreement&#8217;s subscription took place today online between Matilde de la Pe\u00f1a El\u00edas and Mr Rafael de Villar \u00c1lvarez as proxies for <u><a href=\"https:\/\/www.credit-suisse.com\/international\/en.html\" target=\"_blank\" rel=\"noopener noreferrer\"><strong>Credit Suisse<\/strong><\/a><\/u>, and David Gonz\u00e1lez Pescador, Director of the <u><a href=\"https:\/\/www.acefam.org\/\" target=\"_blank\" rel=\"noopener noreferrer\"><strong>Cantabrian Family Business Association (ACEFAM)<\/strong><\/a><\/u> and representative of the <strong>Family Business Association Network<\/strong> during this series.<\/p>\n","protected":false},"excerpt":{"rendered":"<p>The financial institution will sponsor a new edition of this initiative bringing together family businesses from all over Spain to share their experiences and strategies The network of Family Business Regional Associations made up of 18 organizations, including the Catalonian Family Business Association (ASCEF) has subscribed an agreement with Credit Suisse by which this financial [&hellip;]<\/p>\n","protected":false},"author":292,"featured_media":3458,"comment_status":"open","ping_status":"open","sticky":false,"template":"","format":"standard","meta":{"_acf_changed":false,"footnotes":""},"categories":[226],"tags":[],"class_list":["post-3522","post","type-post","status-publish","format-standard","has-post-thumbnail","hentry","category-uncategorized"],"acf":[],"yoast_head":"<!-- This site is optimized with the Yoast SEO plugin v27.5 - https:\/\/yoast.com\/product\/yoast-seo-wordpress\/ -->\n<title>Family Business Regional Associations subscribe an agreement with Credit Suisse to promote a new edition of &quot;The Family Business Shares&quot; - ASCEF<\/title>\n<meta name=\"description\" content=\"The network of Family Business Regional Associations, including the ASCEF has subscribed an agreement with Credit Suisse by which this financial institution commits to sponsor the organization of a new series of conferences entitled &quot;The Family Business Shares&quot;\" \/>\n<meta name=\"robots\" content=\"index, follow, max-snippet:-1, max-image-preview:large, max-video-preview:-1\" \/>\n<link rel=\"canonical\" href=\"https:\/\/www.ascef.com\/en\/family-business-credit-suisse\/\" \/>\n<meta property=\"og:locale\" content=\"en_US\" \/>\n<meta property=\"og:type\" content=\"article\" \/>\n<meta property=\"og:title\" content=\"Family Business Regional Associations subscribe an agreement with Credit Suisse to promote a new edition of &quot;The Family Business Shares&quot; - ASCEF\" \/>\n<meta property=\"og:description\" content=\"The network of Family Business Regional Associations, including the ASCEF has subscribed an agreement with Credit Suisse by which this financial institution commits to sponsor the organization of a new series of conferences entitled &quot;The Family Business Shares&quot;\" \/>\n<meta property=\"og:url\" content=\"https:\/\/www.ascef.com\/en\/family-business-credit-suisse\/\" \/>\n<meta property=\"og:site_name\" content=\"ASCEF\" \/>\n<meta property=\"article:published_time\" content=\"2021-05-31T11:26:19+00:00\" \/>\n<meta property=\"article:modified_time\" content=\"2021-06-03T10:44:21+00:00\" \/>\n<meta property=\"og:image\" content=\"https:\/\/www.ascef.com\/wp-content\/uploads\/2021\/05\/IMAGEN-GENERAL-CICLO-NPweb.jpg\" \/>\n\t<meta property=\"og:image:width\" content=\"2501\" \/>\n\t<meta property=\"og:image:height\" content=\"1639\" \/>\n\t<meta property=\"og:image:type\" content=\"image\/jpeg\" \/>\n<meta name=\"author\" content=\"Borja Igual\" \/>\n<meta name=\"twitter:card\" content=\"summary_large_image\" \/>\n<meta name=\"twitter:label1\" content=\"Written by\" \/>\n\t<meta name=\"twitter:data1\" content=\"Borja Igual\" \/>\n\t<meta name=\"twitter:label2\" content=\"Est. reading time\" \/>\n\t<meta name=\"twitter:data2\" content=\"1 minute\" \/>\n<script type=\"application\/ld+json\" class=\"yoast-schema-graph\">{\"@context\":\"https:\\\/\\\/schema.org\",\"@graph\":[{\"@type\":\"Article\",\"@id\":\"https:\\\/\\\/www.ascef.com\\\/en\\\/family-business-credit-suisse\\\/#article\",\"isPartOf\":{\"@id\":\"https:\\\/\\\/www.ascef.com\\\/en\\\/family-business-credit-suisse\\\/\"},\"author\":{\"name\":\"Borja Igual\",\"@id\":\"https:\\\/\\\/www.ascef.com\\\/en\\\/#\\\/schema\\\/person\\\/e0bdccd3e1665871f0e79e3a50ad6b02\"},\"headline\":\"Family Business Regional Associations subscribe an agreement with Credit Suisse to promote a new edition of &#8220;The Family Business Shares&#8221;\",\"datePublished\":\"2021-05-31T11:26:19+00:00\",\"dateModified\":\"2021-06-03T10:44:21+00:00\",\"mainEntityOfPage\":{\"@id\":\"https:\\\/\\\/www.ascef.com\\\/en\\\/family-business-credit-suisse\\\/\"},\"wordCount\":269,\"commentCount\":0,\"image\":{\"@id\":\"https:\\\/\\\/www.ascef.com\\\/en\\\/family-business-credit-suisse\\\/#primaryimage\"},\"thumbnailUrl\":\"https:\\\/\\\/www.ascef.com\\\/wp-content\\\/uploads\\\/2021\\\/05\\\/IMAGEN-GENERAL-CICLO-NPweb.jpg\",\"inLanguage\":\"en-US\"},{\"@type\":\"WebPage\",\"@id\":\"https:\\\/\\\/www.ascef.com\\\/en\\\/family-business-credit-suisse\\\/\",\"url\":\"https:\\\/\\\/www.ascef.com\\\/en\\\/family-business-credit-suisse\\\/\",\"name\":\"Family Business Regional Associations subscribe an agreement with Credit Suisse to promote a new edition of \\\"The Family Business Shares\\\" - ASCEF\",\"isPartOf\":{\"@id\":\"https:\\\/\\\/www.ascef.com\\\/en\\\/#website\"},\"primaryImageOfPage\":{\"@id\":\"https:\\\/\\\/www.ascef.com\\\/en\\\/family-business-credit-suisse\\\/#primaryimage\"},\"image\":{\"@id\":\"https:\\\/\\\/www.ascef.com\\\/en\\\/family-business-credit-suisse\\\/#primaryimage\"},\"thumbnailUrl\":\"https:\\\/\\\/www.ascef.com\\\/wp-content\\\/uploads\\\/2021\\\/05\\\/IMAGEN-GENERAL-CICLO-NPweb.jpg\",\"datePublished\":\"2021-05-31T11:26:19+00:00\",\"dateModified\":\"2021-06-03T10:44:21+00:00\",\"author\":{\"@id\":\"https:\\\/\\\/www.ascef.com\\\/en\\\/#\\\/schema\\\/person\\\/e0bdccd3e1665871f0e79e3a50ad6b02\"},\"description\":\"The network of Family Business Regional Associations, including the ASCEF has subscribed an agreement with Credit Suisse by which this financial institution commits to sponsor the organization of a new series of conferences entitled \\\"The Family Business Shares\\\"\",\"breadcrumb\":{\"@id\":\"https:\\\/\\\/www.ascef.com\\\/en\\\/family-business-credit-suisse\\\/#breadcrumb\"},\"inLanguage\":\"en-US\",\"potentialAction\":[{\"@type\":\"ReadAction\",\"target\":[\"https:\\\/\\\/www.ascef.com\\\/en\\\/family-business-credit-suisse\\\/\"]}]},{\"@type\":\"ImageObject\",\"inLanguage\":\"en-US\",\"@id\":\"https:\\\/\\\/www.ascef.com\\\/en\\\/family-business-credit-suisse\\\/#primaryimage\",\"url\":\"https:\\\/\\\/www.ascef.com\\\/wp-content\\\/uploads\\\/2021\\\/05\\\/IMAGEN-GENERAL-CICLO-NPweb.jpg\",\"contentUrl\":\"https:\\\/\\\/www.ascef.com\\\/wp-content\\\/uploads\\\/2021\\\/05\\\/IMAGEN-GENERAL-CICLO-NPweb.jpg\",\"width\":2501,\"height\":1639},{\"@type\":\"BreadcrumbList\",\"@id\":\"https:\\\/\\\/www.ascef.com\\\/en\\\/family-business-credit-suisse\\\/#breadcrumb\",\"itemListElement\":[{\"@type\":\"ListItem\",\"position\":1,\"name\":\"Portada\",\"item\":\"https:\\\/\\\/www.ascef.com\\\/en\\\/\"},{\"@type\":\"ListItem\",\"position\":2,\"name\":\"Family Business Regional Associations subscribe an agreement with Credit Suisse to promote a new edition of &#8220;The Family Business Shares&#8221;\"}]},{\"@type\":\"WebSite\",\"@id\":\"https:\\\/\\\/www.ascef.com\\\/en\\\/#website\",\"url\":\"https:\\\/\\\/www.ascef.com\\\/en\\\/\",\"name\":\"ASCEF\",\"description\":\"Associaci\u00f3 Catalana de l\u2019Empresa Familiar\",\"potentialAction\":[{\"@type\":\"SearchAction\",\"target\":{\"@type\":\"EntryPoint\",\"urlTemplate\":\"https:\\\/\\\/www.ascef.com\\\/en\\\/?s={search_term_string}\"},\"query-input\":{\"@type\":\"PropertyValueSpecification\",\"valueRequired\":true,\"valueName\":\"search_term_string\"}}],\"inLanguage\":\"en-US\"},{\"@type\":\"Person\",\"@id\":\"https:\\\/\\\/www.ascef.com\\\/en\\\/#\\\/schema\\\/person\\\/e0bdccd3e1665871f0e79e3a50ad6b02\",\"name\":\"Borja Igual\",\"url\":\"https:\\\/\\\/www.ascef.com\\\/en\\\/author\\\/bigual1990mcs-com\\\/\"}]}<\/script>\n<!-- \/ Yoast SEO plugin. -->","yoast_head_json":{"title":"Family Business Regional Associations subscribe an agreement with Credit Suisse to promote a new edition of \"The Family Business Shares\" - ASCEF","description":"The network of Family Business Regional Associations, including the ASCEF has subscribed an agreement with Credit Suisse by which this financial institution commits to sponsor the organization of a new series of conferences entitled \"The Family Business Shares\"","robots":{"index":"index","follow":"follow","max-snippet":"max-snippet:-1","max-image-preview":"max-image-preview:large","max-video-preview":"max-video-preview:-1"},"canonical":"https:\/\/www.ascef.com\/en\/family-business-credit-suisse\/","og_locale":"en_US","og_type":"article","og_title":"Family Business Regional Associations subscribe an agreement with Credit Suisse to promote a new edition of \"The Family Business Shares\" - ASCEF","og_description":"The network of Family Business Regional Associations, including the ASCEF has subscribed an agreement with Credit Suisse by which this financial institution commits to sponsor the organization of a new series of conferences entitled \"The Family Business Shares\"","og_url":"https:\/\/www.ascef.com\/en\/family-business-credit-suisse\/","og_site_name":"ASCEF","article_published_time":"2021-05-31T11:26:19+00:00","article_modified_time":"2021-06-03T10:44:21+00:00","og_image":[{"width":2501,"height":1639,"url":"https:\/\/www.ascef.com\/wp-content\/uploads\/2021\/05\/IMAGEN-GENERAL-CICLO-NPweb.jpg","type":"image\/jpeg"}],"author":"Borja Igual","twitter_card":"summary_large_image","twitter_misc":{"Written by":"Borja Igual","Est. reading time":"1 minute"},"schema":{"@context":"https:\/\/schema.org","@graph":[{"@type":"Article","@id":"https:\/\/www.ascef.com\/en\/family-business-credit-suisse\/#article","isPartOf":{"@id":"https:\/\/www.ascef.com\/en\/family-business-credit-suisse\/"},"author":{"name":"Borja Igual","@id":"https:\/\/www.ascef.com\/en\/#\/schema\/person\/e0bdccd3e1665871f0e79e3a50ad6b02"},"headline":"Family Business Regional Associations subscribe an agreement with Credit Suisse to promote a new edition of &#8220;The Family Business Shares&#8221;","datePublished":"2021-05-31T11:26:19+00:00","dateModified":"2021-06-03T10:44:21+00:00","mainEntityOfPage":{"@id":"https:\/\/www.ascef.com\/en\/family-business-credit-suisse\/"},"wordCount":269,"commentCount":0,"image":{"@id":"https:\/\/www.ascef.com\/en\/family-business-credit-suisse\/#primaryimage"},"thumbnailUrl":"https:\/\/www.ascef.com\/wp-content\/uploads\/2021\/05\/IMAGEN-GENERAL-CICLO-NPweb.jpg","inLanguage":"en-US"},{"@type":"WebPage","@id":"https:\/\/www.ascef.com\/en\/family-business-credit-suisse\/","url":"https:\/\/www.ascef.com\/en\/family-business-credit-suisse\/","name":"Family Business Regional Associations subscribe an agreement with Credit Suisse to promote a new edition of \"The Family Business Shares\" - ASCEF","isPartOf":{"@id":"https:\/\/www.ascef.com\/en\/#website"},"primaryImageOfPage":{"@id":"https:\/\/www.ascef.com\/en\/family-business-credit-suisse\/#primaryimage"},"image":{"@id":"https:\/\/www.ascef.com\/en\/family-business-credit-suisse\/#primaryimage"},"thumbnailUrl":"https:\/\/www.ascef.com\/wp-content\/uploads\/2021\/05\/IMAGEN-GENERAL-CICLO-NPweb.jpg","datePublished":"2021-05-31T11:26:19+00:00","dateModified":"2021-06-03T10:44:21+00:00","author":{"@id":"https:\/\/www.ascef.com\/en\/#\/schema\/person\/e0bdccd3e1665871f0e79e3a50ad6b02"},"description":"The network of Family Business Regional Associations, including the ASCEF has subscribed an agreement with Credit Suisse by which this financial institution commits to sponsor the organization of a new series of conferences entitled \"The Family Business Shares\"","breadcrumb":{"@id":"https:\/\/www.ascef.com\/en\/family-business-credit-suisse\/#breadcrumb"},"inLanguage":"en-US","potentialAction":[{"@type":"ReadAction","target":["https:\/\/www.ascef.com\/en\/family-business-credit-suisse\/"]}]},{"@type":"ImageObject","inLanguage":"en-US","@id":"https:\/\/www.ascef.com\/en\/family-business-credit-suisse\/#primaryimage","url":"https:\/\/www.ascef.com\/wp-content\/uploads\/2021\/05\/IMAGEN-GENERAL-CICLO-NPweb.jpg","contentUrl":"https:\/\/www.ascef.com\/wp-content\/uploads\/2021\/05\/IMAGEN-GENERAL-CICLO-NPweb.jpg","width":2501,"height":1639},{"@type":"BreadcrumbList","@id":"https:\/\/www.ascef.com\/en\/family-business-credit-suisse\/#breadcrumb","itemListElement":[{"@type":"ListItem","position":1,"name":"Portada","item":"https:\/\/www.ascef.com\/en\/"},{"@type":"ListItem","position":2,"name":"Family Business Regional Associations subscribe an agreement with Credit Suisse to promote a new edition of &#8220;The Family Business Shares&#8221;"}]},{"@type":"WebSite","@id":"https:\/\/www.ascef.com\/en\/#website","url":"https:\/\/www.ascef.com\/en\/","name":"ASCEF","description":"Associaci\u00f3 Catalana de l\u2019Empresa Familiar","potentialAction":[{"@type":"SearchAction","target":{"@type":"EntryPoint","urlTemplate":"https:\/\/www.ascef.com\/en\/?s={search_term_string}"},"query-input":{"@type":"PropertyValueSpecification","valueRequired":true,"valueName":"search_term_string"}}],"inLanguage":"en-US"},{"@type":"Person","@id":"https:\/\/www.ascef.com\/en\/#\/schema\/person\/e0bdccd3e1665871f0e79e3a50ad6b02","name":"Borja Igual","url":"https:\/\/www.ascef.com\/en\/author\/bigual1990mcs-com\/"}]}},"_links":{"self":[{"href":"https:\/\/www.ascef.com\/en\/wp-json\/wp\/v2\/posts\/3522","targetHints":{"allow":["GET"]}}],"collection":[{"href":"https:\/\/www.ascef.com\/en\/wp-json\/wp\/v2\/posts"}],"about":[{"href":"https:\/\/www.ascef.com\/en\/wp-json\/wp\/v2\/types\/post"}],"author":[{"embeddable":true,"href":"https:\/\/www.ascef.com\/en\/wp-json\/wp\/v2\/users\/292"}],"replies":[{"embeddable":true,"href":"https:\/\/www.ascef.com\/en\/wp-json\/wp\/v2\/comments?post=3522"}],"version-history":[{"count":1,"href":"https:\/\/www.ascef.com\/en\/wp-json\/wp\/v2\/posts\/3522\/revisions"}],"predecessor-version":[{"id":3523,"href":"https:\/\/www.ascef.com\/en\/wp-json\/wp\/v2\/posts\/3522\/revisions\/3523"}],"wp:featuredmedia":[{"embeddable":true,"href":"https:\/\/www.ascef.com\/en\/wp-json\/wp\/v2\/media\/3458"}],"wp:attachment":[{"href":"https:\/\/www.ascef.com\/en\/wp-json\/wp\/v2\/media?parent=3522"}],"wp:term":[{"taxonomy":"category","embeddable":true,"href":"https:\/\/www.ascef.com\/en\/wp-json\/wp\/v2\/categories?post=3522"},{"taxonomy":"post_tag","embeddable":true,"href":"https:\/\/www.ascef.com\/en\/wp-json\/wp\/v2\/tags?post=3522"}],"curies":[{"name":"wp","href":"https:\/\/api.w.org\/{rel}","templated":true}]}}