{"id":3177,"date":"2021-03-23T06:30:17","date_gmt":"2021-03-23T06:30:17","guid":{"rendered":"https:\/\/www.ascef.com\/?p=3177"},"modified":"2021-03-29T10:17:03","modified_gmt":"2021-03-29T10:17:03","slug":"ascef-forum-action-plan","status":"publish","type":"post","link":"https:\/\/www.ascef.com\/en\/ascef-forum-action-plan\/","title":{"rendered":"ASCEF Forum is working on the design of a new action plan"},"content":{"rendered":"<p>The <u><a href=\"https:\/\/www.ascef.com\/en\/la-ascef\/who-we-are\/\" target=\"_blank\" rel=\"noopener noreferrer\"><strong>ASCEF Forum<\/strong><\/a><\/u>, a group made up of about 300 young members directly linked to <u><a href=\"https:\/\/www.ascef.com\/en\/\" target=\"_blank\" rel=\"noopener noreferrer\"><strong>ASCEF<\/strong><\/a><\/u> family businesses, is working on the design of its new action plan, which will drive initiatives related to the topics that most interest their associates like training, digitizing, use of AI in family business, social and corporate responsibility and generational renewal among others.<\/p>\n<p><strong>Ricard Oller <u><a href=\"https:\/\/www.ascef.com\/en\/ascef-board-directors-renewed\/\" target=\"_blank\" rel=\"noopener noreferrer\">has recently taken over Albert Campabadal\u2019s position as president of the Forum<\/a><\/u><\/strong>. Campabadal remains in the board, which is also formed by Miriam Pujol, Olga Carb\u00f3, Anna Guix\u00e0, Guillermo Vidal, Marc Morillas, Albert Borr\u00e0s, Juan Enrique Yxart and Carles Alsina. &#8220;<em>Albert has left a high bar, and it is building upon his work that we will keep going forward with a board made up of great people and friends<\/em>&#8220;, concedes Oller.<\/p>\n<p>As part of this action plan, they intend, as soon as the pandemic-driven situation allows it, to invigorate the activity schedule and relaunch successful events like the Speed Company Speed Company Networking Event or the Summer Dinner, for which we always count on prominent lecturers from the civil society and the entrepreneurial community. The <strong>ASCEF Forum<\/strong> has also planned to set up collaborations with other entities having similar action groups.<\/p>\n","protected":false},"excerpt":{"rendered":"<p>The ASCEF Forum, a group made up of about 300 young members directly linked to ASCEF family businesses, is working on the design of its new action plan, which will drive initiatives related to the topics that most interest their associates like training, digitizing, use of AI in family business, social and corporate responsibility and [&hellip;]<\/p>\n","protected":false},"author":292,"featured_media":3109,"comment_status":"open","ping_status":"open","sticky":false,"template":"","format":"standard","meta":{"_acf_changed":false,"footnotes":""},"categories":[226],"tags":[],"class_list":["post-3177","post","type-post","status-publish","format-standard","has-post-thumbnail","hentry","category-uncategorized"],"acf":[],"yoast_head":"<!-- This site is optimized with the Yoast SEO plugin v27.5 - https:\/\/yoast.com\/product\/yoast-seo-wordpress\/ -->\n<title>ASCEF Forum is working on the design of a new action plan - ASCEF<\/title>\n<meta name=\"description\" content=\"The ASCEF Forum is working on the design of its new action plan, which will drive initiatives related to the topics that most interest their associates\" \/>\n<meta name=\"robots\" content=\"index, follow, max-snippet:-1, max-image-preview:large, max-video-preview:-1\" \/>\n<link rel=\"canonical\" href=\"https:\/\/www.ascef.com\/en\/ascef-forum-action-plan\/\" \/>\n<meta property=\"og:locale\" content=\"en_US\" \/>\n<meta property=\"og:type\" content=\"article\" \/>\n<meta property=\"og:title\" content=\"ASCEF Forum is working on the design of a new action plan - ASCEF\" \/>\n<meta property=\"og:description\" content=\"The ASCEF Forum is working on the design of its new action plan, which will drive initiatives related to the topics that most interest their associates\" \/>\n<meta property=\"og:url\" content=\"https:\/\/www.ascef.com\/en\/ascef-forum-action-plan\/\" \/>\n<meta property=\"og:site_name\" content=\"ASCEF\" \/>\n<meta property=\"article:published_time\" content=\"2021-03-23T06:30:17+00:00\" \/>\n<meta property=\"article:modified_time\" content=\"2021-03-29T10:17:03+00:00\" \/>\n<meta property=\"og:image\" content=\"https:\/\/www.ascef.com\/wp-content\/uploads\/2021\/03\/DSC_7061_webnoticia.jpg\" \/>\n\t<meta property=\"og:image:width\" content=\"1800\" \/>\n\t<meta property=\"og:image:height\" content=\"1203\" \/>\n\t<meta property=\"og:image:type\" content=\"image\/jpeg\" \/>\n<meta name=\"author\" content=\"Borja Igual\" \/>\n<meta name=\"twitter:card\" content=\"summary_large_image\" \/>\n<meta name=\"twitter:label1\" content=\"Written by\" \/>\n\t<meta name=\"twitter:data1\" content=\"Borja Igual\" \/>\n\t<meta name=\"twitter:label2\" content=\"Est. reading time\" \/>\n\t<meta name=\"twitter:data2\" content=\"1 minute\" \/>\n<script type=\"application\/ld+json\" class=\"yoast-schema-graph\">{\"@context\":\"https:\\\/\\\/schema.org\",\"@graph\":[{\"@type\":\"Article\",\"@id\":\"https:\\\/\\\/www.ascef.com\\\/en\\\/ascef-forum-action-plan\\\/#article\",\"isPartOf\":{\"@id\":\"https:\\\/\\\/www.ascef.com\\\/en\\\/ascef-forum-action-plan\\\/\"},\"author\":{\"name\":\"Borja Igual\",\"@id\":\"https:\\\/\\\/www.ascef.com\\\/en\\\/#\\\/schema\\\/person\\\/e0bdccd3e1665871f0e79e3a50ad6b02\"},\"headline\":\"ASCEF Forum is working on the design of a new action plan\",\"datePublished\":\"2021-03-23T06:30:17+00:00\",\"dateModified\":\"2021-03-29T10:17:03+00:00\",\"mainEntityOfPage\":{\"@id\":\"https:\\\/\\\/www.ascef.com\\\/en\\\/ascef-forum-action-plan\\\/\"},\"wordCount\":215,\"commentCount\":0,\"image\":{\"@id\":\"https:\\\/\\\/www.ascef.com\\\/en\\\/ascef-forum-action-plan\\\/#primaryimage\"},\"thumbnailUrl\":\"https:\\\/\\\/www.ascef.com\\\/wp-content\\\/uploads\\\/2021\\\/03\\\/DSC_7061_webnoticia.jpg\",\"inLanguage\":\"en-US\"},{\"@type\":\"WebPage\",\"@id\":\"https:\\\/\\\/www.ascef.com\\\/en\\\/ascef-forum-action-plan\\\/\",\"url\":\"https:\\\/\\\/www.ascef.com\\\/en\\\/ascef-forum-action-plan\\\/\",\"name\":\"ASCEF Forum is working on the design of a new action plan - ASCEF\",\"isPartOf\":{\"@id\":\"https:\\\/\\\/www.ascef.com\\\/en\\\/#website\"},\"primaryImageOfPage\":{\"@id\":\"https:\\\/\\\/www.ascef.com\\\/en\\\/ascef-forum-action-plan\\\/#primaryimage\"},\"image\":{\"@id\":\"https:\\\/\\\/www.ascef.com\\\/en\\\/ascef-forum-action-plan\\\/#primaryimage\"},\"thumbnailUrl\":\"https:\\\/\\\/www.ascef.com\\\/wp-content\\\/uploads\\\/2021\\\/03\\\/DSC_7061_webnoticia.jpg\",\"datePublished\":\"2021-03-23T06:30:17+00:00\",\"dateModified\":\"2021-03-29T10:17:03+00:00\",\"author\":{\"@id\":\"https:\\\/\\\/www.ascef.com\\\/en\\\/#\\\/schema\\\/person\\\/e0bdccd3e1665871f0e79e3a50ad6b02\"},\"description\":\"The ASCEF Forum is working on the design of its new action plan, which will drive initiatives related to the topics that most interest their associates\",\"breadcrumb\":{\"@id\":\"https:\\\/\\\/www.ascef.com\\\/en\\\/ascef-forum-action-plan\\\/#breadcrumb\"},\"inLanguage\":\"en-US\",\"potentialAction\":[{\"@type\":\"ReadAction\",\"target\":[\"https:\\\/\\\/www.ascef.com\\\/en\\\/ascef-forum-action-plan\\\/\"]}]},{\"@type\":\"ImageObject\",\"inLanguage\":\"en-US\",\"@id\":\"https:\\\/\\\/www.ascef.com\\\/en\\\/ascef-forum-action-plan\\\/#primaryimage\",\"url\":\"https:\\\/\\\/www.ascef.com\\\/wp-content\\\/uploads\\\/2021\\\/03\\\/DSC_7061_webnoticia.jpg\",\"contentUrl\":\"https:\\\/\\\/www.ascef.com\\\/wp-content\\\/uploads\\\/2021\\\/03\\\/DSC_7061_webnoticia.jpg\",\"width\":1800,\"height\":1203,\"caption\":\"F\u00f2rum de l'ASCEF\"},{\"@type\":\"BreadcrumbList\",\"@id\":\"https:\\\/\\\/www.ascef.com\\\/en\\\/ascef-forum-action-plan\\\/#breadcrumb\",\"itemListElement\":[{\"@type\":\"ListItem\",\"position\":1,\"name\":\"Portada\",\"item\":\"https:\\\/\\\/www.ascef.com\\\/en\\\/\"},{\"@type\":\"ListItem\",\"position\":2,\"name\":\"ASCEF Forum is working on the design of a new action plan\"}]},{\"@type\":\"WebSite\",\"@id\":\"https:\\\/\\\/www.ascef.com\\\/en\\\/#website\",\"url\":\"https:\\\/\\\/www.ascef.com\\\/en\\\/\",\"name\":\"ASCEF\",\"description\":\"Associaci\u00f3 Catalana de l\u2019Empresa Familiar\",\"potentialAction\":[{\"@type\":\"SearchAction\",\"target\":{\"@type\":\"EntryPoint\",\"urlTemplate\":\"https:\\\/\\\/www.ascef.com\\\/en\\\/?s={search_term_string}\"},\"query-input\":{\"@type\":\"PropertyValueSpecification\",\"valueRequired\":true,\"valueName\":\"search_term_string\"}}],\"inLanguage\":\"en-US\"},{\"@type\":\"Person\",\"@id\":\"https:\\\/\\\/www.ascef.com\\\/en\\\/#\\\/schema\\\/person\\\/e0bdccd3e1665871f0e79e3a50ad6b02\",\"name\":\"Borja Igual\",\"url\":\"https:\\\/\\\/www.ascef.com\\\/en\\\/author\\\/bigual1990mcs-com\\\/\"}]}<\/script>\n<!-- \/ Yoast SEO plugin. -->","yoast_head_json":{"title":"ASCEF Forum is working on the design of a new action plan - ASCEF","description":"The ASCEF Forum is working on the design of its new action plan, which will drive initiatives related to the topics that most interest their associates","robots":{"index":"index","follow":"follow","max-snippet":"max-snippet:-1","max-image-preview":"max-image-preview:large","max-video-preview":"max-video-preview:-1"},"canonical":"https:\/\/www.ascef.com\/en\/ascef-forum-action-plan\/","og_locale":"en_US","og_type":"article","og_title":"ASCEF Forum is working on the design of a new action plan - ASCEF","og_description":"The ASCEF Forum is working on the design of its new action plan, which will drive initiatives related to the topics that most interest their associates","og_url":"https:\/\/www.ascef.com\/en\/ascef-forum-action-plan\/","og_site_name":"ASCEF","article_published_time":"2021-03-23T06:30:17+00:00","article_modified_time":"2021-03-29T10:17:03+00:00","og_image":[{"width":1800,"height":1203,"url":"https:\/\/www.ascef.com\/wp-content\/uploads\/2021\/03\/DSC_7061_webnoticia.jpg","type":"image\/jpeg"}],"author":"Borja Igual","twitter_card":"summary_large_image","twitter_misc":{"Written by":"Borja Igual","Est. reading time":"1 minute"},"schema":{"@context":"https:\/\/schema.org","@graph":[{"@type":"Article","@id":"https:\/\/www.ascef.com\/en\/ascef-forum-action-plan\/#article","isPartOf":{"@id":"https:\/\/www.ascef.com\/en\/ascef-forum-action-plan\/"},"author":{"name":"Borja Igual","@id":"https:\/\/www.ascef.com\/en\/#\/schema\/person\/e0bdccd3e1665871f0e79e3a50ad6b02"},"headline":"ASCEF Forum is working on the design of a new action plan","datePublished":"2021-03-23T06:30:17+00:00","dateModified":"2021-03-29T10:17:03+00:00","mainEntityOfPage":{"@id":"https:\/\/www.ascef.com\/en\/ascef-forum-action-plan\/"},"wordCount":215,"commentCount":0,"image":{"@id":"https:\/\/www.ascef.com\/en\/ascef-forum-action-plan\/#primaryimage"},"thumbnailUrl":"https:\/\/www.ascef.com\/wp-content\/uploads\/2021\/03\/DSC_7061_webnoticia.jpg","inLanguage":"en-US"},{"@type":"WebPage","@id":"https:\/\/www.ascef.com\/en\/ascef-forum-action-plan\/","url":"https:\/\/www.ascef.com\/en\/ascef-forum-action-plan\/","name":"ASCEF Forum is working on the design of a new action plan - ASCEF","isPartOf":{"@id":"https:\/\/www.ascef.com\/en\/#website"},"primaryImageOfPage":{"@id":"https:\/\/www.ascef.com\/en\/ascef-forum-action-plan\/#primaryimage"},"image":{"@id":"https:\/\/www.ascef.com\/en\/ascef-forum-action-plan\/#primaryimage"},"thumbnailUrl":"https:\/\/www.ascef.com\/wp-content\/uploads\/2021\/03\/DSC_7061_webnoticia.jpg","datePublished":"2021-03-23T06:30:17+00:00","dateModified":"2021-03-29T10:17:03+00:00","author":{"@id":"https:\/\/www.ascef.com\/en\/#\/schema\/person\/e0bdccd3e1665871f0e79e3a50ad6b02"},"description":"The ASCEF Forum is working on the design of its new action plan, which will drive initiatives related to the topics that most interest their associates","breadcrumb":{"@id":"https:\/\/www.ascef.com\/en\/ascef-forum-action-plan\/#breadcrumb"},"inLanguage":"en-US","potentialAction":[{"@type":"ReadAction","target":["https:\/\/www.ascef.com\/en\/ascef-forum-action-plan\/"]}]},{"@type":"ImageObject","inLanguage":"en-US","@id":"https:\/\/www.ascef.com\/en\/ascef-forum-action-plan\/#primaryimage","url":"https:\/\/www.ascef.com\/wp-content\/uploads\/2021\/03\/DSC_7061_webnoticia.jpg","contentUrl":"https:\/\/www.ascef.com\/wp-content\/uploads\/2021\/03\/DSC_7061_webnoticia.jpg","width":1800,"height":1203,"caption":"F\u00f2rum de l'ASCEF"},{"@type":"BreadcrumbList","@id":"https:\/\/www.ascef.com\/en\/ascef-forum-action-plan\/#breadcrumb","itemListElement":[{"@type":"ListItem","position":1,"name":"Portada","item":"https:\/\/www.ascef.com\/en\/"},{"@type":"ListItem","position":2,"name":"ASCEF Forum is working on the design of a new action plan"}]},{"@type":"WebSite","@id":"https:\/\/www.ascef.com\/en\/#website","url":"https:\/\/www.ascef.com\/en\/","name":"ASCEF","description":"Associaci\u00f3 Catalana de l\u2019Empresa Familiar","potentialAction":[{"@type":"SearchAction","target":{"@type":"EntryPoint","urlTemplate":"https:\/\/www.ascef.com\/en\/?s={search_term_string}"},"query-input":{"@type":"PropertyValueSpecification","valueRequired":true,"valueName":"search_term_string"}}],"inLanguage":"en-US"},{"@type":"Person","@id":"https:\/\/www.ascef.com\/en\/#\/schema\/person\/e0bdccd3e1665871f0e79e3a50ad6b02","name":"Borja Igual","url":"https:\/\/www.ascef.com\/en\/author\/bigual1990mcs-com\/"}]}},"_links":{"self":[{"href":"https:\/\/www.ascef.com\/en\/wp-json\/wp\/v2\/posts\/3177","targetHints":{"allow":["GET"]}}],"collection":[{"href":"https:\/\/www.ascef.com\/en\/wp-json\/wp\/v2\/posts"}],"about":[{"href":"https:\/\/www.ascef.com\/en\/wp-json\/wp\/v2\/types\/post"}],"author":[{"embeddable":true,"href":"https:\/\/www.ascef.com\/en\/wp-json\/wp\/v2\/users\/292"}],"replies":[{"embeddable":true,"href":"https:\/\/www.ascef.com\/en\/wp-json\/wp\/v2\/comments?post=3177"}],"version-history":[{"count":1,"href":"https:\/\/www.ascef.com\/en\/wp-json\/wp\/v2\/posts\/3177\/revisions"}],"predecessor-version":[{"id":3178,"href":"https:\/\/www.ascef.com\/en\/wp-json\/wp\/v2\/posts\/3177\/revisions\/3178"}],"wp:featuredmedia":[{"embeddable":true,"href":"https:\/\/www.ascef.com\/en\/wp-json\/wp\/v2\/media\/3109"}],"wp:attachment":[{"href":"https:\/\/www.ascef.com\/en\/wp-json\/wp\/v2\/media?parent=3177"}],"wp:term":[{"taxonomy":"category","embeddable":true,"href":"https:\/\/www.ascef.com\/en\/wp-json\/wp\/v2\/categories?post=3177"},{"taxonomy":"post_tag","embeddable":true,"href":"https:\/\/www.ascef.com\/en\/wp-json\/wp\/v2\/tags?post=3177"}],"curies":[{"name":"wp","href":"https:\/\/api.w.org\/{rel}","templated":true}]}}